{"id":1018,"date":"2022-11-12T16:54:30","date_gmt":"2022-11-12T15:54:30","guid":{"rendered":"https:\/\/www.claudeguyot.com\/?p=1018"},"modified":"2025-07-08T21:51:25","modified_gmt":"2025-07-08T20:51:25","slug":"la-rafle-du-val-dhiv-il-y-a-80-ans","status":"publish","type":"post","link":"https:\/\/www.claudeguyot.com\/index.php\/2022\/11\/12\/la-rafle-du-val-dhiv-il-y-a-80-ans\/","title":{"rendered":"La Rafle du Val d\u2019Hiv&#8230; il y a 80 ans\u00a0"},"content":{"rendered":"<div class=\"wp-block-image\">\n<figure class=\"aligncenter size-full\"><img loading=\"lazy\" decoding=\"async\" width=\"400\" height=\"600\" src=\"https:\/\/www.claudeguyot.com\/wp-content\/uploads\/2022\/11\/M2022-Expo-MdS-Lettres-internes-2.jpg\" alt=\"\" class=\"wp-image-1019\" srcset=\"https:\/\/www.claudeguyot.com\/wp-content\/uploads\/2022\/11\/M2022-Expo-MdS-Lettres-internes-2.jpg 400w, https:\/\/www.claudeguyot.com\/wp-content\/uploads\/2022\/11\/M2022-Expo-MdS-Lettres-internes-2-200x300.jpg 200w\" sizes=\"auto, (max-width: 400px) 100vw, 400px\" \/><\/figure><\/div>\n\n\n<p>C\u2019\u00e9tait \u00e0 Paris les 16 et 17 juillet 1942. Pour cet anniversaire, la Fondation pour la M\u00e9moire de la Soah de Drancy pr\u00e9sente une exposition jusqu\u2019au 22 d\u00e9cembre des derniers \u00e9crits des victimes car comme le dit si bien l\u2019adage les \u00e9crits restent. <\/p>\n\n\n\n<p>La\u00a0rafle du V\u00e9lodrome d&rsquo;Hiver, souvent appel\u00e9e \u00ab\u00a0rafle du V\u00e9l&rsquo;d&rsquo;Hiv\u00a0\u00bb est la plus grande\u00a0<a href=\"https:\/\/fr.wikipedia.org\/wiki\/Rafle\">arrestation massive<\/a>\u00a0de\u00a0<a href=\"https:\/\/fr.wikipedia.org\/wiki\/Juifs\">Juifs<\/a>\u00a0r\u00e9alis\u00e9e en France pendant la\u00a0<a href=\"https:\/\/fr.wikipedia.org\/wiki\/Seconde_Guerre_mondiale\">Seconde Guerre mondiale<\/a>. Entre les\u00a0<a href=\"https:\/\/fr.wikipedia.org\/wiki\/16_juillet\">16<\/a>\u00a0et\u00a0<a href=\"https:\/\/fr.wikipedia.org\/wiki\/17_juillet\">17<\/a>\u00a0<a href=\"https:\/\/fr.wikipedia.org\/wiki\/Juillet_1942\">juillet<\/a>\u00a0<a href=\"https:\/\/fr.wikipedia.org\/wiki\/1942\">1942<\/a>, plus de treize mille personnes, dont pr\u00e8s d&rsquo;un tiers d&rsquo;enfants, sont arr\u00eat\u00e9es avant d&rsquo;\u00eatre d\u00e9tenues au\u00a0<a href=\"https:\/\/fr.wikipedia.org\/wiki\/V%C3%A9lodrome_d%27Hiver\">V\u00e9lodrome d&rsquo;Hiver<\/a>dans des conditions d&rsquo;hygi\u00e8ne d\u00e9plorables et presque sans eau ni nourriture pendant cinq jours, mais aussi dans d&rsquo;autres camps. Ils sont ensuite envoy\u00e9s par\u00a0<a href=\"https:\/\/fr.wikipedia.org\/wiki\/Trains_de_l%27Holocauste\">trains de la mort<\/a>\u00a0vers le camp d&rsquo;extermination d&rsquo;<a href=\"https:\/\/fr.wikipedia.org\/wiki\/Auschwitz\">Auschwitz<\/a>. Moins d&rsquo;une centaine d&rsquo;adultes en reviendront.<\/p>\n","protected":false},"excerpt":{"rendered":"<p>C\u2019\u00e9tait \u00e0 Paris les 16 et 17 juillet 1942. Pour cet anniversaire, la Fondation pour la M\u00e9moire de la Soah de Drancy pr\u00e9sente une exposition jusqu\u2019au 22 d\u00e9cembre des derniers \u00e9crits des victimes car comme le dit si bien l\u2019adage les \u00e9crits restent. La\u00a0rafle du V\u00e9lodrome d&rsquo;Hiver, souvent appel\u00e9e \u00ab\u00a0rafle du V\u00e9l&rsquo;d&rsquo;Hiv\u00a0\u00bb est la plus &hellip; <a href=\"https:\/\/www.claudeguyot.com\/index.php\/2022\/11\/12\/la-rafle-du-val-dhiv-il-y-a-80-ans\/\" class=\"more-link\">Continuer la lecture de <span class=\"screen-reader-text\">La Rafle du Val d\u2019Hiv&#8230; il y a 80 ans\u00a0<\/span>  <span class=\"meta-nav\">&rarr;<\/span><\/a><\/p>\n","protected":false},"author":1,"featured_media":0,"comment_status":"closed","ping_status":"closed","sticky":false,"template":"","format":"standard","meta":{"footnotes":""},"categories":[1],"tags":[],"class_list":["post-1018","post","type-post","status-publish","format-standard","hentry","category-non-classe"],"yoast_head":"<!-- This site is optimized with the Yoast SEO plugin v19.9 - https:\/\/yoast.com\/wordpress\/plugins\/seo\/ -->\n<title>La Rafle du Val d\u2019Hiv... il y a 80 ans\u00a0 - Association Claude Guyot<\/title>\n<meta name=\"robots\" content=\"index, follow, max-snippet:-1, max-image-preview:large, max-video-preview:-1\" \/>\n<link rel=\"canonical\" href=\"https:\/\/www.claudeguyot.com\/index.php\/2022\/11\/12\/la-rafle-du-val-dhiv-il-y-a-80-ans\/\" \/>\n<meta property=\"og:locale\" content=\"fr_FR\" \/>\n<meta property=\"og:type\" content=\"article\" \/>\n<meta property=\"og:title\" content=\"La Rafle du Val d\u2019Hiv... il y a 80 ans\u00a0 - Association Claude Guyot\" \/>\n<meta property=\"og:description\" content=\"C\u2019\u00e9tait \u00e0 Paris les 16 et 17 juillet 1942. Pour cet anniversaire, la Fondation pour la M\u00e9moire de la Soah de Drancy pr\u00e9sente une exposition jusqu\u2019au 22 d\u00e9cembre des derniers \u00e9crits des victimes car comme le dit si bien l\u2019adage les \u00e9crits restent. La\u00a0rafle du V\u00e9lodrome d&rsquo;Hiver, souvent appel\u00e9e \u00ab\u00a0rafle du V\u00e9l&rsquo;d&rsquo;Hiv\u00a0\u00bb est la plus &hellip; Continuer la lecture de La Rafle du Val d\u2019Hiv&#8230; il y a 80 ans\u00a0 &rarr;\" \/>\n<meta property=\"og:url\" content=\"https:\/\/www.claudeguyot.com\/index.php\/2022\/11\/12\/la-rafle-du-val-dhiv-il-y-a-80-ans\/\" \/>\n<meta property=\"og:site_name\" content=\"Association Claude Guyot\" \/>\n<meta property=\"article:published_time\" content=\"2022-11-12T15:54:30+00:00\" \/>\n<meta property=\"article:modified_time\" content=\"2025-07-08T20:51:25+00:00\" \/>\n<meta property=\"og:image\" content=\"https:\/\/www.claudeguyot.com\/wp-content\/uploads\/2022\/11\/M2022-Expo-MdS-Lettres-internes-2.jpg\" \/>\n<meta name=\"author\" content=\"Claude Guyot\" \/>\n<meta name=\"twitter:card\" content=\"summary_large_image\" \/>\n<meta name=\"twitter:label1\" content=\"\u00c9crit par\" \/>\n\t<meta name=\"twitter:data1\" content=\"Claude Guyot\" \/>\n\t<meta name=\"twitter:label2\" content=\"Dur\u00e9e de lecture estim\u00e9e\" \/>\n\t<meta name=\"twitter:data2\" content=\"1 minute\" \/>\n<script type=\"application\/ld+json\" class=\"yoast-schema-graph\">{\"@context\":\"https:\/\/schema.org\",\"@graph\":[{\"@type\":\"WebPage\",\"@id\":\"https:\/\/www.claudeguyot.com\/index.php\/2022\/11\/12\/la-rafle-du-val-dhiv-il-y-a-80-ans\/\",\"url\":\"https:\/\/www.claudeguyot.com\/index.php\/2022\/11\/12\/la-rafle-du-val-dhiv-il-y-a-80-ans\/\",\"name\":\"La Rafle du Val d\u2019Hiv... il y a 80 ans\u00a0 - Association Claude Guyot\",\"isPartOf\":{\"@id\":\"https:\/\/www.claudeguyot.com\/#website\"},\"datePublished\":\"2022-11-12T15:54:30+00:00\",\"dateModified\":\"2025-07-08T20:51:25+00:00\",\"author\":{\"@id\":\"https:\/\/www.claudeguyot.com\/#\/schema\/person\/fbc6c67d5e15fc909d64aab1f1f150a1\"},\"breadcrumb\":{\"@id\":\"https:\/\/www.claudeguyot.com\/index.php\/2022\/11\/12\/la-rafle-du-val-dhiv-il-y-a-80-ans\/#breadcrumb\"},\"inLanguage\":\"fr-FR\",\"potentialAction\":[{\"@type\":\"ReadAction\",\"target\":[\"https:\/\/www.claudeguyot.com\/index.php\/2022\/11\/12\/la-rafle-du-val-dhiv-il-y-a-80-ans\/\"]}]},{\"@type\":\"BreadcrumbList\",\"@id\":\"https:\/\/www.claudeguyot.com\/index.php\/2022\/11\/12\/la-rafle-du-val-dhiv-il-y-a-80-ans\/#breadcrumb\",\"itemListElement\":[{\"@type\":\"ListItem\",\"position\":1,\"name\":\"Accueil\",\"item\":\"https:\/\/www.claudeguyot.com\/\"},{\"@type\":\"ListItem\",\"position\":2,\"name\":\"La Rafle du Val d\u2019Hiv&#8230; il y a 80 ans\u00a0\"}]},{\"@type\":\"WebSite\",\"@id\":\"https:\/\/www.claudeguyot.com\/#website\",\"url\":\"https:\/\/www.claudeguyot.com\/\",\"name\":\"Association Claude Guyot\",\"description\":\"Association loi 1901 reconnue d&#039;int\u00e9r\u00eat g\u00e9n\u00e9ral\",\"potentialAction\":[{\"@type\":\"SearchAction\",\"target\":{\"@type\":\"EntryPoint\",\"urlTemplate\":\"https:\/\/www.claudeguyot.com\/?s={search_term_string}\"},\"query-input\":\"required name=search_term_string\"}],\"inLanguage\":\"fr-FR\"},{\"@type\":\"Person\",\"@id\":\"https:\/\/www.claudeguyot.com\/#\/schema\/person\/fbc6c67d5e15fc909d64aab1f1f150a1\",\"name\":\"Claude Guyot\",\"image\":{\"@type\":\"ImageObject\",\"inLanguage\":\"fr-FR\",\"@id\":\"https:\/\/www.claudeguyot.com\/#\/schema\/person\/image\/\",\"url\":\"https:\/\/secure.gravatar.com\/avatar\/8835715a7343599eaa98fab3b13c331c454cc537ea4343abb5ad3fefe9b4d586?s=96&d=mm&r=g\",\"contentUrl\":\"https:\/\/secure.gravatar.com\/avatar\/8835715a7343599eaa98fab3b13c331c454cc537ea4343abb5ad3fefe9b4d586?s=96&d=mm&r=g\",\"caption\":\"Claude Guyot\"},\"url\":\"https:\/\/www.claudeguyot.com\/index.php\/author\/admin5958\/\"}]}<\/script>\n<!-- \/ Yoast SEO plugin. -->","yoast_head_json":{"title":"La Rafle du Val d\u2019Hiv... il y a 80 ans\u00a0 - Association Claude Guyot","robots":{"index":"index","follow":"follow","max-snippet":"max-snippet:-1","max-image-preview":"max-image-preview:large","max-video-preview":"max-video-preview:-1"},"canonical":"https:\/\/www.claudeguyot.com\/index.php\/2022\/11\/12\/la-rafle-du-val-dhiv-il-y-a-80-ans\/","og_locale":"fr_FR","og_type":"article","og_title":"La Rafle du Val d\u2019Hiv... il y a 80 ans\u00a0 - Association Claude Guyot","og_description":"C\u2019\u00e9tait \u00e0 Paris les 16 et 17 juillet 1942. Pour cet anniversaire, la Fondation pour la M\u00e9moire de la Soah de Drancy pr\u00e9sente une exposition jusqu\u2019au 22 d\u00e9cembre des derniers \u00e9crits des victimes car comme le dit si bien l\u2019adage les \u00e9crits restent. La\u00a0rafle du V\u00e9lodrome d&rsquo;Hiver, souvent appel\u00e9e \u00ab\u00a0rafle du V\u00e9l&rsquo;d&rsquo;Hiv\u00a0\u00bb est la plus &hellip; Continuer la lecture de La Rafle du Val d\u2019Hiv&#8230; il y a 80 ans\u00a0 &rarr;","og_url":"https:\/\/www.claudeguyot.com\/index.php\/2022\/11\/12\/la-rafle-du-val-dhiv-il-y-a-80-ans\/","og_site_name":"Association Claude Guyot","article_published_time":"2022-11-12T15:54:30+00:00","article_modified_time":"2025-07-08T20:51:25+00:00","og_image":[{"url":"https:\/\/www.claudeguyot.com\/wp-content\/uploads\/2022\/11\/M2022-Expo-MdS-Lettres-internes-2.jpg"}],"author":"Claude Guyot","twitter_card":"summary_large_image","twitter_misc":{"\u00c9crit par":"Claude Guyot","Dur\u00e9e de lecture estim\u00e9e":"1 minute"},"schema":{"@context":"https:\/\/schema.org","@graph":[{"@type":"WebPage","@id":"https:\/\/www.claudeguyot.com\/index.php\/2022\/11\/12\/la-rafle-du-val-dhiv-il-y-a-80-ans\/","url":"https:\/\/www.claudeguyot.com\/index.php\/2022\/11\/12\/la-rafle-du-val-dhiv-il-y-a-80-ans\/","name":"La Rafle du Val d\u2019Hiv... il y a 80 ans\u00a0 - Association Claude Guyot","isPartOf":{"@id":"https:\/\/www.claudeguyot.com\/#website"},"datePublished":"2022-11-12T15:54:30+00:00","dateModified":"2025-07-08T20:51:25+00:00","author":{"@id":"https:\/\/www.claudeguyot.com\/#\/schema\/person\/fbc6c67d5e15fc909d64aab1f1f150a1"},"breadcrumb":{"@id":"https:\/\/www.claudeguyot.com\/index.php\/2022\/11\/12\/la-rafle-du-val-dhiv-il-y-a-80-ans\/#breadcrumb"},"inLanguage":"fr-FR","potentialAction":[{"@type":"ReadAction","target":["https:\/\/www.claudeguyot.com\/index.php\/2022\/11\/12\/la-rafle-du-val-dhiv-il-y-a-80-ans\/"]}]},{"@type":"BreadcrumbList","@id":"https:\/\/www.claudeguyot.com\/index.php\/2022\/11\/12\/la-rafle-du-val-dhiv-il-y-a-80-ans\/#breadcrumb","itemListElement":[{"@type":"ListItem","position":1,"name":"Accueil","item":"https:\/\/www.claudeguyot.com\/"},{"@type":"ListItem","position":2,"name":"La Rafle du Val d\u2019Hiv&#8230; il y a 80 ans\u00a0"}]},{"@type":"WebSite","@id":"https:\/\/www.claudeguyot.com\/#website","url":"https:\/\/www.claudeguyot.com\/","name":"Association Claude Guyot","description":"Association loi 1901 reconnue d&#039;int\u00e9r\u00eat g\u00e9n\u00e9ral","potentialAction":[{"@type":"SearchAction","target":{"@type":"EntryPoint","urlTemplate":"https:\/\/www.claudeguyot.com\/?s={search_term_string}"},"query-input":"required name=search_term_string"}],"inLanguage":"fr-FR"},{"@type":"Person","@id":"https:\/\/www.claudeguyot.com\/#\/schema\/person\/fbc6c67d5e15fc909d64aab1f1f150a1","name":"Claude Guyot","image":{"@type":"ImageObject","inLanguage":"fr-FR","@id":"https:\/\/www.claudeguyot.com\/#\/schema\/person\/image\/","url":"https:\/\/secure.gravatar.com\/avatar\/8835715a7343599eaa98fab3b13c331c454cc537ea4343abb5ad3fefe9b4d586?s=96&d=mm&r=g","contentUrl":"https:\/\/secure.gravatar.com\/avatar\/8835715a7343599eaa98fab3b13c331c454cc537ea4343abb5ad3fefe9b4d586?s=96&d=mm&r=g","caption":"Claude Guyot"},"url":"https:\/\/www.claudeguyot.com\/index.php\/author\/admin5958\/"}]}},"jetpack_featured_media_url":"","_links":{"self":[{"href":"https:\/\/www.claudeguyot.com\/index.php\/wp-json\/wp\/v2\/posts\/1018","targetHints":{"allow":["GET"]}}],"collection":[{"href":"https:\/\/www.claudeguyot.com\/index.php\/wp-json\/wp\/v2\/posts"}],"about":[{"href":"https:\/\/www.claudeguyot.com\/index.php\/wp-json\/wp\/v2\/types\/post"}],"author":[{"embeddable":true,"href":"https:\/\/www.claudeguyot.com\/index.php\/wp-json\/wp\/v2\/users\/1"}],"replies":[{"embeddable":true,"href":"https:\/\/www.claudeguyot.com\/index.php\/wp-json\/wp\/v2\/comments?post=1018"}],"version-history":[{"count":1,"href":"https:\/\/www.claudeguyot.com\/index.php\/wp-json\/wp\/v2\/posts\/1018\/revisions"}],"predecessor-version":[{"id":1020,"href":"https:\/\/www.claudeguyot.com\/index.php\/wp-json\/wp\/v2\/posts\/1018\/revisions\/1020"}],"wp:attachment":[{"href":"https:\/\/www.claudeguyot.com\/index.php\/wp-json\/wp\/v2\/media?parent=1018"}],"wp:term":[{"taxonomy":"category","embeddable":true,"href":"https:\/\/www.claudeguyot.com\/index.php\/wp-json\/wp\/v2\/categories?post=1018"},{"taxonomy":"post_tag","embeddable":true,"href":"https:\/\/www.claudeguyot.com\/index.php\/wp-json\/wp\/v2\/tags?post=1018"}],"curies":[{"name":"wp","href":"https:\/\/api.w.org\/{rel}","templated":true}]}}