{"id":1039,"date":"2022-12-09T22:50:54","date_gmt":"2022-12-09T21:50:54","guid":{"rendered":"https:\/\/www.claudeguyot.com\/?p=1039"},"modified":"2025-01-21T16:20:14","modified_gmt":"2025-01-21T15:20:14","slug":"salon-du-livre-resistant","status":"publish","type":"post","link":"https:\/\/www.claudeguyot.com\/index.php\/2022\/12\/09\/salon-du-livre-resistant\/","title":{"rendered":"Salon du Livre R\u00e9sistant"},"content":{"rendered":"\n<p>Venez au salon du livre r\u00e9sistant organis\u00e9 par l&rsquo;association des amis de la Fondation de la R\u00e9sistance le 10 d\u00e9cembre 2022 de 14h00 \u00e0 18h00.<\/p>\n\n\n\n<p>Ce salon aura lieu dans les locaux de la Fondation de la R\u00e9sistance au 30 boulevard des Invalides, Paris 7.<\/p>\n\n\n\n<p>Parmi les livres pr\u00e9sent\u00e9s, il y aura la derni\u00e8re mouture du dictionnaire des compagnons de la Lib\u00e9ration de Vladimir Trouplin, et le livre \u00ab\u00a0Croix et attributs des compagnons de la Lib\u00e9ration\u00a0\u00bb \u00e9crit par Cyrille Cardona.<\/p>\n\n\n\n<figure class=\"wp-block-image size-large\"><img loading=\"lazy\" decoding=\"async\" width=\"727\" height=\"1024\" src=\"https:\/\/www.claudeguyot.com\/wp-content\/uploads\/2022\/12\/thumbnail-727x1024.jpg\" alt=\"\" class=\"wp-image-1040\" srcset=\"https:\/\/www.claudeguyot.com\/wp-content\/uploads\/2022\/12\/thumbnail-727x1024.jpg 727w, https:\/\/www.claudeguyot.com\/wp-content\/uploads\/2022\/12\/thumbnail-213x300.jpg 213w, https:\/\/www.claudeguyot.com\/wp-content\/uploads\/2022\/12\/thumbnail-768x1082.jpg 768w, https:\/\/www.claudeguyot.com\/wp-content\/uploads\/2022\/12\/thumbnail-600x845.jpg 600w, https:\/\/www.claudeguyot.com\/wp-content\/uploads\/2022\/12\/thumbnail.jpg 800w\" sizes=\"auto, (max-width: 727px) 100vw, 727px\" \/><\/figure>\n","protected":false},"excerpt":{"rendered":"<p>Venez au salon du livre r\u00e9sistant organis\u00e9 par l&rsquo;association des amis de la Fondation de la R\u00e9sistance le 10 d\u00e9cembre 2022 de 14h00 \u00e0 18h00. Ce salon aura lieu dans les locaux de la Fondation de la R\u00e9sistance au 30 boulevard des Invalides, Paris 7. Parmi les livres pr\u00e9sent\u00e9s, il y aura la derni\u00e8re mouture &hellip; <a href=\"https:\/\/www.claudeguyot.com\/index.php\/2022\/12\/09\/salon-du-livre-resistant\/\" class=\"more-link\">Continuer la lecture de <span class=\"screen-reader-text\">Salon du Livre R\u00e9sistant<\/span>  <span class=\"meta-nav\">&rarr;<\/span><\/a><\/p>\n","protected":false},"author":1,"featured_media":0,"comment_status":"closed","ping_status":"closed","sticky":false,"template":"","format":"standard","meta":{"footnotes":""},"categories":[1],"tags":[],"class_list":["post-1039","post","type-post","status-publish","format-standard","hentry","category-non-classe"],"yoast_head":"<!-- This site is optimized with the Yoast SEO plugin v19.9 - https:\/\/yoast.com\/wordpress\/plugins\/seo\/ -->\n<title>Salon du Livre R\u00e9sistant - Association Claude Guyot<\/title>\n<meta name=\"robots\" content=\"index, follow, max-snippet:-1, max-image-preview:large, max-video-preview:-1\" \/>\n<link rel=\"canonical\" href=\"https:\/\/www.claudeguyot.com\/index.php\/2022\/12\/09\/salon-du-livre-resistant\/\" \/>\n<meta property=\"og:locale\" content=\"fr_FR\" \/>\n<meta property=\"og:type\" content=\"article\" \/>\n<meta property=\"og:title\" content=\"Salon du Livre R\u00e9sistant - Association Claude Guyot\" \/>\n<meta property=\"og:description\" content=\"Venez au salon du livre r\u00e9sistant organis\u00e9 par l&rsquo;association des amis de la Fondation de la R\u00e9sistance le 10 d\u00e9cembre 2022 de 14h00 \u00e0 18h00. Ce salon aura lieu dans les locaux de la Fondation de la R\u00e9sistance au 30 boulevard des Invalides, Paris 7. Parmi les livres pr\u00e9sent\u00e9s, il y aura la derni\u00e8re mouture &hellip; Continuer la lecture de Salon du Livre R\u00e9sistant &rarr;\" \/>\n<meta property=\"og:url\" content=\"https:\/\/www.claudeguyot.com\/index.php\/2022\/12\/09\/salon-du-livre-resistant\/\" \/>\n<meta property=\"og:site_name\" content=\"Association Claude Guyot\" \/>\n<meta property=\"article:published_time\" content=\"2022-12-09T21:50:54+00:00\" \/>\n<meta property=\"article:modified_time\" content=\"2025-01-21T15:20:14+00:00\" \/>\n<meta property=\"og:image\" content=\"https:\/\/www.claudeguyot.com\/wp-content\/uploads\/2022\/12\/thumbnail-727x1024.jpg\" \/>\n<meta name=\"author\" content=\"Claude Guyot\" \/>\n<meta name=\"twitter:card\" content=\"summary_large_image\" \/>\n<meta name=\"twitter:label1\" content=\"\u00c9crit par\" \/>\n\t<meta name=\"twitter:data1\" content=\"Claude Guyot\" \/>\n\t<meta name=\"twitter:label2\" content=\"Dur\u00e9e de lecture estim\u00e9e\" \/>\n\t<meta name=\"twitter:data2\" content=\"1 minute\" \/>\n<script type=\"application\/ld+json\" class=\"yoast-schema-graph\">{\"@context\":\"https:\/\/schema.org\",\"@graph\":[{\"@type\":\"WebPage\",\"@id\":\"https:\/\/www.claudeguyot.com\/index.php\/2022\/12\/09\/salon-du-livre-resistant\/\",\"url\":\"https:\/\/www.claudeguyot.com\/index.php\/2022\/12\/09\/salon-du-livre-resistant\/\",\"name\":\"Salon du Livre R\u00e9sistant - Association Claude Guyot\",\"isPartOf\":{\"@id\":\"https:\/\/www.claudeguyot.com\/#website\"},\"datePublished\":\"2022-12-09T21:50:54+00:00\",\"dateModified\":\"2025-01-21T15:20:14+00:00\",\"author\":{\"@id\":\"https:\/\/www.claudeguyot.com\/#\/schema\/person\/fbc6c67d5e15fc909d64aab1f1f150a1\"},\"breadcrumb\":{\"@id\":\"https:\/\/www.claudeguyot.com\/index.php\/2022\/12\/09\/salon-du-livre-resistant\/#breadcrumb\"},\"inLanguage\":\"fr-FR\",\"potentialAction\":[{\"@type\":\"ReadAction\",\"target\":[\"https:\/\/www.claudeguyot.com\/index.php\/2022\/12\/09\/salon-du-livre-resistant\/\"]}]},{\"@type\":\"BreadcrumbList\",\"@id\":\"https:\/\/www.claudeguyot.com\/index.php\/2022\/12\/09\/salon-du-livre-resistant\/#breadcrumb\",\"itemListElement\":[{\"@type\":\"ListItem\",\"position\":1,\"name\":\"Accueil\",\"item\":\"https:\/\/www.claudeguyot.com\/\"},{\"@type\":\"ListItem\",\"position\":2,\"name\":\"Salon du Livre R\u00e9sistant\"}]},{\"@type\":\"WebSite\",\"@id\":\"https:\/\/www.claudeguyot.com\/#website\",\"url\":\"https:\/\/www.claudeguyot.com\/\",\"name\":\"Association Claude Guyot\",\"description\":\"Association loi 1901 reconnue d&#039;int\u00e9r\u00eat g\u00e9n\u00e9ral\",\"potentialAction\":[{\"@type\":\"SearchAction\",\"target\":{\"@type\":\"EntryPoint\",\"urlTemplate\":\"https:\/\/www.claudeguyot.com\/?s={search_term_string}\"},\"query-input\":\"required name=search_term_string\"}],\"inLanguage\":\"fr-FR\"},{\"@type\":\"Person\",\"@id\":\"https:\/\/www.claudeguyot.com\/#\/schema\/person\/fbc6c67d5e15fc909d64aab1f1f150a1\",\"name\":\"Claude Guyot\",\"image\":{\"@type\":\"ImageObject\",\"inLanguage\":\"fr-FR\",\"@id\":\"https:\/\/www.claudeguyot.com\/#\/schema\/person\/image\/\",\"url\":\"https:\/\/secure.gravatar.com\/avatar\/8835715a7343599eaa98fab3b13c331c454cc537ea4343abb5ad3fefe9b4d586?s=96&d=mm&r=g\",\"contentUrl\":\"https:\/\/secure.gravatar.com\/avatar\/8835715a7343599eaa98fab3b13c331c454cc537ea4343abb5ad3fefe9b4d586?s=96&d=mm&r=g\",\"caption\":\"Claude Guyot\"},\"url\":\"https:\/\/www.claudeguyot.com\/index.php\/author\/admin5958\/\"}]}<\/script>\n<!-- \/ Yoast SEO plugin. -->","yoast_head_json":{"title":"Salon du Livre R\u00e9sistant - Association Claude Guyot","robots":{"index":"index","follow":"follow","max-snippet":"max-snippet:-1","max-image-preview":"max-image-preview:large","max-video-preview":"max-video-preview:-1"},"canonical":"https:\/\/www.claudeguyot.com\/index.php\/2022\/12\/09\/salon-du-livre-resistant\/","og_locale":"fr_FR","og_type":"article","og_title":"Salon du Livre R\u00e9sistant - Association Claude Guyot","og_description":"Venez au salon du livre r\u00e9sistant organis\u00e9 par l&rsquo;association des amis de la Fondation de la R\u00e9sistance le 10 d\u00e9cembre 2022 de 14h00 \u00e0 18h00. Ce salon aura lieu dans les locaux de la Fondation de la R\u00e9sistance au 30 boulevard des Invalides, Paris 7. Parmi les livres pr\u00e9sent\u00e9s, il y aura la derni\u00e8re mouture &hellip; Continuer la lecture de Salon du Livre R\u00e9sistant &rarr;","og_url":"https:\/\/www.claudeguyot.com\/index.php\/2022\/12\/09\/salon-du-livre-resistant\/","og_site_name":"Association Claude Guyot","article_published_time":"2022-12-09T21:50:54+00:00","article_modified_time":"2025-01-21T15:20:14+00:00","og_image":[{"url":"https:\/\/www.claudeguyot.com\/wp-content\/uploads\/2022\/12\/thumbnail-727x1024.jpg"}],"author":"Claude Guyot","twitter_card":"summary_large_image","twitter_misc":{"\u00c9crit par":"Claude Guyot","Dur\u00e9e de lecture estim\u00e9e":"1 minute"},"schema":{"@context":"https:\/\/schema.org","@graph":[{"@type":"WebPage","@id":"https:\/\/www.claudeguyot.com\/index.php\/2022\/12\/09\/salon-du-livre-resistant\/","url":"https:\/\/www.claudeguyot.com\/index.php\/2022\/12\/09\/salon-du-livre-resistant\/","name":"Salon du Livre R\u00e9sistant - Association Claude Guyot","isPartOf":{"@id":"https:\/\/www.claudeguyot.com\/#website"},"datePublished":"2022-12-09T21:50:54+00:00","dateModified":"2025-01-21T15:20:14+00:00","author":{"@id":"https:\/\/www.claudeguyot.com\/#\/schema\/person\/fbc6c67d5e15fc909d64aab1f1f150a1"},"breadcrumb":{"@id":"https:\/\/www.claudeguyot.com\/index.php\/2022\/12\/09\/salon-du-livre-resistant\/#breadcrumb"},"inLanguage":"fr-FR","potentialAction":[{"@type":"ReadAction","target":["https:\/\/www.claudeguyot.com\/index.php\/2022\/12\/09\/salon-du-livre-resistant\/"]}]},{"@type":"BreadcrumbList","@id":"https:\/\/www.claudeguyot.com\/index.php\/2022\/12\/09\/salon-du-livre-resistant\/#breadcrumb","itemListElement":[{"@type":"ListItem","position":1,"name":"Accueil","item":"https:\/\/www.claudeguyot.com\/"},{"@type":"ListItem","position":2,"name":"Salon du Livre R\u00e9sistant"}]},{"@type":"WebSite","@id":"https:\/\/www.claudeguyot.com\/#website","url":"https:\/\/www.claudeguyot.com\/","name":"Association Claude Guyot","description":"Association loi 1901 reconnue d&#039;int\u00e9r\u00eat g\u00e9n\u00e9ral","potentialAction":[{"@type":"SearchAction","target":{"@type":"EntryPoint","urlTemplate":"https:\/\/www.claudeguyot.com\/?s={search_term_string}"},"query-input":"required name=search_term_string"}],"inLanguage":"fr-FR"},{"@type":"Person","@id":"https:\/\/www.claudeguyot.com\/#\/schema\/person\/fbc6c67d5e15fc909d64aab1f1f150a1","name":"Claude Guyot","image":{"@type":"ImageObject","inLanguage":"fr-FR","@id":"https:\/\/www.claudeguyot.com\/#\/schema\/person\/image\/","url":"https:\/\/secure.gravatar.com\/avatar\/8835715a7343599eaa98fab3b13c331c454cc537ea4343abb5ad3fefe9b4d586?s=96&d=mm&r=g","contentUrl":"https:\/\/secure.gravatar.com\/avatar\/8835715a7343599eaa98fab3b13c331c454cc537ea4343abb5ad3fefe9b4d586?s=96&d=mm&r=g","caption":"Claude Guyot"},"url":"https:\/\/www.claudeguyot.com\/index.php\/author\/admin5958\/"}]}},"jetpack_featured_media_url":"","_links":{"self":[{"href":"https:\/\/www.claudeguyot.com\/index.php\/wp-json\/wp\/v2\/posts\/1039","targetHints":{"allow":["GET"]}}],"collection":[{"href":"https:\/\/www.claudeguyot.com\/index.php\/wp-json\/wp\/v2\/posts"}],"about":[{"href":"https:\/\/www.claudeguyot.com\/index.php\/wp-json\/wp\/v2\/types\/post"}],"author":[{"embeddable":true,"href":"https:\/\/www.claudeguyot.com\/index.php\/wp-json\/wp\/v2\/users\/1"}],"replies":[{"embeddable":true,"href":"https:\/\/www.claudeguyot.com\/index.php\/wp-json\/wp\/v2\/comments?post=1039"}],"version-history":[{"count":1,"href":"https:\/\/www.claudeguyot.com\/index.php\/wp-json\/wp\/v2\/posts\/1039\/revisions"}],"predecessor-version":[{"id":1041,"href":"https:\/\/www.claudeguyot.com\/index.php\/wp-json\/wp\/v2\/posts\/1039\/revisions\/1041"}],"wp:attachment":[{"href":"https:\/\/www.claudeguyot.com\/index.php\/wp-json\/wp\/v2\/media?parent=1039"}],"wp:term":[{"taxonomy":"category","embeddable":true,"href":"https:\/\/www.claudeguyot.com\/index.php\/wp-json\/wp\/v2\/categories?post=1039"},{"taxonomy":"post_tag","embeddable":true,"href":"https:\/\/www.claudeguyot.com\/index.php\/wp-json\/wp\/v2\/tags?post=1039"}],"curies":[{"name":"wp","href":"https:\/\/api.w.org\/{rel}","templated":true}]}}