{"id":1108,"date":"2023-03-22T19:07:03","date_gmt":"2023-03-22T18:07:03","guid":{"rendered":"https:\/\/www.claudeguyot.com\/?p=1108"},"modified":"2025-04-13T11:09:03","modified_gmt":"2025-04-13T10:09:03","slug":"engagez-vous-a-nos-cotes","status":"publish","type":"post","link":"https:\/\/www.claudeguyot.com\/index.php\/2023\/03\/22\/engagez-vous-a-nos-cotes\/","title":{"rendered":"Engagez-vous \u00e0 nos c\u00f4t\u00e9s !"},"content":{"rendered":"\n<p><\/p>\n\n\n\n<figure class=\"wp-block-gallery has-nested-images columns-default is-cropped wp-block-gallery-1 is-layout-flex wp-block-gallery-is-layout-flex\">\n<figure class=\"wp-block-image size-large\"><img loading=\"lazy\" decoding=\"async\" width=\"1024\" height=\"476\" data-id=\"1109\" src=\"https:\/\/www.claudeguyot.com\/wp-content\/uploads\/2023\/03\/Visuel-campagne-adhesions-Claude-Guyot-2023-1024x476.png\" alt=\"\" class=\"wp-image-1109\" srcset=\"https:\/\/www.claudeguyot.com\/wp-content\/uploads\/2023\/03\/Visuel-campagne-adhesions-Claude-Guyot-2023-1024x476.png 1024w, https:\/\/www.claudeguyot.com\/wp-content\/uploads\/2023\/03\/Visuel-campagne-adhesions-Claude-Guyot-2023-300x140.png 300w, https:\/\/www.claudeguyot.com\/wp-content\/uploads\/2023\/03\/Visuel-campagne-adhesions-Claude-Guyot-2023-768x357.png 768w, https:\/\/www.claudeguyot.com\/wp-content\/uploads\/2023\/03\/Visuel-campagne-adhesions-Claude-Guyot-2023-600x279.png 600w, https:\/\/www.claudeguyot.com\/wp-content\/uploads\/2023\/03\/Visuel-campagne-adhesions-Claude-Guyot-2023.png 1400w\" sizes=\"auto, (max-width: 1024px) 100vw, 1024px\" \/><\/figure>\n<\/figure>\n\n\n\n<p>Nous connaissons l&rsquo;attachement du plus grand nombre \u00e0 notre grande Histoire nationale mais aussi et plus particuli\u00e8rement \u00e0 notre Histoire locale et \u00e0 ses grandes figures, tout comme \u00e0 la transmission du devoir de M\u00e9moire.<\/p>\n\n\n\n<p>Consciente et partie-prenante des enjeux de transmission de notre M\u00e9moire collective, l\u2019association Claude Guyot lors de sa derni\u00e8re assembl\u00e9e g\u00e9n\u00e9rale, a d\u00e9cid\u00e9 de lancer une grande campagne d\u2019adh\u00e9sion aupr\u00e8s des et de l\u2019ensemble de la population, afin d\u2019inciter toutes les bonnes volont\u00e9s \u00e0 se rassembler afin de travailler d\u2019une mani\u00e8re collective et intelligente \u00e0 l\u2019\u00e9laboration d\u2019actions concr\u00e8tes visant \u00e0 pr\u00e9server et \u00e0 transmettre la m\u00e9moire et les valeurs r\u00e9publicaines des hommes et des femmes qui ont d\u00e9fendu le territoire national et ses id\u00e9aux lors des deux conflits mondiaux. La paix et l&rsquo;histoire doivent \u00eatre au c\u0153ur de l&rsquo;apprentissage civique des g\u00e9n\u00e9rations futures. La citoyennet\u00e9 fait partie de ce devoir de m\u00e9moire auquel l\u2019association porte une attention toute particuli\u00e8re. Chaque citoyen doit conna\u00eetre et sauvegarder l\u2019h\u00e9ritage des anciens combattants.<\/p>\n\n\n\n<p>Parmi les  projets de l\u2019associations Claude Guyot&nbsp;:<\/p>\n\n\n\n<ul class=\"wp-block-list\">\n<li>Pr\u00e9paration de l\u2019ann\u00e9e 2025 qui marquera le 60<sup>\u00e8me<\/sup> anniversaire de la disparition de <a href=\"https:\/\/urldefense.com\/v3\/__https:\/fr.wikipedia.org\/wiki\/Claude_Guyot__;!!Lt0KOR8!X2qBfVHYg6rMZyAR30A7M-t-kxt8waC2RiSIEi3YgsW06t-GtH6YSSTWdFzosWxbf1YE6PnIGCAtMt5n4tN_9W9szDcq8ZIZS31A$\" target=\"_blank\" rel=\"noreferrer noopener\">Claude Guyot<\/a> (programme en cours d\u2019\u00e9laboration),<\/li>\n\n\n\n<li>Pr\u00e9paration de l\u2019ann\u00e9e 2026 qui marquera le 100<sup>\u00e8me<\/sup> anniversaire de l&rsquo;accession de <a href=\"https:\/\/urldefense.com\/v3\/__https:\/fr.wikipedia.org\/wiki\/Claude_Guyot__;!!Lt0KOR8!X2qBfVHYg6rMZyAR30A7M-t-kxt8waC2RiSIEi3YgsW06t-GtH6YSSTWdFzosWxbf1YE6PnIGCAtMt5n4tN_9W9szDcq8ZIZS31A$\" target=\"_blank\" rel=\"noreferrer noopener\">Claude Guyot<\/a> aux fonctions de maire d&rsquo;Arnay-le-Duc (programme en cours d\u2019\u00e9laboration),<\/li>\n\n\n\n<li>R\u00e9\u00e9dition tr\u00e8s prochaine des ouvrages \u00e9puis\u00e9s de Claude Guyot&nbsp;: \u00ab&nbsp;<em>Historique du Comit\u00e9 d\u00e9partemental de Lib\u00e9ration de la C\u00f4te d\u2019Or<\/em>&nbsp;\u00bb et \u00ab&nbsp;<em>Quarante ann\u00e9e de magistrature municipale \u00e0 Arnay-le-Duc 1926-1965<\/em>&nbsp;\u00bb,<\/li>\n\n\n\n<li>Colloques et r\u00e9unions publiques sur des sujets li\u00e9s aux deux grands conflits mondiaux (1914-1918 et 1939-1945),<\/li>\n\n\n\n<li>Participation de l\u2019association Claude Guyot aux c\u00e9r\u00e9monies m\u00e9morielles \u00e0 Arnay-le-Duc, en Bourgogne et plus largement en France\u2026<\/li>\n\n\n\n<li>Elaboration des prochains voyages et d\u00e9placements \u00e0 la d\u00e9couverte de sites m\u00e9moriels, historiques et patrimoniaux en lien avec les deux grands conflits mondiaux&#8230;<\/li>\n<\/ul>\n\n\n\n<p>La gouvernance de notre association \u00e9tant ax\u00e9e sur une gouvernance participative, nous accueillons \u00e0 bras ouverts toutes les id\u00e9es et les initiatives populaires nouvelles et innovantes pouvant \u00eatre port\u00e9es par notre association ou en collaboration avec d\u2019autres.<\/p>\n\n\n\n<p><strong><a href=\"https:\/\/www.claudeguyot.com\/wp-content\/uploads\/2023\/03\/Inscription-Claude-GUYOT-2023-V5.pdf\">En cliquant ici<\/a>, vous pourrez t\u00e9l\u00e9charger le bulletin d\u2019adh\u00e9sion \u00e0 l\u2019association Claude Guyot et <a href=\"https:\/\/www.claudeguyot.com\/index.php\/adherer-en-ligne\/\">r\u00e9gler votre cotisation en ligne<\/a>.<\/strong> <strong>Nous vous invitons \u00e9galement \u00e0 le diffuser largement mais aussi et surtout \u00e0 nous rejoindre<\/strong>&nbsp;!&nbsp;<br><br>Pour toute demande d\u2019informations compl\u00e9mentaires, les membres du bureau restent \u00e0 votre enti\u00e8re disposition. <\/p>\n\n\n\n<p>N\u2019h\u00e9sitez pas&nbsp;\u00e0 nous contacter !<\/p>\n","protected":false},"excerpt":{"rendered":"<p>Nous connaissons l&rsquo;attachement du plus grand nombre \u00e0 notre grande Histoire nationale mais aussi et plus particuli\u00e8rement \u00e0 notre Histoire locale et \u00e0 ses grandes figures, tout comme \u00e0 la transmission du devoir de M\u00e9moire. Consciente et partie-prenante des enjeux de transmission de notre M\u00e9moire collective, l\u2019association Claude Guyot lors de sa derni\u00e8re assembl\u00e9e g\u00e9n\u00e9rale, &hellip; <a href=\"https:\/\/www.claudeguyot.com\/index.php\/2023\/03\/22\/engagez-vous-a-nos-cotes\/\" class=\"more-link\">Continuer la lecture de <span class=\"screen-reader-text\">Engagez-vous \u00e0 nos c\u00f4t\u00e9s !<\/span>  <span class=\"meta-nav\">&rarr;<\/span><\/a><\/p>\n","protected":false},"author":1,"featured_media":0,"comment_status":"closed","ping_status":"closed","sticky":false,"template":"","format":"standard","meta":{"footnotes":""},"categories":[1],"tags":[],"class_list":["post-1108","post","type-post","status-publish","format-standard","hentry","category-non-classe"],"yoast_head":"<!-- This site is optimized with the Yoast SEO plugin v19.9 - https:\/\/yoast.com\/wordpress\/plugins\/seo\/ -->\n<title>Engagez-vous \u00e0 nos c\u00f4t\u00e9s ! - Association Claude Guyot<\/title>\n<meta name=\"robots\" content=\"index, follow, max-snippet:-1, max-image-preview:large, max-video-preview:-1\" \/>\n<link rel=\"canonical\" href=\"https:\/\/www.claudeguyot.com\/index.php\/2023\/03\/22\/engagez-vous-a-nos-cotes\/\" \/>\n<meta property=\"og:locale\" content=\"fr_FR\" \/>\n<meta property=\"og:type\" content=\"article\" \/>\n<meta property=\"og:title\" content=\"Engagez-vous \u00e0 nos c\u00f4t\u00e9s ! - Association Claude Guyot\" \/>\n<meta property=\"og:description\" content=\"Nous connaissons l&rsquo;attachement du plus grand nombre \u00e0 notre grande Histoire nationale mais aussi et plus particuli\u00e8rement \u00e0 notre Histoire locale et \u00e0 ses grandes figures, tout comme \u00e0 la transmission du devoir de M\u00e9moire. Consciente et partie-prenante des enjeux de transmission de notre M\u00e9moire collective, l\u2019association Claude Guyot lors de sa derni\u00e8re assembl\u00e9e g\u00e9n\u00e9rale, &hellip; Continuer la lecture de Engagez-vous \u00e0 nos c\u00f4t\u00e9s ! &rarr;\" \/>\n<meta property=\"og:url\" content=\"https:\/\/www.claudeguyot.com\/index.php\/2023\/03\/22\/engagez-vous-a-nos-cotes\/\" \/>\n<meta property=\"og:site_name\" content=\"Association Claude Guyot\" \/>\n<meta property=\"article:published_time\" content=\"2023-03-22T18:07:03+00:00\" \/>\n<meta property=\"article:modified_time\" content=\"2025-04-13T10:09:03+00:00\" \/>\n<meta property=\"og:image\" content=\"https:\/\/www.claudeguyot.com\/wp-content\/uploads\/2023\/03\/Visuel-campagne-adhesions-Claude-Guyot-2023-1024x476.png\" \/>\n<meta name=\"author\" content=\"Claude Guyot\" \/>\n<meta name=\"twitter:card\" content=\"summary_large_image\" \/>\n<meta name=\"twitter:label1\" content=\"\u00c9crit par\" \/>\n\t<meta name=\"twitter:data1\" content=\"Claude Guyot\" \/>\n\t<meta name=\"twitter:label2\" content=\"Dur\u00e9e de lecture estim\u00e9e\" \/>\n\t<meta name=\"twitter:data2\" content=\"3 minutes\" \/>\n<script type=\"application\/ld+json\" class=\"yoast-schema-graph\">{\"@context\":\"https:\/\/schema.org\",\"@graph\":[{\"@type\":\"WebPage\",\"@id\":\"https:\/\/www.claudeguyot.com\/index.php\/2023\/03\/22\/engagez-vous-a-nos-cotes\/\",\"url\":\"https:\/\/www.claudeguyot.com\/index.php\/2023\/03\/22\/engagez-vous-a-nos-cotes\/\",\"name\":\"Engagez-vous \u00e0 nos c\u00f4t\u00e9s ! - Association Claude Guyot\",\"isPartOf\":{\"@id\":\"https:\/\/www.claudeguyot.com\/#website\"},\"datePublished\":\"2023-03-22T18:07:03+00:00\",\"dateModified\":\"2025-04-13T10:09:03+00:00\",\"author\":{\"@id\":\"https:\/\/www.claudeguyot.com\/#\/schema\/person\/fbc6c67d5e15fc909d64aab1f1f150a1\"},\"breadcrumb\":{\"@id\":\"https:\/\/www.claudeguyot.com\/index.php\/2023\/03\/22\/engagez-vous-a-nos-cotes\/#breadcrumb\"},\"inLanguage\":\"fr-FR\",\"potentialAction\":[{\"@type\":\"ReadAction\",\"target\":[\"https:\/\/www.claudeguyot.com\/index.php\/2023\/03\/22\/engagez-vous-a-nos-cotes\/\"]}]},{\"@type\":\"BreadcrumbList\",\"@id\":\"https:\/\/www.claudeguyot.com\/index.php\/2023\/03\/22\/engagez-vous-a-nos-cotes\/#breadcrumb\",\"itemListElement\":[{\"@type\":\"ListItem\",\"position\":1,\"name\":\"Accueil\",\"item\":\"https:\/\/www.claudeguyot.com\/\"},{\"@type\":\"ListItem\",\"position\":2,\"name\":\"Engagez-vous \u00e0 nos c\u00f4t\u00e9s !\"}]},{\"@type\":\"WebSite\",\"@id\":\"https:\/\/www.claudeguyot.com\/#website\",\"url\":\"https:\/\/www.claudeguyot.com\/\",\"name\":\"Association Claude Guyot\",\"description\":\"Association loi 1901 reconnue d&#039;int\u00e9r\u00eat g\u00e9n\u00e9ral\",\"potentialAction\":[{\"@type\":\"SearchAction\",\"target\":{\"@type\":\"EntryPoint\",\"urlTemplate\":\"https:\/\/www.claudeguyot.com\/?s={search_term_string}\"},\"query-input\":\"required name=search_term_string\"}],\"inLanguage\":\"fr-FR\"},{\"@type\":\"Person\",\"@id\":\"https:\/\/www.claudeguyot.com\/#\/schema\/person\/fbc6c67d5e15fc909d64aab1f1f150a1\",\"name\":\"Claude Guyot\",\"image\":{\"@type\":\"ImageObject\",\"inLanguage\":\"fr-FR\",\"@id\":\"https:\/\/www.claudeguyot.com\/#\/schema\/person\/image\/\",\"url\":\"https:\/\/secure.gravatar.com\/avatar\/8835715a7343599eaa98fab3b13c331c454cc537ea4343abb5ad3fefe9b4d586?s=96&d=mm&r=g\",\"contentUrl\":\"https:\/\/secure.gravatar.com\/avatar\/8835715a7343599eaa98fab3b13c331c454cc537ea4343abb5ad3fefe9b4d586?s=96&d=mm&r=g\",\"caption\":\"Claude Guyot\"},\"url\":\"https:\/\/www.claudeguyot.com\/index.php\/author\/admin5958\/\"}]}<\/script>\n<!-- \/ Yoast SEO plugin. -->","yoast_head_json":{"title":"Engagez-vous \u00e0 nos c\u00f4t\u00e9s ! - Association Claude Guyot","robots":{"index":"index","follow":"follow","max-snippet":"max-snippet:-1","max-image-preview":"max-image-preview:large","max-video-preview":"max-video-preview:-1"},"canonical":"https:\/\/www.claudeguyot.com\/index.php\/2023\/03\/22\/engagez-vous-a-nos-cotes\/","og_locale":"fr_FR","og_type":"article","og_title":"Engagez-vous \u00e0 nos c\u00f4t\u00e9s ! - Association Claude Guyot","og_description":"Nous connaissons l&rsquo;attachement du plus grand nombre \u00e0 notre grande Histoire nationale mais aussi et plus particuli\u00e8rement \u00e0 notre Histoire locale et \u00e0 ses grandes figures, tout comme \u00e0 la transmission du devoir de M\u00e9moire. Consciente et partie-prenante des enjeux de transmission de notre M\u00e9moire collective, l\u2019association Claude Guyot lors de sa derni\u00e8re assembl\u00e9e g\u00e9n\u00e9rale, &hellip; Continuer la lecture de Engagez-vous \u00e0 nos c\u00f4t\u00e9s ! &rarr;","og_url":"https:\/\/www.claudeguyot.com\/index.php\/2023\/03\/22\/engagez-vous-a-nos-cotes\/","og_site_name":"Association Claude Guyot","article_published_time":"2023-03-22T18:07:03+00:00","article_modified_time":"2025-04-13T10:09:03+00:00","og_image":[{"url":"https:\/\/www.claudeguyot.com\/wp-content\/uploads\/2023\/03\/Visuel-campagne-adhesions-Claude-Guyot-2023-1024x476.png"}],"author":"Claude Guyot","twitter_card":"summary_large_image","twitter_misc":{"\u00c9crit par":"Claude Guyot","Dur\u00e9e de lecture estim\u00e9e":"3 minutes"},"schema":{"@context":"https:\/\/schema.org","@graph":[{"@type":"WebPage","@id":"https:\/\/www.claudeguyot.com\/index.php\/2023\/03\/22\/engagez-vous-a-nos-cotes\/","url":"https:\/\/www.claudeguyot.com\/index.php\/2023\/03\/22\/engagez-vous-a-nos-cotes\/","name":"Engagez-vous \u00e0 nos c\u00f4t\u00e9s ! - Association Claude Guyot","isPartOf":{"@id":"https:\/\/www.claudeguyot.com\/#website"},"datePublished":"2023-03-22T18:07:03+00:00","dateModified":"2025-04-13T10:09:03+00:00","author":{"@id":"https:\/\/www.claudeguyot.com\/#\/schema\/person\/fbc6c67d5e15fc909d64aab1f1f150a1"},"breadcrumb":{"@id":"https:\/\/www.claudeguyot.com\/index.php\/2023\/03\/22\/engagez-vous-a-nos-cotes\/#breadcrumb"},"inLanguage":"fr-FR","potentialAction":[{"@type":"ReadAction","target":["https:\/\/www.claudeguyot.com\/index.php\/2023\/03\/22\/engagez-vous-a-nos-cotes\/"]}]},{"@type":"BreadcrumbList","@id":"https:\/\/www.claudeguyot.com\/index.php\/2023\/03\/22\/engagez-vous-a-nos-cotes\/#breadcrumb","itemListElement":[{"@type":"ListItem","position":1,"name":"Accueil","item":"https:\/\/www.claudeguyot.com\/"},{"@type":"ListItem","position":2,"name":"Engagez-vous \u00e0 nos c\u00f4t\u00e9s !"}]},{"@type":"WebSite","@id":"https:\/\/www.claudeguyot.com\/#website","url":"https:\/\/www.claudeguyot.com\/","name":"Association Claude Guyot","description":"Association loi 1901 reconnue d&#039;int\u00e9r\u00eat g\u00e9n\u00e9ral","potentialAction":[{"@type":"SearchAction","target":{"@type":"EntryPoint","urlTemplate":"https:\/\/www.claudeguyot.com\/?s={search_term_string}"},"query-input":"required name=search_term_string"}],"inLanguage":"fr-FR"},{"@type":"Person","@id":"https:\/\/www.claudeguyot.com\/#\/schema\/person\/fbc6c67d5e15fc909d64aab1f1f150a1","name":"Claude Guyot","image":{"@type":"ImageObject","inLanguage":"fr-FR","@id":"https:\/\/www.claudeguyot.com\/#\/schema\/person\/image\/","url":"https:\/\/secure.gravatar.com\/avatar\/8835715a7343599eaa98fab3b13c331c454cc537ea4343abb5ad3fefe9b4d586?s=96&d=mm&r=g","contentUrl":"https:\/\/secure.gravatar.com\/avatar\/8835715a7343599eaa98fab3b13c331c454cc537ea4343abb5ad3fefe9b4d586?s=96&d=mm&r=g","caption":"Claude Guyot"},"url":"https:\/\/www.claudeguyot.com\/index.php\/author\/admin5958\/"}]}},"jetpack_featured_media_url":"","_links":{"self":[{"href":"https:\/\/www.claudeguyot.com\/index.php\/wp-json\/wp\/v2\/posts\/1108","targetHints":{"allow":["GET"]}}],"collection":[{"href":"https:\/\/www.claudeguyot.com\/index.php\/wp-json\/wp\/v2\/posts"}],"about":[{"href":"https:\/\/www.claudeguyot.com\/index.php\/wp-json\/wp\/v2\/types\/post"}],"author":[{"embeddable":true,"href":"https:\/\/www.claudeguyot.com\/index.php\/wp-json\/wp\/v2\/users\/1"}],"replies":[{"embeddable":true,"href":"https:\/\/www.claudeguyot.com\/index.php\/wp-json\/wp\/v2\/comments?post=1108"}],"version-history":[{"count":4,"href":"https:\/\/www.claudeguyot.com\/index.php\/wp-json\/wp\/v2\/posts\/1108\/revisions"}],"predecessor-version":[{"id":1208,"href":"https:\/\/www.claudeguyot.com\/index.php\/wp-json\/wp\/v2\/posts\/1108\/revisions\/1208"}],"wp:attachment":[{"href":"https:\/\/www.claudeguyot.com\/index.php\/wp-json\/wp\/v2\/media?parent=1108"}],"wp:term":[{"taxonomy":"category","embeddable":true,"href":"https:\/\/www.claudeguyot.com\/index.php\/wp-json\/wp\/v2\/categories?post=1108"},{"taxonomy":"post_tag","embeddable":true,"href":"https:\/\/www.claudeguyot.com\/index.php\/wp-json\/wp\/v2\/tags?post=1108"}],"curies":[{"name":"wp","href":"https:\/\/api.w.org\/{rel}","templated":true}]}}