{"id":1112,"date":"2023-03-22T20:06:44","date_gmt":"2023-03-22T19:06:44","guid":{"rendered":"https:\/\/www.claudeguyot.com\/?p=1112"},"modified":"2025-04-13T11:09:05","modified_gmt":"2025-04-13T10:09:05","slug":"le-college-claude-guyot-darnay-le-duc-recu-sous-la-coupole-de-linstitut-de-france","status":"publish","type":"post","link":"https:\/\/www.claudeguyot.com\/index.php\/2023\/03\/22\/le-college-claude-guyot-darnay-le-duc-recu-sous-la-coupole-de-linstitut-de-france\/","title":{"rendered":"Le coll\u00e8ge Claude Guyot d\u2019Arnay-le-Duc re\u00e7u sous la coupole de l\u2019Institut de France"},"content":{"rendered":"\n<figure class=\"wp-block-image size-large\"><img loading=\"lazy\" decoding=\"async\" width=\"1024\" height=\"768\" src=\"https:\/\/www.claudeguyot.com\/wp-content\/uploads\/2023\/03\/IMG_20230321_120455-1024x768.jpg\" alt=\"\" class=\"wp-image-1113\" srcset=\"https:\/\/www.claudeguyot.com\/wp-content\/uploads\/2023\/03\/IMG_20230321_120455-1024x768.jpg 1024w, https:\/\/www.claudeguyot.com\/wp-content\/uploads\/2023\/03\/IMG_20230321_120455-300x225.jpg 300w, https:\/\/www.claudeguyot.com\/wp-content\/uploads\/2023\/03\/IMG_20230321_120455-768x576.jpg 768w, https:\/\/www.claudeguyot.com\/wp-content\/uploads\/2023\/03\/IMG_20230321_120455-600x450.jpg 600w, https:\/\/www.claudeguyot.com\/wp-content\/uploads\/2023\/03\/IMG_20230321_120455-1536x1152.jpg 1536w, https:\/\/www.claudeguyot.com\/wp-content\/uploads\/2023\/03\/IMG_20230321_120455-2048x1536.jpg 2048w\" sizes=\"auto, (max-width: 1024px) 100vw, 1024px\" \/><figcaption class=\"wp-element-caption\">Les \u00e9l\u00e8ves et les professeurs du coll\u00e8ges Claude Guyot d&rsquo;Arnay-le-Duc assis sur les fauteuils des \u00ab\u00a0immortels\u00a0\u00bb sous la c\u00e9l\u00e8bre coupole de l&rsquo;Institut de France \u00a9 Institut de France<\/figcaption><\/figure>\n\n\n\n<p>Dans le cadre des activit\u00e9s organis\u00e9es par l&rsquo;Association Claude Guyot, son pr\u00e9sident Hadrien Lacoste et son 1er vice-pr\u00e9sident Jacques Perot, membre correspondant de l&rsquo;<a href=\"https:\/\/academiesciencesmoralesetpolitiques.fr\/\">Acad\u00e9mie des Sciences morales et politiques<\/a>, ont conduit une passionnante visite de l&rsquo;<a href=\"https:\/\/www.institutdefrance.fr\/\">Institut de France<\/a> \u00e0 destination des \u00e9l\u00e8ves et des enseignants du coll\u00e8ge Claude Guyot d&rsquo;Arnay-le-Duc. Une visite \u00e0 la d\u00e9couverte d&rsquo;une prestigieuse institution, souvent m\u00e9connue, dont l&rsquo;objet est de veiller au perfectionnement des lettres, des sciences et de arts, \u00e0 d\u00e9velopper une r\u00e9flexion ind\u00e9pendante et \u00e0 conseiller les pouvoirs publics. Plac\u00e9 sous la protection du Pr\u00e9sident de la R\u00e9publique, il est le gardien d&rsquo;un impressionnant patrimoine compos\u00e9 de demeures et de collections qui lui ont \u00e9t\u00e9 l\u00e9gu\u00e9es au fil du temps.<\/p>\n\n\n<div class=\"wp-block-image\">\n<figure class=\"aligncenter size-large is-resized\"><img loading=\"lazy\" decoding=\"async\" src=\"https:\/\/www.claudeguyot.com\/wp-content\/uploads\/2023\/03\/IMG_20230321_104501-1-1024x768.jpg\" alt=\"\" class=\"wp-image-1140\" width=\"552\" height=\"414\" srcset=\"https:\/\/www.claudeguyot.com\/wp-content\/uploads\/2023\/03\/IMG_20230321_104501-1-1024x768.jpg 1024w, https:\/\/www.claudeguyot.com\/wp-content\/uploads\/2023\/03\/IMG_20230321_104501-1-300x225.jpg 300w, https:\/\/www.claudeguyot.com\/wp-content\/uploads\/2023\/03\/IMG_20230321_104501-1-768x576.jpg 768w, https:\/\/www.claudeguyot.com\/wp-content\/uploads\/2023\/03\/IMG_20230321_104501-1-600x450.jpg 600w, https:\/\/www.claudeguyot.com\/wp-content\/uploads\/2023\/03\/IMG_20230321_104501-1-1536x1153.jpg 1536w, https:\/\/www.claudeguyot.com\/wp-content\/uploads\/2023\/03\/IMG_20230321_104501-1-2048x1537.jpg 2048w\" sizes=\"auto, (max-width: 552px) 100vw, 552px\" \/><figcaption class=\"wp-element-caption\">La coupole de l&rsquo;Institut de France vue depuis la cour d&rsquo;honneur \u00a9 Hadrien Lacoste<\/figcaption><\/figure><\/div>\n\n\n<p>Protecteur des arts, des lettres et des sciences\u00a0\u00bb : telle est la devise de l\u2019Institut de France ! Il est install\u00e9 dans l\u2019un des plus beaux \u00e9difices de la capitale : l\u2019ancien coll\u00e8ge des Quatre-Nations, fond\u00e9 entre 1662 et 1688 par le cardinal Mazarin. Depuis 1795, il r\u00e9unit cinq acad\u00e9mies : l\u2019<a href=\"https:\/\/www.academie-francaise.fr\/\">Acad\u00e9mie fran\u00e7aise<\/a>, l\u2019<a href=\"https:\/\/aibl.fr\/\">Acad\u00e9mie des inscriptions et belles-lettres<\/a>, l\u2019<a href=\"https:\/\/www.academie-sciences.fr\/fr\/\">Acad\u00e9mie des sciences<\/a>, l\u2019<a href=\"https:\/\/www.academiedesbeauxarts.fr\/accueil\">Acad\u00e9mie des beaux-arts<\/a> et l\u2019<a href=\"https:\/\/academiesciencesmoralesetpolitiques.fr\/\">Acad\u00e9mie des sciences morales et politiques<\/a>. Il abrite aussi la <a href=\"https:\/\/www.bibliotheque-mazarine.fr\/fr\/\">Biblioth\u00e8que Mazarine<\/a>, la plus ancienne biblioth\u00e8que publique de France.&nbsp;<\/p>\n\n\n<div class=\"wp-block-image\">\n<figure class=\"aligncenter size-large is-resized\"><img loading=\"lazy\" decoding=\"async\" src=\"https:\/\/www.claudeguyot.com\/wp-content\/uploads\/2023\/03\/IMG_20230321_120330-1024x768.jpg\" alt=\"\" class=\"wp-image-1114\" width=\"592\" height=\"444\" srcset=\"https:\/\/www.claudeguyot.com\/wp-content\/uploads\/2023\/03\/IMG_20230321_120330-1024x768.jpg 1024w, https:\/\/www.claudeguyot.com\/wp-content\/uploads\/2023\/03\/IMG_20230321_120330-300x225.jpg 300w, https:\/\/www.claudeguyot.com\/wp-content\/uploads\/2023\/03\/IMG_20230321_120330-768x576.jpg 768w, https:\/\/www.claudeguyot.com\/wp-content\/uploads\/2023\/03\/IMG_20230321_120330-600x450.jpg 600w, https:\/\/www.claudeguyot.com\/wp-content\/uploads\/2023\/03\/IMG_20230321_120330-1536x1152.jpg 1536w, https:\/\/www.claudeguyot.com\/wp-content\/uploads\/2023\/03\/IMG_20230321_120330-2048x1536.jpg 2048w\" sizes=\"auto, (max-width: 592px) 100vw, 592px\" \/><figcaption class=\"wp-element-caption\">La coupole de l&rsquo;Institut de France \u00a9 Hadrien Lacoste<\/figcaption><\/figure><\/div>\n\n\n<p>Sous la Coupole de l\u2019Institut se tient, tous les ans au mois d\u2019octobre, la s\u00e9ance de rentr\u00e9e solennelle des cinq acad\u00e9mies. Un d\u00e9l\u00e9gu\u00e9 de chacune d\u2019elles y prononce ce jour-l\u00e0 un discours sur un th\u00e8me commun. C\u2019est aussi \u00e0 l\u2019automne que s\u2019y d\u00e9roulent les s\u00e9ances solennelles de rentr\u00e9e des acad\u00e9mies. Au mois de juin, la c\u00e9r\u00e9monie de remise des <a href=\"https:\/\/www.institutdefrance.fr\/les-fondations-et-prix\/\">Grands Prix des Fondations<\/a> met \u00e0 l\u2019honneur les laur\u00e9ats de l\u2019ann\u00e9e. La Coupole est \u00e9galement le lieu des c\u00e9r\u00e9monies d\u2019installation des nouveaux acad\u00e9miciens. Lors de tous ces \u00e9v\u00e9nements, les membres de l\u2019Institut rev\u00eatent <a href=\"https:\/\/www.academie-francaise.fr\/les-immortels\/lhabit-vert-et-lepee\">\u201cl\u2019habit vert\u201d<\/a> (en r\u00e9alit\u00e9 bleu nuit, brod\u00e9 de rameaux d\u2019olivier vert et or) et portent pour la plupart d\u2019entre eux l\u2019\u00e9p\u00e9e qui peut \u00eatre une v\u00e9ritable \u0153uvre d\u2019art orn\u00e9e des symboles de leur choix.&nbsp;<\/p>\n\n\n<div class=\"wp-block-image\">\n<figure class=\"aligncenter size-large is-resized\"><img loading=\"lazy\" decoding=\"async\" src=\"https:\/\/www.claudeguyot.com\/wp-content\/uploads\/2023\/03\/IMG-20211104-WA0007-768x1024.jpg\" alt=\"\" class=\"wp-image-1131\" width=\"380\" height=\"507\" srcset=\"https:\/\/www.claudeguyot.com\/wp-content\/uploads\/2023\/03\/IMG-20211104-WA0007-768x1024.jpg 768w, https:\/\/www.claudeguyot.com\/wp-content\/uploads\/2023\/03\/IMG-20211104-WA0007-225x300.jpg 225w, https:\/\/www.claudeguyot.com\/wp-content\/uploads\/2023\/03\/IMG-20211104-WA0007-600x800.jpg 600w, https:\/\/www.claudeguyot.com\/wp-content\/uploads\/2023\/03\/IMG-20211104-WA0007.jpg 1086w\" sizes=\"auto, (max-width: 380px) 100vw, 380px\" \/><figcaption class=\"wp-element-caption\">L&rsquo;\u00e9p\u00e9e d&rsquo;acad\u00e9micien port\u00e9e par Daniel Rondeau lors de son entr\u00e9e \u00e0 l&rsquo;Acad\u00e9mie fran\u00e7aise au cours de la s\u00e9ance solennelle sous la Coupole \u00e0 l&rsquo;Institut de France, le 4 novembre 2021 \u00a9 Hadrien Lacoste<\/figcaption><\/figure><\/div>\n\n<div class=\"wp-block-image\">\n<figure class=\"aligncenter size-large is-resized\"><img loading=\"lazy\" decoding=\"async\" src=\"https:\/\/www.claudeguyot.com\/wp-content\/uploads\/2023\/03\/IMG-20211104-WA0025-768x1024.jpg\" alt=\"\" class=\"wp-image-1130\" width=\"290\" height=\"386\" srcset=\"https:\/\/www.claudeguyot.com\/wp-content\/uploads\/2023\/03\/IMG-20211104-WA0025-768x1024.jpg 768w, https:\/\/www.claudeguyot.com\/wp-content\/uploads\/2023\/03\/IMG-20211104-WA0025-225x300.jpg 225w, https:\/\/www.claudeguyot.com\/wp-content\/uploads\/2023\/03\/IMG-20211104-WA0025-600x800.jpg 600w, https:\/\/www.claudeguyot.com\/wp-content\/uploads\/2023\/03\/IMG-20211104-WA0025.jpg 1086w\" sizes=\"auto, (max-width: 290px) 100vw, 290px\" \/><figcaption class=\"wp-element-caption\">L&rsquo;habit vert d&rsquo;acad\u00e9micien port\u00e9 par Daniel Rondeau lors de son entr\u00e9e \u00e0 l&rsquo;Acad\u00e9mie fran\u00e7aise au cours de la s\u00e9ance solennelle sous la Coupole \u00e0 l&rsquo;Institut de France,  le 4 novembre 2021 \u00a9 Ernest-Yufeng Yan<\/figcaption><\/figure><\/div>\n\n\n<p><strong>La Coupole, point d\u2019orgue du projet de Le Vau<\/strong><\/p>\n\n\n\n<p>Les travaux de construction du Coll\u00e8ge des Quatre-Nations voulus par le cardinal Mazarin d\u00e9but\u00e8rent en 1663. <a href=\"https:\/\/www.chateauversailles.fr\/decouvrir\/histoire\/grands-personnages\/louis-vau\">Louis Le Vau<\/a>, le c\u00e9l\u00e8bre architecte du ch\u00e2teau de Vaux-le-Vicomte qui avait travaill\u00e9 au Louvre et \u00e0 Versailles, fut choisi pour en dessiner les plans. Il ne conna\u00eetra pas la fin du chantier, notamment la d\u00e9coration. Le projet, rendu difficile par la forme de la parcelle, pr\u00e9sentait une fa\u00e7ade en arc de cercle termin\u00e9 par deux pavillons, dont l\u2019un \u00e9tait destin\u00e9 \u00e0 accueillir la biblioth\u00e8que de Mazarin (actuelle biblioth\u00e8que Mazarine).<\/p>\n\n\n<div class=\"wp-block-image\">\n<figure class=\"aligncenter size-large is-resized\"><img loading=\"lazy\" decoding=\"async\" src=\"https:\/\/www.claudeguyot.com\/wp-content\/uploads\/2023\/03\/IMG_20230321_115233-768x1024.jpg\" alt=\"\" class=\"wp-image-1116\" width=\"552\" height=\"736\" srcset=\"https:\/\/www.claudeguyot.com\/wp-content\/uploads\/2023\/03\/IMG_20230321_115233-768x1024.jpg 768w, https:\/\/www.claudeguyot.com\/wp-content\/uploads\/2023\/03\/IMG_20230321_115233-225x300.jpg 225w, https:\/\/www.claudeguyot.com\/wp-content\/uploads\/2023\/03\/IMG_20230321_115233-600x800.jpg 600w, https:\/\/www.claudeguyot.com\/wp-content\/uploads\/2023\/03\/IMG_20230321_115233-1152x1536.jpg 1152w, https:\/\/www.claudeguyot.com\/wp-content\/uploads\/2023\/03\/IMG_20230321_115233-1536x2048.jpg 1536w, https:\/\/www.claudeguyot.com\/wp-content\/uploads\/2023\/03\/IMG_20230321_115233-scaled.jpg 1920w\" sizes=\"auto, (max-width: 552px) 100vw, 552px\" \/><figcaption class=\"wp-element-caption\">Les \u00e9l\u00e8ves et les professeurs devant le monument fun\u00e9raire du cardinal Mazarin con\u00e7u par Antoine Coysevox aid\u00e9 d&rsquo;Etienne Le Hongrel et de Jean-Baptiste Tuby. \u00a9 Hadrien Lacoste<\/figcaption><\/figure><\/div>\n\n\n<p>Au centre, la chapelle du coll\u00e8ge, couronn\u00e9e de sa double coupole, devait accueillir le tombeau du cardinal. \u00c0 l\u2019arri\u00e8re \u00e9taient pr\u00e9vues les salles de classes et les logements. L\u2019\u00e9quilibre de ses proportions font de l\u2019\u00e9difice, joignant sur les eaux de la Seine son reflet \u00e0 celui du palais du Louvre l\u2019un des plus beaux de la capitale.<\/p>\n\n\n\n<p>Ouvert en 1688, le coll\u00e8ge fonctionna pr\u00e8s de 100 ans, accueillant des \u00e9l\u00e8ves qui deviendront illustres comme d\u2019Alembert, futur secr\u00e9taire perp\u00e9tuel de l\u2019Acad\u00e9mie fran\u00e7aise, ou le chimiste Antoine Lavoisier. En 1790 le coll\u00e8ge fut ferm\u00e9, transform\u00e9 en prison, retenant le peintre David, lui-m\u00eame ancien \u00e9l\u00e8ve du Coll\u00e8ge, ou Guillotin, avant de servir de r\u00e9serve \u00e0 grains.<\/p>\n\n\n\n<p><strong>L\u2019installation des Acad\u00e9mies dans le Palais<\/strong><\/p>\n\n\n\n<p>En 1801, Napol\u00e9on d\u00e9cida de loger tous les grands corps de l\u2019\u00c9tat dans des b\u00e2timents dignes de leurs missions et suffisamment fonctionnels pour garantir l\u2019exercice de leurs fonctions. En 1805, il fait installer les acad\u00e9mies dans l\u2019ancien Coll\u00e8ge des Quatre-Nations.<\/p>\n\n\n<div class=\"wp-block-image\">\n<figure class=\"aligncenter size-large is-resized\"><img loading=\"lazy\" decoding=\"async\" src=\"https:\/\/www.claudeguyot.com\/wp-content\/uploads\/2023\/03\/IMG_20230321_125307-1024x846.jpg\" alt=\"\" class=\"wp-image-1117\" width=\"648\" height=\"535\" srcset=\"https:\/\/www.claudeguyot.com\/wp-content\/uploads\/2023\/03\/IMG_20230321_125307-1024x846.jpg 1024w, https:\/\/www.claudeguyot.com\/wp-content\/uploads\/2023\/03\/IMG_20230321_125307-300x248.jpg 300w, https:\/\/www.claudeguyot.com\/wp-content\/uploads\/2023\/03\/IMG_20230321_125307-768x634.jpg 768w, https:\/\/www.claudeguyot.com\/wp-content\/uploads\/2023\/03\/IMG_20230321_125307-600x496.jpg 600w, https:\/\/www.claudeguyot.com\/wp-content\/uploads\/2023\/03\/IMG_20230321_125307-1536x1269.jpg 1536w, https:\/\/www.claudeguyot.com\/wp-content\/uploads\/2023\/03\/IMG_20230321_125307-2048x1692.jpg 2048w\" sizes=\"auto, (max-width: 648px) 100vw, 648px\" \/><figcaption class=\"wp-element-caption\">Le pr\u00e9sident de l&rsquo;association Claude Guyot Hadrien Lacoste et Jacques Perot, 1er vice-pr\u00e9sident et membre correspondant de l&rsquo;Acad\u00e9mie des sciences morales et politiques, aux c\u00f4t\u00e9s des \u00e9l\u00e8ves et des professeurs du coll\u00e8ge Claude Guyot d&rsquo;Arnay-le-Duc dans la cour d&rsquo;honneur de l&rsquo;Institut de France. \u00a9 Institut de France<\/figcaption><\/figure><\/div>\n\n\n<p><strong>L\u2019association Claude Guyot au service de la transmission de la M\u00e9moire et du savoir<\/strong> <strong>aupr\u00e8s des jeunes g\u00e9n\u00e9rations&#8230;<\/strong><\/p>\n\n\n\n<p>\u00c9l\u00e8ves et professeurs du Coll\u00e8ge Claude Guyot d&rsquo;Arnay-le-Duc ont pu prendre place sur les fauteuils habituellement occup\u00e9s par les acad\u00e9miciens, plus commun\u00e9ment appel\u00e9s les \u00ab\u00a0immortels\u00a0\u00bb, lors des s\u00e9ances solennelles sous la c\u00e9l\u00e8bre coupole. Ils ont \u00e9galement pu d\u00e9couvrir la cour d&rsquo;honneur de l&rsquo;Institut ainsi que la biblioth\u00e8que Mazarine, la biblioth\u00e8que de l&rsquo;Institut de France et la salle des s\u00e9ances des acad\u00e9mies o\u00f9 se d\u00e9roulent les r\u00e9unions quotidiennes des acad\u00e9miciens, notamment la <a href=\"https:\/\/www.academie-francaise.fr\/le-dictionnaire\/commission-du-dictionnaire\">commission du dictionnaire de l&rsquo;Acad\u00e9mie fran\u00e7aise<\/a>. <\/p>\n\n\n\n<p>Pour la petite histoire, Claude Guyot n&rsquo;\u00e9tait pas acad\u00e9micien bien s\u00fbr, mais lorsqu&rsquo;il fut \u00e9lu d\u00e9put\u00e9 de C\u00f4te d&rsquo;Or \u00e0 l&rsquo;Assembl\u00e9e nationale constituante en 1945, il si\u00e9gea aux c\u00f4t\u00e9s de son ami <a href=\"https:\/\/www.academie-francaise.fr\/les-immortels\/leopold-sedar-senghor\">L\u00e9opold S\u00e9dar Senghor<\/a>, qui tout comme lui \u00e9tait agr\u00e9g\u00e9 de grammaire et fera son entr\u00e9e \u00e0 l&rsquo;Acad\u00e9mie fran\u00e7aise en 1983. <\/p>\n\n\n\n<p>Une visite au sommet de l&rsquo;excellence du monde de la culture, des sciences et du savoir que nos jeunes arn\u00e9tois ne sont pas pr\u00eats d\u2019oublier&nbsp;!<\/p>\n\n\n<div class=\"wp-block-image\">\n<figure class=\"aligncenter size-large\"><img loading=\"lazy\" decoding=\"async\" width=\"1024\" height=\"768\" src=\"https:\/\/www.claudeguyot.com\/wp-content\/uploads\/2023\/03\/IMG_20230321_123620-1024x768.jpg\" alt=\"\" class=\"wp-image-1118\" srcset=\"https:\/\/www.claudeguyot.com\/wp-content\/uploads\/2023\/03\/IMG_20230321_123620-1024x768.jpg 1024w, https:\/\/www.claudeguyot.com\/wp-content\/uploads\/2023\/03\/IMG_20230321_123620-300x225.jpg 300w, https:\/\/www.claudeguyot.com\/wp-content\/uploads\/2023\/03\/IMG_20230321_123620-768x576.jpg 768w, https:\/\/www.claudeguyot.com\/wp-content\/uploads\/2023\/03\/IMG_20230321_123620-600x450.jpg 600w, https:\/\/www.claudeguyot.com\/wp-content\/uploads\/2023\/03\/IMG_20230321_123620-1536x1152.jpg 1536w, https:\/\/www.claudeguyot.com\/wp-content\/uploads\/2023\/03\/IMG_20230321_123620-2048x1536.jpg 2048w\" sizes=\"auto, (max-width: 1024px) 100vw, 1024px\" \/><figcaption class=\"wp-element-caption\">Jacques Perot, 1er vice-pr\u00e9sident de l&rsquo;association Claude Guyot et membre correspondant de l&rsquo;Acad\u00e9mie des sciences morales et politiques accueille les \u00e9l\u00e8ves dans la salle des s\u00e9ances de l&rsquo;Institut de France. \u00a9 Hadrien Lacoste<\/figcaption><\/figure><\/div>\n\n<div class=\"wp-block-image\">\n<figure class=\"aligncenter size-large is-resized\"><img loading=\"lazy\" decoding=\"async\" src=\"https:\/\/www.claudeguyot.com\/wp-content\/uploads\/2023\/03\/IMG_20230321_123209-1024x768.jpg\" alt=\"\" class=\"wp-image-1120\" width=\"511\" height=\"383\" srcset=\"https:\/\/www.claudeguyot.com\/wp-content\/uploads\/2023\/03\/IMG_20230321_123209-1024x768.jpg 1024w, https:\/\/www.claudeguyot.com\/wp-content\/uploads\/2023\/03\/IMG_20230321_123209-300x225.jpg 300w, https:\/\/www.claudeguyot.com\/wp-content\/uploads\/2023\/03\/IMG_20230321_123209-768x576.jpg 768w, https:\/\/www.claudeguyot.com\/wp-content\/uploads\/2023\/03\/IMG_20230321_123209-600x450.jpg 600w, https:\/\/www.claudeguyot.com\/wp-content\/uploads\/2023\/03\/IMG_20230321_123209-1536x1152.jpg 1536w, https:\/\/www.claudeguyot.com\/wp-content\/uploads\/2023\/03\/IMG_20230321_123209-2048x1536.jpg 2048w\" sizes=\"auto, (max-width: 511px) 100vw, 511px\" \/><figcaption class=\"wp-element-caption\">Jacques Perot, 1er vice-pr\u00e9sident de l&rsquo;association Claude Guyot et membre correspondant de l&rsquo;Acad\u00e9mie des sciences morales et politiques accueille les \u00e9l\u00e8ves dans la salle des s\u00e9ances de l&rsquo;Institut de France. \u00a9 Hadrien Lacoste<\/figcaption><\/figure><\/div>\n\n<div class=\"wp-block-image\">\n<figure class=\"aligncenter size-large is-resized\"><img loading=\"lazy\" decoding=\"async\" src=\"https:\/\/www.claudeguyot.com\/wp-content\/uploads\/2023\/03\/IMG_20230321_114934-1024x768.jpg\" alt=\"\" class=\"wp-image-1121\" width=\"517\" height=\"388\" srcset=\"https:\/\/www.claudeguyot.com\/wp-content\/uploads\/2023\/03\/IMG_20230321_114934-1024x768.jpg 1024w, https:\/\/www.claudeguyot.com\/wp-content\/uploads\/2023\/03\/IMG_20230321_114934-300x225.jpg 300w, https:\/\/www.claudeguyot.com\/wp-content\/uploads\/2023\/03\/IMG_20230321_114934-768x576.jpg 768w, https:\/\/www.claudeguyot.com\/wp-content\/uploads\/2023\/03\/IMG_20230321_114934-600x450.jpg 600w, https:\/\/www.claudeguyot.com\/wp-content\/uploads\/2023\/03\/IMG_20230321_114934-1536x1152.jpg 1536w, https:\/\/www.claudeguyot.com\/wp-content\/uploads\/2023\/03\/IMG_20230321_114934-2048x1536.jpg 2048w\" sizes=\"auto, (max-width: 517px) 100vw, 517px\" \/><figcaption class=\"wp-element-caption\">Les \u00e9l\u00e8ves et les professeurs du coll\u00e8ge Claude Guyot d&rsquo;Arnay-le-Duc attentifs aux explication de la guide conf\u00e9renci\u00e8re dans la cour d&rsquo;honneur de l&rsquo;Institut de France. \u00a9 Hadrien Lacoste<\/figcaption><\/figure><\/div>\n\n<div class=\"wp-block-image\">\n<figure class=\"aligncenter size-large is-resized\"><img loading=\"lazy\" decoding=\"async\" src=\"https:\/\/www.claudeguyot.com\/wp-content\/uploads\/2023\/03\/IMG_20230321_120739-2-768x1024.jpg\" alt=\"\" class=\"wp-image-1125\" width=\"521\" height=\"694\" srcset=\"https:\/\/www.claudeguyot.com\/wp-content\/uploads\/2023\/03\/IMG_20230321_120739-2-768x1024.jpg 768w, https:\/\/www.claudeguyot.com\/wp-content\/uploads\/2023\/03\/IMG_20230321_120739-2-225x300.jpg 225w, https:\/\/www.claudeguyot.com\/wp-content\/uploads\/2023\/03\/IMG_20230321_120739-2-600x800.jpg 600w, https:\/\/www.claudeguyot.com\/wp-content\/uploads\/2023\/03\/IMG_20230321_120739-2-1152x1536.jpg 1152w, https:\/\/www.claudeguyot.com\/wp-content\/uploads\/2023\/03\/IMG_20230321_120739-2-1536x2048.jpg 1536w, https:\/\/www.claudeguyot.com\/wp-content\/uploads\/2023\/03\/IMG_20230321_120739-2-scaled.jpg 1920w\" sizes=\"auto, (max-width: 521px) 100vw, 521px\" \/><figcaption class=\"wp-element-caption\">Les \u00e9l\u00e8ves et les professeurs du coll\u00e8ge Claude Guyot d&rsquo;Arnay-le-Duc attentifs aux explication de la guide conf\u00e9renci\u00e8re dans la cour d&rsquo;honneur de l&rsquo;Institut de France. \u00a9 Hadrien Lacoste<\/figcaption><\/figure><\/div>\n\n<div class=\"wp-block-image\">\n<figure class=\"aligncenter size-large is-resized\"><img loading=\"lazy\" decoding=\"async\" src=\"https:\/\/www.claudeguyot.com\/wp-content\/uploads\/2023\/03\/IMG_20230321_121256-1024x768.jpg\" alt=\"\" class=\"wp-image-1126\" width=\"525\" height=\"394\" srcset=\"https:\/\/www.claudeguyot.com\/wp-content\/uploads\/2023\/03\/IMG_20230321_121256-1024x768.jpg 1024w, https:\/\/www.claudeguyot.com\/wp-content\/uploads\/2023\/03\/IMG_20230321_121256-300x225.jpg 300w, https:\/\/www.claudeguyot.com\/wp-content\/uploads\/2023\/03\/IMG_20230321_121256-768x576.jpg 768w, https:\/\/www.claudeguyot.com\/wp-content\/uploads\/2023\/03\/IMG_20230321_121256-600x450.jpg 600w, https:\/\/www.claudeguyot.com\/wp-content\/uploads\/2023\/03\/IMG_20230321_121256-1536x1152.jpg 1536w, https:\/\/www.claudeguyot.com\/wp-content\/uploads\/2023\/03\/IMG_20230321_121256-2048x1536.jpg 2048w\" sizes=\"auto, (max-width: 525px) 100vw, 525px\" \/><figcaption class=\"wp-element-caption\">Les \u00e9l\u00e8ves et les professeurs du coll\u00e8ge Claude Guyot d&rsquo;Arnay-le-Duc attentifs aux explication de la guide conf\u00e9renci\u00e8re dans l&rsquo;une des cours de l&rsquo;Institut de France. \u00a9 Hadrien Lacoste<\/figcaption><\/figure><\/div>\n\n<div class=\"wp-block-image\">\n<figure class=\"aligncenter size-large is-resized\"><img loading=\"lazy\" decoding=\"async\" src=\"https:\/\/www.claudeguyot.com\/wp-content\/uploads\/2023\/03\/IMG_20230321_123158-1024x768.jpg\" alt=\"\" class=\"wp-image-1127\" width=\"530\" height=\"398\" srcset=\"https:\/\/www.claudeguyot.com\/wp-content\/uploads\/2023\/03\/IMG_20230321_123158-1024x768.jpg 1024w, https:\/\/www.claudeguyot.com\/wp-content\/uploads\/2023\/03\/IMG_20230321_123158-300x225.jpg 300w, https:\/\/www.claudeguyot.com\/wp-content\/uploads\/2023\/03\/IMG_20230321_123158-768x576.jpg 768w, https:\/\/www.claudeguyot.com\/wp-content\/uploads\/2023\/03\/IMG_20230321_123158-600x450.jpg 600w, https:\/\/www.claudeguyot.com\/wp-content\/uploads\/2023\/03\/IMG_20230321_123158-1536x1152.jpg 1536w, https:\/\/www.claudeguyot.com\/wp-content\/uploads\/2023\/03\/IMG_20230321_123158-2048x1536.jpg 2048w\" sizes=\"auto, (max-width: 530px) 100vw, 530px\" \/><figcaption class=\"wp-element-caption\">Les \u00e9l\u00e8ves et les professeurs du coll\u00e8ge Claude Guyot d&rsquo;Arnay-le-Duc attentifs aux explication de la guide conf\u00e9renci\u00e8re dans la salle des s\u00e9ances de l&rsquo;Institut de France. \u00a9 Hadrien Lacoste<\/figcaption><\/figure><\/div>","protected":false},"excerpt":{"rendered":"<p>Dans le cadre des activit\u00e9s organis\u00e9es par l&rsquo;Association Claude Guyot, son pr\u00e9sident Hadrien Lacoste et son 1er vice-pr\u00e9sident Jacques Perot, membre correspondant de l&rsquo;Acad\u00e9mie des Sciences morales et politiques, ont conduit une passionnante visite de l&rsquo;Institut de France \u00e0 destination des \u00e9l\u00e8ves et des enseignants du coll\u00e8ge Claude Guyot d&rsquo;Arnay-le-Duc. Une visite \u00e0 la d\u00e9couverte &hellip; <a href=\"https:\/\/www.claudeguyot.com\/index.php\/2023\/03\/22\/le-college-claude-guyot-darnay-le-duc-recu-sous-la-coupole-de-linstitut-de-france\/\" class=\"more-link\">Continuer la lecture de <span class=\"screen-reader-text\">Le coll\u00e8ge Claude Guyot d\u2019Arnay-le-Duc re\u00e7u sous la coupole de l\u2019Institut de France<\/span>  <span class=\"meta-nav\">&rarr;<\/span><\/a><\/p>\n","protected":false},"author":1,"featured_media":0,"comment_status":"closed","ping_status":"closed","sticky":false,"template":"","format":"standard","meta":{"footnotes":""},"categories":[1],"tags":[],"class_list":["post-1112","post","type-post","status-publish","format-standard","hentry","category-non-classe"],"yoast_head":"<!-- This site is optimized with the Yoast SEO plugin v19.9 - https:\/\/yoast.com\/wordpress\/plugins\/seo\/ -->\n<title>Le coll\u00e8ge Claude Guyot d\u2019Arnay-le-Duc re\u00e7u sous la coupole de l\u2019Institut de France - Association Claude Guyot<\/title>\n<meta name=\"robots\" content=\"index, follow, max-snippet:-1, max-image-preview:large, max-video-preview:-1\" \/>\n<link rel=\"canonical\" href=\"https:\/\/www.claudeguyot.com\/index.php\/2023\/03\/22\/le-college-claude-guyot-darnay-le-duc-recu-sous-la-coupole-de-linstitut-de-france\/\" \/>\n<meta property=\"og:locale\" content=\"fr_FR\" \/>\n<meta property=\"og:type\" content=\"article\" \/>\n<meta property=\"og:title\" content=\"Le coll\u00e8ge Claude Guyot d\u2019Arnay-le-Duc re\u00e7u sous la coupole de l\u2019Institut de France - Association Claude Guyot\" \/>\n<meta property=\"og:description\" content=\"Dans le cadre des activit\u00e9s organis\u00e9es par l&rsquo;Association Claude Guyot, son pr\u00e9sident Hadrien Lacoste et son 1er vice-pr\u00e9sident Jacques Perot, membre correspondant de l&rsquo;Acad\u00e9mie des Sciences morales et politiques, ont conduit une passionnante visite de l&rsquo;Institut de France \u00e0 destination des \u00e9l\u00e8ves et des enseignants du coll\u00e8ge Claude Guyot d&rsquo;Arnay-le-Duc. Une visite \u00e0 la d\u00e9couverte &hellip; Continuer la lecture de Le coll\u00e8ge Claude Guyot d\u2019Arnay-le-Duc re\u00e7u sous la coupole de l\u2019Institut de France &rarr;\" \/>\n<meta property=\"og:url\" content=\"https:\/\/www.claudeguyot.com\/index.php\/2023\/03\/22\/le-college-claude-guyot-darnay-le-duc-recu-sous-la-coupole-de-linstitut-de-france\/\" \/>\n<meta property=\"og:site_name\" content=\"Association Claude Guyot\" \/>\n<meta property=\"article:published_time\" content=\"2023-03-22T19:06:44+00:00\" \/>\n<meta property=\"article:modified_time\" content=\"2025-04-13T10:09:05+00:00\" \/>\n<meta property=\"og:image\" content=\"https:\/\/www.claudeguyot.com\/wp-content\/uploads\/2023\/03\/IMG_20230321_120455-1024x768.jpg\" \/>\n<meta name=\"author\" content=\"Claude Guyot\" \/>\n<meta name=\"twitter:card\" content=\"summary_large_image\" \/>\n<meta name=\"twitter:label1\" content=\"\u00c9crit par\" \/>\n\t<meta name=\"twitter:data1\" content=\"Claude Guyot\" \/>\n\t<meta name=\"twitter:label2\" content=\"Dur\u00e9e de lecture estim\u00e9e\" \/>\n\t<meta name=\"twitter:data2\" content=\"9 minutes\" \/>\n<script type=\"application\/ld+json\" class=\"yoast-schema-graph\">{\"@context\":\"https:\/\/schema.org\",\"@graph\":[{\"@type\":\"WebPage\",\"@id\":\"https:\/\/www.claudeguyot.com\/index.php\/2023\/03\/22\/le-college-claude-guyot-darnay-le-duc-recu-sous-la-coupole-de-linstitut-de-france\/\",\"url\":\"https:\/\/www.claudeguyot.com\/index.php\/2023\/03\/22\/le-college-claude-guyot-darnay-le-duc-recu-sous-la-coupole-de-linstitut-de-france\/\",\"name\":\"Le coll\u00e8ge Claude Guyot d\u2019Arnay-le-Duc re\u00e7u sous la coupole de l\u2019Institut de France - Association Claude Guyot\",\"isPartOf\":{\"@id\":\"https:\/\/www.claudeguyot.com\/#website\"},\"datePublished\":\"2023-03-22T19:06:44+00:00\",\"dateModified\":\"2025-04-13T10:09:05+00:00\",\"author\":{\"@id\":\"https:\/\/www.claudeguyot.com\/#\/schema\/person\/fbc6c67d5e15fc909d64aab1f1f150a1\"},\"breadcrumb\":{\"@id\":\"https:\/\/www.claudeguyot.com\/index.php\/2023\/03\/22\/le-college-claude-guyot-darnay-le-duc-recu-sous-la-coupole-de-linstitut-de-france\/#breadcrumb\"},\"inLanguage\":\"fr-FR\",\"potentialAction\":[{\"@type\":\"ReadAction\",\"target\":[\"https:\/\/www.claudeguyot.com\/index.php\/2023\/03\/22\/le-college-claude-guyot-darnay-le-duc-recu-sous-la-coupole-de-linstitut-de-france\/\"]}]},{\"@type\":\"BreadcrumbList\",\"@id\":\"https:\/\/www.claudeguyot.com\/index.php\/2023\/03\/22\/le-college-claude-guyot-darnay-le-duc-recu-sous-la-coupole-de-linstitut-de-france\/#breadcrumb\",\"itemListElement\":[{\"@type\":\"ListItem\",\"position\":1,\"name\":\"Accueil\",\"item\":\"https:\/\/www.claudeguyot.com\/\"},{\"@type\":\"ListItem\",\"position\":2,\"name\":\"Le coll\u00e8ge Claude Guyot d\u2019Arnay-le-Duc re\u00e7u sous la coupole de l\u2019Institut de France\"}]},{\"@type\":\"WebSite\",\"@id\":\"https:\/\/www.claudeguyot.com\/#website\",\"url\":\"https:\/\/www.claudeguyot.com\/\",\"name\":\"Association Claude Guyot\",\"description\":\"Association loi 1901 reconnue d&#039;int\u00e9r\u00eat g\u00e9n\u00e9ral\",\"potentialAction\":[{\"@type\":\"SearchAction\",\"target\":{\"@type\":\"EntryPoint\",\"urlTemplate\":\"https:\/\/www.claudeguyot.com\/?s={search_term_string}\"},\"query-input\":\"required name=search_term_string\"}],\"inLanguage\":\"fr-FR\"},{\"@type\":\"Person\",\"@id\":\"https:\/\/www.claudeguyot.com\/#\/schema\/person\/fbc6c67d5e15fc909d64aab1f1f150a1\",\"name\":\"Claude Guyot\",\"image\":{\"@type\":\"ImageObject\",\"inLanguage\":\"fr-FR\",\"@id\":\"https:\/\/www.claudeguyot.com\/#\/schema\/person\/image\/\",\"url\":\"https:\/\/secure.gravatar.com\/avatar\/8835715a7343599eaa98fab3b13c331c454cc537ea4343abb5ad3fefe9b4d586?s=96&d=mm&r=g\",\"contentUrl\":\"https:\/\/secure.gravatar.com\/avatar\/8835715a7343599eaa98fab3b13c331c454cc537ea4343abb5ad3fefe9b4d586?s=96&d=mm&r=g\",\"caption\":\"Claude Guyot\"},\"url\":\"https:\/\/www.claudeguyot.com\/index.php\/author\/admin5958\/\"}]}<\/script>\n<!-- \/ Yoast SEO plugin. -->","yoast_head_json":{"title":"Le coll\u00e8ge Claude Guyot d\u2019Arnay-le-Duc re\u00e7u sous la coupole de l\u2019Institut de France - Association Claude Guyot","robots":{"index":"index","follow":"follow","max-snippet":"max-snippet:-1","max-image-preview":"max-image-preview:large","max-video-preview":"max-video-preview:-1"},"canonical":"https:\/\/www.claudeguyot.com\/index.php\/2023\/03\/22\/le-college-claude-guyot-darnay-le-duc-recu-sous-la-coupole-de-linstitut-de-france\/","og_locale":"fr_FR","og_type":"article","og_title":"Le coll\u00e8ge Claude Guyot d\u2019Arnay-le-Duc re\u00e7u sous la coupole de l\u2019Institut de France - Association Claude Guyot","og_description":"Dans le cadre des activit\u00e9s organis\u00e9es par l&rsquo;Association Claude Guyot, son pr\u00e9sident Hadrien Lacoste et son 1er vice-pr\u00e9sident Jacques Perot, membre correspondant de l&rsquo;Acad\u00e9mie des Sciences morales et politiques, ont conduit une passionnante visite de l&rsquo;Institut de France \u00e0 destination des \u00e9l\u00e8ves et des enseignants du coll\u00e8ge Claude Guyot d&rsquo;Arnay-le-Duc. Une visite \u00e0 la d\u00e9couverte &hellip; Continuer la lecture de Le coll\u00e8ge Claude Guyot d\u2019Arnay-le-Duc re\u00e7u sous la coupole de l\u2019Institut de France &rarr;","og_url":"https:\/\/www.claudeguyot.com\/index.php\/2023\/03\/22\/le-college-claude-guyot-darnay-le-duc-recu-sous-la-coupole-de-linstitut-de-france\/","og_site_name":"Association Claude Guyot","article_published_time":"2023-03-22T19:06:44+00:00","article_modified_time":"2025-04-13T10:09:05+00:00","og_image":[{"url":"https:\/\/www.claudeguyot.com\/wp-content\/uploads\/2023\/03\/IMG_20230321_120455-1024x768.jpg"}],"author":"Claude Guyot","twitter_card":"summary_large_image","twitter_misc":{"\u00c9crit par":"Claude Guyot","Dur\u00e9e de lecture estim\u00e9e":"9 minutes"},"schema":{"@context":"https:\/\/schema.org","@graph":[{"@type":"WebPage","@id":"https:\/\/www.claudeguyot.com\/index.php\/2023\/03\/22\/le-college-claude-guyot-darnay-le-duc-recu-sous-la-coupole-de-linstitut-de-france\/","url":"https:\/\/www.claudeguyot.com\/index.php\/2023\/03\/22\/le-college-claude-guyot-darnay-le-duc-recu-sous-la-coupole-de-linstitut-de-france\/","name":"Le coll\u00e8ge Claude Guyot d\u2019Arnay-le-Duc re\u00e7u sous la coupole de l\u2019Institut de France - Association Claude Guyot","isPartOf":{"@id":"https:\/\/www.claudeguyot.com\/#website"},"datePublished":"2023-03-22T19:06:44+00:00","dateModified":"2025-04-13T10:09:05+00:00","author":{"@id":"https:\/\/www.claudeguyot.com\/#\/schema\/person\/fbc6c67d5e15fc909d64aab1f1f150a1"},"breadcrumb":{"@id":"https:\/\/www.claudeguyot.com\/index.php\/2023\/03\/22\/le-college-claude-guyot-darnay-le-duc-recu-sous-la-coupole-de-linstitut-de-france\/#breadcrumb"},"inLanguage":"fr-FR","potentialAction":[{"@type":"ReadAction","target":["https:\/\/www.claudeguyot.com\/index.php\/2023\/03\/22\/le-college-claude-guyot-darnay-le-duc-recu-sous-la-coupole-de-linstitut-de-france\/"]}]},{"@type":"BreadcrumbList","@id":"https:\/\/www.claudeguyot.com\/index.php\/2023\/03\/22\/le-college-claude-guyot-darnay-le-duc-recu-sous-la-coupole-de-linstitut-de-france\/#breadcrumb","itemListElement":[{"@type":"ListItem","position":1,"name":"Accueil","item":"https:\/\/www.claudeguyot.com\/"},{"@type":"ListItem","position":2,"name":"Le coll\u00e8ge Claude Guyot d\u2019Arnay-le-Duc re\u00e7u sous la coupole de l\u2019Institut de France"}]},{"@type":"WebSite","@id":"https:\/\/www.claudeguyot.com\/#website","url":"https:\/\/www.claudeguyot.com\/","name":"Association Claude Guyot","description":"Association loi 1901 reconnue d&#039;int\u00e9r\u00eat g\u00e9n\u00e9ral","potentialAction":[{"@type":"SearchAction","target":{"@type":"EntryPoint","urlTemplate":"https:\/\/www.claudeguyot.com\/?s={search_term_string}"},"query-input":"required name=search_term_string"}],"inLanguage":"fr-FR"},{"@type":"Person","@id":"https:\/\/www.claudeguyot.com\/#\/schema\/person\/fbc6c67d5e15fc909d64aab1f1f150a1","name":"Claude Guyot","image":{"@type":"ImageObject","inLanguage":"fr-FR","@id":"https:\/\/www.claudeguyot.com\/#\/schema\/person\/image\/","url":"https:\/\/secure.gravatar.com\/avatar\/8835715a7343599eaa98fab3b13c331c454cc537ea4343abb5ad3fefe9b4d586?s=96&d=mm&r=g","contentUrl":"https:\/\/secure.gravatar.com\/avatar\/8835715a7343599eaa98fab3b13c331c454cc537ea4343abb5ad3fefe9b4d586?s=96&d=mm&r=g","caption":"Claude Guyot"},"url":"https:\/\/www.claudeguyot.com\/index.php\/author\/admin5958\/"}]}},"jetpack_featured_media_url":"","_links":{"self":[{"href":"https:\/\/www.claudeguyot.com\/index.php\/wp-json\/wp\/v2\/posts\/1112","targetHints":{"allow":["GET"]}}],"collection":[{"href":"https:\/\/www.claudeguyot.com\/index.php\/wp-json\/wp\/v2\/posts"}],"about":[{"href":"https:\/\/www.claudeguyot.com\/index.php\/wp-json\/wp\/v2\/types\/post"}],"author":[{"embeddable":true,"href":"https:\/\/www.claudeguyot.com\/index.php\/wp-json\/wp\/v2\/users\/1"}],"replies":[{"embeddable":true,"href":"https:\/\/www.claudeguyot.com\/index.php\/wp-json\/wp\/v2\/comments?post=1112"}],"version-history":[{"count":9,"href":"https:\/\/www.claudeguyot.com\/index.php\/wp-json\/wp\/v2\/posts\/1112\/revisions"}],"predecessor-version":[{"id":1142,"href":"https:\/\/www.claudeguyot.com\/index.php\/wp-json\/wp\/v2\/posts\/1112\/revisions\/1142"}],"wp:attachment":[{"href":"https:\/\/www.claudeguyot.com\/index.php\/wp-json\/wp\/v2\/media?parent=1112"}],"wp:term":[{"taxonomy":"category","embeddable":true,"href":"https:\/\/www.claudeguyot.com\/index.php\/wp-json\/wp\/v2\/categories?post=1112"},{"taxonomy":"post_tag","embeddable":true,"href":"https:\/\/www.claudeguyot.com\/index.php\/wp-json\/wp\/v2\/tags?post=1112"}],"curies":[{"name":"wp","href":"https:\/\/api.w.org\/{rel}","templated":true}]}}