{"id":1186,"date":"2023-12-15T11:09:51","date_gmt":"2023-12-15T10:09:51","guid":{"rendered":"https:\/\/www.claudeguyot.com\/?p=1186"},"modified":"2025-04-13T11:09:04","modified_gmt":"2025-04-13T10:09:04","slug":"lassemblee-generale-de-lassociation-claude-guyot-sest-tenue-avec-de-nombreux-projets-en-perspective","status":"publish","type":"post","link":"https:\/\/www.claudeguyot.com\/index.php\/2023\/12\/15\/lassemblee-generale-de-lassociation-claude-guyot-sest-tenue-avec-de-nombreux-projets-en-perspective\/","title":{"rendered":"L&rsquo;assembl\u00e9e g\u00e9n\u00e9rale de l&rsquo;association Claude Guyot s&rsquo;est tenue avec de nombreux projets en perspective !"},"content":{"rendered":"\n<p>L&rsquo;assembl\u00e9e g\u00e9n\u00e9rale ordinaire annuelle de l&rsquo;association Claude Guyot s&rsquo;est r\u00e9cemment tenue \u00e0 l&rsquo;h\u00f4tel de ville d&rsquo;Arnay-le-Duc. <\/p>\n\n\n\n<p>A cette occasion, l&rsquo;association a rendu un vibrant hommage aux membres de l&rsquo;association d\u00e9c\u00e9d\u00e9s au cours de l&rsquo;ann\u00e9e \u00e9coul\u00e9e. Apr\u00e8s que le pr\u00e9sident ait prononc\u00e9 un discours d&rsquo;hommage suite aux d\u00e9c\u00e8s de <a href=\"https:\/\/www.bienpublic.com\/carnet-du-jour\/2023\/05\/18\/ancienne-correspondante-du-bien-public-monique-sevre-nous-a-quittes\">Monique S\u00e8vre<\/a> (correspondante locale du Bien Public pendant 40 ans) et de Michel Paqui\u00e9 (psychologue et fin connaisseur de l&rsquo;Histoire contemporaine locale), l&rsquo;assistance pr\u00e9sente a respect\u00e9 une minute de silence. <\/p>\n\n\n\n<p>Ce fut aussi l&rsquo;occasion pour le bureau d&rsquo;annoncer \u00e0 l&rsquo;assistance pr\u00e9sente que notre association s&rsquo;\u00e9tait vu attribuer au printemps dernier le titre d&rsquo;<a href=\"https:\/\/www.economie.gouv.fr\/cedef\/association-reconnue-interet-general\">association d&rsquo;int\u00e9r\u00eat g\u00e9n\u00e9ral<\/a>. <\/p>\n\n\n\n<p>Le bureau, dans son bilan moral, a \u00e9galement \u00e9voqu\u00e9 les diff\u00e9rentes manifestations organis\u00e9es et auxquelles notre association a \u00e9t\u00e9 partie prenante tout au long de l&rsquo;ann\u00e9e 2023 :<\/p>\n\n\n\n<ul class=\"wp-block-list\">\n<li>Participation aux c\u00e9r\u00e9monies entourant le 71\u00e8me anniversaire de la mort du Mar\u00e9chal Jean de Lattre de Tassigny \u00e0 Mouilleron-en-Pareds (Vend\u00e9e). A cette occasion et comme chaque ann\u00e9e, l&rsquo;association Claude Guyot a d\u00e9pos\u00e9 une gerbe sur la tombe du Mar\u00e9chal de Lattre de Tassigny,<\/li>\n\n\n\n<li>Organisation d&rsquo;une journ\u00e9e de visite \u00e0 Paris \u00e0 destination des \u00e9l\u00e8ves du coll\u00e8ge Claude Guyot d&rsquo;Arnay-le-Duc avec visite du Palais de l&rsquo;Institut de France,<\/li>\n\n\n\n<li>C\u00e9r\u00e9monies du 8 mai avec d\u00e9p\u00f4t de gerbe,<\/li>\n\n\n\n<li>Mise en place de commissions de travail (M. Jacques Perot : relations avec les \u00e9lus et les associations patriotiques, archives et recherches, Mme Audrey Roland : relations avec le monde de l&rsquo;enseignement, Ma\u00eetre Ernest-Yufeng Yan : questions juridiques et r\u00e8glementation),<\/li>\n<\/ul>\n\n\n\n<p>L&rsquo;assembl\u00e9e pr\u00e9sente a vot\u00e9 \u00e0 l&rsquo;unanimit\u00e9 le bilan moral de l&rsquo;association tout comme le bilan financier pr\u00e9sent\u00e9 par Marie-Alix Cherchillez,  tr\u00e9sori\u00e8re de l&rsquo;association. <\/p>\n\n\n\n<p>Le bureau a \u00e9t\u00e9 int\u00e9gralement r\u00e9\u00e9lu pour un nouveau mandat \u00e0 l&rsquo;unanimit\u00e9. <\/p>\n\n\n\n<p>Le montant de la cotisation pour l\u2019ann\u00e9e 2025 en vue de l\u2019ann\u00e9e de comm\u00e9moration de la disparition de Claude Guyot o\u00f9 de nombreuses manifestations seront pr\u00e9vues a \u00e9t\u00e9 vot\u00e9 \u00e0 l\u2019unanimit\u00e9 \u00e0 20\u20ac. La cotisation jeune reste inchang\u00e9e \u00e0 2\u20ac.<\/p>\n\n\n\n<p>La cotisation pour 2024, quant \u00e0 elle, reste inchang\u00e9e \u00e0 16\u20ac. La cotisation jeune reste inchang\u00e9e \u00e0 2\u20ac.<\/p>\n\n\n\n<p>Le pr\u00e9sident et les membres du bureau de l&rsquo;association ont tenu \u00e0 remercier Pierre Poillot, conseiller d\u00e9partemental du canton d&rsquo;Arnay-Liernais et Francois Sauvadet, pr\u00e9sident du Conseil d\u00e9partemental de la C\u00f4te d&rsquo;Or ainsi que la ville d&rsquo;Arnay-le-Duc pour les subventions accord\u00e9es au cours de l&rsquo;exercice 2023. <\/p>\n\n\n\n<p>Aussi, parmi les prochains grands rendez-vous au calendrier : <\/p>\n\n\n\n<ul class=\"wp-block-list\">\n<li>Le dimanche 14 janvier 2024, participation aux c\u00e9r\u00e9monies avec d\u00e9p\u00f4t d&rsquo;une gerbe par notre association sur la tombe du Mar\u00e9chal Jean de Lattre de Tassigny, afin de c\u00e9l\u00e9brer le 72\u00e8me anniversaire de sa disparition. <\/li>\n\n\n\n<li>Une c\u00e9r\u00e9monie sera organis\u00e9e conjointement avec notre association et l&rsquo;\u00e9quipe \u00e9ducative du coll\u00e8ge Claude Guyot d&rsquo;Arnay-le-Duc, au cours de la matin\u00e9e du vendredi 19 janvier 2024, afin de c\u00e9l\u00e9brer les 70 ans du coll\u00e8ge. <\/li>\n\n\n\n<li>C\u00e9r\u00e9monie du 8 mai \u00e0 Arnay-le-Duc avec le d\u00e9p\u00f4t d&rsquo;une gerbe au monument aux morts<\/li>\n\n\n\n<li>Un d\u00e9placement \u00e0 Paris courant 2024 avec les \u00e9l\u00e8ves du coll\u00e8ge Claude Guyot d&rsquo;Arnay-le-Duc est \u00e0 l&rsquo;\u00e9tude avec l&rsquo;\u00e9quipe p\u00e9dagogique du coll\u00e8ge. <\/li>\n\n\n\n<li>Mise en place d&rsquo;une commission de travail r\u00e9unissant membres de l&rsquo;association et personnalit\u00e9s ext\u00e9rieures : \u00ab\u00a01965-2025 &#8211; C\u00e9l\u00e9bration du 60\u00e8me anniversaire de la disparition de Claude Guyot\u00a0\u00bb dans l&rsquo;objectif de pr\u00e9parer une grande ann\u00e9e d&rsquo;hommage \u00e0 Claude Guyot dont le point culminant sera le mercredi 30 avril 2025, date anniversaire de sa disparition.  Le dispositif de cette ann\u00e9e anniversaire 2025 sera rendu public courant 2024.<\/li>\n<\/ul>\n\n\n\n<p><\/p>\n\n\n\n<p><\/p>\n","protected":false},"excerpt":{"rendered":"<p>L&rsquo;assembl\u00e9e g\u00e9n\u00e9rale ordinaire annuelle de l&rsquo;association Claude Guyot s&rsquo;est r\u00e9cemment tenue \u00e0 l&rsquo;h\u00f4tel de ville d&rsquo;Arnay-le-Duc. A cette occasion, l&rsquo;association a rendu un vibrant hommage aux membres de l&rsquo;association d\u00e9c\u00e9d\u00e9s au cours de l&rsquo;ann\u00e9e \u00e9coul\u00e9e. Apr\u00e8s que le pr\u00e9sident ait prononc\u00e9 un discours d&rsquo;hommage suite aux d\u00e9c\u00e8s de Monique S\u00e8vre (correspondante locale du Bien Public &hellip; <a href=\"https:\/\/www.claudeguyot.com\/index.php\/2023\/12\/15\/lassemblee-generale-de-lassociation-claude-guyot-sest-tenue-avec-de-nombreux-projets-en-perspective\/\" class=\"more-link\">Continuer la lecture de <span class=\"screen-reader-text\">L&rsquo;assembl\u00e9e g\u00e9n\u00e9rale de l&rsquo;association Claude Guyot s&rsquo;est tenue avec de nombreux projets en perspective !<\/span>  <span class=\"meta-nav\">&rarr;<\/span><\/a><\/p>\n","protected":false},"author":1,"featured_media":1190,"comment_status":"closed","ping_status":"closed","sticky":false,"template":"","format":"standard","meta":{"footnotes":""},"categories":[1],"tags":[],"class_list":["post-1186","post","type-post","status-publish","format-standard","has-post-thumbnail","hentry","category-non-classe"],"yoast_head":"<!-- This site is optimized with the Yoast SEO plugin v19.9 - https:\/\/yoast.com\/wordpress\/plugins\/seo\/ -->\n<title>L&#039;assembl\u00e9e g\u00e9n\u00e9rale de l&#039;association Claude Guyot s&#039;est tenue avec de nombreux projets en perspective ! - Association Claude Guyot<\/title>\n<meta name=\"robots\" content=\"index, follow, max-snippet:-1, max-image-preview:large, max-video-preview:-1\" \/>\n<link rel=\"canonical\" href=\"https:\/\/www.claudeguyot.com\/index.php\/2023\/12\/15\/lassemblee-generale-de-lassociation-claude-guyot-sest-tenue-avec-de-nombreux-projets-en-perspective\/\" \/>\n<meta property=\"og:locale\" content=\"fr_FR\" \/>\n<meta property=\"og:type\" content=\"article\" \/>\n<meta property=\"og:title\" content=\"L&#039;assembl\u00e9e g\u00e9n\u00e9rale de l&#039;association Claude Guyot s&#039;est tenue avec de nombreux projets en perspective ! - Association Claude Guyot\" \/>\n<meta property=\"og:description\" content=\"L&rsquo;assembl\u00e9e g\u00e9n\u00e9rale ordinaire annuelle de l&rsquo;association Claude Guyot s&rsquo;est r\u00e9cemment tenue \u00e0 l&rsquo;h\u00f4tel de ville d&rsquo;Arnay-le-Duc. A cette occasion, l&rsquo;association a rendu un vibrant hommage aux membres de l&rsquo;association d\u00e9c\u00e9d\u00e9s au cours de l&rsquo;ann\u00e9e \u00e9coul\u00e9e. Apr\u00e8s que le pr\u00e9sident ait prononc\u00e9 un discours d&rsquo;hommage suite aux d\u00e9c\u00e8s de Monique S\u00e8vre (correspondante locale du Bien Public &hellip; Continuer la lecture de L&rsquo;assembl\u00e9e g\u00e9n\u00e9rale de l&rsquo;association Claude Guyot s&rsquo;est tenue avec de nombreux projets en perspective ! &rarr;\" \/>\n<meta property=\"og:url\" content=\"https:\/\/www.claudeguyot.com\/index.php\/2023\/12\/15\/lassemblee-generale-de-lassociation-claude-guyot-sest-tenue-avec-de-nombreux-projets-en-perspective\/\" \/>\n<meta property=\"og:site_name\" content=\"Association Claude Guyot\" \/>\n<meta property=\"article:published_time\" content=\"2023-12-15T10:09:51+00:00\" \/>\n<meta property=\"article:modified_time\" content=\"2025-04-13T10:09:04+00:00\" \/>\n<meta property=\"og:image\" content=\"https:\/\/www.claudeguyot.com\/wp-content\/uploads\/2023\/12\/AG-2023-scaled.jpg\" \/>\n\t<meta property=\"og:image:width\" content=\"2560\" \/>\n\t<meta property=\"og:image:height\" content=\"1920\" \/>\n\t<meta property=\"og:image:type\" content=\"image\/jpeg\" \/>\n<meta name=\"author\" content=\"Claude Guyot\" \/>\n<meta name=\"twitter:card\" content=\"summary_large_image\" \/>\n<meta name=\"twitter:label1\" content=\"\u00c9crit par\" \/>\n\t<meta name=\"twitter:data1\" content=\"Claude Guyot\" \/>\n\t<meta name=\"twitter:label2\" content=\"Dur\u00e9e de lecture estim\u00e9e\" \/>\n\t<meta name=\"twitter:data2\" content=\"3 minutes\" \/>\n<script type=\"application\/ld+json\" class=\"yoast-schema-graph\">{\"@context\":\"https:\/\/schema.org\",\"@graph\":[{\"@type\":\"WebPage\",\"@id\":\"https:\/\/www.claudeguyot.com\/index.php\/2023\/12\/15\/lassemblee-generale-de-lassociation-claude-guyot-sest-tenue-avec-de-nombreux-projets-en-perspective\/\",\"url\":\"https:\/\/www.claudeguyot.com\/index.php\/2023\/12\/15\/lassemblee-generale-de-lassociation-claude-guyot-sest-tenue-avec-de-nombreux-projets-en-perspective\/\",\"name\":\"L'assembl\u00e9e g\u00e9n\u00e9rale de l'association Claude Guyot s'est tenue avec de nombreux projets en perspective ! - Association Claude Guyot\",\"isPartOf\":{\"@id\":\"https:\/\/www.claudeguyot.com\/#website\"},\"datePublished\":\"2023-12-15T10:09:51+00:00\",\"dateModified\":\"2025-04-13T10:09:04+00:00\",\"author\":{\"@id\":\"https:\/\/www.claudeguyot.com\/#\/schema\/person\/fbc6c67d5e15fc909d64aab1f1f150a1\"},\"breadcrumb\":{\"@id\":\"https:\/\/www.claudeguyot.com\/index.php\/2023\/12\/15\/lassemblee-generale-de-lassociation-claude-guyot-sest-tenue-avec-de-nombreux-projets-en-perspective\/#breadcrumb\"},\"inLanguage\":\"fr-FR\",\"potentialAction\":[{\"@type\":\"ReadAction\",\"target\":[\"https:\/\/www.claudeguyot.com\/index.php\/2023\/12\/15\/lassemblee-generale-de-lassociation-claude-guyot-sest-tenue-avec-de-nombreux-projets-en-perspective\/\"]}]},{\"@type\":\"BreadcrumbList\",\"@id\":\"https:\/\/www.claudeguyot.com\/index.php\/2023\/12\/15\/lassemblee-generale-de-lassociation-claude-guyot-sest-tenue-avec-de-nombreux-projets-en-perspective\/#breadcrumb\",\"itemListElement\":[{\"@type\":\"ListItem\",\"position\":1,\"name\":\"Accueil\",\"item\":\"https:\/\/www.claudeguyot.com\/\"},{\"@type\":\"ListItem\",\"position\":2,\"name\":\"L&#8217;assembl\u00e9e g\u00e9n\u00e9rale de l&#8217;association Claude Guyot s&#8217;est tenue avec de nombreux projets en perspective !\"}]},{\"@type\":\"WebSite\",\"@id\":\"https:\/\/www.claudeguyot.com\/#website\",\"url\":\"https:\/\/www.claudeguyot.com\/\",\"name\":\"Association Claude Guyot\",\"description\":\"Association loi 1901 reconnue d&#039;int\u00e9r\u00eat g\u00e9n\u00e9ral\",\"potentialAction\":[{\"@type\":\"SearchAction\",\"target\":{\"@type\":\"EntryPoint\",\"urlTemplate\":\"https:\/\/www.claudeguyot.com\/?s={search_term_string}\"},\"query-input\":\"required name=search_term_string\"}],\"inLanguage\":\"fr-FR\"},{\"@type\":\"Person\",\"@id\":\"https:\/\/www.claudeguyot.com\/#\/schema\/person\/fbc6c67d5e15fc909d64aab1f1f150a1\",\"name\":\"Claude Guyot\",\"image\":{\"@type\":\"ImageObject\",\"inLanguage\":\"fr-FR\",\"@id\":\"https:\/\/www.claudeguyot.com\/#\/schema\/person\/image\/\",\"url\":\"https:\/\/secure.gravatar.com\/avatar\/8835715a7343599eaa98fab3b13c331c454cc537ea4343abb5ad3fefe9b4d586?s=96&d=mm&r=g\",\"contentUrl\":\"https:\/\/secure.gravatar.com\/avatar\/8835715a7343599eaa98fab3b13c331c454cc537ea4343abb5ad3fefe9b4d586?s=96&d=mm&r=g\",\"caption\":\"Claude Guyot\"},\"url\":\"https:\/\/www.claudeguyot.com\/index.php\/author\/admin5958\/\"}]}<\/script>\n<!-- \/ Yoast SEO plugin. -->","yoast_head_json":{"title":"L'assembl\u00e9e g\u00e9n\u00e9rale de l'association Claude Guyot s'est tenue avec de nombreux projets en perspective ! - Association Claude Guyot","robots":{"index":"index","follow":"follow","max-snippet":"max-snippet:-1","max-image-preview":"max-image-preview:large","max-video-preview":"max-video-preview:-1"},"canonical":"https:\/\/www.claudeguyot.com\/index.php\/2023\/12\/15\/lassemblee-generale-de-lassociation-claude-guyot-sest-tenue-avec-de-nombreux-projets-en-perspective\/","og_locale":"fr_FR","og_type":"article","og_title":"L'assembl\u00e9e g\u00e9n\u00e9rale de l'association Claude Guyot s'est tenue avec de nombreux projets en perspective ! - Association Claude Guyot","og_description":"L&rsquo;assembl\u00e9e g\u00e9n\u00e9rale ordinaire annuelle de l&rsquo;association Claude Guyot s&rsquo;est r\u00e9cemment tenue \u00e0 l&rsquo;h\u00f4tel de ville d&rsquo;Arnay-le-Duc. A cette occasion, l&rsquo;association a rendu un vibrant hommage aux membres de l&rsquo;association d\u00e9c\u00e9d\u00e9s au cours de l&rsquo;ann\u00e9e \u00e9coul\u00e9e. Apr\u00e8s que le pr\u00e9sident ait prononc\u00e9 un discours d&rsquo;hommage suite aux d\u00e9c\u00e8s de Monique S\u00e8vre (correspondante locale du Bien Public &hellip; Continuer la lecture de L&rsquo;assembl\u00e9e g\u00e9n\u00e9rale de l&rsquo;association Claude Guyot s&rsquo;est tenue avec de nombreux projets en perspective ! &rarr;","og_url":"https:\/\/www.claudeguyot.com\/index.php\/2023\/12\/15\/lassemblee-generale-de-lassociation-claude-guyot-sest-tenue-avec-de-nombreux-projets-en-perspective\/","og_site_name":"Association Claude Guyot","article_published_time":"2023-12-15T10:09:51+00:00","article_modified_time":"2025-04-13T10:09:04+00:00","og_image":[{"width":2560,"height":1920,"url":"https:\/\/www.claudeguyot.com\/wp-content\/uploads\/2023\/12\/AG-2023-scaled.jpg","type":"image\/jpeg"}],"author":"Claude Guyot","twitter_card":"summary_large_image","twitter_misc":{"\u00c9crit par":"Claude Guyot","Dur\u00e9e de lecture estim\u00e9e":"3 minutes"},"schema":{"@context":"https:\/\/schema.org","@graph":[{"@type":"WebPage","@id":"https:\/\/www.claudeguyot.com\/index.php\/2023\/12\/15\/lassemblee-generale-de-lassociation-claude-guyot-sest-tenue-avec-de-nombreux-projets-en-perspective\/","url":"https:\/\/www.claudeguyot.com\/index.php\/2023\/12\/15\/lassemblee-generale-de-lassociation-claude-guyot-sest-tenue-avec-de-nombreux-projets-en-perspective\/","name":"L'assembl\u00e9e g\u00e9n\u00e9rale de l'association Claude Guyot s'est tenue avec de nombreux projets en perspective ! - Association Claude Guyot","isPartOf":{"@id":"https:\/\/www.claudeguyot.com\/#website"},"datePublished":"2023-12-15T10:09:51+00:00","dateModified":"2025-04-13T10:09:04+00:00","author":{"@id":"https:\/\/www.claudeguyot.com\/#\/schema\/person\/fbc6c67d5e15fc909d64aab1f1f150a1"},"breadcrumb":{"@id":"https:\/\/www.claudeguyot.com\/index.php\/2023\/12\/15\/lassemblee-generale-de-lassociation-claude-guyot-sest-tenue-avec-de-nombreux-projets-en-perspective\/#breadcrumb"},"inLanguage":"fr-FR","potentialAction":[{"@type":"ReadAction","target":["https:\/\/www.claudeguyot.com\/index.php\/2023\/12\/15\/lassemblee-generale-de-lassociation-claude-guyot-sest-tenue-avec-de-nombreux-projets-en-perspective\/"]}]},{"@type":"BreadcrumbList","@id":"https:\/\/www.claudeguyot.com\/index.php\/2023\/12\/15\/lassemblee-generale-de-lassociation-claude-guyot-sest-tenue-avec-de-nombreux-projets-en-perspective\/#breadcrumb","itemListElement":[{"@type":"ListItem","position":1,"name":"Accueil","item":"https:\/\/www.claudeguyot.com\/"},{"@type":"ListItem","position":2,"name":"L&#8217;assembl\u00e9e g\u00e9n\u00e9rale de l&#8217;association Claude Guyot s&#8217;est tenue avec de nombreux projets en perspective !"}]},{"@type":"WebSite","@id":"https:\/\/www.claudeguyot.com\/#website","url":"https:\/\/www.claudeguyot.com\/","name":"Association Claude Guyot","description":"Association loi 1901 reconnue d&#039;int\u00e9r\u00eat g\u00e9n\u00e9ral","potentialAction":[{"@type":"SearchAction","target":{"@type":"EntryPoint","urlTemplate":"https:\/\/www.claudeguyot.com\/?s={search_term_string}"},"query-input":"required name=search_term_string"}],"inLanguage":"fr-FR"},{"@type":"Person","@id":"https:\/\/www.claudeguyot.com\/#\/schema\/person\/fbc6c67d5e15fc909d64aab1f1f150a1","name":"Claude Guyot","image":{"@type":"ImageObject","inLanguage":"fr-FR","@id":"https:\/\/www.claudeguyot.com\/#\/schema\/person\/image\/","url":"https:\/\/secure.gravatar.com\/avatar\/8835715a7343599eaa98fab3b13c331c454cc537ea4343abb5ad3fefe9b4d586?s=96&d=mm&r=g","contentUrl":"https:\/\/secure.gravatar.com\/avatar\/8835715a7343599eaa98fab3b13c331c454cc537ea4343abb5ad3fefe9b4d586?s=96&d=mm&r=g","caption":"Claude Guyot"},"url":"https:\/\/www.claudeguyot.com\/index.php\/author\/admin5958\/"}]}},"jetpack_featured_media_url":"https:\/\/www.claudeguyot.com\/wp-content\/uploads\/2023\/12\/AG-2023-scaled.jpg","_links":{"self":[{"href":"https:\/\/www.claudeguyot.com\/index.php\/wp-json\/wp\/v2\/posts\/1186","targetHints":{"allow":["GET"]}}],"collection":[{"href":"https:\/\/www.claudeguyot.com\/index.php\/wp-json\/wp\/v2\/posts"}],"about":[{"href":"https:\/\/www.claudeguyot.com\/index.php\/wp-json\/wp\/v2\/types\/post"}],"author":[{"embeddable":true,"href":"https:\/\/www.claudeguyot.com\/index.php\/wp-json\/wp\/v2\/users\/1"}],"replies":[{"embeddable":true,"href":"https:\/\/www.claudeguyot.com\/index.php\/wp-json\/wp\/v2\/comments?post=1186"}],"version-history":[{"count":5,"href":"https:\/\/www.claudeguyot.com\/index.php\/wp-json\/wp\/v2\/posts\/1186\/revisions"}],"predecessor-version":[{"id":1207,"href":"https:\/\/www.claudeguyot.com\/index.php\/wp-json\/wp\/v2\/posts\/1186\/revisions\/1207"}],"wp:featuredmedia":[{"embeddable":true,"href":"https:\/\/www.claudeguyot.com\/index.php\/wp-json\/wp\/v2\/media\/1190"}],"wp:attachment":[{"href":"https:\/\/www.claudeguyot.com\/index.php\/wp-json\/wp\/v2\/media?parent=1186"}],"wp:term":[{"taxonomy":"category","embeddable":true,"href":"https:\/\/www.claudeguyot.com\/index.php\/wp-json\/wp\/v2\/categories?post=1186"},{"taxonomy":"post_tag","embeddable":true,"href":"https:\/\/www.claudeguyot.com\/index.php\/wp-json\/wp\/v2\/tags?post=1186"}],"curies":[{"name":"wp","href":"https:\/\/api.w.org\/{rel}","templated":true}]}}