{"id":1214,"date":"2024-01-17T18:10:14","date_gmt":"2024-01-17T17:10:14","guid":{"rendered":"https:\/\/www.claudeguyot.com\/?p=1214"},"modified":"2025-04-13T11:09:03","modified_gmt":"2025-04-13T10:09:03","slug":"lassociation-claude-guyot-presente-aux-ceremonies-du-72eme-anniversaire-de-la-disparition-du-marechal-jean-de-lattre-de-tassigny-a-mouilleron-en-pareds","status":"publish","type":"post","link":"https:\/\/www.claudeguyot.com\/index.php\/2024\/01\/17\/lassociation-claude-guyot-presente-aux-ceremonies-du-72eme-anniversaire-de-la-disparition-du-marechal-jean-de-lattre-de-tassigny-a-mouilleron-en-pareds\/","title":{"rendered":"L&rsquo;association Claude Guyot pr\u00e9sente aux c\u00e9r\u00e9monies du 72\u00e8me anniversaire de la disparition du Mar\u00e9chal Jean de Lattre de Tassigny \u00e0 Mouilleron-en-Pareds"},"content":{"rendered":"\n<p>Intense \u00e9motion dimanche 14 janvier 2024 \u00e0 Mouilleron-en-Pareds (Vend\u00e9e) lors des c\u00e9r\u00e9monies organis\u00e9es sous l&rsquo;\u00e9gide de l&rsquo;Institut Vend\u00e9en Clemenceau de Lattre \u00e0 l&rsquo;occasion du 72\u00e8me anniversaire de la disparition du <a href=\"https:\/\/fr.wikipedia.org\/wiki\/Jean_de_Lattre_de_Tassigny\">Mar\u00e9chal de France Jean de Lattre de Tassigny<\/a>.<\/p>\n\n\n\n<figure class=\"wp-block-image size-large\"><img loading=\"lazy\" decoding=\"async\" width=\"1024\" height=\"768\" src=\"https:\/\/www.claudeguyot.com\/wp-content\/uploads\/2024\/01\/received_1389958221907479-1-1024x768.jpeg\" alt=\"\" class=\"wp-image-1226\" srcset=\"https:\/\/www.claudeguyot.com\/wp-content\/uploads\/2024\/01\/received_1389958221907479-1-1024x768.jpeg 1024w, https:\/\/www.claudeguyot.com\/wp-content\/uploads\/2024\/01\/received_1389958221907479-1-300x225.jpeg 300w, https:\/\/www.claudeguyot.com\/wp-content\/uploads\/2024\/01\/received_1389958221907479-1-768x576.jpeg 768w, https:\/\/www.claudeguyot.com\/wp-content\/uploads\/2024\/01\/received_1389958221907479-1-600x450.jpeg 600w, https:\/\/www.claudeguyot.com\/wp-content\/uploads\/2024\/01\/received_1389958221907479-1.jpeg 1440w\" sizes=\"auto, (max-width: 1024px) 100vw, 1024px\" \/><\/figure>\n\n\n\n<p>C&rsquo;est au cours de cette c\u00e9r\u00e9monie que Hadrien Lacoste, pr\u00e9sident de l&rsquo;association Claude Guyot, 1er vice-pr\u00e9sident de l&rsquo;Institut Vend\u00e9en Clemenceau de Lattre et Jacques Perot, 1er vice-pr\u00e9sident et pr\u00e9sident d&rsquo;honneur de l&rsquo;association Claude Guyot, ont d\u00e9pos\u00e9 une gerbe sur la tombe du Mar\u00e9chal Jean de Lattre de Tassigny en pr\u00e9sence de plus de 130 porte-drapeaux, de Madame Nicole Chabannier, sous-pr\u00e9f\u00e8te de Fontenay-le-Comte, de Monsieur Pierre Henriet, d\u00e9put\u00e9 de la circonscription, des \u00e9lus r\u00e9gionaux et d\u00e9partementaux, de Valentin Josse, maire de Mouilleron-Saint-Germain, et vice-pr\u00e9sident du conseil d\u00e9partemental de la Vend\u00e9e, du Conseil Municipal des enfants de Mouilleron-Saint-Germain, de Monsieur Olivier Dalmasso, maire de <a href=\"https:\/\/www.maison-de-clemenceau.fr\/\">Saint-Vincent-sur-Jard<\/a>, des cadets de La D\u00e9fense, des Jeunes Sapeur Pompiers, de L\u00e9o Grolier, premier pr\u00e9sident du conseil municipal des jeunes de Mouilleron-Saint-Germain qui avait l&rsquo;insigne honneur de porter le b\u00e2ton du Mar\u00e9chal de Lattre de Tassigny.<\/p>\n\n\n\n<figure class=\"wp-block-image size-large\"><img loading=\"lazy\" decoding=\"async\" width=\"1024\" height=\"768\" src=\"https:\/\/www.claudeguyot.com\/wp-content\/uploads\/2024\/01\/received_925479122509784-1-1024x768.jpeg\" alt=\"\" class=\"wp-image-1231\" srcset=\"https:\/\/www.claudeguyot.com\/wp-content\/uploads\/2024\/01\/received_925479122509784-1-1024x768.jpeg 1024w, https:\/\/www.claudeguyot.com\/wp-content\/uploads\/2024\/01\/received_925479122509784-1-300x225.jpeg 300w, https:\/\/www.claudeguyot.com\/wp-content\/uploads\/2024\/01\/received_925479122509784-1-768x576.jpeg 768w, https:\/\/www.claudeguyot.com\/wp-content\/uploads\/2024\/01\/received_925479122509784-1-600x450.jpeg 600w, https:\/\/www.claudeguyot.com\/wp-content\/uploads\/2024\/01\/received_925479122509784-1.jpeg 1440w\" sizes=\"auto, (max-width: 1024px) 100vw, 1024px\" \/><figcaption class=\"wp-element-caption\">Hadrien Lacoste, pr\u00e9sident de l&rsquo;association Claude Guyot, Jacques Perot, 1er vice-pr\u00e9sident et pr\u00e9sident d&rsquo;honneur d\u00e9posent la gerbe de l&rsquo;association Claude Guyot sur la tombe du Mar\u00e9chal Jean de Lattre de Tassigny, de son \u00e9pouse Simonne et de leur fils Bernard.<\/figcaption><\/figure>\n\n\n\n<figure class=\"wp-block-image size-large\"><img loading=\"lazy\" decoding=\"async\" width=\"1024\" height=\"768\" src=\"https:\/\/www.claudeguyot.com\/wp-content\/uploads\/2024\/01\/received_889639316136715-1-1024x768.jpeg\" alt=\"\" class=\"wp-image-1228\" srcset=\"https:\/\/www.claudeguyot.com\/wp-content\/uploads\/2024\/01\/received_889639316136715-1-1024x768.jpeg 1024w, https:\/\/www.claudeguyot.com\/wp-content\/uploads\/2024\/01\/received_889639316136715-1-300x225.jpeg 300w, https:\/\/www.claudeguyot.com\/wp-content\/uploads\/2024\/01\/received_889639316136715-1-768x576.jpeg 768w, https:\/\/www.claudeguyot.com\/wp-content\/uploads\/2024\/01\/received_889639316136715-1-600x450.jpeg 600w, https:\/\/www.claudeguyot.com\/wp-content\/uploads\/2024\/01\/received_889639316136715-1.jpeg 1440w\" sizes=\"auto, (max-width: 1024px) 100vw, 1024px\" \/><figcaption class=\"wp-element-caption\">Hadrien Lacoste, pr\u00e9sident de l&rsquo;association Claude Guyot, Jacques Perot, 1er vice-pr\u00e9sident et pr\u00e9sident d&rsquo;honneur d\u00e9posent la gerbe de l&rsquo;association Claude Guyot sur la tombe du Mar\u00e9chal Jean de Lattre de Tassigny, de son \u00e9pouse Simonne et de leur fils Bernard. <\/figcaption><\/figure>\n\n\n\n<figure class=\"wp-block-image size-large\"><img loading=\"lazy\" decoding=\"async\" width=\"1024\" height=\"768\" src=\"https:\/\/www.claudeguyot.com\/wp-content\/uploads\/2024\/01\/received_763939778915830-1-1024x768.jpeg\" alt=\"\" class=\"wp-image-1227\" srcset=\"https:\/\/www.claudeguyot.com\/wp-content\/uploads\/2024\/01\/received_763939778915830-1-1024x768.jpeg 1024w, https:\/\/www.claudeguyot.com\/wp-content\/uploads\/2024\/01\/received_763939778915830-1-300x225.jpeg 300w, https:\/\/www.claudeguyot.com\/wp-content\/uploads\/2024\/01\/received_763939778915830-1-768x576.jpeg 768w, https:\/\/www.claudeguyot.com\/wp-content\/uploads\/2024\/01\/received_763939778915830-1-600x450.jpeg 600w, https:\/\/www.claudeguyot.com\/wp-content\/uploads\/2024\/01\/received_763939778915830-1.jpeg 1440w\" sizes=\"auto, (max-width: 1024px) 100vw, 1024px\" \/><figcaption class=\"wp-element-caption\">Hadrien Lacoste, pr\u00e9sident de l&rsquo;association Claude Guyot, Jacques Perot, 1er vice-pr\u00e9sident et pr\u00e9sident d&rsquo;honneur d\u00e9posent la gerbe de l&rsquo;association Claude Guyot et s&rsquo;inclinent sur la tombe du Mar\u00e9chal Jean de Lattre de Tassigny, de son \u00e9pouse Simonne et de leur fils Bernard. <\/figcaption><\/figure>\n\n\n\n<p>Un grand merci au Souvenir Fran\u00e7ais et \u00e0 l&rsquo;UNC de Mouilleron-Saint-Germain pour leur pr\u00e9cieuse contribution \u00e0 la pleine r\u00e9ussite de cette manifestation.<\/p>\n\n\n\n<figure class=\"wp-block-image size-large\"><img loading=\"lazy\" decoding=\"async\" width=\"1024\" height=\"768\" src=\"https:\/\/www.claudeguyot.com\/wp-content\/uploads\/2024\/01\/received_712291327548117-1-1024x768.jpeg\" alt=\"\" class=\"wp-image-1229\" srcset=\"https:\/\/www.claudeguyot.com\/wp-content\/uploads\/2024\/01\/received_712291327548117-1-1024x768.jpeg 1024w, https:\/\/www.claudeguyot.com\/wp-content\/uploads\/2024\/01\/received_712291327548117-1-300x225.jpeg 300w, https:\/\/www.claudeguyot.com\/wp-content\/uploads\/2024\/01\/received_712291327548117-1-768x576.jpeg 768w, https:\/\/www.claudeguyot.com\/wp-content\/uploads\/2024\/01\/received_712291327548117-1-600x450.jpeg 600w, https:\/\/www.claudeguyot.com\/wp-content\/uploads\/2024\/01\/received_712291327548117-1.jpeg 1440w\" sizes=\"auto, (max-width: 1024px) 100vw, 1024px\" \/><figcaption class=\"wp-element-caption\">La minute de silence avant d&rsquo;entonner la Marseillaise<\/figcaption><\/figure>\n\n\n\n<figure class=\"wp-block-image size-large\"><img loading=\"lazy\" decoding=\"async\" width=\"1024\" height=\"768\" src=\"https:\/\/www.claudeguyot.com\/wp-content\/uploads\/2024\/01\/received_712291327548117-2-1024x768.jpeg\" alt=\"\" class=\"wp-image-1230\" srcset=\"https:\/\/www.claudeguyot.com\/wp-content\/uploads\/2024\/01\/received_712291327548117-2-1024x768.jpeg 1024w, https:\/\/www.claudeguyot.com\/wp-content\/uploads\/2024\/01\/received_712291327548117-2-300x225.jpeg 300w, https:\/\/www.claudeguyot.com\/wp-content\/uploads\/2024\/01\/received_712291327548117-2-768x576.jpeg 768w, https:\/\/www.claudeguyot.com\/wp-content\/uploads\/2024\/01\/received_712291327548117-2-600x450.jpeg 600w, https:\/\/www.claudeguyot.com\/wp-content\/uploads\/2024\/01\/received_712291327548117-2.jpeg 1440w\" sizes=\"auto, (max-width: 1024px) 100vw, 1024px\" \/><\/figure>\n\n\n\n<figure class=\"wp-block-image size-large\"><img loading=\"lazy\" decoding=\"async\" width=\"1024\" height=\"768\" src=\"https:\/\/www.claudeguyot.com\/wp-content\/uploads\/2024\/01\/received_394976893023936-1-1024x768.jpeg\" alt=\"\" class=\"wp-image-1232\" srcset=\"https:\/\/www.claudeguyot.com\/wp-content\/uploads\/2024\/01\/received_394976893023936-1-1024x768.jpeg 1024w, https:\/\/www.claudeguyot.com\/wp-content\/uploads\/2024\/01\/received_394976893023936-1-300x225.jpeg 300w, https:\/\/www.claudeguyot.com\/wp-content\/uploads\/2024\/01\/received_394976893023936-1-768x576.jpeg 768w, https:\/\/www.claudeguyot.com\/wp-content\/uploads\/2024\/01\/received_394976893023936-1-600x450.jpeg 600w, https:\/\/www.claudeguyot.com\/wp-content\/uploads\/2024\/01\/received_394976893023936-1.jpeg 1440w\" sizes=\"auto, (max-width: 1024px) 100vw, 1024px\" \/><figcaption class=\"wp-element-caption\">Une jeunesse nombreuse et engag\u00e9e au service de la M\u00e9moire !<\/figcaption><\/figure>\n\n\n\n<figure class=\"wp-block-image size-large\"><img loading=\"lazy\" decoding=\"async\" width=\"1024\" height=\"769\" src=\"https:\/\/www.claudeguyot.com\/wp-content\/uploads\/2024\/01\/received_839710531241812-1-1024x769.jpeg\" alt=\"\" class=\"wp-image-1233\" srcset=\"https:\/\/www.claudeguyot.com\/wp-content\/uploads\/2024\/01\/received_839710531241812-1-1024x769.jpeg 1024w, https:\/\/www.claudeguyot.com\/wp-content\/uploads\/2024\/01\/received_839710531241812-1-300x225.jpeg 300w, https:\/\/www.claudeguyot.com\/wp-content\/uploads\/2024\/01\/received_839710531241812-1-768x576.jpeg 768w, https:\/\/www.claudeguyot.com\/wp-content\/uploads\/2024\/01\/received_839710531241812-1-600x450.jpeg 600w, https:\/\/www.claudeguyot.com\/wp-content\/uploads\/2024\/01\/received_839710531241812-1.jpeg 1419w\" sizes=\"auto, (max-width: 1024px) 100vw, 1024px\" \/><figcaption class=\"wp-element-caption\">Plus de 130 porte-drapeaux pr\u00e9sents !<\/figcaption><\/figure>\n\n\n\n<figure class=\"wp-block-image size-large\"><img loading=\"lazy\" decoding=\"async\" width=\"1024\" height=\"768\" src=\"https:\/\/www.claudeguyot.com\/wp-content\/uploads\/2024\/01\/received_744270883921535-1-1024x768.jpeg\" alt=\"\" class=\"wp-image-1234\" srcset=\"https:\/\/www.claudeguyot.com\/wp-content\/uploads\/2024\/01\/received_744270883921535-1-1024x768.jpeg 1024w, https:\/\/www.claudeguyot.com\/wp-content\/uploads\/2024\/01\/received_744270883921535-1-300x225.jpeg 300w, https:\/\/www.claudeguyot.com\/wp-content\/uploads\/2024\/01\/received_744270883921535-1-768x576.jpeg 768w, https:\/\/www.claudeguyot.com\/wp-content\/uploads\/2024\/01\/received_744270883921535-1-600x450.jpeg 600w, https:\/\/www.claudeguyot.com\/wp-content\/uploads\/2024\/01\/received_744270883921535-1.jpeg 1440w\" sizes=\"auto, (max-width: 1024px) 100vw, 1024px\" \/><figcaption class=\"wp-element-caption\">Un arr\u00eat symbolique devant la maison natale de Georges Clemenceau<\/figcaption><\/figure>\n\n\n\n<figure class=\"wp-block-image size-large\"><img loading=\"lazy\" decoding=\"async\" width=\"1024\" height=\"768\" src=\"https:\/\/www.claudeguyot.com\/wp-content\/uploads\/2024\/01\/received_1064290394897447-1-1024x768.jpeg\" alt=\"\" class=\"wp-image-1235\" srcset=\"https:\/\/www.claudeguyot.com\/wp-content\/uploads\/2024\/01\/received_1064290394897447-1-1024x768.jpeg 1024w, https:\/\/www.claudeguyot.com\/wp-content\/uploads\/2024\/01\/received_1064290394897447-1-300x225.jpeg 300w, https:\/\/www.claudeguyot.com\/wp-content\/uploads\/2024\/01\/received_1064290394897447-1-768x576.jpeg 768w, https:\/\/www.claudeguyot.com\/wp-content\/uploads\/2024\/01\/received_1064290394897447-1-600x450.jpeg 600w, https:\/\/www.claudeguyot.com\/wp-content\/uploads\/2024\/01\/received_1064290394897447-1.jpeg 1440w\" sizes=\"auto, (max-width: 1024px) 100vw, 1024px\" \/><figcaption class=\"wp-element-caption\">Le salut des porte-drapeaux<\/figcaption><\/figure>\n\n\n\n<p>Pour aller plus loin,<a href=\"https:\/\/musee-clemenceau-delattre.fr\/\"> visitez le site du Mus\u00e9e national Clemenceau de Lattre<\/a><\/p>\n","protected":false},"excerpt":{"rendered":"<p>Intense \u00e9motion dimanche 14 janvier 2024 \u00e0 Mouilleron-en-Pareds (Vend\u00e9e) lors des c\u00e9r\u00e9monies organis\u00e9es sous l&rsquo;\u00e9gide de l&rsquo;Institut Vend\u00e9en Clemenceau de Lattre \u00e0 l&rsquo;occasion du 72\u00e8me anniversaire de la disparition du Mar\u00e9chal de France Jean de Lattre de Tassigny. C&rsquo;est au cours de cette c\u00e9r\u00e9monie que Hadrien Lacoste, pr\u00e9sident de l&rsquo;association Claude Guyot, 1er vice-pr\u00e9sident de &hellip; <a href=\"https:\/\/www.claudeguyot.com\/index.php\/2024\/01\/17\/lassociation-claude-guyot-presente-aux-ceremonies-du-72eme-anniversaire-de-la-disparition-du-marechal-jean-de-lattre-de-tassigny-a-mouilleron-en-pareds\/\" class=\"more-link\">Continuer la lecture de <span class=\"screen-reader-text\">L&rsquo;association Claude Guyot pr\u00e9sente aux c\u00e9r\u00e9monies du 72\u00e8me anniversaire de la disparition du Mar\u00e9chal Jean de Lattre de Tassigny \u00e0 Mouilleron-en-Pareds<\/span>  <span class=\"meta-nav\">&rarr;<\/span><\/a><\/p>\n","protected":false},"author":1,"featured_media":1215,"comment_status":"closed","ping_status":"closed","sticky":false,"template":"","format":"standard","meta":{"footnotes":""},"categories":[1],"tags":[],"class_list":["post-1214","post","type-post","status-publish","format-standard","has-post-thumbnail","hentry","category-non-classe"],"yoast_head":"<!-- This site is optimized with the Yoast SEO plugin v19.9 - https:\/\/yoast.com\/wordpress\/plugins\/seo\/ -->\n<title>L&#039;association Claude Guyot pr\u00e9sente aux c\u00e9r\u00e9monies du 72\u00e8me anniversaire de la disparition du Mar\u00e9chal Jean de Lattre de Tassigny \u00e0 Mouilleron-en-Pareds - Association Claude Guyot<\/title>\n<meta name=\"robots\" content=\"index, follow, max-snippet:-1, max-image-preview:large, max-video-preview:-1\" \/>\n<link rel=\"canonical\" href=\"https:\/\/www.claudeguyot.com\/index.php\/2024\/01\/17\/lassociation-claude-guyot-presente-aux-ceremonies-du-72eme-anniversaire-de-la-disparition-du-marechal-jean-de-lattre-de-tassigny-a-mouilleron-en-pareds\/\" \/>\n<meta property=\"og:locale\" content=\"fr_FR\" \/>\n<meta property=\"og:type\" content=\"article\" \/>\n<meta property=\"og:title\" content=\"L&#039;association Claude Guyot pr\u00e9sente aux c\u00e9r\u00e9monies du 72\u00e8me anniversaire de la disparition du Mar\u00e9chal Jean de Lattre de Tassigny \u00e0 Mouilleron-en-Pareds - Association Claude Guyot\" \/>\n<meta property=\"og:description\" content=\"Intense \u00e9motion dimanche 14 janvier 2024 \u00e0 Mouilleron-en-Pareds (Vend\u00e9e) lors des c\u00e9r\u00e9monies organis\u00e9es sous l&rsquo;\u00e9gide de l&rsquo;Institut Vend\u00e9en Clemenceau de Lattre \u00e0 l&rsquo;occasion du 72\u00e8me anniversaire de la disparition du Mar\u00e9chal de France Jean de Lattre de Tassigny. C&rsquo;est au cours de cette c\u00e9r\u00e9monie que Hadrien Lacoste, pr\u00e9sident de l&rsquo;association Claude Guyot, 1er vice-pr\u00e9sident de &hellip; Continuer la lecture de L&rsquo;association Claude Guyot pr\u00e9sente aux c\u00e9r\u00e9monies du 72\u00e8me anniversaire de la disparition du Mar\u00e9chal Jean de Lattre de Tassigny \u00e0 Mouilleron-en-Pareds &rarr;\" \/>\n<meta property=\"og:url\" content=\"https:\/\/www.claudeguyot.com\/index.php\/2024\/01\/17\/lassociation-claude-guyot-presente-aux-ceremonies-du-72eme-anniversaire-de-la-disparition-du-marechal-jean-de-lattre-de-tassigny-a-mouilleron-en-pareds\/\" \/>\n<meta property=\"og:site_name\" content=\"Association Claude Guyot\" \/>\n<meta property=\"article:published_time\" content=\"2024-01-17T17:10:14+00:00\" \/>\n<meta property=\"article:modified_time\" content=\"2025-04-13T10:09:03+00:00\" \/>\n<meta property=\"og:image\" content=\"https:\/\/www.claudeguyot.com\/wp-content\/uploads\/2024\/01\/received_294537300284908.jpeg\" \/>\n\t<meta property=\"og:image:width\" content=\"2000\" \/>\n\t<meta property=\"og:image:height\" content=\"1500\" \/>\n\t<meta property=\"og:image:type\" content=\"image\/jpeg\" \/>\n<meta name=\"author\" content=\"Claude Guyot\" \/>\n<meta name=\"twitter:card\" content=\"summary_large_image\" \/>\n<meta name=\"twitter:label1\" content=\"\u00c9crit par\" \/>\n\t<meta name=\"twitter:data1\" content=\"Claude Guyot\" \/>\n\t<meta name=\"twitter:label2\" content=\"Dur\u00e9e de lecture estim\u00e9e\" \/>\n\t<meta name=\"twitter:data2\" content=\"4 minutes\" \/>\n<script type=\"application\/ld+json\" class=\"yoast-schema-graph\">{\"@context\":\"https:\/\/schema.org\",\"@graph\":[{\"@type\":\"WebPage\",\"@id\":\"https:\/\/www.claudeguyot.com\/index.php\/2024\/01\/17\/lassociation-claude-guyot-presente-aux-ceremonies-du-72eme-anniversaire-de-la-disparition-du-marechal-jean-de-lattre-de-tassigny-a-mouilleron-en-pareds\/\",\"url\":\"https:\/\/www.claudeguyot.com\/index.php\/2024\/01\/17\/lassociation-claude-guyot-presente-aux-ceremonies-du-72eme-anniversaire-de-la-disparition-du-marechal-jean-de-lattre-de-tassigny-a-mouilleron-en-pareds\/\",\"name\":\"L'association Claude Guyot pr\u00e9sente aux c\u00e9r\u00e9monies du 72\u00e8me anniversaire de la disparition du Mar\u00e9chal Jean de Lattre de Tassigny \u00e0 Mouilleron-en-Pareds - Association Claude Guyot\",\"isPartOf\":{\"@id\":\"https:\/\/www.claudeguyot.com\/#website\"},\"datePublished\":\"2024-01-17T17:10:14+00:00\",\"dateModified\":\"2025-04-13T10:09:03+00:00\",\"author\":{\"@id\":\"https:\/\/www.claudeguyot.com\/#\/schema\/person\/fbc6c67d5e15fc909d64aab1f1f150a1\"},\"breadcrumb\":{\"@id\":\"https:\/\/www.claudeguyot.com\/index.php\/2024\/01\/17\/lassociation-claude-guyot-presente-aux-ceremonies-du-72eme-anniversaire-de-la-disparition-du-marechal-jean-de-lattre-de-tassigny-a-mouilleron-en-pareds\/#breadcrumb\"},\"inLanguage\":\"fr-FR\",\"potentialAction\":[{\"@type\":\"ReadAction\",\"target\":[\"https:\/\/www.claudeguyot.com\/index.php\/2024\/01\/17\/lassociation-claude-guyot-presente-aux-ceremonies-du-72eme-anniversaire-de-la-disparition-du-marechal-jean-de-lattre-de-tassigny-a-mouilleron-en-pareds\/\"]}]},{\"@type\":\"BreadcrumbList\",\"@id\":\"https:\/\/www.claudeguyot.com\/index.php\/2024\/01\/17\/lassociation-claude-guyot-presente-aux-ceremonies-du-72eme-anniversaire-de-la-disparition-du-marechal-jean-de-lattre-de-tassigny-a-mouilleron-en-pareds\/#breadcrumb\",\"itemListElement\":[{\"@type\":\"ListItem\",\"position\":1,\"name\":\"Accueil\",\"item\":\"https:\/\/www.claudeguyot.com\/\"},{\"@type\":\"ListItem\",\"position\":2,\"name\":\"L&#8217;association Claude Guyot pr\u00e9sente aux c\u00e9r\u00e9monies du 72\u00e8me anniversaire de la disparition du Mar\u00e9chal Jean de Lattre de Tassigny \u00e0 Mouilleron-en-Pareds\"}]},{\"@type\":\"WebSite\",\"@id\":\"https:\/\/www.claudeguyot.com\/#website\",\"url\":\"https:\/\/www.claudeguyot.com\/\",\"name\":\"Association Claude Guyot\",\"description\":\"Association loi 1901 reconnue d&#039;int\u00e9r\u00eat g\u00e9n\u00e9ral\",\"potentialAction\":[{\"@type\":\"SearchAction\",\"target\":{\"@type\":\"EntryPoint\",\"urlTemplate\":\"https:\/\/www.claudeguyot.com\/?s={search_term_string}\"},\"query-input\":\"required name=search_term_string\"}],\"inLanguage\":\"fr-FR\"},{\"@type\":\"Person\",\"@id\":\"https:\/\/www.claudeguyot.com\/#\/schema\/person\/fbc6c67d5e15fc909d64aab1f1f150a1\",\"name\":\"Claude Guyot\",\"image\":{\"@type\":\"ImageObject\",\"inLanguage\":\"fr-FR\",\"@id\":\"https:\/\/www.claudeguyot.com\/#\/schema\/person\/image\/\",\"url\":\"https:\/\/secure.gravatar.com\/avatar\/8835715a7343599eaa98fab3b13c331c454cc537ea4343abb5ad3fefe9b4d586?s=96&d=mm&r=g\",\"contentUrl\":\"https:\/\/secure.gravatar.com\/avatar\/8835715a7343599eaa98fab3b13c331c454cc537ea4343abb5ad3fefe9b4d586?s=96&d=mm&r=g\",\"caption\":\"Claude Guyot\"},\"url\":\"https:\/\/www.claudeguyot.com\/index.php\/author\/admin5958\/\"}]}<\/script>\n<!-- \/ Yoast SEO plugin. -->","yoast_head_json":{"title":"L'association Claude Guyot pr\u00e9sente aux c\u00e9r\u00e9monies du 72\u00e8me anniversaire de la disparition du Mar\u00e9chal Jean de Lattre de Tassigny \u00e0 Mouilleron-en-Pareds - Association Claude Guyot","robots":{"index":"index","follow":"follow","max-snippet":"max-snippet:-1","max-image-preview":"max-image-preview:large","max-video-preview":"max-video-preview:-1"},"canonical":"https:\/\/www.claudeguyot.com\/index.php\/2024\/01\/17\/lassociation-claude-guyot-presente-aux-ceremonies-du-72eme-anniversaire-de-la-disparition-du-marechal-jean-de-lattre-de-tassigny-a-mouilleron-en-pareds\/","og_locale":"fr_FR","og_type":"article","og_title":"L'association Claude Guyot pr\u00e9sente aux c\u00e9r\u00e9monies du 72\u00e8me anniversaire de la disparition du Mar\u00e9chal Jean de Lattre de Tassigny \u00e0 Mouilleron-en-Pareds - Association Claude Guyot","og_description":"Intense \u00e9motion dimanche 14 janvier 2024 \u00e0 Mouilleron-en-Pareds (Vend\u00e9e) lors des c\u00e9r\u00e9monies organis\u00e9es sous l&rsquo;\u00e9gide de l&rsquo;Institut Vend\u00e9en Clemenceau de Lattre \u00e0 l&rsquo;occasion du 72\u00e8me anniversaire de la disparition du Mar\u00e9chal de France Jean de Lattre de Tassigny. C&rsquo;est au cours de cette c\u00e9r\u00e9monie que Hadrien Lacoste, pr\u00e9sident de l&rsquo;association Claude Guyot, 1er vice-pr\u00e9sident de &hellip; Continuer la lecture de L&rsquo;association Claude Guyot pr\u00e9sente aux c\u00e9r\u00e9monies du 72\u00e8me anniversaire de la disparition du Mar\u00e9chal Jean de Lattre de Tassigny \u00e0 Mouilleron-en-Pareds &rarr;","og_url":"https:\/\/www.claudeguyot.com\/index.php\/2024\/01\/17\/lassociation-claude-guyot-presente-aux-ceremonies-du-72eme-anniversaire-de-la-disparition-du-marechal-jean-de-lattre-de-tassigny-a-mouilleron-en-pareds\/","og_site_name":"Association Claude Guyot","article_published_time":"2024-01-17T17:10:14+00:00","article_modified_time":"2025-04-13T10:09:03+00:00","og_image":[{"width":2000,"height":1500,"url":"https:\/\/www.claudeguyot.com\/wp-content\/uploads\/2024\/01\/received_294537300284908.jpeg","type":"image\/jpeg"}],"author":"Claude Guyot","twitter_card":"summary_large_image","twitter_misc":{"\u00c9crit par":"Claude Guyot","Dur\u00e9e de lecture estim\u00e9e":"4 minutes"},"schema":{"@context":"https:\/\/schema.org","@graph":[{"@type":"WebPage","@id":"https:\/\/www.claudeguyot.com\/index.php\/2024\/01\/17\/lassociation-claude-guyot-presente-aux-ceremonies-du-72eme-anniversaire-de-la-disparition-du-marechal-jean-de-lattre-de-tassigny-a-mouilleron-en-pareds\/","url":"https:\/\/www.claudeguyot.com\/index.php\/2024\/01\/17\/lassociation-claude-guyot-presente-aux-ceremonies-du-72eme-anniversaire-de-la-disparition-du-marechal-jean-de-lattre-de-tassigny-a-mouilleron-en-pareds\/","name":"L'association Claude Guyot pr\u00e9sente aux c\u00e9r\u00e9monies du 72\u00e8me anniversaire de la disparition du Mar\u00e9chal Jean de Lattre de Tassigny \u00e0 Mouilleron-en-Pareds - Association Claude Guyot","isPartOf":{"@id":"https:\/\/www.claudeguyot.com\/#website"},"datePublished":"2024-01-17T17:10:14+00:00","dateModified":"2025-04-13T10:09:03+00:00","author":{"@id":"https:\/\/www.claudeguyot.com\/#\/schema\/person\/fbc6c67d5e15fc909d64aab1f1f150a1"},"breadcrumb":{"@id":"https:\/\/www.claudeguyot.com\/index.php\/2024\/01\/17\/lassociation-claude-guyot-presente-aux-ceremonies-du-72eme-anniversaire-de-la-disparition-du-marechal-jean-de-lattre-de-tassigny-a-mouilleron-en-pareds\/#breadcrumb"},"inLanguage":"fr-FR","potentialAction":[{"@type":"ReadAction","target":["https:\/\/www.claudeguyot.com\/index.php\/2024\/01\/17\/lassociation-claude-guyot-presente-aux-ceremonies-du-72eme-anniversaire-de-la-disparition-du-marechal-jean-de-lattre-de-tassigny-a-mouilleron-en-pareds\/"]}]},{"@type":"BreadcrumbList","@id":"https:\/\/www.claudeguyot.com\/index.php\/2024\/01\/17\/lassociation-claude-guyot-presente-aux-ceremonies-du-72eme-anniversaire-de-la-disparition-du-marechal-jean-de-lattre-de-tassigny-a-mouilleron-en-pareds\/#breadcrumb","itemListElement":[{"@type":"ListItem","position":1,"name":"Accueil","item":"https:\/\/www.claudeguyot.com\/"},{"@type":"ListItem","position":2,"name":"L&#8217;association Claude Guyot pr\u00e9sente aux c\u00e9r\u00e9monies du 72\u00e8me anniversaire de la disparition du Mar\u00e9chal Jean de Lattre de Tassigny \u00e0 Mouilleron-en-Pareds"}]},{"@type":"WebSite","@id":"https:\/\/www.claudeguyot.com\/#website","url":"https:\/\/www.claudeguyot.com\/","name":"Association Claude Guyot","description":"Association loi 1901 reconnue d&#039;int\u00e9r\u00eat g\u00e9n\u00e9ral","potentialAction":[{"@type":"SearchAction","target":{"@type":"EntryPoint","urlTemplate":"https:\/\/www.claudeguyot.com\/?s={search_term_string}"},"query-input":"required name=search_term_string"}],"inLanguage":"fr-FR"},{"@type":"Person","@id":"https:\/\/www.claudeguyot.com\/#\/schema\/person\/fbc6c67d5e15fc909d64aab1f1f150a1","name":"Claude Guyot","image":{"@type":"ImageObject","inLanguage":"fr-FR","@id":"https:\/\/www.claudeguyot.com\/#\/schema\/person\/image\/","url":"https:\/\/secure.gravatar.com\/avatar\/8835715a7343599eaa98fab3b13c331c454cc537ea4343abb5ad3fefe9b4d586?s=96&d=mm&r=g","contentUrl":"https:\/\/secure.gravatar.com\/avatar\/8835715a7343599eaa98fab3b13c331c454cc537ea4343abb5ad3fefe9b4d586?s=96&d=mm&r=g","caption":"Claude Guyot"},"url":"https:\/\/www.claudeguyot.com\/index.php\/author\/admin5958\/"}]}},"jetpack_featured_media_url":"https:\/\/www.claudeguyot.com\/wp-content\/uploads\/2024\/01\/received_294537300284908.jpeg","_links":{"self":[{"href":"https:\/\/www.claudeguyot.com\/index.php\/wp-json\/wp\/v2\/posts\/1214","targetHints":{"allow":["GET"]}}],"collection":[{"href":"https:\/\/www.claudeguyot.com\/index.php\/wp-json\/wp\/v2\/posts"}],"about":[{"href":"https:\/\/www.claudeguyot.com\/index.php\/wp-json\/wp\/v2\/types\/post"}],"author":[{"embeddable":true,"href":"https:\/\/www.claudeguyot.com\/index.php\/wp-json\/wp\/v2\/users\/1"}],"replies":[{"embeddable":true,"href":"https:\/\/www.claudeguyot.com\/index.php\/wp-json\/wp\/v2\/comments?post=1214"}],"version-history":[{"count":1,"href":"https:\/\/www.claudeguyot.com\/index.php\/wp-json\/wp\/v2\/posts\/1214\/revisions"}],"predecessor-version":[{"id":1236,"href":"https:\/\/www.claudeguyot.com\/index.php\/wp-json\/wp\/v2\/posts\/1214\/revisions\/1236"}],"wp:featuredmedia":[{"embeddable":true,"href":"https:\/\/www.claudeguyot.com\/index.php\/wp-json\/wp\/v2\/media\/1215"}],"wp:attachment":[{"href":"https:\/\/www.claudeguyot.com\/index.php\/wp-json\/wp\/v2\/media?parent=1214"}],"wp:term":[{"taxonomy":"category","embeddable":true,"href":"https:\/\/www.claudeguyot.com\/index.php\/wp-json\/wp\/v2\/categories?post=1214"},{"taxonomy":"post_tag","embeddable":true,"href":"https:\/\/www.claudeguyot.com\/index.php\/wp-json\/wp\/v2\/tags?post=1214"}],"curies":[{"name":"wp","href":"https:\/\/api.w.org\/{rel}","templated":true}]}}