{"id":1392,"date":"2025-02-18T16:36:06","date_gmt":"2025-02-18T15:36:06","guid":{"rendered":"https:\/\/www.claudeguyot.com\/?p=1392"},"modified":"2025-04-13T11:09:01","modified_gmt":"2025-04-13T10:09:01","slug":"invitation-9-mai-2025-conferences-ceremonie-republicaine-a-loccasion-du-60eme-anniversaire-de-la-mort-de-claude-guyot","status":"publish","type":"post","link":"https:\/\/www.claudeguyot.com\/index.php\/2025\/02\/18\/invitation-9-mai-2025-conferences-ceremonie-republicaine-a-loccasion-du-60eme-anniversaire-de-la-mort-de-claude-guyot\/","title":{"rendered":"INVITATION &#8211; 9 mai 2025 : Conf\u00e9rences &#038; C\u00e9r\u00e9monie R\u00e9publicaine \u00e0 l&rsquo;occasion du 60\u00e8me anniversaire de la mort de Claude Guyot"},"content":{"rendered":"\n<p><\/p>\n\n\n\n<p>L&rsquo;Association Claude Guyot en partenariat avec la ville d&rsquo;Arnay-le-Duc, l&rsquo;Universit\u00e9 de Bourgogne et le coll\u00e8ge Claude Guyot d&rsquo;Arnay-le-Duc, avec le soutien du Conseil d\u00e9partemental de la C\u00f4te d&rsquo;Or ont le plaisir de vous convier le<\/p>\n\n\n\n<p class=\"has-text-align-center\"><strong>vendredi 9 mai 2025 <\/strong><\/p>\n\n\n\n<p class=\"has-text-align-center\"><strong>\u00e0 Arnay-le-Duc<br>\u00e0 la Journ\u00e9e de Comm\u00e9moration<br>organis\u00e9e \u00e0 l\u2019occasion du 60\u00e8me anniversaire de la disparition de<\/strong><\/p>\n\n\n\n<p class=\"has-text-align-center\"><strong>Claude Guyot<br>(1890-1965)<\/strong><\/p>\n\n\n\n<p class=\"has-text-align-center\"><strong><em>R\u00e9sistant,<br>Membre du Groupe Lib\u00e9ration-Nord,<br>Pr\u00e9sident du Comit\u00e9 d\u00e9partemental de Lib\u00e9ration de la C\u00f4te d\u2019Or,<br>Maire d\u2019Arnay-le-Duc (1926-1965),<br>D\u00e9put\u00e9 de la C\u00f4te d\u2019Or \u00e0 l\u2019Assembl\u00e9e nationale constituante<br>(1945-1946)<\/em><\/strong><\/p>\n\n\n<div class=\"wp-block-image\">\n<figure class=\"aligncenter size-full is-resized\"><img loading=\"lazy\" decoding=\"async\" src=\"https:\/\/www.claudeguyot.com\/wp-content\/uploads\/2025\/02\/Flyer-site-9-mai-1-1.jpg\" alt=\"\" class=\"wp-image-1417\" width=\"504\" height=\"611\" srcset=\"https:\/\/www.claudeguyot.com\/wp-content\/uploads\/2025\/02\/Flyer-site-9-mai-1-1.jpg 588w, https:\/\/www.claudeguyot.com\/wp-content\/uploads\/2025\/02\/Flyer-site-9-mai-1-1-247x300.jpg 247w\" sizes=\"auto, (max-width: 504px) 100vw, 504px\" \/><\/figure><\/div>\n\n<div class=\"wp-block-image\">\n<figure class=\"aligncenter size-full is-resized\"><img loading=\"lazy\" decoding=\"async\" src=\"https:\/\/www.claudeguyot.com\/wp-content\/uploads\/2025\/02\/Flyer-site-9-mai-2.jpg\" alt=\"\" class=\"wp-image-1415\" width=\"504\" height=\"679\" srcset=\"https:\/\/www.claudeguyot.com\/wp-content\/uploads\/2025\/02\/Flyer-site-9-mai-2.jpg 615w, https:\/\/www.claudeguyot.com\/wp-content\/uploads\/2025\/02\/Flyer-site-9-mai-2-223x300.jpg 223w, https:\/\/www.claudeguyot.com\/wp-content\/uploads\/2025\/02\/Flyer-site-9-mai-2-600x809.jpg 600w\" sizes=\"auto, (max-width: 504px) 100vw, 504px\" \/><\/figure><\/div>\n\n<div class=\"wp-block-image\">\n<figure class=\"aligncenter size-full\"><img loading=\"lazy\" decoding=\"async\" width=\"561\" height=\"700\" src=\"https:\/\/www.claudeguyot.com\/wp-content\/uploads\/2025\/02\/Flyer-site-9-mai-3.jpg\" alt=\"\" class=\"wp-image-1416\" srcset=\"https:\/\/www.claudeguyot.com\/wp-content\/uploads\/2025\/02\/Flyer-site-9-mai-3.jpg 561w, https:\/\/www.claudeguyot.com\/wp-content\/uploads\/2025\/02\/Flyer-site-9-mai-3-240x300.jpg 240w\" sizes=\"auto, (max-width: 561px) 100vw, 561px\" \/><\/figure><\/div>\n\n\n<p>Vous trouverez ci-dessous :<\/p>\n\n\n\n<ul class=\"wp-block-list\">\n<li><a href=\"https:\/\/www.claudeguyot.com\/wp-content\/uploads\/2025\/02\/VF-Dossier-presse-C.-GUYOT-9-mai-2025.pdf\">Le dossier de presse avec le programme d\u00e9taill\u00e9 de la journ\u00e9e du 9 mai 2025<\/a>,<\/li>\n<\/ul>\n\n\n\n<ul class=\"wp-block-list\">\n<li><a href=\"https:\/\/www.claudeguyot.com\/wp-content\/uploads\/2025\/02\/VF-Affiche-A3-Claude-Guyot-9-mai-2025.pdf\">L&rsquo;affiche \u00e9dit\u00e9e sp\u00e9cialement pour l&rsquo;\u00e9v\u00e8nement<\/a>,<\/li>\n<\/ul>\n\n\n\n<ul class=\"wp-block-list\">\n<li><a href=\"https:\/\/www.claudeguyot.com\/wp-content\/uploads\/2025\/02\/VF-Flyer-Claude-Guyot-9-mai-2025.pdf\">Le flyer avec le programme d\u00e9taill\u00e9 de la journ\u00e9e du 9 mai 2025<\/a>,<\/li>\n<\/ul>\n\n\n\n<ul class=\"wp-block-list\">\n<li><a href=\"https:\/\/www.claudeguyot.com\/wp-content\/uploads\/2025\/02\/VF-Invitation-ceremonie-C.-GUYOT-9-mai-2025.pdf\">L\u2019invitation \u00e0 la c\u00e9r\u00e9monie m\u00e9morielle officielle qui conclura la journ\u00e9e d\u2019hommage du 9 mai 2025 au cimeti\u00e8re d\u2019Arnay-le-Duc<\/a>.<\/li>\n<\/ul>\n\n\n\n<p>Vous \u00eates tous les bienvenus \u00e0 l&rsquo;occasion de cette journ\u00e9e du 9 mai 2025. La participation \u00e0 l&rsquo;ensemble des manifestations est int\u00e9gralement gratuite. <\/p>\n\n\n\n<figure class=\"wp-block-image size-full\"><img loading=\"lazy\" decoding=\"async\" width=\"1018\" height=\"116\" src=\"https:\/\/www.claudeguyot.com\/wp-content\/uploads\/2025\/02\/Partenaires-60-ans-mort-Claude-Guyot.jpg\" alt=\"\" class=\"wp-image-1401\" srcset=\"https:\/\/www.claudeguyot.com\/wp-content\/uploads\/2025\/02\/Partenaires-60-ans-mort-Claude-Guyot.jpg 1018w, https:\/\/www.claudeguyot.com\/wp-content\/uploads\/2025\/02\/Partenaires-60-ans-mort-Claude-Guyot-300x34.jpg 300w, https:\/\/www.claudeguyot.com\/wp-content\/uploads\/2025\/02\/Partenaires-60-ans-mort-Claude-Guyot-768x88.jpg 768w, https:\/\/www.claudeguyot.com\/wp-content\/uploads\/2025\/02\/Partenaires-60-ans-mort-Claude-Guyot-600x68.jpg 600w\" sizes=\"auto, (max-width: 1018px) 100vw, 1018px\" \/><\/figure>\n","protected":false},"excerpt":{"rendered":"<p>L&rsquo;Association Claude Guyot en partenariat avec la ville d&rsquo;Arnay-le-Duc, l&rsquo;Universit\u00e9 de Bourgogne et le coll\u00e8ge Claude Guyot d&rsquo;Arnay-le-Duc, avec le soutien du Conseil d\u00e9partemental de la C\u00f4te d&rsquo;Or ont le plaisir de vous convier le vendredi 9 mai 2025 \u00e0 Arnay-le-Duc\u00e0 la Journ\u00e9e de Comm\u00e9morationorganis\u00e9e \u00e0 l\u2019occasion du 60\u00e8me anniversaire de la disparition de Claude &hellip; <a href=\"https:\/\/www.claudeguyot.com\/index.php\/2025\/02\/18\/invitation-9-mai-2025-conferences-ceremonie-republicaine-a-loccasion-du-60eme-anniversaire-de-la-mort-de-claude-guyot\/\" class=\"more-link\">Continuer la lecture de <span class=\"screen-reader-text\">INVITATION &#8211; 9 mai 2025 : Conf\u00e9rences &#038; C\u00e9r\u00e9monie R\u00e9publicaine \u00e0 l&rsquo;occasion du 60\u00e8me anniversaire de la mort de Claude Guyot<\/span>  <span class=\"meta-nav\">&rarr;<\/span><\/a><\/p>\n","protected":false},"author":1,"featured_media":1407,"comment_status":"closed","ping_status":"closed","sticky":false,"template":"","format":"standard","meta":{"footnotes":""},"categories":[1],"tags":[],"class_list":["post-1392","post","type-post","status-publish","format-standard","has-post-thumbnail","hentry","category-non-classe"],"yoast_head":"<!-- This site is optimized with the Yoast SEO plugin v19.9 - https:\/\/yoast.com\/wordpress\/plugins\/seo\/ -->\n<title>INVITATION - 9 mai 2025 : Conf\u00e9rences &amp; C\u00e9r\u00e9monie R\u00e9publicaine \u00e0 l&#039;occasion du 60\u00e8me anniversaire de la mort de Claude Guyot - Association Claude Guyot<\/title>\n<meta name=\"robots\" content=\"index, follow, max-snippet:-1, max-image-preview:large, max-video-preview:-1\" \/>\n<link rel=\"canonical\" href=\"https:\/\/www.claudeguyot.com\/index.php\/2025\/02\/18\/invitation-9-mai-2025-conferences-ceremonie-republicaine-a-loccasion-du-60eme-anniversaire-de-la-mort-de-claude-guyot\/\" \/>\n<meta property=\"og:locale\" content=\"fr_FR\" \/>\n<meta property=\"og:type\" content=\"article\" \/>\n<meta property=\"og:title\" content=\"INVITATION - 9 mai 2025 : Conf\u00e9rences &amp; C\u00e9r\u00e9monie R\u00e9publicaine \u00e0 l&#039;occasion du 60\u00e8me anniversaire de la mort de Claude Guyot - Association Claude Guyot\" \/>\n<meta property=\"og:description\" content=\"L&rsquo;Association Claude Guyot en partenariat avec la ville d&rsquo;Arnay-le-Duc, l&rsquo;Universit\u00e9 de Bourgogne et le coll\u00e8ge Claude Guyot d&rsquo;Arnay-le-Duc, avec le soutien du Conseil d\u00e9partemental de la C\u00f4te d&rsquo;Or ont le plaisir de vous convier le vendredi 9 mai 2025 \u00e0 Arnay-le-Duc\u00e0 la Journ\u00e9e de Comm\u00e9morationorganis\u00e9e \u00e0 l\u2019occasion du 60\u00e8me anniversaire de la disparition de Claude &hellip; Continuer la lecture de INVITATION &#8211; 9 mai 2025 : Conf\u00e9rences &#038; C\u00e9r\u00e9monie R\u00e9publicaine \u00e0 l&rsquo;occasion du 60\u00e8me anniversaire de la mort de Claude Guyot &rarr;\" \/>\n<meta property=\"og:url\" content=\"https:\/\/www.claudeguyot.com\/index.php\/2025\/02\/18\/invitation-9-mai-2025-conferences-ceremonie-republicaine-a-loccasion-du-60eme-anniversaire-de-la-mort-de-claude-guyot\/\" \/>\n<meta property=\"og:site_name\" content=\"Association Claude Guyot\" \/>\n<meta property=\"article:published_time\" content=\"2025-02-18T15:36:06+00:00\" \/>\n<meta property=\"article:modified_time\" content=\"2025-04-13T10:09:01+00:00\" \/>\n<meta property=\"og:image\" content=\"https:\/\/www.claudeguyot.com\/wp-content\/uploads\/2025\/02\/Claude-Guyot-60-ans-disparition-Illustration.jpg\" \/>\n\t<meta property=\"og:image:width\" content=\"691\" \/>\n\t<meta property=\"og:image:height\" content=\"685\" \/>\n\t<meta property=\"og:image:type\" content=\"image\/jpeg\" \/>\n<meta name=\"author\" content=\"Claude Guyot\" \/>\n<meta name=\"twitter:card\" content=\"summary_large_image\" \/>\n<meta name=\"twitter:label1\" content=\"\u00c9crit par\" \/>\n\t<meta name=\"twitter:data1\" content=\"Claude Guyot\" \/>\n\t<meta name=\"twitter:label2\" content=\"Dur\u00e9e de lecture estim\u00e9e\" \/>\n\t<meta name=\"twitter:data2\" content=\"2 minutes\" \/>\n<script type=\"application\/ld+json\" class=\"yoast-schema-graph\">{\"@context\":\"https:\/\/schema.org\",\"@graph\":[{\"@type\":\"WebPage\",\"@id\":\"https:\/\/www.claudeguyot.com\/index.php\/2025\/02\/18\/invitation-9-mai-2025-conferences-ceremonie-republicaine-a-loccasion-du-60eme-anniversaire-de-la-mort-de-claude-guyot\/\",\"url\":\"https:\/\/www.claudeguyot.com\/index.php\/2025\/02\/18\/invitation-9-mai-2025-conferences-ceremonie-republicaine-a-loccasion-du-60eme-anniversaire-de-la-mort-de-claude-guyot\/\",\"name\":\"INVITATION - 9 mai 2025 : Conf\u00e9rences & C\u00e9r\u00e9monie R\u00e9publicaine \u00e0 l'occasion du 60\u00e8me anniversaire de la mort de Claude Guyot - Association Claude Guyot\",\"isPartOf\":{\"@id\":\"https:\/\/www.claudeguyot.com\/#website\"},\"datePublished\":\"2025-02-18T15:36:06+00:00\",\"dateModified\":\"2025-04-13T10:09:01+00:00\",\"author\":{\"@id\":\"https:\/\/www.claudeguyot.com\/#\/schema\/person\/fbc6c67d5e15fc909d64aab1f1f150a1\"},\"breadcrumb\":{\"@id\":\"https:\/\/www.claudeguyot.com\/index.php\/2025\/02\/18\/invitation-9-mai-2025-conferences-ceremonie-republicaine-a-loccasion-du-60eme-anniversaire-de-la-mort-de-claude-guyot\/#breadcrumb\"},\"inLanguage\":\"fr-FR\",\"potentialAction\":[{\"@type\":\"ReadAction\",\"target\":[\"https:\/\/www.claudeguyot.com\/index.php\/2025\/02\/18\/invitation-9-mai-2025-conferences-ceremonie-republicaine-a-loccasion-du-60eme-anniversaire-de-la-mort-de-claude-guyot\/\"]}]},{\"@type\":\"BreadcrumbList\",\"@id\":\"https:\/\/www.claudeguyot.com\/index.php\/2025\/02\/18\/invitation-9-mai-2025-conferences-ceremonie-republicaine-a-loccasion-du-60eme-anniversaire-de-la-mort-de-claude-guyot\/#breadcrumb\",\"itemListElement\":[{\"@type\":\"ListItem\",\"position\":1,\"name\":\"Accueil\",\"item\":\"https:\/\/www.claudeguyot.com\/\"},{\"@type\":\"ListItem\",\"position\":2,\"name\":\"INVITATION &#8211; 9 mai 2025 : Conf\u00e9rences &#038; C\u00e9r\u00e9monie R\u00e9publicaine \u00e0 l&#8217;occasion du 60\u00e8me anniversaire de la mort de Claude Guyot\"}]},{\"@type\":\"WebSite\",\"@id\":\"https:\/\/www.claudeguyot.com\/#website\",\"url\":\"https:\/\/www.claudeguyot.com\/\",\"name\":\"Association Claude Guyot\",\"description\":\"Association loi 1901 reconnue d&#039;int\u00e9r\u00eat g\u00e9n\u00e9ral\",\"potentialAction\":[{\"@type\":\"SearchAction\",\"target\":{\"@type\":\"EntryPoint\",\"urlTemplate\":\"https:\/\/www.claudeguyot.com\/?s={search_term_string}\"},\"query-input\":\"required name=search_term_string\"}],\"inLanguage\":\"fr-FR\"},{\"@type\":\"Person\",\"@id\":\"https:\/\/www.claudeguyot.com\/#\/schema\/person\/fbc6c67d5e15fc909d64aab1f1f150a1\",\"name\":\"Claude Guyot\",\"image\":{\"@type\":\"ImageObject\",\"inLanguage\":\"fr-FR\",\"@id\":\"https:\/\/www.claudeguyot.com\/#\/schema\/person\/image\/\",\"url\":\"https:\/\/secure.gravatar.com\/avatar\/8835715a7343599eaa98fab3b13c331c454cc537ea4343abb5ad3fefe9b4d586?s=96&d=mm&r=g\",\"contentUrl\":\"https:\/\/secure.gravatar.com\/avatar\/8835715a7343599eaa98fab3b13c331c454cc537ea4343abb5ad3fefe9b4d586?s=96&d=mm&r=g\",\"caption\":\"Claude Guyot\"},\"url\":\"https:\/\/www.claudeguyot.com\/index.php\/author\/admin5958\/\"}]}<\/script>\n<!-- \/ Yoast SEO plugin. -->","yoast_head_json":{"title":"INVITATION - 9 mai 2025 : Conf\u00e9rences & C\u00e9r\u00e9monie R\u00e9publicaine \u00e0 l'occasion du 60\u00e8me anniversaire de la mort de Claude Guyot - Association Claude Guyot","robots":{"index":"index","follow":"follow","max-snippet":"max-snippet:-1","max-image-preview":"max-image-preview:large","max-video-preview":"max-video-preview:-1"},"canonical":"https:\/\/www.claudeguyot.com\/index.php\/2025\/02\/18\/invitation-9-mai-2025-conferences-ceremonie-republicaine-a-loccasion-du-60eme-anniversaire-de-la-mort-de-claude-guyot\/","og_locale":"fr_FR","og_type":"article","og_title":"INVITATION - 9 mai 2025 : Conf\u00e9rences & C\u00e9r\u00e9monie R\u00e9publicaine \u00e0 l'occasion du 60\u00e8me anniversaire de la mort de Claude Guyot - Association Claude Guyot","og_description":"L&rsquo;Association Claude Guyot en partenariat avec la ville d&rsquo;Arnay-le-Duc, l&rsquo;Universit\u00e9 de Bourgogne et le coll\u00e8ge Claude Guyot d&rsquo;Arnay-le-Duc, avec le soutien du Conseil d\u00e9partemental de la C\u00f4te d&rsquo;Or ont le plaisir de vous convier le vendredi 9 mai 2025 \u00e0 Arnay-le-Duc\u00e0 la Journ\u00e9e de Comm\u00e9morationorganis\u00e9e \u00e0 l\u2019occasion du 60\u00e8me anniversaire de la disparition de Claude &hellip; Continuer la lecture de INVITATION &#8211; 9 mai 2025 : Conf\u00e9rences &#038; C\u00e9r\u00e9monie R\u00e9publicaine \u00e0 l&rsquo;occasion du 60\u00e8me anniversaire de la mort de Claude Guyot &rarr;","og_url":"https:\/\/www.claudeguyot.com\/index.php\/2025\/02\/18\/invitation-9-mai-2025-conferences-ceremonie-republicaine-a-loccasion-du-60eme-anniversaire-de-la-mort-de-claude-guyot\/","og_site_name":"Association Claude Guyot","article_published_time":"2025-02-18T15:36:06+00:00","article_modified_time":"2025-04-13T10:09:01+00:00","og_image":[{"width":691,"height":685,"url":"https:\/\/www.claudeguyot.com\/wp-content\/uploads\/2025\/02\/Claude-Guyot-60-ans-disparition-Illustration.jpg","type":"image\/jpeg"}],"author":"Claude Guyot","twitter_card":"summary_large_image","twitter_misc":{"\u00c9crit par":"Claude Guyot","Dur\u00e9e de lecture estim\u00e9e":"2 minutes"},"schema":{"@context":"https:\/\/schema.org","@graph":[{"@type":"WebPage","@id":"https:\/\/www.claudeguyot.com\/index.php\/2025\/02\/18\/invitation-9-mai-2025-conferences-ceremonie-republicaine-a-loccasion-du-60eme-anniversaire-de-la-mort-de-claude-guyot\/","url":"https:\/\/www.claudeguyot.com\/index.php\/2025\/02\/18\/invitation-9-mai-2025-conferences-ceremonie-republicaine-a-loccasion-du-60eme-anniversaire-de-la-mort-de-claude-guyot\/","name":"INVITATION - 9 mai 2025 : Conf\u00e9rences & C\u00e9r\u00e9monie R\u00e9publicaine \u00e0 l'occasion du 60\u00e8me anniversaire de la mort de Claude Guyot - Association Claude Guyot","isPartOf":{"@id":"https:\/\/www.claudeguyot.com\/#website"},"datePublished":"2025-02-18T15:36:06+00:00","dateModified":"2025-04-13T10:09:01+00:00","author":{"@id":"https:\/\/www.claudeguyot.com\/#\/schema\/person\/fbc6c67d5e15fc909d64aab1f1f150a1"},"breadcrumb":{"@id":"https:\/\/www.claudeguyot.com\/index.php\/2025\/02\/18\/invitation-9-mai-2025-conferences-ceremonie-republicaine-a-loccasion-du-60eme-anniversaire-de-la-mort-de-claude-guyot\/#breadcrumb"},"inLanguage":"fr-FR","potentialAction":[{"@type":"ReadAction","target":["https:\/\/www.claudeguyot.com\/index.php\/2025\/02\/18\/invitation-9-mai-2025-conferences-ceremonie-republicaine-a-loccasion-du-60eme-anniversaire-de-la-mort-de-claude-guyot\/"]}]},{"@type":"BreadcrumbList","@id":"https:\/\/www.claudeguyot.com\/index.php\/2025\/02\/18\/invitation-9-mai-2025-conferences-ceremonie-republicaine-a-loccasion-du-60eme-anniversaire-de-la-mort-de-claude-guyot\/#breadcrumb","itemListElement":[{"@type":"ListItem","position":1,"name":"Accueil","item":"https:\/\/www.claudeguyot.com\/"},{"@type":"ListItem","position":2,"name":"INVITATION &#8211; 9 mai 2025 : Conf\u00e9rences &#038; C\u00e9r\u00e9monie R\u00e9publicaine \u00e0 l&#8217;occasion du 60\u00e8me anniversaire de la mort de Claude Guyot"}]},{"@type":"WebSite","@id":"https:\/\/www.claudeguyot.com\/#website","url":"https:\/\/www.claudeguyot.com\/","name":"Association Claude Guyot","description":"Association loi 1901 reconnue d&#039;int\u00e9r\u00eat g\u00e9n\u00e9ral","potentialAction":[{"@type":"SearchAction","target":{"@type":"EntryPoint","urlTemplate":"https:\/\/www.claudeguyot.com\/?s={search_term_string}"},"query-input":"required name=search_term_string"}],"inLanguage":"fr-FR"},{"@type":"Person","@id":"https:\/\/www.claudeguyot.com\/#\/schema\/person\/fbc6c67d5e15fc909d64aab1f1f150a1","name":"Claude Guyot","image":{"@type":"ImageObject","inLanguage":"fr-FR","@id":"https:\/\/www.claudeguyot.com\/#\/schema\/person\/image\/","url":"https:\/\/secure.gravatar.com\/avatar\/8835715a7343599eaa98fab3b13c331c454cc537ea4343abb5ad3fefe9b4d586?s=96&d=mm&r=g","contentUrl":"https:\/\/secure.gravatar.com\/avatar\/8835715a7343599eaa98fab3b13c331c454cc537ea4343abb5ad3fefe9b4d586?s=96&d=mm&r=g","caption":"Claude Guyot"},"url":"https:\/\/www.claudeguyot.com\/index.php\/author\/admin5958\/"}]}},"jetpack_featured_media_url":"https:\/\/www.claudeguyot.com\/wp-content\/uploads\/2025\/02\/Claude-Guyot-60-ans-disparition-Illustration.jpg","_links":{"self":[{"href":"https:\/\/www.claudeguyot.com\/index.php\/wp-json\/wp\/v2\/posts\/1392","targetHints":{"allow":["GET"]}}],"collection":[{"href":"https:\/\/www.claudeguyot.com\/index.php\/wp-json\/wp\/v2\/posts"}],"about":[{"href":"https:\/\/www.claudeguyot.com\/index.php\/wp-json\/wp\/v2\/types\/post"}],"author":[{"embeddable":true,"href":"https:\/\/www.claudeguyot.com\/index.php\/wp-json\/wp\/v2\/users\/1"}],"replies":[{"embeddable":true,"href":"https:\/\/www.claudeguyot.com\/index.php\/wp-json\/wp\/v2\/comments?post=1392"}],"version-history":[{"count":12,"href":"https:\/\/www.claudeguyot.com\/index.php\/wp-json\/wp\/v2\/posts\/1392\/revisions"}],"predecessor-version":[{"id":1442,"href":"https:\/\/www.claudeguyot.com\/index.php\/wp-json\/wp\/v2\/posts\/1392\/revisions\/1442"}],"wp:featuredmedia":[{"embeddable":true,"href":"https:\/\/www.claudeguyot.com\/index.php\/wp-json\/wp\/v2\/media\/1407"}],"wp:attachment":[{"href":"https:\/\/www.claudeguyot.com\/index.php\/wp-json\/wp\/v2\/media?parent=1392"}],"wp:term":[{"taxonomy":"category","embeddable":true,"href":"https:\/\/www.claudeguyot.com\/index.php\/wp-json\/wp\/v2\/categories?post=1392"},{"taxonomy":"post_tag","embeddable":true,"href":"https:\/\/www.claudeguyot.com\/index.php\/wp-json\/wp\/v2\/tags?post=1392"}],"curies":[{"name":"wp","href":"https:\/\/api.w.org\/{rel}","templated":true}]}}