{"id":145,"date":"2016-09-17T22:10:52","date_gmt":"2016-09-17T21:10:52","guid":{"rendered":"http:\/\/www.claudeguyot.com\/?p=145"},"modified":"2025-07-08T21:43:16","modified_gmt":"2025-07-08T20:43:16","slug":"ceremonie-dinauguration-de-lallee-claude-guyot-a-dijon","status":"publish","type":"post","link":"https:\/\/www.claudeguyot.com\/index.php\/2016\/09\/17\/ceremonie-dinauguration-de-lallee-claude-guyot-a-dijon\/","title":{"rendered":"C\u00e9r\u00e9monie d&rsquo;inauguration de l&rsquo;all\u00e9e Claude Guyot \u00e0 Dijon"},"content":{"rendered":"<p><iframe loading=\"lazy\" title=\"Inauguration de l&#039;All\u00e9e Claude Guyot\" width=\"474\" height=\"267\" src=\"https:\/\/www.youtube.com\/embed\/ZxvXb7QnIPw?start=1&#038;feature=oembed\" frameborder=\"0\" allow=\"accelerometer; autoplay; clipboard-write; encrypted-media; gyroscope; picture-in-picture; web-share\" referrerpolicy=\"strict-origin-when-cross-origin\" allowfullscreen><\/iframe><\/p>\n<p>Inauguration de l\u2019All\u00e9e Claude Guyot \u00e0 Dijon le samedi 17 octobre 2015 par Nathalie KOENDERS, 1\u00e8re adjointe au maire de Dijon, conseill\u00e8re d\u00e9partementale et Hadrien LACOSTE, pr\u00e9sident de l\u2019Association Claude Guyot, administrateur de l\u2019Institut vend\u00e9en Clemenceau \u2013 de Lattre, en pr\u00e9sence de Denis ROLLAND, recteur de l\u2019Acad\u00e9mie de Dijon et de nombreuses personnalit\u00e9s&#8230;<\/p>\n<p>&nbsp;<\/p>\n<p>&nbsp;<\/p>\n","protected":false},"excerpt":{"rendered":"<p>Inauguration de l\u2019All\u00e9e Claude Guyot \u00e0 Dijon le samedi 17 octobre 2015 par Nathalie KOENDERS, 1\u00e8re adjointe au maire de Dijon, conseill\u00e8re d\u00e9partementale et Hadrien LACOSTE, pr\u00e9sident de l\u2019Association Claude Guyot, administrateur de l\u2019Institut vend\u00e9en Clemenceau \u2013 de Lattre, en pr\u00e9sence de Denis ROLLAND, recteur de l\u2019Acad\u00e9mie de Dijon et de nombreuses personnalit\u00e9s&#8230; &nbsp; &nbsp;<\/p>\n","protected":false},"author":1,"featured_media":147,"comment_status":"closed","ping_status":"closed","sticky":false,"template":"","format":"standard","meta":{"footnotes":""},"categories":[1],"tags":[],"class_list":["post-145","post","type-post","status-publish","format-standard","has-post-thumbnail","hentry","category-non-classe"],"yoast_head":"<!-- This site is optimized with the Yoast SEO plugin v19.9 - https:\/\/yoast.com\/wordpress\/plugins\/seo\/ -->\n<title>C\u00e9r\u00e9monie d&#039;inauguration de l&#039;all\u00e9e Claude Guyot \u00e0 Dijon - Association Claude Guyot<\/title>\n<meta name=\"robots\" content=\"index, follow, max-snippet:-1, max-image-preview:large, max-video-preview:-1\" \/>\n<link rel=\"canonical\" href=\"https:\/\/www.claudeguyot.com\/index.php\/2016\/09\/17\/ceremonie-dinauguration-de-lallee-claude-guyot-a-dijon\/\" \/>\n<meta property=\"og:locale\" content=\"fr_FR\" \/>\n<meta property=\"og:type\" content=\"article\" \/>\n<meta property=\"og:title\" content=\"C\u00e9r\u00e9monie d&#039;inauguration de l&#039;all\u00e9e Claude Guyot \u00e0 Dijon - Association Claude Guyot\" \/>\n<meta property=\"og:description\" content=\"Inauguration de l\u2019All\u00e9e Claude Guyot \u00e0 Dijon le samedi 17 octobre 2015 par Nathalie KOENDERS, 1\u00e8re adjointe au maire de Dijon, conseill\u00e8re d\u00e9partementale et Hadrien LACOSTE, pr\u00e9sident de l\u2019Association Claude Guyot, administrateur de l\u2019Institut vend\u00e9en Clemenceau \u2013 de Lattre, en pr\u00e9sence de Denis ROLLAND, recteur de l\u2019Acad\u00e9mie de Dijon et de nombreuses personnalit\u00e9s&#8230; &nbsp; &nbsp;\" \/>\n<meta property=\"og:url\" content=\"https:\/\/www.claudeguyot.com\/index.php\/2016\/09\/17\/ceremonie-dinauguration-de-lallee-claude-guyot-a-dijon\/\" \/>\n<meta property=\"og:site_name\" content=\"Association Claude Guyot\" \/>\n<meta property=\"article:published_time\" content=\"2016-09-17T21:10:52+00:00\" \/>\n<meta property=\"article:modified_time\" content=\"2025-07-08T20:43:16+00:00\" \/>\n<meta property=\"og:image\" content=\"https:\/\/www.claudeguyot.com\/wp-content\/uploads\/2016\/09\/10306084_1073202219357757_2345332983062766935_n.jpg\" \/>\n\t<meta property=\"og:image:width\" content=\"960\" \/>\n\t<meta property=\"og:image:height\" content=\"720\" \/>\n\t<meta property=\"og:image:type\" content=\"image\/jpeg\" \/>\n<meta name=\"author\" content=\"Claude Guyot\" \/>\n<meta name=\"twitter:card\" content=\"summary_large_image\" \/>\n<meta name=\"twitter:label1\" content=\"\u00c9crit par\" \/>\n\t<meta name=\"twitter:data1\" content=\"Claude Guyot\" \/>\n<script type=\"application\/ld+json\" class=\"yoast-schema-graph\">{\"@context\":\"https:\/\/schema.org\",\"@graph\":[{\"@type\":\"WebPage\",\"@id\":\"https:\/\/www.claudeguyot.com\/index.php\/2016\/09\/17\/ceremonie-dinauguration-de-lallee-claude-guyot-a-dijon\/\",\"url\":\"https:\/\/www.claudeguyot.com\/index.php\/2016\/09\/17\/ceremonie-dinauguration-de-lallee-claude-guyot-a-dijon\/\",\"name\":\"C\u00e9r\u00e9monie d'inauguration de l'all\u00e9e Claude Guyot \u00e0 Dijon - Association Claude Guyot\",\"isPartOf\":{\"@id\":\"https:\/\/www.claudeguyot.com\/#website\"},\"datePublished\":\"2016-09-17T21:10:52+00:00\",\"dateModified\":\"2025-07-08T20:43:16+00:00\",\"author\":{\"@id\":\"https:\/\/www.claudeguyot.com\/#\/schema\/person\/fbc6c67d5e15fc909d64aab1f1f150a1\"},\"breadcrumb\":{\"@id\":\"https:\/\/www.claudeguyot.com\/index.php\/2016\/09\/17\/ceremonie-dinauguration-de-lallee-claude-guyot-a-dijon\/#breadcrumb\"},\"inLanguage\":\"fr-FR\",\"potentialAction\":[{\"@type\":\"ReadAction\",\"target\":[\"https:\/\/www.claudeguyot.com\/index.php\/2016\/09\/17\/ceremonie-dinauguration-de-lallee-claude-guyot-a-dijon\/\"]}]},{\"@type\":\"BreadcrumbList\",\"@id\":\"https:\/\/www.claudeguyot.com\/index.php\/2016\/09\/17\/ceremonie-dinauguration-de-lallee-claude-guyot-a-dijon\/#breadcrumb\",\"itemListElement\":[{\"@type\":\"ListItem\",\"position\":1,\"name\":\"Accueil\",\"item\":\"https:\/\/www.claudeguyot.com\/\"},{\"@type\":\"ListItem\",\"position\":2,\"name\":\"C\u00e9r\u00e9monie d&#8217;inauguration de l&#8217;all\u00e9e Claude Guyot \u00e0 Dijon\"}]},{\"@type\":\"WebSite\",\"@id\":\"https:\/\/www.claudeguyot.com\/#website\",\"url\":\"https:\/\/www.claudeguyot.com\/\",\"name\":\"Association Claude Guyot\",\"description\":\"Association loi 1901 reconnue d&#039;int\u00e9r\u00eat g\u00e9n\u00e9ral\",\"potentialAction\":[{\"@type\":\"SearchAction\",\"target\":{\"@type\":\"EntryPoint\",\"urlTemplate\":\"https:\/\/www.claudeguyot.com\/?s={search_term_string}\"},\"query-input\":\"required name=search_term_string\"}],\"inLanguage\":\"fr-FR\"},{\"@type\":\"Person\",\"@id\":\"https:\/\/www.claudeguyot.com\/#\/schema\/person\/fbc6c67d5e15fc909d64aab1f1f150a1\",\"name\":\"Claude Guyot\",\"image\":{\"@type\":\"ImageObject\",\"inLanguage\":\"fr-FR\",\"@id\":\"https:\/\/www.claudeguyot.com\/#\/schema\/person\/image\/\",\"url\":\"https:\/\/secure.gravatar.com\/avatar\/8835715a7343599eaa98fab3b13c331c454cc537ea4343abb5ad3fefe9b4d586?s=96&d=mm&r=g\",\"contentUrl\":\"https:\/\/secure.gravatar.com\/avatar\/8835715a7343599eaa98fab3b13c331c454cc537ea4343abb5ad3fefe9b4d586?s=96&d=mm&r=g\",\"caption\":\"Claude Guyot\"},\"url\":\"https:\/\/www.claudeguyot.com\/index.php\/author\/admin5958\/\"}]}<\/script>\n<!-- \/ Yoast SEO plugin. -->","yoast_head_json":{"title":"C\u00e9r\u00e9monie d'inauguration de l'all\u00e9e Claude Guyot \u00e0 Dijon - Association Claude Guyot","robots":{"index":"index","follow":"follow","max-snippet":"max-snippet:-1","max-image-preview":"max-image-preview:large","max-video-preview":"max-video-preview:-1"},"canonical":"https:\/\/www.claudeguyot.com\/index.php\/2016\/09\/17\/ceremonie-dinauguration-de-lallee-claude-guyot-a-dijon\/","og_locale":"fr_FR","og_type":"article","og_title":"C\u00e9r\u00e9monie d'inauguration de l'all\u00e9e Claude Guyot \u00e0 Dijon - Association Claude Guyot","og_description":"Inauguration de l\u2019All\u00e9e Claude Guyot \u00e0 Dijon le samedi 17 octobre 2015 par Nathalie KOENDERS, 1\u00e8re adjointe au maire de Dijon, conseill\u00e8re d\u00e9partementale et Hadrien LACOSTE, pr\u00e9sident de l\u2019Association Claude Guyot, administrateur de l\u2019Institut vend\u00e9en Clemenceau \u2013 de Lattre, en pr\u00e9sence de Denis ROLLAND, recteur de l\u2019Acad\u00e9mie de Dijon et de nombreuses personnalit\u00e9s&#8230; &nbsp; &nbsp;","og_url":"https:\/\/www.claudeguyot.com\/index.php\/2016\/09\/17\/ceremonie-dinauguration-de-lallee-claude-guyot-a-dijon\/","og_site_name":"Association Claude Guyot","article_published_time":"2016-09-17T21:10:52+00:00","article_modified_time":"2025-07-08T20:43:16+00:00","og_image":[{"width":960,"height":720,"url":"https:\/\/www.claudeguyot.com\/wp-content\/uploads\/2016\/09\/10306084_1073202219357757_2345332983062766935_n.jpg","type":"image\/jpeg"}],"author":"Claude Guyot","twitter_card":"summary_large_image","twitter_misc":{"\u00c9crit par":"Claude Guyot"},"schema":{"@context":"https:\/\/schema.org","@graph":[{"@type":"WebPage","@id":"https:\/\/www.claudeguyot.com\/index.php\/2016\/09\/17\/ceremonie-dinauguration-de-lallee-claude-guyot-a-dijon\/","url":"https:\/\/www.claudeguyot.com\/index.php\/2016\/09\/17\/ceremonie-dinauguration-de-lallee-claude-guyot-a-dijon\/","name":"C\u00e9r\u00e9monie d'inauguration de l'all\u00e9e Claude Guyot \u00e0 Dijon - Association Claude Guyot","isPartOf":{"@id":"https:\/\/www.claudeguyot.com\/#website"},"datePublished":"2016-09-17T21:10:52+00:00","dateModified":"2025-07-08T20:43:16+00:00","author":{"@id":"https:\/\/www.claudeguyot.com\/#\/schema\/person\/fbc6c67d5e15fc909d64aab1f1f150a1"},"breadcrumb":{"@id":"https:\/\/www.claudeguyot.com\/index.php\/2016\/09\/17\/ceremonie-dinauguration-de-lallee-claude-guyot-a-dijon\/#breadcrumb"},"inLanguage":"fr-FR","potentialAction":[{"@type":"ReadAction","target":["https:\/\/www.claudeguyot.com\/index.php\/2016\/09\/17\/ceremonie-dinauguration-de-lallee-claude-guyot-a-dijon\/"]}]},{"@type":"BreadcrumbList","@id":"https:\/\/www.claudeguyot.com\/index.php\/2016\/09\/17\/ceremonie-dinauguration-de-lallee-claude-guyot-a-dijon\/#breadcrumb","itemListElement":[{"@type":"ListItem","position":1,"name":"Accueil","item":"https:\/\/www.claudeguyot.com\/"},{"@type":"ListItem","position":2,"name":"C\u00e9r\u00e9monie d&#8217;inauguration de l&#8217;all\u00e9e Claude Guyot \u00e0 Dijon"}]},{"@type":"WebSite","@id":"https:\/\/www.claudeguyot.com\/#website","url":"https:\/\/www.claudeguyot.com\/","name":"Association Claude Guyot","description":"Association loi 1901 reconnue d&#039;int\u00e9r\u00eat g\u00e9n\u00e9ral","potentialAction":[{"@type":"SearchAction","target":{"@type":"EntryPoint","urlTemplate":"https:\/\/www.claudeguyot.com\/?s={search_term_string}"},"query-input":"required name=search_term_string"}],"inLanguage":"fr-FR"},{"@type":"Person","@id":"https:\/\/www.claudeguyot.com\/#\/schema\/person\/fbc6c67d5e15fc909d64aab1f1f150a1","name":"Claude Guyot","image":{"@type":"ImageObject","inLanguage":"fr-FR","@id":"https:\/\/www.claudeguyot.com\/#\/schema\/person\/image\/","url":"https:\/\/secure.gravatar.com\/avatar\/8835715a7343599eaa98fab3b13c331c454cc537ea4343abb5ad3fefe9b4d586?s=96&d=mm&r=g","contentUrl":"https:\/\/secure.gravatar.com\/avatar\/8835715a7343599eaa98fab3b13c331c454cc537ea4343abb5ad3fefe9b4d586?s=96&d=mm&r=g","caption":"Claude Guyot"},"url":"https:\/\/www.claudeguyot.com\/index.php\/author\/admin5958\/"}]}},"jetpack_featured_media_url":"https:\/\/www.claudeguyot.com\/wp-content\/uploads\/2016\/09\/10306084_1073202219357757_2345332983062766935_n.jpg","_links":{"self":[{"href":"https:\/\/www.claudeguyot.com\/index.php\/wp-json\/wp\/v2\/posts\/145","targetHints":{"allow":["GET"]}}],"collection":[{"href":"https:\/\/www.claudeguyot.com\/index.php\/wp-json\/wp\/v2\/posts"}],"about":[{"href":"https:\/\/www.claudeguyot.com\/index.php\/wp-json\/wp\/v2\/types\/post"}],"author":[{"embeddable":true,"href":"https:\/\/www.claudeguyot.com\/index.php\/wp-json\/wp\/v2\/users\/1"}],"replies":[{"embeddable":true,"href":"https:\/\/www.claudeguyot.com\/index.php\/wp-json\/wp\/v2\/comments?post=145"}],"version-history":[{"count":1,"href":"https:\/\/www.claudeguyot.com\/index.php\/wp-json\/wp\/v2\/posts\/145\/revisions"}],"predecessor-version":[{"id":148,"href":"https:\/\/www.claudeguyot.com\/index.php\/wp-json\/wp\/v2\/posts\/145\/revisions\/148"}],"wp:featuredmedia":[{"embeddable":true,"href":"https:\/\/www.claudeguyot.com\/index.php\/wp-json\/wp\/v2\/media\/147"}],"wp:attachment":[{"href":"https:\/\/www.claudeguyot.com\/index.php\/wp-json\/wp\/v2\/media?parent=145"}],"wp:term":[{"taxonomy":"category","embeddable":true,"href":"https:\/\/www.claudeguyot.com\/index.php\/wp-json\/wp\/v2\/categories?post=145"},{"taxonomy":"post_tag","embeddable":true,"href":"https:\/\/www.claudeguyot.com\/index.php\/wp-json\/wp\/v2\/tags?post=145"}],"curies":[{"name":"wp","href":"https:\/\/api.w.org\/{rel}","templated":true}]}}