{"id":149,"date":"2016-09-17T22:26:47","date_gmt":"2016-09-17T21:26:47","guid":{"rendered":"http:\/\/www.claudeguyot.com\/?p=149"},"modified":"2025-07-08T21:43:09","modified_gmt":"2025-07-08T20:43:09","slug":"lassociation-claude-guyot-a-commemore-la-disparition-du-marechal-jean-de-lattre-de-tassigny-a-mouilleron-en-pareds","status":"publish","type":"post","link":"https:\/\/www.claudeguyot.com\/index.php\/2016\/09\/17\/lassociation-claude-guyot-a-commemore-la-disparition-du-marechal-jean-de-lattre-de-tassigny-a-mouilleron-en-pareds\/","title":{"rendered":"L&rsquo;association Claude Guyot a comm\u00e9mor\u00e9 la disparition du Mar\u00e9chal Jean de Lattre de Tassigny \u00e0 Mouilleron-en-Pareds"},"content":{"rendered":"<p>En sa qualit\u00e9 d&rsquo;administrateur de l&rsquo;Institut vend\u00e9en Clemenceau &#8211; de Lattre, Hadrien Lacoste, pr\u00e9sident de l&rsquo;Association Claude Guyot, participait aux\u00a0c\u00e9r\u00e9monies comm\u00e9morant la disparition du Mar\u00e9chal Jean de Lattre de Tassigny. Au nom de l&rsquo;Association Claude Guyot, il a proc\u00e9d\u00e9 au fleurissement\u00a0de la tombe du Mar\u00e9chal de Lattre de Tassigny.<\/p>\n<p><img loading=\"lazy\" decoding=\"async\" class=\"alignnone  wp-image-151\" src=\"https:\/\/www.claudeguyot.com\/wp-content\/uploads\/2016\/09\/de-Lattre-1-300x200.jpeg\" alt=\"de-lattre-1\" width=\"335\" height=\"223\" srcset=\"https:\/\/www.claudeguyot.com\/wp-content\/uploads\/2016\/09\/de-Lattre-1-300x200.jpeg 300w, https:\/\/www.claudeguyot.com\/wp-content\/uploads\/2016\/09\/de-Lattre-1-768x512.jpeg 768w, https:\/\/www.claudeguyot.com\/wp-content\/uploads\/2016\/09\/de-Lattre-1.jpeg 960w\" sizes=\"auto, (max-width: 335px) 100vw, 335px\" \/><\/p>\n<p>Jean de Lattre de Tassigny est un g\u00e9n\u00e9ral d&rsquo;arm\u00e9e et mar\u00e9chal de France, n\u00e9 le 2 f\u00e9vrier 1889 \u00e0 Mouilleron-en-Pareds (Vend\u00e9e) et mort le 11 janvier 1952 \u00e0 Neuilly-sur-Seine.<\/p>\n<p>Jeune officier lors de la Premi\u00e8re Guerre mondiale, il se bat sur diff\u00e9rents fronts, dont Verdun, il est bless\u00e9 cinq fois et termine la guerre avec huit citations, la L\u00e9gion d&rsquo;honneur et la Military Cross.<\/p>\n<p>Dans l&rsquo;entre-deux-guerres, il participe \u00e0 la guerre du Rif au Maroc, o\u00f9 il est de nouveau bless\u00e9. Il effectue ensuite une carri\u00e8re d&rsquo;officier d&rsquo;\u00e9tat-major et de commandant de r\u00e9giment.<\/p>\n<p><img loading=\"lazy\" decoding=\"async\" class=\"alignnone  wp-image-152\" src=\"https:\/\/www.claudeguyot.com\/wp-content\/uploads\/2016\/09\/de-Lattre-5-300x200.jpeg\" alt=\"de-lattre-5\" width=\"323\" height=\"215\" srcset=\"https:\/\/www.claudeguyot.com\/wp-content\/uploads\/2016\/09\/de-Lattre-5-300x200.jpeg 300w, https:\/\/www.claudeguyot.com\/wp-content\/uploads\/2016\/09\/de-Lattre-5-768x512.jpeg 768w, https:\/\/www.claudeguyot.com\/wp-content\/uploads\/2016\/09\/de-Lattre-5.jpeg 960w\" sizes=\"auto, (max-width: 323px) 100vw, 323px\" \/><\/p>\n<p>Au d\u00e9but de la Seconde Guerre mondiale, en mai-juin 1940, plus jeune g\u00e9n\u00e9ral de France, \u00e0 la t\u00eate de sa division lors de la bataille de France, il tient t\u00eate aux Allemands \u00e0 la bataille de Rethel, en Champagne et sur la Loire, continuant \u00e0 se battre jusqu&rsquo;\u00e0 l&rsquo;armistice du 22 juin 1940.<\/p>\n<p><img loading=\"lazy\" decoding=\"async\" class=\"alignnone  wp-image-153\" src=\"https:\/\/www.claudeguyot.com\/wp-content\/uploads\/2016\/09\/de-Lattre-9-300x200.jpeg\" alt=\"de-lattre-9\" width=\"333\" height=\"222\" srcset=\"https:\/\/www.claudeguyot.com\/wp-content\/uploads\/2016\/09\/de-Lattre-9-300x200.jpeg 300w, https:\/\/www.claudeguyot.com\/wp-content\/uploads\/2016\/09\/de-Lattre-9-768x512.jpeg 768w, https:\/\/www.claudeguyot.com\/wp-content\/uploads\/2016\/09\/de-Lattre-9.jpeg 960w\" sizes=\"auto, (max-width: 333px) 100vw, 333px\" \/><\/p>\n<p>Pendant le r\u00e9gime de Vichy, il reste dans l&rsquo;Arm\u00e9e d&rsquo;armistice, o\u00f9 il occupe des postes de commandement \u00e0 l&rsquo;\u00e9chelon r\u00e9gional, puis comme commandant en chef des troupes en Tunisie. Commandant de la 16e division militaire \u00e0 Montpellier, lorsque la zone libre est envahie par les troupes allemandes, \u00e0 la suite du d\u00e9barquement des Alli\u00e9s en Afrique du Nord, le 11 novembre 1942, il est arr\u00eat\u00e9 et condamn\u00e9 \u00e0 dix ans de prison pour avoir refus\u00e9 l&rsquo;ordre de ne pas combattre donn\u00e9 par le gouvernement et, seul g\u00e9n\u00e9ral en activit\u00e9 \u00e0 le faire, command\u00e9 \u00e0 ses troupes de s&rsquo;opposer aux Allemands. Il parvient \u00e0 s&rsquo;\u00e9vader et rallie la France libre, fin 1943.<\/p>\n<p>Apr\u00e8s son ralliement \u00e0 de Gaulle, il est l&rsquo;un des grands chefs de l&rsquo;Arm\u00e9e de Lib\u00e9ration en 1943-1945, s&rsquo;illustrant \u00e0 la t\u00eate de l&rsquo;arm\u00e9e qui, apr\u00e8s le d\u00e9barquement alli\u00e9 du 15 ao\u00fbt 1944, m\u00e8ne la campagne victorieuse, dite \u00ab Rhin et Danube \u00bb, contre le Troisi\u00e8me Reich. Il est le seul g\u00e9n\u00e9ral fran\u00e7ais de la Seconde Guerre mondiale \u00e0 avoir command\u00e9 de grandes unit\u00e9s am\u00e9ricaines.<\/p>\n<p><img loading=\"lazy\" decoding=\"async\" class=\"alignnone  wp-image-154\" src=\"https:\/\/www.claudeguyot.com\/wp-content\/uploads\/2016\/09\/de-Lattre-6-300x200.jpeg\" alt=\"de-lattre-6\" width=\"347\" height=\"231\" srcset=\"https:\/\/www.claudeguyot.com\/wp-content\/uploads\/2016\/09\/de-Lattre-6-300x200.jpeg 300w, https:\/\/www.claudeguyot.com\/wp-content\/uploads\/2016\/09\/de-Lattre-6-768x512.jpeg 768w, https:\/\/www.claudeguyot.com\/wp-content\/uploads\/2016\/09\/de-Lattre-6.jpeg 960w\" sizes=\"auto, (max-width: 347px) 100vw, 347px\" \/><\/p>\n<p>Il est le repr\u00e9sentant fran\u00e7ais \u00e0 la signature de la capitulation allemande \u00e0 Berlin, le 8 mai 1945, aux c\u00f4t\u00e9s d&rsquo;Eisenhower, Joukov et Montgomery.<\/p>\n<p><img loading=\"lazy\" decoding=\"async\" class=\"alignnone size-medium wp-image-155\" src=\"https:\/\/www.claudeguyot.com\/wp-content\/uploads\/2016\/09\/de-Lattre-8-300x200.jpeg\" alt=\"de-lattre-8\" width=\"300\" height=\"200\" srcset=\"https:\/\/www.claudeguyot.com\/wp-content\/uploads\/2016\/09\/de-Lattre-8-300x200.jpeg 300w, https:\/\/www.claudeguyot.com\/wp-content\/uploads\/2016\/09\/de-Lattre-8-768x512.jpeg 768w, https:\/\/www.claudeguyot.com\/wp-content\/uploads\/2016\/09\/de-Lattre-8.jpeg 960w\" sizes=\"auto, (max-width: 300px) 100vw, 300px\" \/><\/p>\n<p>Commandant en chef des forces fran\u00e7aises en Allemagne en 1945, puis inspecteur g\u00e9n\u00e9ral de l&rsquo;Arm\u00e9e de terre et chef d\u2019\u00c9tat-Major g\u00e9n\u00e9ral de la D\u00e9fense nationale en 1947, il devient vice-pr\u00e9sident du Conseil sup\u00e9rieur de la guerre. De 1948 \u00e0 1950 aupr\u00e8s du mar\u00e9chal Montgomery, il est le premier commandant en chef des Forces terrestres de l\u2019Europe occidentale.<\/p>\n<p><img loading=\"lazy\" decoding=\"async\" class=\"alignnone  wp-image-156\" src=\"https:\/\/www.claudeguyot.com\/wp-content\/uploads\/2016\/09\/de-Lattre-11-300x200.jpeg\" alt=\"de-lattre-11\" width=\"336\" height=\"224\" srcset=\"https:\/\/www.claudeguyot.com\/wp-content\/uploads\/2016\/09\/de-Lattre-11-300x200.jpeg 300w, https:\/\/www.claudeguyot.com\/wp-content\/uploads\/2016\/09\/de-Lattre-11-768x512.jpeg 768w, https:\/\/www.claudeguyot.com\/wp-content\/uploads\/2016\/09\/de-Lattre-11.jpeg 960w\" sizes=\"auto, (max-width: 336px) 100vw, 336px\" \/><\/p>\n<p>Haut-commissaire, commandant en chef en Indochine et commandant en chef du corps exp\u00e9ditionnaire fran\u00e7ais en Extr\u00eame-Orient, lors de la guerre d&rsquo;Indochine, il remporte des victoires contre le Vi\u00eat Minh, en 1951.<\/p>\n<p><img loading=\"lazy\" decoding=\"async\" class=\"alignnone  wp-image-157\" src=\"https:\/\/www.claudeguyot.com\/wp-content\/uploads\/2016\/09\/de-Lattre-7-300x200.jpeg\" alt=\"de-lattre-7\" width=\"324\" height=\"216\" srcset=\"https:\/\/www.claudeguyot.com\/wp-content\/uploads\/2016\/09\/de-Lattre-7-300x200.jpeg 300w, https:\/\/www.claudeguyot.com\/wp-content\/uploads\/2016\/09\/de-Lattre-7-768x512.jpeg 768w, https:\/\/www.claudeguyot.com\/wp-content\/uploads\/2016\/09\/de-Lattre-7.jpeg 960w\" sizes=\"auto, (max-width: 324px) 100vw, 324px\" \/><\/p>\n<p>Il est \u00e9lev\u00e9 \u00e0 la dignit\u00e9 de mar\u00e9chal de France \u00e0 titre posthume, en 1952, lors de ses fun\u00e9railles nationales.<\/p>\n<p><img loading=\"lazy\" decoding=\"async\" class=\"alignnone  wp-image-158\" src=\"https:\/\/www.claudeguyot.com\/wp-content\/uploads\/2016\/09\/de-Lattre-12-300x200.jpeg\" alt=\"de-lattre-12\" width=\"330\" height=\"220\" srcset=\"https:\/\/www.claudeguyot.com\/wp-content\/uploads\/2016\/09\/de-Lattre-12-300x200.jpeg 300w, https:\/\/www.claudeguyot.com\/wp-content\/uploads\/2016\/09\/de-Lattre-12-768x512.jpeg 768w, https:\/\/www.claudeguyot.com\/wp-content\/uploads\/2016\/09\/de-Lattre-12.jpeg 960w\" sizes=\"auto, (max-width: 330px) 100vw, 330px\" \/><\/p>\n","protected":false},"excerpt":{"rendered":"<p>En sa qualit\u00e9 d&rsquo;administrateur de l&rsquo;Institut vend\u00e9en Clemenceau &#8211; de Lattre, Hadrien Lacoste, pr\u00e9sident de l&rsquo;Association Claude Guyot, participait aux\u00a0c\u00e9r\u00e9monies comm\u00e9morant la disparition du Mar\u00e9chal Jean de Lattre de Tassigny. Au nom de l&rsquo;Association Claude Guyot, il a proc\u00e9d\u00e9 au fleurissement\u00a0de la tombe du Mar\u00e9chal de Lattre de Tassigny. Jean de Lattre de Tassigny est &hellip; <a href=\"https:\/\/www.claudeguyot.com\/index.php\/2016\/09\/17\/lassociation-claude-guyot-a-commemore-la-disparition-du-marechal-jean-de-lattre-de-tassigny-a-mouilleron-en-pareds\/\" class=\"more-link\">Continuer la lecture de <span class=\"screen-reader-text\">L&rsquo;association Claude Guyot a comm\u00e9mor\u00e9 la disparition du Mar\u00e9chal Jean de Lattre de Tassigny \u00e0 Mouilleron-en-Pareds<\/span>  <span class=\"meta-nav\">&rarr;<\/span><\/a><\/p>\n","protected":false},"author":1,"featured_media":150,"comment_status":"closed","ping_status":"closed","sticky":false,"template":"","format":"standard","meta":{"footnotes":""},"categories":[1],"tags":[],"class_list":["post-149","post","type-post","status-publish","format-standard","has-post-thumbnail","hentry","category-non-classe"],"yoast_head":"<!-- This site is optimized with the Yoast SEO plugin v19.9 - https:\/\/yoast.com\/wordpress\/plugins\/seo\/ -->\n<title>L&#039;association Claude Guyot a comm\u00e9mor\u00e9 la disparition du Mar\u00e9chal Jean de Lattre de Tassigny \u00e0 Mouilleron-en-Pareds - Association Claude Guyot<\/title>\n<meta name=\"robots\" content=\"index, follow, max-snippet:-1, max-image-preview:large, max-video-preview:-1\" \/>\n<link rel=\"canonical\" href=\"https:\/\/www.claudeguyot.com\/index.php\/2016\/09\/17\/lassociation-claude-guyot-a-commemore-la-disparition-du-marechal-jean-de-lattre-de-tassigny-a-mouilleron-en-pareds\/\" \/>\n<meta property=\"og:locale\" content=\"fr_FR\" \/>\n<meta property=\"og:type\" content=\"article\" \/>\n<meta property=\"og:title\" content=\"L&#039;association Claude Guyot a comm\u00e9mor\u00e9 la disparition du Mar\u00e9chal Jean de Lattre de Tassigny \u00e0 Mouilleron-en-Pareds - Association Claude Guyot\" \/>\n<meta property=\"og:description\" content=\"En sa qualit\u00e9 d&rsquo;administrateur de l&rsquo;Institut vend\u00e9en Clemenceau &#8211; de Lattre, Hadrien Lacoste, pr\u00e9sident de l&rsquo;Association Claude Guyot, participait aux\u00a0c\u00e9r\u00e9monies comm\u00e9morant la disparition du Mar\u00e9chal Jean de Lattre de Tassigny. Au nom de l&rsquo;Association Claude Guyot, il a proc\u00e9d\u00e9 au fleurissement\u00a0de la tombe du Mar\u00e9chal de Lattre de Tassigny. Jean de Lattre de Tassigny est &hellip; Continuer la lecture de L&rsquo;association Claude Guyot a comm\u00e9mor\u00e9 la disparition du Mar\u00e9chal Jean de Lattre de Tassigny \u00e0 Mouilleron-en-Pareds &rarr;\" \/>\n<meta property=\"og:url\" content=\"https:\/\/www.claudeguyot.com\/index.php\/2016\/09\/17\/lassociation-claude-guyot-a-commemore-la-disparition-du-marechal-jean-de-lattre-de-tassigny-a-mouilleron-en-pareds\/\" \/>\n<meta property=\"og:site_name\" content=\"Association Claude Guyot\" \/>\n<meta property=\"article:published_time\" content=\"2016-09-17T21:26:47+00:00\" \/>\n<meta property=\"article:modified_time\" content=\"2025-07-08T20:43:09+00:00\" \/>\n<meta property=\"og:image\" content=\"https:\/\/www.claudeguyot.com\/wp-content\/uploads\/2016\/09\/de-Lattre-2.jpeg\" \/>\n\t<meta property=\"og:image:width\" content=\"960\" \/>\n\t<meta property=\"og:image:height\" content=\"640\" \/>\n\t<meta property=\"og:image:type\" content=\"image\/jpeg\" \/>\n<meta name=\"author\" content=\"Claude Guyot\" \/>\n<meta name=\"twitter:card\" content=\"summary_large_image\" \/>\n<meta name=\"twitter:label1\" content=\"\u00c9crit par\" \/>\n\t<meta name=\"twitter:data1\" content=\"Claude Guyot\" \/>\n\t<meta name=\"twitter:label2\" content=\"Dur\u00e9e de lecture estim\u00e9e\" \/>\n\t<meta name=\"twitter:data2\" content=\"3 minutes\" \/>\n<script type=\"application\/ld+json\" class=\"yoast-schema-graph\">{\"@context\":\"https:\/\/schema.org\",\"@graph\":[{\"@type\":\"WebPage\",\"@id\":\"https:\/\/www.claudeguyot.com\/index.php\/2016\/09\/17\/lassociation-claude-guyot-a-commemore-la-disparition-du-marechal-jean-de-lattre-de-tassigny-a-mouilleron-en-pareds\/\",\"url\":\"https:\/\/www.claudeguyot.com\/index.php\/2016\/09\/17\/lassociation-claude-guyot-a-commemore-la-disparition-du-marechal-jean-de-lattre-de-tassigny-a-mouilleron-en-pareds\/\",\"name\":\"L'association Claude Guyot a comm\u00e9mor\u00e9 la disparition du Mar\u00e9chal Jean de Lattre de Tassigny \u00e0 Mouilleron-en-Pareds - Association Claude Guyot\",\"isPartOf\":{\"@id\":\"https:\/\/www.claudeguyot.com\/#website\"},\"datePublished\":\"2016-09-17T21:26:47+00:00\",\"dateModified\":\"2025-07-08T20:43:09+00:00\",\"author\":{\"@id\":\"https:\/\/www.claudeguyot.com\/#\/schema\/person\/fbc6c67d5e15fc909d64aab1f1f150a1\"},\"breadcrumb\":{\"@id\":\"https:\/\/www.claudeguyot.com\/index.php\/2016\/09\/17\/lassociation-claude-guyot-a-commemore-la-disparition-du-marechal-jean-de-lattre-de-tassigny-a-mouilleron-en-pareds\/#breadcrumb\"},\"inLanguage\":\"fr-FR\",\"potentialAction\":[{\"@type\":\"ReadAction\",\"target\":[\"https:\/\/www.claudeguyot.com\/index.php\/2016\/09\/17\/lassociation-claude-guyot-a-commemore-la-disparition-du-marechal-jean-de-lattre-de-tassigny-a-mouilleron-en-pareds\/\"]}]},{\"@type\":\"BreadcrumbList\",\"@id\":\"https:\/\/www.claudeguyot.com\/index.php\/2016\/09\/17\/lassociation-claude-guyot-a-commemore-la-disparition-du-marechal-jean-de-lattre-de-tassigny-a-mouilleron-en-pareds\/#breadcrumb\",\"itemListElement\":[{\"@type\":\"ListItem\",\"position\":1,\"name\":\"Accueil\",\"item\":\"https:\/\/www.claudeguyot.com\/\"},{\"@type\":\"ListItem\",\"position\":2,\"name\":\"L&#8217;association Claude Guyot a comm\u00e9mor\u00e9 la disparition du Mar\u00e9chal Jean de Lattre de Tassigny \u00e0 Mouilleron-en-Pareds\"}]},{\"@type\":\"WebSite\",\"@id\":\"https:\/\/www.claudeguyot.com\/#website\",\"url\":\"https:\/\/www.claudeguyot.com\/\",\"name\":\"Association Claude Guyot\",\"description\":\"Association loi 1901 reconnue d&#039;int\u00e9r\u00eat g\u00e9n\u00e9ral\",\"potentialAction\":[{\"@type\":\"SearchAction\",\"target\":{\"@type\":\"EntryPoint\",\"urlTemplate\":\"https:\/\/www.claudeguyot.com\/?s={search_term_string}\"},\"query-input\":\"required name=search_term_string\"}],\"inLanguage\":\"fr-FR\"},{\"@type\":\"Person\",\"@id\":\"https:\/\/www.claudeguyot.com\/#\/schema\/person\/fbc6c67d5e15fc909d64aab1f1f150a1\",\"name\":\"Claude Guyot\",\"image\":{\"@type\":\"ImageObject\",\"inLanguage\":\"fr-FR\",\"@id\":\"https:\/\/www.claudeguyot.com\/#\/schema\/person\/image\/\",\"url\":\"https:\/\/secure.gravatar.com\/avatar\/8835715a7343599eaa98fab3b13c331c454cc537ea4343abb5ad3fefe9b4d586?s=96&d=mm&r=g\",\"contentUrl\":\"https:\/\/secure.gravatar.com\/avatar\/8835715a7343599eaa98fab3b13c331c454cc537ea4343abb5ad3fefe9b4d586?s=96&d=mm&r=g\",\"caption\":\"Claude Guyot\"},\"url\":\"https:\/\/www.claudeguyot.com\/index.php\/author\/admin5958\/\"}]}<\/script>\n<!-- \/ Yoast SEO plugin. -->","yoast_head_json":{"title":"L'association Claude Guyot a comm\u00e9mor\u00e9 la disparition du Mar\u00e9chal Jean de Lattre de Tassigny \u00e0 Mouilleron-en-Pareds - Association Claude Guyot","robots":{"index":"index","follow":"follow","max-snippet":"max-snippet:-1","max-image-preview":"max-image-preview:large","max-video-preview":"max-video-preview:-1"},"canonical":"https:\/\/www.claudeguyot.com\/index.php\/2016\/09\/17\/lassociation-claude-guyot-a-commemore-la-disparition-du-marechal-jean-de-lattre-de-tassigny-a-mouilleron-en-pareds\/","og_locale":"fr_FR","og_type":"article","og_title":"L'association Claude Guyot a comm\u00e9mor\u00e9 la disparition du Mar\u00e9chal Jean de Lattre de Tassigny \u00e0 Mouilleron-en-Pareds - Association Claude Guyot","og_description":"En sa qualit\u00e9 d&rsquo;administrateur de l&rsquo;Institut vend\u00e9en Clemenceau &#8211; de Lattre, Hadrien Lacoste, pr\u00e9sident de l&rsquo;Association Claude Guyot, participait aux\u00a0c\u00e9r\u00e9monies comm\u00e9morant la disparition du Mar\u00e9chal Jean de Lattre de Tassigny. Au nom de l&rsquo;Association Claude Guyot, il a proc\u00e9d\u00e9 au fleurissement\u00a0de la tombe du Mar\u00e9chal de Lattre de Tassigny. Jean de Lattre de Tassigny est &hellip; Continuer la lecture de L&rsquo;association Claude Guyot a comm\u00e9mor\u00e9 la disparition du Mar\u00e9chal Jean de Lattre de Tassigny \u00e0 Mouilleron-en-Pareds &rarr;","og_url":"https:\/\/www.claudeguyot.com\/index.php\/2016\/09\/17\/lassociation-claude-guyot-a-commemore-la-disparition-du-marechal-jean-de-lattre-de-tassigny-a-mouilleron-en-pareds\/","og_site_name":"Association Claude Guyot","article_published_time":"2016-09-17T21:26:47+00:00","article_modified_time":"2025-07-08T20:43:09+00:00","og_image":[{"width":960,"height":640,"url":"https:\/\/www.claudeguyot.com\/wp-content\/uploads\/2016\/09\/de-Lattre-2.jpeg","type":"image\/jpeg"}],"author":"Claude Guyot","twitter_card":"summary_large_image","twitter_misc":{"\u00c9crit par":"Claude Guyot","Dur\u00e9e de lecture estim\u00e9e":"3 minutes"},"schema":{"@context":"https:\/\/schema.org","@graph":[{"@type":"WebPage","@id":"https:\/\/www.claudeguyot.com\/index.php\/2016\/09\/17\/lassociation-claude-guyot-a-commemore-la-disparition-du-marechal-jean-de-lattre-de-tassigny-a-mouilleron-en-pareds\/","url":"https:\/\/www.claudeguyot.com\/index.php\/2016\/09\/17\/lassociation-claude-guyot-a-commemore-la-disparition-du-marechal-jean-de-lattre-de-tassigny-a-mouilleron-en-pareds\/","name":"L'association Claude Guyot a comm\u00e9mor\u00e9 la disparition du Mar\u00e9chal Jean de Lattre de Tassigny \u00e0 Mouilleron-en-Pareds - Association Claude Guyot","isPartOf":{"@id":"https:\/\/www.claudeguyot.com\/#website"},"datePublished":"2016-09-17T21:26:47+00:00","dateModified":"2025-07-08T20:43:09+00:00","author":{"@id":"https:\/\/www.claudeguyot.com\/#\/schema\/person\/fbc6c67d5e15fc909d64aab1f1f150a1"},"breadcrumb":{"@id":"https:\/\/www.claudeguyot.com\/index.php\/2016\/09\/17\/lassociation-claude-guyot-a-commemore-la-disparition-du-marechal-jean-de-lattre-de-tassigny-a-mouilleron-en-pareds\/#breadcrumb"},"inLanguage":"fr-FR","potentialAction":[{"@type":"ReadAction","target":["https:\/\/www.claudeguyot.com\/index.php\/2016\/09\/17\/lassociation-claude-guyot-a-commemore-la-disparition-du-marechal-jean-de-lattre-de-tassigny-a-mouilleron-en-pareds\/"]}]},{"@type":"BreadcrumbList","@id":"https:\/\/www.claudeguyot.com\/index.php\/2016\/09\/17\/lassociation-claude-guyot-a-commemore-la-disparition-du-marechal-jean-de-lattre-de-tassigny-a-mouilleron-en-pareds\/#breadcrumb","itemListElement":[{"@type":"ListItem","position":1,"name":"Accueil","item":"https:\/\/www.claudeguyot.com\/"},{"@type":"ListItem","position":2,"name":"L&#8217;association Claude Guyot a comm\u00e9mor\u00e9 la disparition du Mar\u00e9chal Jean de Lattre de Tassigny \u00e0 Mouilleron-en-Pareds"}]},{"@type":"WebSite","@id":"https:\/\/www.claudeguyot.com\/#website","url":"https:\/\/www.claudeguyot.com\/","name":"Association Claude Guyot","description":"Association loi 1901 reconnue d&#039;int\u00e9r\u00eat g\u00e9n\u00e9ral","potentialAction":[{"@type":"SearchAction","target":{"@type":"EntryPoint","urlTemplate":"https:\/\/www.claudeguyot.com\/?s={search_term_string}"},"query-input":"required name=search_term_string"}],"inLanguage":"fr-FR"},{"@type":"Person","@id":"https:\/\/www.claudeguyot.com\/#\/schema\/person\/fbc6c67d5e15fc909d64aab1f1f150a1","name":"Claude Guyot","image":{"@type":"ImageObject","inLanguage":"fr-FR","@id":"https:\/\/www.claudeguyot.com\/#\/schema\/person\/image\/","url":"https:\/\/secure.gravatar.com\/avatar\/8835715a7343599eaa98fab3b13c331c454cc537ea4343abb5ad3fefe9b4d586?s=96&d=mm&r=g","contentUrl":"https:\/\/secure.gravatar.com\/avatar\/8835715a7343599eaa98fab3b13c331c454cc537ea4343abb5ad3fefe9b4d586?s=96&d=mm&r=g","caption":"Claude Guyot"},"url":"https:\/\/www.claudeguyot.com\/index.php\/author\/admin5958\/"}]}},"jetpack_featured_media_url":"https:\/\/www.claudeguyot.com\/wp-content\/uploads\/2016\/09\/de-Lattre-2.jpeg","_links":{"self":[{"href":"https:\/\/www.claudeguyot.com\/index.php\/wp-json\/wp\/v2\/posts\/149","targetHints":{"allow":["GET"]}}],"collection":[{"href":"https:\/\/www.claudeguyot.com\/index.php\/wp-json\/wp\/v2\/posts"}],"about":[{"href":"https:\/\/www.claudeguyot.com\/index.php\/wp-json\/wp\/v2\/types\/post"}],"author":[{"embeddable":true,"href":"https:\/\/www.claudeguyot.com\/index.php\/wp-json\/wp\/v2\/users\/1"}],"replies":[{"embeddable":true,"href":"https:\/\/www.claudeguyot.com\/index.php\/wp-json\/wp\/v2\/comments?post=149"}],"version-history":[{"count":1,"href":"https:\/\/www.claudeguyot.com\/index.php\/wp-json\/wp\/v2\/posts\/149\/revisions"}],"predecessor-version":[{"id":159,"href":"https:\/\/www.claudeguyot.com\/index.php\/wp-json\/wp\/v2\/posts\/149\/revisions\/159"}],"wp:featuredmedia":[{"embeddable":true,"href":"https:\/\/www.claudeguyot.com\/index.php\/wp-json\/wp\/v2\/media\/150"}],"wp:attachment":[{"href":"https:\/\/www.claudeguyot.com\/index.php\/wp-json\/wp\/v2\/media?parent=149"}],"wp:term":[{"taxonomy":"category","embeddable":true,"href":"https:\/\/www.claudeguyot.com\/index.php\/wp-json\/wp\/v2\/categories?post=149"},{"taxonomy":"post_tag","embeddable":true,"href":"https:\/\/www.claudeguyot.com\/index.php\/wp-json\/wp\/v2\/tags?post=149"}],"curies":[{"name":"wp","href":"https:\/\/api.w.org\/{rel}","templated":true}]}}