{"id":1595,"date":"2025-06-13T09:22:39","date_gmt":"2025-06-13T08:22:39","guid":{"rendered":"https:\/\/www.claudeguyot.com\/?p=1595"},"modified":"2025-06-16T22:24:18","modified_gmt":"2025-06-16T21:24:18","slug":"exposition-un-exil-combattant-les-artistes-et-la-france-1939-1945-au-musee-de-larmee","status":"publish","type":"post","link":"https:\/\/www.claudeguyot.com\/index.php\/2025\/06\/13\/exposition-un-exil-combattant-les-artistes-et-la-france-1939-1945-au-musee-de-larmee\/","title":{"rendered":"Exposition &#8211; Un exil combattant. Les artistes et la France 1939-1945 au Mus\u00e9e de l&rsquo;Arm\u00e9e"},"content":{"rendered":"\n<figure class=\"wp-block-gallery has-nested-images columns-default is-cropped wp-block-gallery-1 is-layout-flex wp-block-gallery-is-layout-flex\">\n<figure class=\"wp-block-image size-large\"><img loading=\"lazy\" decoding=\"async\" width=\"720\" height=\"394\" data-id=\"1597\" src=\"https:\/\/www.claudeguyot.com\/wp-content\/uploads\/2025\/06\/fanion-de-la-voiture-de-charles-de-gaulle-a-londres-c-paris-musee-de-l-armee-dist-grandpalaisrmn-marie-bour-67c18adde94b7749411512.avif\" alt=\"\" class=\"wp-image-1597\"\/><\/figure>\n<\/figure>\n\n\n\n<p>Cette exposition exceptionnelle retrace les destins d\u2019artistes et d\u2019intellectuels qui, durant la Seconde Guerre mondiale, ont choisi l\u2019exil et men\u00e9 un combat culturel intense. Leurs cr\u00e9ations deviennent des armes au service de la Libert\u00e9 et de la France libre. D\u00e9couvrez des \u0153uvres uniques, des portraits saisissants, des r\u00e9cits vibrants. Fernand L\u00e9ger, Jean Gabin, Ossip Zadkine, Romain Gary, Alexander Calder, Paul \u00c9luard\u2026 et bien d\u2019autres.<\/p>\n\n\n\n<p>D\u00e8s le d\u00e9but de la Seconde Guerre mondiale, de nombreux artistes et intellectuels fuient la France de Vichy et l\u2019Occupation et \u00a0prennent le chemin de l\u2019exil. De Londres \u00e0 New York, d\u2019Alger \u00e0 Buenos Aires,\u00a0<strong>l\u2019exposition souligne l\u2019incroyable vitalit\u00e9 de la cr\u00e9ation dans les territoires libres, et racontent les destins de figures c\u00e9l\u00e8bres engag\u00e9es pour la France libre.<\/strong><br><br>Fernand L\u00e9ger, Anna Marly, Jean Gabin, Ren\u00e9 Cassin, Alexander Calder\u2026 autant de figures marquantes dont les \u0153uvres et les actions se mettent au service de la Libert\u00e9.\u00a0<strong>L\u2019exposition reconstitue deux lieux embl\u00e9matiques du carrefour cr\u00e9atif du New York de l\u2019\u00e9poque<\/strong>\u00a0: l\u2019atelier du sculpteur Ossip Zadkine\u00a0 \u2013 exil\u00e9 d\u00e8s 1941 \u2013 et la librairie\u00a0<em>Gotham Book<\/em>\u00a0\u00e0 l\u2019atmosph\u00e8re vibrante o\u00f9 l\u2019esprit fran\u00e7ais s\u2019\u00e9panouissait en pleine guerre.<\/p>\n\n\n\n<figure class=\"wp-block-embed is-type-video is-provider-youtube wp-block-embed-youtube wp-embed-aspect-16-9 wp-has-aspect-ratio\"><div class=\"wp-block-embed__wrapper\">\n<iframe loading=\"lazy\" title=\"Exposition &quot;Un exil combattant. Les artistes et la France 1939 -1945&quot; - Bande-annonce !\" width=\"474\" height=\"267\" src=\"https:\/\/www.youtube.com\/embed\/rX4hzGtB8VQ?feature=oembed\" frameborder=\"0\" allow=\"accelerometer; autoplay; clipboard-write; encrypted-media; gyroscope; picture-in-picture; web-share\" referrerpolicy=\"strict-origin-when-cross-origin\" allowfullscreen><\/iframe>\n<\/div><\/figure>\n\n\n\n<p><strong>Exposition jusqu\u2019au 22 juin 2025 :<\/strong> Tous les jours de 10h \u00e0 18h. \u00a0Nocturne jusqu\u2019\u00e0 22h chaque 1<sup>er<\/sup>\u00a0vendredi du mois.<\/p>\n\n\n\n<p><\/p>\n","protected":false},"excerpt":{"rendered":"<p>Cette exposition exceptionnelle retrace les destins d\u2019artistes et d\u2019intellectuels qui, durant la Seconde Guerre mondiale, ont choisi l\u2019exil et men\u00e9 un combat culturel intense. Leurs cr\u00e9ations deviennent des armes au service de la Libert\u00e9 et de la France libre. D\u00e9couvrez des \u0153uvres uniques, des portraits saisissants, des r\u00e9cits vibrants. Fernand L\u00e9ger, Jean Gabin, Ossip Zadkine, &hellip; <a href=\"https:\/\/www.claudeguyot.com\/index.php\/2025\/06\/13\/exposition-un-exil-combattant-les-artistes-et-la-france-1939-1945-au-musee-de-larmee\/\" class=\"more-link\">Continuer la lecture de <span class=\"screen-reader-text\">Exposition &#8211; Un exil combattant. Les artistes et la France 1939-1945 au Mus\u00e9e de l&rsquo;Arm\u00e9e<\/span>  <span class=\"meta-nav\">&rarr;<\/span><\/a><\/p>\n","protected":false},"author":1,"featured_media":1596,"comment_status":"closed","ping_status":"closed","sticky":false,"template":"","format":"standard","meta":{"footnotes":""},"categories":[1],"tags":[],"class_list":["post-1595","post","type-post","status-publish","format-standard","has-post-thumbnail","hentry","category-non-classe"],"yoast_head":"<!-- This site is optimized with the Yoast SEO plugin v19.9 - https:\/\/yoast.com\/wordpress\/plugins\/seo\/ -->\n<title>Exposition - Un exil combattant. Les artistes et la France 1939-1945 au Mus\u00e9e de l&#039;Arm\u00e9e - Association Claude Guyot<\/title>\n<meta name=\"robots\" content=\"index, follow, max-snippet:-1, max-image-preview:large, max-video-preview:-1\" \/>\n<link rel=\"canonical\" href=\"https:\/\/www.claudeguyot.com\/index.php\/2025\/06\/13\/exposition-un-exil-combattant-les-artistes-et-la-france-1939-1945-au-musee-de-larmee\/\" \/>\n<meta property=\"og:locale\" content=\"fr_FR\" \/>\n<meta property=\"og:type\" content=\"article\" \/>\n<meta property=\"og:title\" content=\"Exposition - Un exil combattant. Les artistes et la France 1939-1945 au Mus\u00e9e de l&#039;Arm\u00e9e - Association Claude Guyot\" \/>\n<meta property=\"og:description\" content=\"Cette exposition exceptionnelle retrace les destins d\u2019artistes et d\u2019intellectuels qui, durant la Seconde Guerre mondiale, ont choisi l\u2019exil et men\u00e9 un combat culturel intense. Leurs cr\u00e9ations deviennent des armes au service de la Libert\u00e9 et de la France libre. D\u00e9couvrez des \u0153uvres uniques, des portraits saisissants, des r\u00e9cits vibrants. Fernand L\u00e9ger, Jean Gabin, Ossip Zadkine, &hellip; Continuer la lecture de Exposition &#8211; Un exil combattant. Les artistes et la France 1939-1945 au Mus\u00e9e de l&rsquo;Arm\u00e9e &rarr;\" \/>\n<meta property=\"og:url\" content=\"https:\/\/www.claudeguyot.com\/index.php\/2025\/06\/13\/exposition-un-exil-combattant-les-artistes-et-la-france-1939-1945-au-musee-de-larmee\/\" \/>\n<meta property=\"og:site_name\" content=\"Association Claude Guyot\" \/>\n<meta property=\"article:published_time\" content=\"2025-06-13T08:22:39+00:00\" \/>\n<meta property=\"article:modified_time\" content=\"2025-06-16T21:24:18+00:00\" \/>\n<meta property=\"og:image\" content=\"https:\/\/www.claudeguyot.com\/wp-content\/uploads\/2025\/06\/csm_Exil_combattant_musee_armee_01_6af75888a2.jpg\" \/>\n\t<meta property=\"og:image:width\" content=\"576\" \/>\n\t<meta property=\"og:image:height\" content=\"279\" \/>\n\t<meta property=\"og:image:type\" content=\"image\/jpeg\" \/>\n<meta name=\"author\" content=\"Claude Guyot\" \/>\n<meta name=\"twitter:card\" content=\"summary_large_image\" \/>\n<meta name=\"twitter:label1\" content=\"\u00c9crit par\" \/>\n\t<meta name=\"twitter:data1\" content=\"Claude Guyot\" \/>\n\t<meta name=\"twitter:label2\" content=\"Dur\u00e9e de lecture estim\u00e9e\" \/>\n\t<meta name=\"twitter:data2\" content=\"2 minutes\" \/>\n<script type=\"application\/ld+json\" class=\"yoast-schema-graph\">{\"@context\":\"https:\/\/schema.org\",\"@graph\":[{\"@type\":\"WebPage\",\"@id\":\"https:\/\/www.claudeguyot.com\/index.php\/2025\/06\/13\/exposition-un-exil-combattant-les-artistes-et-la-france-1939-1945-au-musee-de-larmee\/\",\"url\":\"https:\/\/www.claudeguyot.com\/index.php\/2025\/06\/13\/exposition-un-exil-combattant-les-artistes-et-la-france-1939-1945-au-musee-de-larmee\/\",\"name\":\"Exposition - Un exil combattant. Les artistes et la France 1939-1945 au Mus\u00e9e de l'Arm\u00e9e - Association Claude Guyot\",\"isPartOf\":{\"@id\":\"https:\/\/www.claudeguyot.com\/#website\"},\"datePublished\":\"2025-06-13T08:22:39+00:00\",\"dateModified\":\"2025-06-16T21:24:18+00:00\",\"author\":{\"@id\":\"https:\/\/www.claudeguyot.com\/#\/schema\/person\/fbc6c67d5e15fc909d64aab1f1f150a1\"},\"breadcrumb\":{\"@id\":\"https:\/\/www.claudeguyot.com\/index.php\/2025\/06\/13\/exposition-un-exil-combattant-les-artistes-et-la-france-1939-1945-au-musee-de-larmee\/#breadcrumb\"},\"inLanguage\":\"fr-FR\",\"potentialAction\":[{\"@type\":\"ReadAction\",\"target\":[\"https:\/\/www.claudeguyot.com\/index.php\/2025\/06\/13\/exposition-un-exil-combattant-les-artistes-et-la-france-1939-1945-au-musee-de-larmee\/\"]}]},{\"@type\":\"BreadcrumbList\",\"@id\":\"https:\/\/www.claudeguyot.com\/index.php\/2025\/06\/13\/exposition-un-exil-combattant-les-artistes-et-la-france-1939-1945-au-musee-de-larmee\/#breadcrumb\",\"itemListElement\":[{\"@type\":\"ListItem\",\"position\":1,\"name\":\"Accueil\",\"item\":\"https:\/\/www.claudeguyot.com\/\"},{\"@type\":\"ListItem\",\"position\":2,\"name\":\"Exposition &#8211; Un exil combattant. Les artistes et la France 1939-1945 au Mus\u00e9e de l&#8217;Arm\u00e9e\"}]},{\"@type\":\"WebSite\",\"@id\":\"https:\/\/www.claudeguyot.com\/#website\",\"url\":\"https:\/\/www.claudeguyot.com\/\",\"name\":\"Association Claude Guyot\",\"description\":\"Association loi 1901 reconnue d&#039;int\u00e9r\u00eat g\u00e9n\u00e9ral\",\"potentialAction\":[{\"@type\":\"SearchAction\",\"target\":{\"@type\":\"EntryPoint\",\"urlTemplate\":\"https:\/\/www.claudeguyot.com\/?s={search_term_string}\"},\"query-input\":\"required name=search_term_string\"}],\"inLanguage\":\"fr-FR\"},{\"@type\":\"Person\",\"@id\":\"https:\/\/www.claudeguyot.com\/#\/schema\/person\/fbc6c67d5e15fc909d64aab1f1f150a1\",\"name\":\"Claude Guyot\",\"image\":{\"@type\":\"ImageObject\",\"inLanguage\":\"fr-FR\",\"@id\":\"https:\/\/www.claudeguyot.com\/#\/schema\/person\/image\/\",\"url\":\"https:\/\/secure.gravatar.com\/avatar\/8835715a7343599eaa98fab3b13c331c454cc537ea4343abb5ad3fefe9b4d586?s=96&d=mm&r=g\",\"contentUrl\":\"https:\/\/secure.gravatar.com\/avatar\/8835715a7343599eaa98fab3b13c331c454cc537ea4343abb5ad3fefe9b4d586?s=96&d=mm&r=g\",\"caption\":\"Claude Guyot\"},\"url\":\"https:\/\/www.claudeguyot.com\/index.php\/author\/admin5958\/\"}]}<\/script>\n<!-- \/ Yoast SEO plugin. -->","yoast_head_json":{"title":"Exposition - Un exil combattant. Les artistes et la France 1939-1945 au Mus\u00e9e de l'Arm\u00e9e - Association Claude Guyot","robots":{"index":"index","follow":"follow","max-snippet":"max-snippet:-1","max-image-preview":"max-image-preview:large","max-video-preview":"max-video-preview:-1"},"canonical":"https:\/\/www.claudeguyot.com\/index.php\/2025\/06\/13\/exposition-un-exil-combattant-les-artistes-et-la-france-1939-1945-au-musee-de-larmee\/","og_locale":"fr_FR","og_type":"article","og_title":"Exposition - Un exil combattant. Les artistes et la France 1939-1945 au Mus\u00e9e de l'Arm\u00e9e - Association Claude Guyot","og_description":"Cette exposition exceptionnelle retrace les destins d\u2019artistes et d\u2019intellectuels qui, durant la Seconde Guerre mondiale, ont choisi l\u2019exil et men\u00e9 un combat culturel intense. Leurs cr\u00e9ations deviennent des armes au service de la Libert\u00e9 et de la France libre. D\u00e9couvrez des \u0153uvres uniques, des portraits saisissants, des r\u00e9cits vibrants. Fernand L\u00e9ger, Jean Gabin, Ossip Zadkine, &hellip; Continuer la lecture de Exposition &#8211; Un exil combattant. Les artistes et la France 1939-1945 au Mus\u00e9e de l&rsquo;Arm\u00e9e &rarr;","og_url":"https:\/\/www.claudeguyot.com\/index.php\/2025\/06\/13\/exposition-un-exil-combattant-les-artistes-et-la-france-1939-1945-au-musee-de-larmee\/","og_site_name":"Association Claude Guyot","article_published_time":"2025-06-13T08:22:39+00:00","article_modified_time":"2025-06-16T21:24:18+00:00","og_image":[{"width":576,"height":279,"url":"https:\/\/www.claudeguyot.com\/wp-content\/uploads\/2025\/06\/csm_Exil_combattant_musee_armee_01_6af75888a2.jpg","type":"image\/jpeg"}],"author":"Claude Guyot","twitter_card":"summary_large_image","twitter_misc":{"\u00c9crit par":"Claude Guyot","Dur\u00e9e de lecture estim\u00e9e":"2 minutes"},"schema":{"@context":"https:\/\/schema.org","@graph":[{"@type":"WebPage","@id":"https:\/\/www.claudeguyot.com\/index.php\/2025\/06\/13\/exposition-un-exil-combattant-les-artistes-et-la-france-1939-1945-au-musee-de-larmee\/","url":"https:\/\/www.claudeguyot.com\/index.php\/2025\/06\/13\/exposition-un-exil-combattant-les-artistes-et-la-france-1939-1945-au-musee-de-larmee\/","name":"Exposition - Un exil combattant. Les artistes et la France 1939-1945 au Mus\u00e9e de l'Arm\u00e9e - Association Claude Guyot","isPartOf":{"@id":"https:\/\/www.claudeguyot.com\/#website"},"datePublished":"2025-06-13T08:22:39+00:00","dateModified":"2025-06-16T21:24:18+00:00","author":{"@id":"https:\/\/www.claudeguyot.com\/#\/schema\/person\/fbc6c67d5e15fc909d64aab1f1f150a1"},"breadcrumb":{"@id":"https:\/\/www.claudeguyot.com\/index.php\/2025\/06\/13\/exposition-un-exil-combattant-les-artistes-et-la-france-1939-1945-au-musee-de-larmee\/#breadcrumb"},"inLanguage":"fr-FR","potentialAction":[{"@type":"ReadAction","target":["https:\/\/www.claudeguyot.com\/index.php\/2025\/06\/13\/exposition-un-exil-combattant-les-artistes-et-la-france-1939-1945-au-musee-de-larmee\/"]}]},{"@type":"BreadcrumbList","@id":"https:\/\/www.claudeguyot.com\/index.php\/2025\/06\/13\/exposition-un-exil-combattant-les-artistes-et-la-france-1939-1945-au-musee-de-larmee\/#breadcrumb","itemListElement":[{"@type":"ListItem","position":1,"name":"Accueil","item":"https:\/\/www.claudeguyot.com\/"},{"@type":"ListItem","position":2,"name":"Exposition &#8211; Un exil combattant. Les artistes et la France 1939-1945 au Mus\u00e9e de l&#8217;Arm\u00e9e"}]},{"@type":"WebSite","@id":"https:\/\/www.claudeguyot.com\/#website","url":"https:\/\/www.claudeguyot.com\/","name":"Association Claude Guyot","description":"Association loi 1901 reconnue d&#039;int\u00e9r\u00eat g\u00e9n\u00e9ral","potentialAction":[{"@type":"SearchAction","target":{"@type":"EntryPoint","urlTemplate":"https:\/\/www.claudeguyot.com\/?s={search_term_string}"},"query-input":"required name=search_term_string"}],"inLanguage":"fr-FR"},{"@type":"Person","@id":"https:\/\/www.claudeguyot.com\/#\/schema\/person\/fbc6c67d5e15fc909d64aab1f1f150a1","name":"Claude Guyot","image":{"@type":"ImageObject","inLanguage":"fr-FR","@id":"https:\/\/www.claudeguyot.com\/#\/schema\/person\/image\/","url":"https:\/\/secure.gravatar.com\/avatar\/8835715a7343599eaa98fab3b13c331c454cc537ea4343abb5ad3fefe9b4d586?s=96&d=mm&r=g","contentUrl":"https:\/\/secure.gravatar.com\/avatar\/8835715a7343599eaa98fab3b13c331c454cc537ea4343abb5ad3fefe9b4d586?s=96&d=mm&r=g","caption":"Claude Guyot"},"url":"https:\/\/www.claudeguyot.com\/index.php\/author\/admin5958\/"}]}},"jetpack_featured_media_url":"https:\/\/www.claudeguyot.com\/wp-content\/uploads\/2025\/06\/csm_Exil_combattant_musee_armee_01_6af75888a2.jpg","_links":{"self":[{"href":"https:\/\/www.claudeguyot.com\/index.php\/wp-json\/wp\/v2\/posts\/1595","targetHints":{"allow":["GET"]}}],"collection":[{"href":"https:\/\/www.claudeguyot.com\/index.php\/wp-json\/wp\/v2\/posts"}],"about":[{"href":"https:\/\/www.claudeguyot.com\/index.php\/wp-json\/wp\/v2\/types\/post"}],"author":[{"embeddable":true,"href":"https:\/\/www.claudeguyot.com\/index.php\/wp-json\/wp\/v2\/users\/1"}],"replies":[{"embeddable":true,"href":"https:\/\/www.claudeguyot.com\/index.php\/wp-json\/wp\/v2\/comments?post=1595"}],"version-history":[{"count":1,"href":"https:\/\/www.claudeguyot.com\/index.php\/wp-json\/wp\/v2\/posts\/1595\/revisions"}],"predecessor-version":[{"id":1598,"href":"https:\/\/www.claudeguyot.com\/index.php\/wp-json\/wp\/v2\/posts\/1595\/revisions\/1598"}],"wp:featuredmedia":[{"embeddable":true,"href":"https:\/\/www.claudeguyot.com\/index.php\/wp-json\/wp\/v2\/media\/1596"}],"wp:attachment":[{"href":"https:\/\/www.claudeguyot.com\/index.php\/wp-json\/wp\/v2\/media?parent=1595"}],"wp:term":[{"taxonomy":"category","embeddable":true,"href":"https:\/\/www.claudeguyot.com\/index.php\/wp-json\/wp\/v2\/categories?post=1595"},{"taxonomy":"post_tag","embeddable":true,"href":"https:\/\/www.claudeguyot.com\/index.php\/wp-json\/wp\/v2\/tags?post=1595"}],"curies":[{"name":"wp","href":"https:\/\/api.w.org\/{rel}","templated":true}]}}