{"id":1599,"date":"2025-06-13T17:34:28","date_gmt":"2025-06-13T16:34:28","guid":{"rendered":"https:\/\/www.claudeguyot.com\/?p=1599"},"modified":"2025-06-16T22:24:10","modified_gmt":"2025-06-16T21:24:10","slug":"invitation-clemenceau-de-lattre-exemple-de-reconciliation-nationale","status":"publish","type":"post","link":"https:\/\/www.claudeguyot.com\/index.php\/2025\/06\/13\/invitation-clemenceau-de-lattre-exemple-de-reconciliation-nationale\/","title":{"rendered":"INVITATION &#8211; \u00ab Clemenceau &#8211; de Lattre, exemple de r\u00e9conciliation nationale \u00bb"},"content":{"rendered":"\n<p><\/p>\n\n\n\n<p>Fran\u00e7ois de Gaillard, pr\u00e9sident de l\u2019Institut Vend\u00e9en Clemenceau de Lattre, prononcera une conf\u00e9rence sur<\/p>\n\n\n\n<p class=\"has-text-align-center\"><strong>\u00ab Clemenceau &#8211; de Lattre, exemple de r\u00e9conciliation nationale \u00bb<\/strong><\/p>\n\n\n\n<p class=\"has-text-align-center\"><strong>mardi 24 juin 2025 <\/strong><\/p>\n\n\n\n<p class=\"has-text-align-center\"><strong>\u00e0 18 heures 30<\/strong><\/p>\n\n\n\n<p class=\"has-text-align-center\"><strong>Ecole militaire de Paris<\/strong><\/p>\n\n\n\n<p>Si vous en avez la possibilit\u00e9, vous \u00eates cordialement invit\u00e9s \u00e0 assister \u00e0 cette conf\u00e9rence.<\/p>\n\n\n\n<p>Pour des raisons de s\u00e9curit\u00e9, il est important <strong>avant le 20 juin 2025<\/strong> :<\/p>\n\n\n\n<p>\u2022 de vous inscrire <a href=\"https:\/\/www.paris-ecole-militaire.fr\/fr\/forms\/conferenceintramarine24\">via le lien suivant <\/a><br><\/p>\n\n\n\n<p>\u2022 et en vous signalant au mail du secr\u00e9tariat indiqu\u00e9 aussi sur le carton : <a href=\"secintramarine@gmail.com\">secintramarine@gmail.com <\/a><\/p>\n\n\n\n<p>N\u2019oubliez pas de faire ces deux d\u00e9marches imp\u00e9rativement <strong>avant le 20 juin 2025<\/strong>, sinon vous ne pourrez pas p\u00e9n\u00e9trer sur le site.<\/p>\n\n\n\n<ul class=\"wp-block-list\">\n<li><a href=\"https:\/\/www.claudeguyot.com\/wp-content\/uploads\/2025\/06\/INTRA-MARINE_Conference-de-GAILLARD__20250624.pdf\">Cliquez ici pour t\u00e9l\u00e9charger l&rsquo;invitation<\/a><\/li>\n<\/ul>\n","protected":false},"excerpt":{"rendered":"<p>Fran\u00e7ois de Gaillard, pr\u00e9sident de l\u2019Institut Vend\u00e9en Clemenceau de Lattre, prononcera une conf\u00e9rence sur \u00ab Clemenceau &#8211; de Lattre, exemple de r\u00e9conciliation nationale \u00bb mardi 24 juin 2025 \u00e0 18 heures 30 Ecole militaire de Paris Si vous en avez la possibilit\u00e9, vous \u00eates cordialement invit\u00e9s \u00e0 assister \u00e0 cette conf\u00e9rence. Pour des raisons de &hellip; <a href=\"https:\/\/www.claudeguyot.com\/index.php\/2025\/06\/13\/invitation-clemenceau-de-lattre-exemple-de-reconciliation-nationale\/\" class=\"more-link\">Continuer la lecture de <span class=\"screen-reader-text\">INVITATION &#8211; \u00ab Clemenceau &#8211; de Lattre, exemple de r\u00e9conciliation nationale \u00bb<\/span>  <span class=\"meta-nav\">&rarr;<\/span><\/a><\/p>\n","protected":false},"author":1,"featured_media":1600,"comment_status":"closed","ping_status":"closed","sticky":false,"template":"","format":"standard","meta":{"footnotes":""},"categories":[1],"tags":[],"class_list":["post-1599","post","type-post","status-publish","format-standard","has-post-thumbnail","hentry","category-non-classe"],"yoast_head":"<!-- This site is optimized with the Yoast SEO plugin v19.9 - https:\/\/yoast.com\/wordpress\/plugins\/seo\/ -->\n<title>INVITATION - \u00ab Clemenceau - de Lattre, exemple de r\u00e9conciliation nationale \u00bb - Association Claude Guyot<\/title>\n<meta name=\"robots\" content=\"index, follow, max-snippet:-1, max-image-preview:large, max-video-preview:-1\" \/>\n<link rel=\"canonical\" href=\"https:\/\/www.claudeguyot.com\/index.php\/2025\/06\/13\/invitation-clemenceau-de-lattre-exemple-de-reconciliation-nationale\/\" \/>\n<meta property=\"og:locale\" content=\"fr_FR\" \/>\n<meta property=\"og:type\" content=\"article\" \/>\n<meta property=\"og:title\" content=\"INVITATION - \u00ab Clemenceau - de Lattre, exemple de r\u00e9conciliation nationale \u00bb - Association Claude Guyot\" \/>\n<meta property=\"og:description\" content=\"Fran\u00e7ois de Gaillard, pr\u00e9sident de l\u2019Institut Vend\u00e9en Clemenceau de Lattre, prononcera une conf\u00e9rence sur \u00ab Clemenceau &#8211; de Lattre, exemple de r\u00e9conciliation nationale \u00bb mardi 24 juin 2025 \u00e0 18 heures 30 Ecole militaire de Paris Si vous en avez la possibilit\u00e9, vous \u00eates cordialement invit\u00e9s \u00e0 assister \u00e0 cette conf\u00e9rence. Pour des raisons de &hellip; Continuer la lecture de INVITATION &#8211; \u00ab Clemenceau &#8211; de Lattre, exemple de r\u00e9conciliation nationale \u00bb &rarr;\" \/>\n<meta property=\"og:url\" content=\"https:\/\/www.claudeguyot.com\/index.php\/2025\/06\/13\/invitation-clemenceau-de-lattre-exemple-de-reconciliation-nationale\/\" \/>\n<meta property=\"og:site_name\" content=\"Association Claude Guyot\" \/>\n<meta property=\"article:published_time\" content=\"2025-06-13T16:34:28+00:00\" \/>\n<meta property=\"article:modified_time\" content=\"2025-06-16T21:24:10+00:00\" \/>\n<meta property=\"og:image\" content=\"https:\/\/www.claudeguyot.com\/wp-content\/uploads\/2025\/06\/Banniere-general.png\" \/>\n\t<meta property=\"og:image:width\" content=\"1920\" \/>\n\t<meta property=\"og:image:height\" content=\"600\" \/>\n\t<meta property=\"og:image:type\" content=\"image\/png\" \/>\n<meta name=\"author\" content=\"Claude Guyot\" \/>\n<meta name=\"twitter:card\" content=\"summary_large_image\" \/>\n<meta name=\"twitter:label1\" content=\"\u00c9crit par\" \/>\n\t<meta name=\"twitter:data1\" content=\"Claude Guyot\" \/>\n\t<meta name=\"twitter:label2\" content=\"Dur\u00e9e de lecture estim\u00e9e\" \/>\n\t<meta name=\"twitter:data2\" content=\"1 minute\" \/>\n<script type=\"application\/ld+json\" class=\"yoast-schema-graph\">{\"@context\":\"https:\/\/schema.org\",\"@graph\":[{\"@type\":\"WebPage\",\"@id\":\"https:\/\/www.claudeguyot.com\/index.php\/2025\/06\/13\/invitation-clemenceau-de-lattre-exemple-de-reconciliation-nationale\/\",\"url\":\"https:\/\/www.claudeguyot.com\/index.php\/2025\/06\/13\/invitation-clemenceau-de-lattre-exemple-de-reconciliation-nationale\/\",\"name\":\"INVITATION - \u00ab Clemenceau - de Lattre, exemple de r\u00e9conciliation nationale \u00bb - Association Claude Guyot\",\"isPartOf\":{\"@id\":\"https:\/\/www.claudeguyot.com\/#website\"},\"datePublished\":\"2025-06-13T16:34:28+00:00\",\"dateModified\":\"2025-06-16T21:24:10+00:00\",\"author\":{\"@id\":\"https:\/\/www.claudeguyot.com\/#\/schema\/person\/fbc6c67d5e15fc909d64aab1f1f150a1\"},\"breadcrumb\":{\"@id\":\"https:\/\/www.claudeguyot.com\/index.php\/2025\/06\/13\/invitation-clemenceau-de-lattre-exemple-de-reconciliation-nationale\/#breadcrumb\"},\"inLanguage\":\"fr-FR\",\"potentialAction\":[{\"@type\":\"ReadAction\",\"target\":[\"https:\/\/www.claudeguyot.com\/index.php\/2025\/06\/13\/invitation-clemenceau-de-lattre-exemple-de-reconciliation-nationale\/\"]}]},{\"@type\":\"BreadcrumbList\",\"@id\":\"https:\/\/www.claudeguyot.com\/index.php\/2025\/06\/13\/invitation-clemenceau-de-lattre-exemple-de-reconciliation-nationale\/#breadcrumb\",\"itemListElement\":[{\"@type\":\"ListItem\",\"position\":1,\"name\":\"Accueil\",\"item\":\"https:\/\/www.claudeguyot.com\/\"},{\"@type\":\"ListItem\",\"position\":2,\"name\":\"INVITATION &#8211; \u00ab Clemenceau &#8211; de Lattre, exemple de r\u00e9conciliation nationale \u00bb\"}]},{\"@type\":\"WebSite\",\"@id\":\"https:\/\/www.claudeguyot.com\/#website\",\"url\":\"https:\/\/www.claudeguyot.com\/\",\"name\":\"Association Claude Guyot\",\"description\":\"Association loi 1901 reconnue d&#039;int\u00e9r\u00eat g\u00e9n\u00e9ral\",\"potentialAction\":[{\"@type\":\"SearchAction\",\"target\":{\"@type\":\"EntryPoint\",\"urlTemplate\":\"https:\/\/www.claudeguyot.com\/?s={search_term_string}\"},\"query-input\":\"required name=search_term_string\"}],\"inLanguage\":\"fr-FR\"},{\"@type\":\"Person\",\"@id\":\"https:\/\/www.claudeguyot.com\/#\/schema\/person\/fbc6c67d5e15fc909d64aab1f1f150a1\",\"name\":\"Claude Guyot\",\"image\":{\"@type\":\"ImageObject\",\"inLanguage\":\"fr-FR\",\"@id\":\"https:\/\/www.claudeguyot.com\/#\/schema\/person\/image\/\",\"url\":\"https:\/\/secure.gravatar.com\/avatar\/8835715a7343599eaa98fab3b13c331c454cc537ea4343abb5ad3fefe9b4d586?s=96&d=mm&r=g\",\"contentUrl\":\"https:\/\/secure.gravatar.com\/avatar\/8835715a7343599eaa98fab3b13c331c454cc537ea4343abb5ad3fefe9b4d586?s=96&d=mm&r=g\",\"caption\":\"Claude Guyot\"},\"url\":\"https:\/\/www.claudeguyot.com\/index.php\/author\/admin5958\/\"}]}<\/script>\n<!-- \/ Yoast SEO plugin. -->","yoast_head_json":{"title":"INVITATION - \u00ab Clemenceau - de Lattre, exemple de r\u00e9conciliation nationale \u00bb - Association Claude Guyot","robots":{"index":"index","follow":"follow","max-snippet":"max-snippet:-1","max-image-preview":"max-image-preview:large","max-video-preview":"max-video-preview:-1"},"canonical":"https:\/\/www.claudeguyot.com\/index.php\/2025\/06\/13\/invitation-clemenceau-de-lattre-exemple-de-reconciliation-nationale\/","og_locale":"fr_FR","og_type":"article","og_title":"INVITATION - \u00ab Clemenceau - de Lattre, exemple de r\u00e9conciliation nationale \u00bb - Association Claude Guyot","og_description":"Fran\u00e7ois de Gaillard, pr\u00e9sident de l\u2019Institut Vend\u00e9en Clemenceau de Lattre, prononcera une conf\u00e9rence sur \u00ab Clemenceau &#8211; de Lattre, exemple de r\u00e9conciliation nationale \u00bb mardi 24 juin 2025 \u00e0 18 heures 30 Ecole militaire de Paris Si vous en avez la possibilit\u00e9, vous \u00eates cordialement invit\u00e9s \u00e0 assister \u00e0 cette conf\u00e9rence. Pour des raisons de &hellip; Continuer la lecture de INVITATION &#8211; \u00ab Clemenceau &#8211; de Lattre, exemple de r\u00e9conciliation nationale \u00bb &rarr;","og_url":"https:\/\/www.claudeguyot.com\/index.php\/2025\/06\/13\/invitation-clemenceau-de-lattre-exemple-de-reconciliation-nationale\/","og_site_name":"Association Claude Guyot","article_published_time":"2025-06-13T16:34:28+00:00","article_modified_time":"2025-06-16T21:24:10+00:00","og_image":[{"width":1920,"height":600,"url":"https:\/\/www.claudeguyot.com\/wp-content\/uploads\/2025\/06\/Banniere-general.png","type":"image\/png"}],"author":"Claude Guyot","twitter_card":"summary_large_image","twitter_misc":{"\u00c9crit par":"Claude Guyot","Dur\u00e9e de lecture estim\u00e9e":"1 minute"},"schema":{"@context":"https:\/\/schema.org","@graph":[{"@type":"WebPage","@id":"https:\/\/www.claudeguyot.com\/index.php\/2025\/06\/13\/invitation-clemenceau-de-lattre-exemple-de-reconciliation-nationale\/","url":"https:\/\/www.claudeguyot.com\/index.php\/2025\/06\/13\/invitation-clemenceau-de-lattre-exemple-de-reconciliation-nationale\/","name":"INVITATION - \u00ab Clemenceau - de Lattre, exemple de r\u00e9conciliation nationale \u00bb - Association Claude Guyot","isPartOf":{"@id":"https:\/\/www.claudeguyot.com\/#website"},"datePublished":"2025-06-13T16:34:28+00:00","dateModified":"2025-06-16T21:24:10+00:00","author":{"@id":"https:\/\/www.claudeguyot.com\/#\/schema\/person\/fbc6c67d5e15fc909d64aab1f1f150a1"},"breadcrumb":{"@id":"https:\/\/www.claudeguyot.com\/index.php\/2025\/06\/13\/invitation-clemenceau-de-lattre-exemple-de-reconciliation-nationale\/#breadcrumb"},"inLanguage":"fr-FR","potentialAction":[{"@type":"ReadAction","target":["https:\/\/www.claudeguyot.com\/index.php\/2025\/06\/13\/invitation-clemenceau-de-lattre-exemple-de-reconciliation-nationale\/"]}]},{"@type":"BreadcrumbList","@id":"https:\/\/www.claudeguyot.com\/index.php\/2025\/06\/13\/invitation-clemenceau-de-lattre-exemple-de-reconciliation-nationale\/#breadcrumb","itemListElement":[{"@type":"ListItem","position":1,"name":"Accueil","item":"https:\/\/www.claudeguyot.com\/"},{"@type":"ListItem","position":2,"name":"INVITATION &#8211; \u00ab Clemenceau &#8211; de Lattre, exemple de r\u00e9conciliation nationale \u00bb"}]},{"@type":"WebSite","@id":"https:\/\/www.claudeguyot.com\/#website","url":"https:\/\/www.claudeguyot.com\/","name":"Association Claude Guyot","description":"Association loi 1901 reconnue d&#039;int\u00e9r\u00eat g\u00e9n\u00e9ral","potentialAction":[{"@type":"SearchAction","target":{"@type":"EntryPoint","urlTemplate":"https:\/\/www.claudeguyot.com\/?s={search_term_string}"},"query-input":"required name=search_term_string"}],"inLanguage":"fr-FR"},{"@type":"Person","@id":"https:\/\/www.claudeguyot.com\/#\/schema\/person\/fbc6c67d5e15fc909d64aab1f1f150a1","name":"Claude Guyot","image":{"@type":"ImageObject","inLanguage":"fr-FR","@id":"https:\/\/www.claudeguyot.com\/#\/schema\/person\/image\/","url":"https:\/\/secure.gravatar.com\/avatar\/8835715a7343599eaa98fab3b13c331c454cc537ea4343abb5ad3fefe9b4d586?s=96&d=mm&r=g","contentUrl":"https:\/\/secure.gravatar.com\/avatar\/8835715a7343599eaa98fab3b13c331c454cc537ea4343abb5ad3fefe9b4d586?s=96&d=mm&r=g","caption":"Claude Guyot"},"url":"https:\/\/www.claudeguyot.com\/index.php\/author\/admin5958\/"}]}},"jetpack_featured_media_url":"https:\/\/www.claudeguyot.com\/wp-content\/uploads\/2025\/06\/Banniere-general.png","_links":{"self":[{"href":"https:\/\/www.claudeguyot.com\/index.php\/wp-json\/wp\/v2\/posts\/1599","targetHints":{"allow":["GET"]}}],"collection":[{"href":"https:\/\/www.claudeguyot.com\/index.php\/wp-json\/wp\/v2\/posts"}],"about":[{"href":"https:\/\/www.claudeguyot.com\/index.php\/wp-json\/wp\/v2\/types\/post"}],"author":[{"embeddable":true,"href":"https:\/\/www.claudeguyot.com\/index.php\/wp-json\/wp\/v2\/users\/1"}],"replies":[{"embeddable":true,"href":"https:\/\/www.claudeguyot.com\/index.php\/wp-json\/wp\/v2\/comments?post=1599"}],"version-history":[{"count":5,"href":"https:\/\/www.claudeguyot.com\/index.php\/wp-json\/wp\/v2\/posts\/1599\/revisions"}],"predecessor-version":[{"id":1608,"href":"https:\/\/www.claudeguyot.com\/index.php\/wp-json\/wp\/v2\/posts\/1599\/revisions\/1608"}],"wp:featuredmedia":[{"embeddable":true,"href":"https:\/\/www.claudeguyot.com\/index.php\/wp-json\/wp\/v2\/media\/1600"}],"wp:attachment":[{"href":"https:\/\/www.claudeguyot.com\/index.php\/wp-json\/wp\/v2\/media?parent=1599"}],"wp:term":[{"taxonomy":"category","embeddable":true,"href":"https:\/\/www.claudeguyot.com\/index.php\/wp-json\/wp\/v2\/categories?post=1599"},{"taxonomy":"post_tag","embeddable":true,"href":"https:\/\/www.claudeguyot.com\/index.php\/wp-json\/wp\/v2\/tags?post=1599"}],"curies":[{"name":"wp","href":"https:\/\/api.w.org\/{rel}","templated":true}]}}