{"id":160,"date":"2016-09-17T22:31:40","date_gmt":"2016-09-17T21:31:40","guid":{"rendered":"http:\/\/www.claudeguyot.com\/?p=160"},"modified":"2025-07-08T21:42:58","modified_gmt":"2025-07-08T20:42:58","slug":"ceremonie-du-8-mai-2016-a-arnay-le-duc","status":"publish","type":"post","link":"https:\/\/www.claudeguyot.com\/index.php\/2016\/09\/17\/ceremonie-du-8-mai-2016-a-arnay-le-duc\/","title":{"rendered":"C\u00e9r\u00e9monie du 8 Mai 2016 \u00e0 Arnay-le-Duc"},"content":{"rendered":"<p>Le 8 mai 2016, se d\u00e9roulait \u00e0 Arnay-le-Duc, la traditionnelle c\u00e9r\u00e9monie accompagn\u00e9e du d\u00e9p\u00f4t de gerbes comm\u00e9moration le 71\u00e8me anniversaire de la Victoire des alli\u00e9s sur l&rsquo;Allemangne nazie et de la fin de la seconde guerre mondiale.<\/p>\n<p><img loading=\"lazy\" decoding=\"async\" class=\"alignnone wp-image-162\" src=\"https:\/\/www.claudeguyot.com\/wp-content\/uploads\/2016\/09\/8-mai-2016-9-300x225.jpg\" alt=\"8-mai-2016-9\" width=\"352\" height=\"264\" srcset=\"https:\/\/www.claudeguyot.com\/wp-content\/uploads\/2016\/09\/8-mai-2016-9-300x225.jpg 300w, https:\/\/www.claudeguyot.com\/wp-content\/uploads\/2016\/09\/8-mai-2016-9-768x576.jpg 768w, https:\/\/www.claudeguyot.com\/wp-content\/uploads\/2016\/09\/8-mai-2016-9.jpg 960w\" sizes=\"auto, (max-width: 352px) 100vw, 352px\" \/><\/p>\n<p>Cette c\u00e9r\u00e9monie s\u2019est d\u00e9roul\u00e9e en pr\u00e9sence de R\u00e9mi Delatte, d\u00e9put\u00e9 de la deuxi\u00e8me circonscription de la C\u00f4te d&rsquo;Or, Jacques Perot, membre du Haut-Comit\u00e9 aux Comm\u00e9morations nationales, pr\u00e9sident de l&rsquo;Institut vend\u00e9en Clemenceau &#8211; de Lattre, Pierre Poillot, conseiller d\u00e9partemental du canton d&rsquo;Arnay-le-Duc, pr\u00e9sident de la Communaut\u00e9 de communes de Liernais, maire de Vianges, Etienne Jobard, conseiller municipal de Vitteaux, conseiller communautaire des communes du canton de Vitteaux, du Commandant de la Brigade de Gendarmerie d&rsquo;Arnay-le-Duc.<\/p>\n<p><img loading=\"lazy\" decoding=\"async\" class=\"alignnone wp-image-163\" src=\"https:\/\/www.claudeguyot.com\/wp-content\/uploads\/2016\/09\/8-mai-2016-2-300x225.jpg\" alt=\"8-mai-2016-2\" width=\"351\" height=\"263\" srcset=\"https:\/\/www.claudeguyot.com\/wp-content\/uploads\/2016\/09\/8-mai-2016-2-300x225.jpg 300w, https:\/\/www.claudeguyot.com\/wp-content\/uploads\/2016\/09\/8-mai-2016-2-768x576.jpg 768w, https:\/\/www.claudeguyot.com\/wp-content\/uploads\/2016\/09\/8-mai-2016-2.jpg 960w\" sizes=\"auto, (max-width: 351px) 100vw, 351px\" \/><\/p>\n<p><img loading=\"lazy\" decoding=\"async\" class=\"alignnone wp-image-164\" src=\"https:\/\/www.claudeguyot.com\/wp-content\/uploads\/2016\/09\/8-mai-2016-6-300x225.jpg\" alt=\"8-mai-2016-6\" width=\"351\" height=\"263\" srcset=\"https:\/\/www.claudeguyot.com\/wp-content\/uploads\/2016\/09\/8-mai-2016-6-300x225.jpg 300w, https:\/\/www.claudeguyot.com\/wp-content\/uploads\/2016\/09\/8-mai-2016-6-768x576.jpg 768w, https:\/\/www.claudeguyot.com\/wp-content\/uploads\/2016\/09\/8-mai-2016-6.jpg 960w\" sizes=\"auto, (max-width: 351px) 100vw, 351px\" \/><\/p>\n","protected":false},"excerpt":{"rendered":"<p>Le 8 mai 2016, se d\u00e9roulait \u00e0 Arnay-le-Duc, la traditionnelle c\u00e9r\u00e9monie accompagn\u00e9e du d\u00e9p\u00f4t de gerbes comm\u00e9moration le 71\u00e8me anniversaire de la Victoire des alli\u00e9s sur l&rsquo;Allemangne nazie et de la fin de la seconde guerre mondiale. Cette c\u00e9r\u00e9monie s\u2019est d\u00e9roul\u00e9e en pr\u00e9sence de R\u00e9mi Delatte, d\u00e9put\u00e9 de la deuxi\u00e8me circonscription de la C\u00f4te d&rsquo;Or, &hellip; <a href=\"https:\/\/www.claudeguyot.com\/index.php\/2016\/09\/17\/ceremonie-du-8-mai-2016-a-arnay-le-duc\/\" class=\"more-link\">Continuer la lecture de <span class=\"screen-reader-text\">C\u00e9r\u00e9monie du 8 Mai 2016 \u00e0 Arnay-le-Duc<\/span>  <span class=\"meta-nav\">&rarr;<\/span><\/a><\/p>\n","protected":false},"author":1,"featured_media":161,"comment_status":"closed","ping_status":"closed","sticky":false,"template":"","format":"standard","meta":{"footnotes":""},"categories":[1],"tags":[],"class_list":["post-160","post","type-post","status-publish","format-standard","has-post-thumbnail","hentry","category-non-classe"],"yoast_head":"<!-- This site is optimized with the Yoast SEO plugin v19.9 - https:\/\/yoast.com\/wordpress\/plugins\/seo\/ -->\n<title>C\u00e9r\u00e9monie du 8 Mai 2016 \u00e0 Arnay-le-Duc - Association Claude Guyot<\/title>\n<meta name=\"robots\" content=\"index, follow, max-snippet:-1, max-image-preview:large, max-video-preview:-1\" \/>\n<link rel=\"canonical\" href=\"https:\/\/www.claudeguyot.com\/index.php\/2016\/09\/17\/ceremonie-du-8-mai-2016-a-arnay-le-duc\/\" \/>\n<meta property=\"og:locale\" content=\"fr_FR\" \/>\n<meta property=\"og:type\" content=\"article\" \/>\n<meta property=\"og:title\" content=\"C\u00e9r\u00e9monie du 8 Mai 2016 \u00e0 Arnay-le-Duc - Association Claude Guyot\" \/>\n<meta property=\"og:description\" content=\"Le 8 mai 2016, se d\u00e9roulait \u00e0 Arnay-le-Duc, la traditionnelle c\u00e9r\u00e9monie accompagn\u00e9e du d\u00e9p\u00f4t de gerbes comm\u00e9moration le 71\u00e8me anniversaire de la Victoire des alli\u00e9s sur l&rsquo;Allemangne nazie et de la fin de la seconde guerre mondiale. Cette c\u00e9r\u00e9monie s\u2019est d\u00e9roul\u00e9e en pr\u00e9sence de R\u00e9mi Delatte, d\u00e9put\u00e9 de la deuxi\u00e8me circonscription de la C\u00f4te d&rsquo;Or, &hellip; Continuer la lecture de C\u00e9r\u00e9monie du 8 Mai 2016 \u00e0 Arnay-le-Duc &rarr;\" \/>\n<meta property=\"og:url\" content=\"https:\/\/www.claudeguyot.com\/index.php\/2016\/09\/17\/ceremonie-du-8-mai-2016-a-arnay-le-duc\/\" \/>\n<meta property=\"og:site_name\" content=\"Association Claude Guyot\" \/>\n<meta property=\"article:published_time\" content=\"2016-09-17T21:31:40+00:00\" \/>\n<meta property=\"article:modified_time\" content=\"2025-07-08T20:42:58+00:00\" \/>\n<meta property=\"og:image\" content=\"https:\/\/www.claudeguyot.com\/wp-content\/uploads\/2016\/09\/8-mai-2016-4.jpg\" \/>\n\t<meta property=\"og:image:width\" content=\"960\" \/>\n\t<meta property=\"og:image:height\" content=\"720\" \/>\n\t<meta property=\"og:image:type\" content=\"image\/jpeg\" \/>\n<meta name=\"author\" content=\"Claude Guyot\" \/>\n<meta name=\"twitter:card\" content=\"summary_large_image\" \/>\n<meta name=\"twitter:label1\" content=\"\u00c9crit par\" \/>\n\t<meta name=\"twitter:data1\" content=\"Claude Guyot\" \/>\n\t<meta name=\"twitter:label2\" content=\"Dur\u00e9e de lecture estim\u00e9e\" \/>\n\t<meta name=\"twitter:data2\" content=\"1 minute\" \/>\n<script type=\"application\/ld+json\" class=\"yoast-schema-graph\">{\"@context\":\"https:\/\/schema.org\",\"@graph\":[{\"@type\":\"WebPage\",\"@id\":\"https:\/\/www.claudeguyot.com\/index.php\/2016\/09\/17\/ceremonie-du-8-mai-2016-a-arnay-le-duc\/\",\"url\":\"https:\/\/www.claudeguyot.com\/index.php\/2016\/09\/17\/ceremonie-du-8-mai-2016-a-arnay-le-duc\/\",\"name\":\"C\u00e9r\u00e9monie du 8 Mai 2016 \u00e0 Arnay-le-Duc - Association Claude Guyot\",\"isPartOf\":{\"@id\":\"https:\/\/www.claudeguyot.com\/#website\"},\"datePublished\":\"2016-09-17T21:31:40+00:00\",\"dateModified\":\"2025-07-08T20:42:58+00:00\",\"author\":{\"@id\":\"https:\/\/www.claudeguyot.com\/#\/schema\/person\/fbc6c67d5e15fc909d64aab1f1f150a1\"},\"breadcrumb\":{\"@id\":\"https:\/\/www.claudeguyot.com\/index.php\/2016\/09\/17\/ceremonie-du-8-mai-2016-a-arnay-le-duc\/#breadcrumb\"},\"inLanguage\":\"fr-FR\",\"potentialAction\":[{\"@type\":\"ReadAction\",\"target\":[\"https:\/\/www.claudeguyot.com\/index.php\/2016\/09\/17\/ceremonie-du-8-mai-2016-a-arnay-le-duc\/\"]}]},{\"@type\":\"BreadcrumbList\",\"@id\":\"https:\/\/www.claudeguyot.com\/index.php\/2016\/09\/17\/ceremonie-du-8-mai-2016-a-arnay-le-duc\/#breadcrumb\",\"itemListElement\":[{\"@type\":\"ListItem\",\"position\":1,\"name\":\"Accueil\",\"item\":\"https:\/\/www.claudeguyot.com\/\"},{\"@type\":\"ListItem\",\"position\":2,\"name\":\"C\u00e9r\u00e9monie du 8 Mai 2016 \u00e0 Arnay-le-Duc\"}]},{\"@type\":\"WebSite\",\"@id\":\"https:\/\/www.claudeguyot.com\/#website\",\"url\":\"https:\/\/www.claudeguyot.com\/\",\"name\":\"Association Claude Guyot\",\"description\":\"Association loi 1901 reconnue d&#039;int\u00e9r\u00eat g\u00e9n\u00e9ral\",\"potentialAction\":[{\"@type\":\"SearchAction\",\"target\":{\"@type\":\"EntryPoint\",\"urlTemplate\":\"https:\/\/www.claudeguyot.com\/?s={search_term_string}\"},\"query-input\":\"required name=search_term_string\"}],\"inLanguage\":\"fr-FR\"},{\"@type\":\"Person\",\"@id\":\"https:\/\/www.claudeguyot.com\/#\/schema\/person\/fbc6c67d5e15fc909d64aab1f1f150a1\",\"name\":\"Claude Guyot\",\"image\":{\"@type\":\"ImageObject\",\"inLanguage\":\"fr-FR\",\"@id\":\"https:\/\/www.claudeguyot.com\/#\/schema\/person\/image\/\",\"url\":\"https:\/\/secure.gravatar.com\/avatar\/8835715a7343599eaa98fab3b13c331c454cc537ea4343abb5ad3fefe9b4d586?s=96&d=mm&r=g\",\"contentUrl\":\"https:\/\/secure.gravatar.com\/avatar\/8835715a7343599eaa98fab3b13c331c454cc537ea4343abb5ad3fefe9b4d586?s=96&d=mm&r=g\",\"caption\":\"Claude Guyot\"},\"url\":\"https:\/\/www.claudeguyot.com\/index.php\/author\/admin5958\/\"}]}<\/script>\n<!-- \/ Yoast SEO plugin. -->","yoast_head_json":{"title":"C\u00e9r\u00e9monie du 8 Mai 2016 \u00e0 Arnay-le-Duc - Association Claude Guyot","robots":{"index":"index","follow":"follow","max-snippet":"max-snippet:-1","max-image-preview":"max-image-preview:large","max-video-preview":"max-video-preview:-1"},"canonical":"https:\/\/www.claudeguyot.com\/index.php\/2016\/09\/17\/ceremonie-du-8-mai-2016-a-arnay-le-duc\/","og_locale":"fr_FR","og_type":"article","og_title":"C\u00e9r\u00e9monie du 8 Mai 2016 \u00e0 Arnay-le-Duc - Association Claude Guyot","og_description":"Le 8 mai 2016, se d\u00e9roulait \u00e0 Arnay-le-Duc, la traditionnelle c\u00e9r\u00e9monie accompagn\u00e9e du d\u00e9p\u00f4t de gerbes comm\u00e9moration le 71\u00e8me anniversaire de la Victoire des alli\u00e9s sur l&rsquo;Allemangne nazie et de la fin de la seconde guerre mondiale. Cette c\u00e9r\u00e9monie s\u2019est d\u00e9roul\u00e9e en pr\u00e9sence de R\u00e9mi Delatte, d\u00e9put\u00e9 de la deuxi\u00e8me circonscription de la C\u00f4te d&rsquo;Or, &hellip; Continuer la lecture de C\u00e9r\u00e9monie du 8 Mai 2016 \u00e0 Arnay-le-Duc &rarr;","og_url":"https:\/\/www.claudeguyot.com\/index.php\/2016\/09\/17\/ceremonie-du-8-mai-2016-a-arnay-le-duc\/","og_site_name":"Association Claude Guyot","article_published_time":"2016-09-17T21:31:40+00:00","article_modified_time":"2025-07-08T20:42:58+00:00","og_image":[{"width":960,"height":720,"url":"https:\/\/www.claudeguyot.com\/wp-content\/uploads\/2016\/09\/8-mai-2016-4.jpg","type":"image\/jpeg"}],"author":"Claude Guyot","twitter_card":"summary_large_image","twitter_misc":{"\u00c9crit par":"Claude Guyot","Dur\u00e9e de lecture estim\u00e9e":"1 minute"},"schema":{"@context":"https:\/\/schema.org","@graph":[{"@type":"WebPage","@id":"https:\/\/www.claudeguyot.com\/index.php\/2016\/09\/17\/ceremonie-du-8-mai-2016-a-arnay-le-duc\/","url":"https:\/\/www.claudeguyot.com\/index.php\/2016\/09\/17\/ceremonie-du-8-mai-2016-a-arnay-le-duc\/","name":"C\u00e9r\u00e9monie du 8 Mai 2016 \u00e0 Arnay-le-Duc - Association Claude Guyot","isPartOf":{"@id":"https:\/\/www.claudeguyot.com\/#website"},"datePublished":"2016-09-17T21:31:40+00:00","dateModified":"2025-07-08T20:42:58+00:00","author":{"@id":"https:\/\/www.claudeguyot.com\/#\/schema\/person\/fbc6c67d5e15fc909d64aab1f1f150a1"},"breadcrumb":{"@id":"https:\/\/www.claudeguyot.com\/index.php\/2016\/09\/17\/ceremonie-du-8-mai-2016-a-arnay-le-duc\/#breadcrumb"},"inLanguage":"fr-FR","potentialAction":[{"@type":"ReadAction","target":["https:\/\/www.claudeguyot.com\/index.php\/2016\/09\/17\/ceremonie-du-8-mai-2016-a-arnay-le-duc\/"]}]},{"@type":"BreadcrumbList","@id":"https:\/\/www.claudeguyot.com\/index.php\/2016\/09\/17\/ceremonie-du-8-mai-2016-a-arnay-le-duc\/#breadcrumb","itemListElement":[{"@type":"ListItem","position":1,"name":"Accueil","item":"https:\/\/www.claudeguyot.com\/"},{"@type":"ListItem","position":2,"name":"C\u00e9r\u00e9monie du 8 Mai 2016 \u00e0 Arnay-le-Duc"}]},{"@type":"WebSite","@id":"https:\/\/www.claudeguyot.com\/#website","url":"https:\/\/www.claudeguyot.com\/","name":"Association Claude Guyot","description":"Association loi 1901 reconnue d&#039;int\u00e9r\u00eat g\u00e9n\u00e9ral","potentialAction":[{"@type":"SearchAction","target":{"@type":"EntryPoint","urlTemplate":"https:\/\/www.claudeguyot.com\/?s={search_term_string}"},"query-input":"required name=search_term_string"}],"inLanguage":"fr-FR"},{"@type":"Person","@id":"https:\/\/www.claudeguyot.com\/#\/schema\/person\/fbc6c67d5e15fc909d64aab1f1f150a1","name":"Claude Guyot","image":{"@type":"ImageObject","inLanguage":"fr-FR","@id":"https:\/\/www.claudeguyot.com\/#\/schema\/person\/image\/","url":"https:\/\/secure.gravatar.com\/avatar\/8835715a7343599eaa98fab3b13c331c454cc537ea4343abb5ad3fefe9b4d586?s=96&d=mm&r=g","contentUrl":"https:\/\/secure.gravatar.com\/avatar\/8835715a7343599eaa98fab3b13c331c454cc537ea4343abb5ad3fefe9b4d586?s=96&d=mm&r=g","caption":"Claude Guyot"},"url":"https:\/\/www.claudeguyot.com\/index.php\/author\/admin5958\/"}]}},"jetpack_featured_media_url":"https:\/\/www.claudeguyot.com\/wp-content\/uploads\/2016\/09\/8-mai-2016-4.jpg","_links":{"self":[{"href":"https:\/\/www.claudeguyot.com\/index.php\/wp-json\/wp\/v2\/posts\/160","targetHints":{"allow":["GET"]}}],"collection":[{"href":"https:\/\/www.claudeguyot.com\/index.php\/wp-json\/wp\/v2\/posts"}],"about":[{"href":"https:\/\/www.claudeguyot.com\/index.php\/wp-json\/wp\/v2\/types\/post"}],"author":[{"embeddable":true,"href":"https:\/\/www.claudeguyot.com\/index.php\/wp-json\/wp\/v2\/users\/1"}],"replies":[{"embeddable":true,"href":"https:\/\/www.claudeguyot.com\/index.php\/wp-json\/wp\/v2\/comments?post=160"}],"version-history":[{"count":2,"href":"https:\/\/www.claudeguyot.com\/index.php\/wp-json\/wp\/v2\/posts\/160\/revisions"}],"predecessor-version":[{"id":285,"href":"https:\/\/www.claudeguyot.com\/index.php\/wp-json\/wp\/v2\/posts\/160\/revisions\/285"}],"wp:featuredmedia":[{"embeddable":true,"href":"https:\/\/www.claudeguyot.com\/index.php\/wp-json\/wp\/v2\/media\/161"}],"wp:attachment":[{"href":"https:\/\/www.claudeguyot.com\/index.php\/wp-json\/wp\/v2\/media?parent=160"}],"wp:term":[{"taxonomy":"category","embeddable":true,"href":"https:\/\/www.claudeguyot.com\/index.php\/wp-json\/wp\/v2\/categories?post=160"},{"taxonomy":"post_tag","embeddable":true,"href":"https:\/\/www.claudeguyot.com\/index.php\/wp-json\/wp\/v2\/tags?post=160"}],"curies":[{"name":"wp","href":"https:\/\/api.w.org\/{rel}","templated":true}]}}