{"id":166,"date":"2016-09-17T22:38:46","date_gmt":"2016-09-17T21:38:46","guid":{"rendered":"http:\/\/www.claudeguyot.com\/?p=166"},"modified":"2025-07-08T21:42:16","modified_gmt":"2025-07-08T20:42:16","slug":"visite-de-lassemblee-nationale-organisee-par-lassociation-dune-classe-du-college-claude-guyot-darnay-le-duc","status":"publish","type":"post","link":"https:\/\/www.claudeguyot.com\/index.php\/2016\/09\/17\/visite-de-lassemblee-nationale-organisee-par-lassociation-dune-classe-du-college-claude-guyot-darnay-le-duc\/","title":{"rendered":"Visite de l&rsquo;Assembl\u00e9e nationale organis\u00e9e par l&rsquo;Association pour une classe du coll\u00e8ge Claude Guyot d&rsquo;Arnay-le-Duc"},"content":{"rendered":"<p>Le 13 mai 2016, l&rsquo;Association organisait une visite de l&rsquo;Assembl\u00e9e nationale \u00e0 Paris. A cette visite, participaient les \u00e9l\u00e8ves du Coll\u00e8ge Claude Guyot ,ainsi que des membres et amis de l&rsquo;Association. Nous remercions notre Ami, Monsieur J\u00e9r\u00f4me Lambert, d\u00e9put\u00e9 de Charente, pour avoir facilit\u00e9 cette visite qui fut un v\u00e9ritable succ\u00e8s.<\/p>\n<p><img loading=\"lazy\" decoding=\"async\" class=\"alignnone wp-image-169\" src=\"https:\/\/www.claudeguyot.com\/wp-content\/uploads\/2016\/09\/14011816_1257614540916523_866951278_n-300x225.jpg\" alt=\"14011816_1257614540916523_866951278_n\" width=\"341\" height=\"256\" srcset=\"https:\/\/www.claudeguyot.com\/wp-content\/uploads\/2016\/09\/14011816_1257614540916523_866951278_n-300x225.jpg 300w, https:\/\/www.claudeguyot.com\/wp-content\/uploads\/2016\/09\/14011816_1257614540916523_866951278_n-768x576.jpg 768w, https:\/\/www.claudeguyot.com\/wp-content\/uploads\/2016\/09\/14011816_1257614540916523_866951278_n.jpg 960w\" sizes=\"auto, (max-width: 341px) 100vw, 341px\" \/><\/p>\n<p><img loading=\"lazy\" decoding=\"async\" class=\"alignnone wp-image-170\" src=\"https:\/\/www.claudeguyot.com\/wp-content\/uploads\/2016\/09\/14017867_1257614754249835_907809009_n-300x225.jpg\" alt=\"14017867_1257614754249835_907809009_n\" width=\"339\" height=\"254\" srcset=\"https:\/\/www.claudeguyot.com\/wp-content\/uploads\/2016\/09\/14017867_1257614754249835_907809009_n-300x225.jpg 300w, https:\/\/www.claudeguyot.com\/wp-content\/uploads\/2016\/09\/14017867_1257614754249835_907809009_n-768x576.jpg 768w, https:\/\/www.claudeguyot.com\/wp-content\/uploads\/2016\/09\/14017867_1257614754249835_907809009_n.jpg 960w\" sizes=\"auto, (max-width: 339px) 100vw, 339px\" \/><\/p>\n<p><img loading=\"lazy\" decoding=\"async\" class=\"alignnone wp-image-171\" src=\"https:\/\/www.claudeguyot.com\/wp-content\/uploads\/2016\/09\/14017560_1257614960916481_580853426_n-300x225.jpg\" alt=\"14017560_1257614960916481_580853426_n\" width=\"337\" height=\"253\" srcset=\"https:\/\/www.claudeguyot.com\/wp-content\/uploads\/2016\/09\/14017560_1257614960916481_580853426_n-300x225.jpg 300w, https:\/\/www.claudeguyot.com\/wp-content\/uploads\/2016\/09\/14017560_1257614960916481_580853426_n-768x576.jpg 768w, https:\/\/www.claudeguyot.com\/wp-content\/uploads\/2016\/09\/14017560_1257614960916481_580853426_n.jpg 960w\" sizes=\"auto, (max-width: 337px) 100vw, 337px\" \/><\/p>\n<p><img loading=\"lazy\" decoding=\"async\" class=\"alignnone wp-image-172\" src=\"https:\/\/www.claudeguyot.com\/wp-content\/uploads\/2016\/09\/14012055_1257614487583195_294203670_n-300x225.jpg\" alt=\"14012055_1257614487583195_294203670_n\" width=\"335\" height=\"251\" srcset=\"https:\/\/www.claudeguyot.com\/wp-content\/uploads\/2016\/09\/14012055_1257614487583195_294203670_n-300x225.jpg 300w, https:\/\/www.claudeguyot.com\/wp-content\/uploads\/2016\/09\/14012055_1257614487583195_294203670_n-768x576.jpg 768w, https:\/\/www.claudeguyot.com\/wp-content\/uploads\/2016\/09\/14012055_1257614487583195_294203670_n.jpg 960w\" sizes=\"auto, (max-width: 335px) 100vw, 335px\" \/><\/p>\n<p><img loading=\"lazy\" decoding=\"async\" class=\"alignnone wp-image-173\" src=\"https:\/\/www.claudeguyot.com\/wp-content\/uploads\/2016\/09\/14009787_1257614604249850_912634672_n-300x225.jpg\" alt=\"14009787_1257614604249850_912634672_n\" width=\"336\" height=\"252\" srcset=\"https:\/\/www.claudeguyot.com\/wp-content\/uploads\/2016\/09\/14009787_1257614604249850_912634672_n-300x225.jpg 300w, https:\/\/www.claudeguyot.com\/wp-content\/uploads\/2016\/09\/14009787_1257614604249850_912634672_n-768x576.jpg 768w, https:\/\/www.claudeguyot.com\/wp-content\/uploads\/2016\/09\/14009787_1257614604249850_912634672_n.jpg 960w\" sizes=\"auto, (max-width: 336px) 100vw, 336px\" \/><\/p>\n<p><img loading=\"lazy\" decoding=\"async\" class=\"alignnone wp-image-174\" src=\"https:\/\/www.claudeguyot.com\/wp-content\/uploads\/2016\/09\/13553270_1257614084249902_873788998_n-300x225.jpg\" alt=\"13553270_1257614084249902_873788998_n\" width=\"336\" height=\"252\" srcset=\"https:\/\/www.claudeguyot.com\/wp-content\/uploads\/2016\/09\/13553270_1257614084249902_873788998_n-300x225.jpg 300w, https:\/\/www.claudeguyot.com\/wp-content\/uploads\/2016\/09\/13553270_1257614084249902_873788998_n-768x576.jpg 768w, https:\/\/www.claudeguyot.com\/wp-content\/uploads\/2016\/09\/13553270_1257614084249902_873788998_n.jpg 960w\" sizes=\"auto, (max-width: 336px) 100vw, 336px\" \/><\/p>\n<p>&nbsp;<\/p>\n","protected":false},"excerpt":{"rendered":"<p>Le 13 mai 2016, l&rsquo;Association organisait une visite de l&rsquo;Assembl\u00e9e nationale \u00e0 Paris. A cette visite, participaient les \u00e9l\u00e8ves du Coll\u00e8ge Claude Guyot ,ainsi que des membres et amis de l&rsquo;Association. Nous remercions notre Ami, Monsieur J\u00e9r\u00f4me Lambert, d\u00e9put\u00e9 de Charente, pour avoir facilit\u00e9 cette visite qui fut un v\u00e9ritable succ\u00e8s. &nbsp;<\/p>\n","protected":false},"author":1,"featured_media":168,"comment_status":"closed","ping_status":"closed","sticky":false,"template":"","format":"standard","meta":{"footnotes":""},"categories":[1],"tags":[],"class_list":["post-166","post","type-post","status-publish","format-standard","has-post-thumbnail","hentry","category-non-classe"],"yoast_head":"<!-- This site is optimized with the Yoast SEO plugin v19.9 - https:\/\/yoast.com\/wordpress\/plugins\/seo\/ -->\n<title>Visite de l&#039;Assembl\u00e9e nationale organis\u00e9e par l&#039;Association pour une classe du coll\u00e8ge Claude Guyot d&#039;Arnay-le-Duc - Association Claude Guyot<\/title>\n<meta name=\"robots\" content=\"index, follow, max-snippet:-1, max-image-preview:large, max-video-preview:-1\" \/>\n<link rel=\"canonical\" href=\"https:\/\/www.claudeguyot.com\/index.php\/2016\/09\/17\/visite-de-lassemblee-nationale-organisee-par-lassociation-dune-classe-du-college-claude-guyot-darnay-le-duc\/\" \/>\n<meta property=\"og:locale\" content=\"fr_FR\" \/>\n<meta property=\"og:type\" content=\"article\" \/>\n<meta property=\"og:title\" content=\"Visite de l&#039;Assembl\u00e9e nationale organis\u00e9e par l&#039;Association pour une classe du coll\u00e8ge Claude Guyot d&#039;Arnay-le-Duc - Association Claude Guyot\" \/>\n<meta property=\"og:description\" content=\"Le 13 mai 2016, l&rsquo;Association organisait une visite de l&rsquo;Assembl\u00e9e nationale \u00e0 Paris. A cette visite, participaient les \u00e9l\u00e8ves du Coll\u00e8ge Claude Guyot ,ainsi que des membres et amis de l&rsquo;Association. Nous remercions notre Ami, Monsieur J\u00e9r\u00f4me Lambert, d\u00e9put\u00e9 de Charente, pour avoir facilit\u00e9 cette visite qui fut un v\u00e9ritable succ\u00e8s. &nbsp;\" \/>\n<meta property=\"og:url\" content=\"https:\/\/www.claudeguyot.com\/index.php\/2016\/09\/17\/visite-de-lassemblee-nationale-organisee-par-lassociation-dune-classe-du-college-claude-guyot-darnay-le-duc\/\" \/>\n<meta property=\"og:site_name\" content=\"Association Claude Guyot\" \/>\n<meta property=\"article:published_time\" content=\"2016-09-17T21:38:46+00:00\" \/>\n<meta property=\"article:modified_time\" content=\"2025-07-08T20:42:16+00:00\" \/>\n<meta property=\"og:image\" content=\"https:\/\/www.claudeguyot.com\/wp-content\/uploads\/2016\/09\/14030808_1257614660916511_134291277_n.jpg\" \/>\n\t<meta property=\"og:image:width\" content=\"960\" \/>\n\t<meta property=\"og:image:height\" content=\"720\" \/>\n\t<meta property=\"og:image:type\" content=\"image\/jpeg\" \/>\n<meta name=\"author\" content=\"Claude Guyot\" \/>\n<meta name=\"twitter:card\" content=\"summary_large_image\" \/>\n<meta name=\"twitter:label1\" content=\"\u00c9crit par\" \/>\n\t<meta name=\"twitter:data1\" content=\"Claude Guyot\" \/>\n<script type=\"application\/ld+json\" class=\"yoast-schema-graph\">{\"@context\":\"https:\/\/schema.org\",\"@graph\":[{\"@type\":\"WebPage\",\"@id\":\"https:\/\/www.claudeguyot.com\/index.php\/2016\/09\/17\/visite-de-lassemblee-nationale-organisee-par-lassociation-dune-classe-du-college-claude-guyot-darnay-le-duc\/\",\"url\":\"https:\/\/www.claudeguyot.com\/index.php\/2016\/09\/17\/visite-de-lassemblee-nationale-organisee-par-lassociation-dune-classe-du-college-claude-guyot-darnay-le-duc\/\",\"name\":\"Visite de l'Assembl\u00e9e nationale organis\u00e9e par l'Association pour une classe du coll\u00e8ge Claude Guyot d'Arnay-le-Duc - Association Claude Guyot\",\"isPartOf\":{\"@id\":\"https:\/\/www.claudeguyot.com\/#website\"},\"datePublished\":\"2016-09-17T21:38:46+00:00\",\"dateModified\":\"2025-07-08T20:42:16+00:00\",\"author\":{\"@id\":\"https:\/\/www.claudeguyot.com\/#\/schema\/person\/fbc6c67d5e15fc909d64aab1f1f150a1\"},\"breadcrumb\":{\"@id\":\"https:\/\/www.claudeguyot.com\/index.php\/2016\/09\/17\/visite-de-lassemblee-nationale-organisee-par-lassociation-dune-classe-du-college-claude-guyot-darnay-le-duc\/#breadcrumb\"},\"inLanguage\":\"fr-FR\",\"potentialAction\":[{\"@type\":\"ReadAction\",\"target\":[\"https:\/\/www.claudeguyot.com\/index.php\/2016\/09\/17\/visite-de-lassemblee-nationale-organisee-par-lassociation-dune-classe-du-college-claude-guyot-darnay-le-duc\/\"]}]},{\"@type\":\"BreadcrumbList\",\"@id\":\"https:\/\/www.claudeguyot.com\/index.php\/2016\/09\/17\/visite-de-lassemblee-nationale-organisee-par-lassociation-dune-classe-du-college-claude-guyot-darnay-le-duc\/#breadcrumb\",\"itemListElement\":[{\"@type\":\"ListItem\",\"position\":1,\"name\":\"Accueil\",\"item\":\"https:\/\/www.claudeguyot.com\/\"},{\"@type\":\"ListItem\",\"position\":2,\"name\":\"Visite de l&#8217;Assembl\u00e9e nationale organis\u00e9e par l&#8217;Association pour une classe du coll\u00e8ge Claude Guyot d&#8217;Arnay-le-Duc\"}]},{\"@type\":\"WebSite\",\"@id\":\"https:\/\/www.claudeguyot.com\/#website\",\"url\":\"https:\/\/www.claudeguyot.com\/\",\"name\":\"Association Claude Guyot\",\"description\":\"Association loi 1901 reconnue d&#039;int\u00e9r\u00eat g\u00e9n\u00e9ral\",\"potentialAction\":[{\"@type\":\"SearchAction\",\"target\":{\"@type\":\"EntryPoint\",\"urlTemplate\":\"https:\/\/www.claudeguyot.com\/?s={search_term_string}\"},\"query-input\":\"required name=search_term_string\"}],\"inLanguage\":\"fr-FR\"},{\"@type\":\"Person\",\"@id\":\"https:\/\/www.claudeguyot.com\/#\/schema\/person\/fbc6c67d5e15fc909d64aab1f1f150a1\",\"name\":\"Claude Guyot\",\"image\":{\"@type\":\"ImageObject\",\"inLanguage\":\"fr-FR\",\"@id\":\"https:\/\/www.claudeguyot.com\/#\/schema\/person\/image\/\",\"url\":\"https:\/\/secure.gravatar.com\/avatar\/8835715a7343599eaa98fab3b13c331c454cc537ea4343abb5ad3fefe9b4d586?s=96&d=mm&r=g\",\"contentUrl\":\"https:\/\/secure.gravatar.com\/avatar\/8835715a7343599eaa98fab3b13c331c454cc537ea4343abb5ad3fefe9b4d586?s=96&d=mm&r=g\",\"caption\":\"Claude Guyot\"},\"url\":\"https:\/\/www.claudeguyot.com\/index.php\/author\/admin5958\/\"}]}<\/script>\n<!-- \/ Yoast SEO plugin. -->","yoast_head_json":{"title":"Visite de l'Assembl\u00e9e nationale organis\u00e9e par l'Association pour une classe du coll\u00e8ge Claude Guyot d'Arnay-le-Duc - Association Claude Guyot","robots":{"index":"index","follow":"follow","max-snippet":"max-snippet:-1","max-image-preview":"max-image-preview:large","max-video-preview":"max-video-preview:-1"},"canonical":"https:\/\/www.claudeguyot.com\/index.php\/2016\/09\/17\/visite-de-lassemblee-nationale-organisee-par-lassociation-dune-classe-du-college-claude-guyot-darnay-le-duc\/","og_locale":"fr_FR","og_type":"article","og_title":"Visite de l'Assembl\u00e9e nationale organis\u00e9e par l'Association pour une classe du coll\u00e8ge Claude Guyot d'Arnay-le-Duc - Association Claude Guyot","og_description":"Le 13 mai 2016, l&rsquo;Association organisait une visite de l&rsquo;Assembl\u00e9e nationale \u00e0 Paris. A cette visite, participaient les \u00e9l\u00e8ves du Coll\u00e8ge Claude Guyot ,ainsi que des membres et amis de l&rsquo;Association. Nous remercions notre Ami, Monsieur J\u00e9r\u00f4me Lambert, d\u00e9put\u00e9 de Charente, pour avoir facilit\u00e9 cette visite qui fut un v\u00e9ritable succ\u00e8s. &nbsp;","og_url":"https:\/\/www.claudeguyot.com\/index.php\/2016\/09\/17\/visite-de-lassemblee-nationale-organisee-par-lassociation-dune-classe-du-college-claude-guyot-darnay-le-duc\/","og_site_name":"Association Claude Guyot","article_published_time":"2016-09-17T21:38:46+00:00","article_modified_time":"2025-07-08T20:42:16+00:00","og_image":[{"width":960,"height":720,"url":"https:\/\/www.claudeguyot.com\/wp-content\/uploads\/2016\/09\/14030808_1257614660916511_134291277_n.jpg","type":"image\/jpeg"}],"author":"Claude Guyot","twitter_card":"summary_large_image","twitter_misc":{"\u00c9crit par":"Claude Guyot"},"schema":{"@context":"https:\/\/schema.org","@graph":[{"@type":"WebPage","@id":"https:\/\/www.claudeguyot.com\/index.php\/2016\/09\/17\/visite-de-lassemblee-nationale-organisee-par-lassociation-dune-classe-du-college-claude-guyot-darnay-le-duc\/","url":"https:\/\/www.claudeguyot.com\/index.php\/2016\/09\/17\/visite-de-lassemblee-nationale-organisee-par-lassociation-dune-classe-du-college-claude-guyot-darnay-le-duc\/","name":"Visite de l'Assembl\u00e9e nationale organis\u00e9e par l'Association pour une classe du coll\u00e8ge Claude Guyot d'Arnay-le-Duc - Association Claude Guyot","isPartOf":{"@id":"https:\/\/www.claudeguyot.com\/#website"},"datePublished":"2016-09-17T21:38:46+00:00","dateModified":"2025-07-08T20:42:16+00:00","author":{"@id":"https:\/\/www.claudeguyot.com\/#\/schema\/person\/fbc6c67d5e15fc909d64aab1f1f150a1"},"breadcrumb":{"@id":"https:\/\/www.claudeguyot.com\/index.php\/2016\/09\/17\/visite-de-lassemblee-nationale-organisee-par-lassociation-dune-classe-du-college-claude-guyot-darnay-le-duc\/#breadcrumb"},"inLanguage":"fr-FR","potentialAction":[{"@type":"ReadAction","target":["https:\/\/www.claudeguyot.com\/index.php\/2016\/09\/17\/visite-de-lassemblee-nationale-organisee-par-lassociation-dune-classe-du-college-claude-guyot-darnay-le-duc\/"]}]},{"@type":"BreadcrumbList","@id":"https:\/\/www.claudeguyot.com\/index.php\/2016\/09\/17\/visite-de-lassemblee-nationale-organisee-par-lassociation-dune-classe-du-college-claude-guyot-darnay-le-duc\/#breadcrumb","itemListElement":[{"@type":"ListItem","position":1,"name":"Accueil","item":"https:\/\/www.claudeguyot.com\/"},{"@type":"ListItem","position":2,"name":"Visite de l&#8217;Assembl\u00e9e nationale organis\u00e9e par l&#8217;Association pour une classe du coll\u00e8ge Claude Guyot d&#8217;Arnay-le-Duc"}]},{"@type":"WebSite","@id":"https:\/\/www.claudeguyot.com\/#website","url":"https:\/\/www.claudeguyot.com\/","name":"Association Claude Guyot","description":"Association loi 1901 reconnue d&#039;int\u00e9r\u00eat g\u00e9n\u00e9ral","potentialAction":[{"@type":"SearchAction","target":{"@type":"EntryPoint","urlTemplate":"https:\/\/www.claudeguyot.com\/?s={search_term_string}"},"query-input":"required name=search_term_string"}],"inLanguage":"fr-FR"},{"@type":"Person","@id":"https:\/\/www.claudeguyot.com\/#\/schema\/person\/fbc6c67d5e15fc909d64aab1f1f150a1","name":"Claude Guyot","image":{"@type":"ImageObject","inLanguage":"fr-FR","@id":"https:\/\/www.claudeguyot.com\/#\/schema\/person\/image\/","url":"https:\/\/secure.gravatar.com\/avatar\/8835715a7343599eaa98fab3b13c331c454cc537ea4343abb5ad3fefe9b4d586?s=96&d=mm&r=g","contentUrl":"https:\/\/secure.gravatar.com\/avatar\/8835715a7343599eaa98fab3b13c331c454cc537ea4343abb5ad3fefe9b4d586?s=96&d=mm&r=g","caption":"Claude Guyot"},"url":"https:\/\/www.claudeguyot.com\/index.php\/author\/admin5958\/"}]}},"jetpack_featured_media_url":"https:\/\/www.claudeguyot.com\/wp-content\/uploads\/2016\/09\/14030808_1257614660916511_134291277_n.jpg","_links":{"self":[{"href":"https:\/\/www.claudeguyot.com\/index.php\/wp-json\/wp\/v2\/posts\/166","targetHints":{"allow":["GET"]}}],"collection":[{"href":"https:\/\/www.claudeguyot.com\/index.php\/wp-json\/wp\/v2\/posts"}],"about":[{"href":"https:\/\/www.claudeguyot.com\/index.php\/wp-json\/wp\/v2\/types\/post"}],"author":[{"embeddable":true,"href":"https:\/\/www.claudeguyot.com\/index.php\/wp-json\/wp\/v2\/users\/1"}],"replies":[{"embeddable":true,"href":"https:\/\/www.claudeguyot.com\/index.php\/wp-json\/wp\/v2\/comments?post=166"}],"version-history":[{"count":4,"href":"https:\/\/www.claudeguyot.com\/index.php\/wp-json\/wp\/v2\/posts\/166\/revisions"}],"predecessor-version":[{"id":189,"href":"https:\/\/www.claudeguyot.com\/index.php\/wp-json\/wp\/v2\/posts\/166\/revisions\/189"}],"wp:featuredmedia":[{"embeddable":true,"href":"https:\/\/www.claudeguyot.com\/index.php\/wp-json\/wp\/v2\/media\/168"}],"wp:attachment":[{"href":"https:\/\/www.claudeguyot.com\/index.php\/wp-json\/wp\/v2\/media?parent=166"}],"wp:term":[{"taxonomy":"category","embeddable":true,"href":"https:\/\/www.claudeguyot.com\/index.php\/wp-json\/wp\/v2\/categories?post=166"},{"taxonomy":"post_tag","embeddable":true,"href":"https:\/\/www.claudeguyot.com\/index.php\/wp-json\/wp\/v2\/tags?post=166"}],"curies":[{"name":"wp","href":"https:\/\/api.w.org\/{rel}","templated":true}]}}