{"id":1661,"date":"2026-04-27T14:03:07","date_gmt":"2026-04-27T13:03:07","guid":{"rendered":"https:\/\/www.claudeguyot.com\/?p=1661"},"modified":"2026-04-27T14:03:07","modified_gmt":"2026-04-27T13:03:07","slug":"un-hommage-solennel-rendu-au-marechal-jean-de-lattre-de-tassigny-a-loccasion-du-74eme-anniversaire-de-sa-disparition","status":"publish","type":"post","link":"https:\/\/www.claudeguyot.com\/index.php\/2026\/04\/27\/un-hommage-solennel-rendu-au-marechal-jean-de-lattre-de-tassigny-a-loccasion-du-74eme-anniversaire-de-sa-disparition\/","title":{"rendered":"Un hommage solennel rendu au Mar\u00e9chal Jean de Lattre de Tassigny \u00e0 l&rsquo;occasion du 74\u00e8me anniversaire de sa disparition"},"content":{"rendered":"\n<p>Le dimanche 18 janvier 2026, l&rsquo;Association Claude Guyot \u00e9tait pr\u00e9sente \u00e0 l&rsquo;occasion des c\u00e9r\u00e9monies entourant le 74\u00e8me anniversaire de la disparition du Mar\u00e9chal Jean de Lattre de Tassigny, figure embl\u00e9matique de l&rsquo;histoire militaire fran\u00e7aise. C&rsquo;est dans le recueillement et le respect que Jacques Perot, vice-pr\u00e9sident de notre association, a proc\u00e9d\u00e9 au d\u00e9p\u00f4t d&rsquo;une gerbe sur la s\u00e9pulture du Mar\u00e9chal, de son \u00e9pouse et de leur fils, au cimeti\u00e8re de Mouilleron-en-Pareds, en Vend\u00e9e, terre natale du \u00ab\u00a0Roi Jean\u00a0\u00bb.<\/p>\n\n\n<div class=\"wp-block-image\">\n<figure class=\"aligncenter size-large\"><img loading=\"lazy\" decoding=\"async\" width=\"765\" height=\"1024\" src=\"https:\/\/www.claudeguyot.com\/wp-content\/uploads\/2026\/04\/IMG-20260118-WA0011-765x1024.jpg\" alt=\"\" class=\"wp-image-1663\" srcset=\"https:\/\/www.claudeguyot.com\/wp-content\/uploads\/2026\/04\/IMG-20260118-WA0011-765x1024.jpg 765w, https:\/\/www.claudeguyot.com\/wp-content\/uploads\/2026\/04\/IMG-20260118-WA0011-224x300.jpg 224w, https:\/\/www.claudeguyot.com\/wp-content\/uploads\/2026\/04\/IMG-20260118-WA0011-768x1028.jpg 768w, https:\/\/www.claudeguyot.com\/wp-content\/uploads\/2026\/04\/IMG-20260118-WA0011-600x803.jpg 600w, https:\/\/www.claudeguyot.com\/wp-content\/uploads\/2026\/04\/IMG-20260118-WA0011-1147x1536.jpg 1147w, https:\/\/www.claudeguyot.com\/wp-content\/uploads\/2026\/04\/IMG-20260118-WA0011.jpg 1195w\" sizes=\"auto, (max-width: 765px) 100vw, 765px\" \/><\/figure><\/div>\n\n\n<p>Cette c\u00e9r\u00e9monie \u00e9mouvante fut l&rsquo;occasion d&rsquo;honorer la m\u00e9moire d&rsquo;un homme dont le parcours illustre une page cruciale de notre histoire contemporaine. Le Mar\u00e9chal de Lattre de Tassigny fut un acteur majeur de la Seconde Guerre mondiale, unissant et menant la Premi\u00e8re Arm\u00e9e fran\u00e7aise, issue des Forces Fran\u00e7aises Libres et de l&rsquo;Arm\u00e9e d&rsquo;Afrique, depuis le d\u00e9barquement de Provence jusqu&rsquo;\u00e0 la victoire finale en Allemagne. Sa stature de Compagnon de la Lib\u00e9ration et de l&rsquo;un des artisans de la renaissance militaire fran\u00e7aise apr\u00e8s l&rsquo;armistice de 1940, fait de lui un symbole de r\u00e9sistance et de d\u00e9termination. Il fut \u00e9galement le commandant en chef des troupes fran\u00e7aises en Indochine, marquant de son empreinte une p\u00e9riode complexe et douloureuse pour la France.<\/p>\n\n\n\n<p>L&rsquo;Association Claude Guyot, soucieuse de transmettre le flambeau du souvenir et des valeurs r\u00e9publicaines, r\u00e9affirme par cet hommage son attachement \u00e0 la pr\u00e9servation de la m\u00e9moire nationale. En honorant la m\u00e9moire du Mar\u00e9chal de Lattre de Tassigny, nous honorons non seulement son courage exceptionnel tout comme son leadership incontest\u00e9, mais aussi le sacrifice de tous ceux qui ont contribu\u00e9 \u00e0 d\u00e9fendre la libert\u00e9 et l&rsquo;honneur de la France. Ce moment de recueillement nous invite \u00e0 m\u00e9diter sur les le\u00e7ons du pass\u00e9 et \u00e0 consolider notre engagement \u00e0 perp\u00e9tuer les motivations de bravoure, de d\u00e9vouement et de patriotisme.<\/p>\n\n\n\n<p>Nous adressons nos plus sinc\u00e8res remerciements \u00e0 notre vice-pr\u00e9sident, Jacques Perot, pour sa digne repr\u00e9sentation de l&rsquo;association lors de cette c\u00e9r\u00e9monie. L&rsquo;Association Claude Guyot continue d&rsquo;\u0153uvrer pour que le souvenir de ces grandes figures qui ont forg\u00e9 notre nation demeure vivante dans les c\u0153urs et les esprits.<\/p>\n\n\n<div class=\"wp-block-image\">\n<figure class=\"aligncenter size-large\"><img loading=\"lazy\" decoding=\"async\" width=\"1024\" height=\"605\" src=\"https:\/\/www.claudeguyot.com\/wp-content\/uploads\/2026\/04\/MjAyNjAxZGQxY2EyM2IxMjg4YThmMjZiZTkxYmFhNWJlZmJhNjQ-1024x605.jpg\" alt=\"\" class=\"wp-image-1666\" srcset=\"https:\/\/www.claudeguyot.com\/wp-content\/uploads\/2026\/04\/MjAyNjAxZGQxY2EyM2IxMjg4YThmMjZiZTkxYmFhNWJlZmJhNjQ-1024x605.jpg 1024w, https:\/\/www.claudeguyot.com\/wp-content\/uploads\/2026\/04\/MjAyNjAxZGQxY2EyM2IxMjg4YThmMjZiZTkxYmFhNWJlZmJhNjQ-300x177.jpg 300w, https:\/\/www.claudeguyot.com\/wp-content\/uploads\/2026\/04\/MjAyNjAxZGQxY2EyM2IxMjg4YThmMjZiZTkxYmFhNWJlZmJhNjQ-768x453.jpg 768w, https:\/\/www.claudeguyot.com\/wp-content\/uploads\/2026\/04\/MjAyNjAxZGQxY2EyM2IxMjg4YThmMjZiZTkxYmFhNWJlZmJhNjQ-600x354.jpg 600w, https:\/\/www.claudeguyot.com\/wp-content\/uploads\/2026\/04\/MjAyNjAxZGQxY2EyM2IxMjg4YThmMjZiZTkxYmFhNWJlZmJhNjQ.jpg 1260w\" sizes=\"auto, (max-width: 1024px) 100vw, 1024px\" \/><\/figure><\/div>\n\n<div class=\"wp-block-image\">\n<figure class=\"aligncenter size-large\"><img loading=\"lazy\" decoding=\"async\" width=\"768\" height=\"1024\" src=\"https:\/\/www.claudeguyot.com\/wp-content\/uploads\/2026\/04\/IMG-20260118-WA0013-768x1024.jpg\" alt=\"\" class=\"wp-image-1665\" srcset=\"https:\/\/www.claudeguyot.com\/wp-content\/uploads\/2026\/04\/IMG-20260118-WA0013-768x1023.jpg 768w, https:\/\/www.claudeguyot.com\/wp-content\/uploads\/2026\/04\/IMG-20260118-WA0013-225x300.jpg 225w, https:\/\/www.claudeguyot.com\/wp-content\/uploads\/2026\/04\/IMG-20260118-WA0013-600x800.jpg 600w, https:\/\/www.claudeguyot.com\/wp-content\/uploads\/2026\/04\/IMG-20260118-WA0013-1153x1536.jpg 1153w, https:\/\/www.claudeguyot.com\/wp-content\/uploads\/2026\/04\/IMG-20260118-WA0013.jpg 1200w\" sizes=\"auto, (max-width: 768px) 100vw, 768px\" \/><\/figure><\/div>\n\n<div class=\"wp-block-image\">\n<figure class=\"aligncenter size-large\"><img loading=\"lazy\" decoding=\"async\" width=\"1024\" height=\"768\" src=\"https:\/\/www.claudeguyot.com\/wp-content\/uploads\/2026\/04\/IMG-20260118-WA0010-1024x768.jpg\" alt=\"\" class=\"wp-image-1662\" srcset=\"https:\/\/www.claudeguyot.com\/wp-content\/uploads\/2026\/04\/IMG-20260118-WA0010-1024x768.jpg 1024w, https:\/\/www.claudeguyot.com\/wp-content\/uploads\/2026\/04\/IMG-20260118-WA0010-300x225.jpg 300w, https:\/\/www.claudeguyot.com\/wp-content\/uploads\/2026\/04\/IMG-20260118-WA0010-768x576.jpg 768w, https:\/\/www.claudeguyot.com\/wp-content\/uploads\/2026\/04\/IMG-20260118-WA0010-600x450.jpg 600w, https:\/\/www.claudeguyot.com\/wp-content\/uploads\/2026\/04\/IMG-20260118-WA0010-1536x1153.jpg 1536w, https:\/\/www.claudeguyot.com\/wp-content\/uploads\/2026\/04\/IMG-20260118-WA0010.jpg 1599w\" sizes=\"auto, (max-width: 1024px) 100vw, 1024px\" \/><\/figure><\/div>\n\n<div class=\"wp-block-image\">\n<figure class=\"aligncenter size-large\"><img loading=\"lazy\" decoding=\"async\" width=\"768\" height=\"1024\" src=\"https:\/\/www.claudeguyot.com\/wp-content\/uploads\/2026\/04\/IMG-20260118-WA0012-768x1024.jpg\" alt=\"\" class=\"wp-image-1664\" srcset=\"https:\/\/www.claudeguyot.com\/wp-content\/uploads\/2026\/04\/IMG-20260118-WA0012-768x1023.jpg 768w, https:\/\/www.claudeguyot.com\/wp-content\/uploads\/2026\/04\/IMG-20260118-WA0012-225x300.jpg 225w, https:\/\/www.claudeguyot.com\/wp-content\/uploads\/2026\/04\/IMG-20260118-WA0012-600x800.jpg 600w, https:\/\/www.claudeguyot.com\/wp-content\/uploads\/2026\/04\/IMG-20260118-WA0012-1153x1536.jpg 1153w, https:\/\/www.claudeguyot.com\/wp-content\/uploads\/2026\/04\/IMG-20260118-WA0012.jpg 1200w\" sizes=\"auto, (max-width: 768px) 100vw, 768px\" \/><\/figure><\/div>","protected":false},"excerpt":{"rendered":"<p>Le dimanche 18 janvier 2026, l&rsquo;Association Claude Guyot \u00e9tait pr\u00e9sente \u00e0 l&rsquo;occasion des c\u00e9r\u00e9monies entourant le 74\u00e8me anniversaire de la disparition du Mar\u00e9chal Jean de Lattre de Tassigny, figure embl\u00e9matique de l&rsquo;histoire militaire fran\u00e7aise. C&rsquo;est dans le recueillement et le respect que Jacques Perot, vice-pr\u00e9sident de notre association, a proc\u00e9d\u00e9 au d\u00e9p\u00f4t d&rsquo;une gerbe sur &hellip; <a href=\"https:\/\/www.claudeguyot.com\/index.php\/2026\/04\/27\/un-hommage-solennel-rendu-au-marechal-jean-de-lattre-de-tassigny-a-loccasion-du-74eme-anniversaire-de-sa-disparition\/\" class=\"more-link\">Continuer la lecture de <span class=\"screen-reader-text\">Un hommage solennel rendu au Mar\u00e9chal Jean de Lattre de Tassigny \u00e0 l&rsquo;occasion du 74\u00e8me anniversaire de sa disparition<\/span>  <span class=\"meta-nav\">&rarr;<\/span><\/a><\/p>\n","protected":false},"author":1,"featured_media":1663,"comment_status":"open","ping_status":"open","sticky":false,"template":"","format":"standard","meta":{"footnotes":""},"categories":[1],"tags":[],"class_list":["post-1661","post","type-post","status-publish","format-standard","has-post-thumbnail","hentry","category-non-classe"],"yoast_head":"<!-- This site is optimized with the Yoast SEO plugin v19.9 - https:\/\/yoast.com\/wordpress\/plugins\/seo\/ -->\n<title>Un hommage solennel rendu au Mar\u00e9chal Jean de Lattre de Tassigny \u00e0 l&#039;occasion du 74\u00e8me anniversaire de sa disparition - Association Claude Guyot<\/title>\n<meta name=\"robots\" content=\"index, follow, max-snippet:-1, max-image-preview:large, max-video-preview:-1\" \/>\n<link rel=\"canonical\" href=\"https:\/\/www.claudeguyot.com\/index.php\/2026\/04\/27\/un-hommage-solennel-rendu-au-marechal-jean-de-lattre-de-tassigny-a-loccasion-du-74eme-anniversaire-de-sa-disparition\/\" \/>\n<meta property=\"og:locale\" content=\"fr_FR\" \/>\n<meta property=\"og:type\" content=\"article\" \/>\n<meta property=\"og:title\" content=\"Un hommage solennel rendu au Mar\u00e9chal Jean de Lattre de Tassigny \u00e0 l&#039;occasion du 74\u00e8me anniversaire de sa disparition - Association Claude Guyot\" \/>\n<meta property=\"og:description\" content=\"Le dimanche 18 janvier 2026, l&rsquo;Association Claude Guyot \u00e9tait pr\u00e9sente \u00e0 l&rsquo;occasion des c\u00e9r\u00e9monies entourant le 74\u00e8me anniversaire de la disparition du Mar\u00e9chal Jean de Lattre de Tassigny, figure embl\u00e9matique de l&rsquo;histoire militaire fran\u00e7aise. C&rsquo;est dans le recueillement et le respect que Jacques Perot, vice-pr\u00e9sident de notre association, a proc\u00e9d\u00e9 au d\u00e9p\u00f4t d&rsquo;une gerbe sur &hellip; Continuer la lecture de Un hommage solennel rendu au Mar\u00e9chal Jean de Lattre de Tassigny \u00e0 l&rsquo;occasion du 74\u00e8me anniversaire de sa disparition &rarr;\" \/>\n<meta property=\"og:url\" content=\"https:\/\/www.claudeguyot.com\/index.php\/2026\/04\/27\/un-hommage-solennel-rendu-au-marechal-jean-de-lattre-de-tassigny-a-loccasion-du-74eme-anniversaire-de-sa-disparition\/\" \/>\n<meta property=\"og:site_name\" content=\"Association Claude Guyot\" \/>\n<meta property=\"article:published_time\" content=\"2026-04-27T13:03:07+00:00\" \/>\n<meta property=\"og:image\" content=\"https:\/\/www.claudeguyot.com\/wp-content\/uploads\/2026\/04\/IMG-20260118-WA0011.jpg\" \/>\n\t<meta property=\"og:image:width\" content=\"1195\" \/>\n\t<meta property=\"og:image:height\" content=\"1600\" \/>\n\t<meta property=\"og:image:type\" content=\"image\/jpeg\" \/>\n<meta name=\"author\" content=\"Claude Guyot\" \/>\n<meta name=\"twitter:card\" content=\"summary_large_image\" \/>\n<meta name=\"twitter:label1\" content=\"\u00c9crit par\" \/>\n\t<meta name=\"twitter:data1\" content=\"Claude Guyot\" \/>\n\t<meta name=\"twitter:label2\" content=\"Dur\u00e9e de lecture estim\u00e9e\" \/>\n\t<meta name=\"twitter:data2\" content=\"3 minutes\" \/>\n<script type=\"application\/ld+json\" class=\"yoast-schema-graph\">{\"@context\":\"https:\/\/schema.org\",\"@graph\":[{\"@type\":\"WebPage\",\"@id\":\"https:\/\/www.claudeguyot.com\/index.php\/2026\/04\/27\/un-hommage-solennel-rendu-au-marechal-jean-de-lattre-de-tassigny-a-loccasion-du-74eme-anniversaire-de-sa-disparition\/\",\"url\":\"https:\/\/www.claudeguyot.com\/index.php\/2026\/04\/27\/un-hommage-solennel-rendu-au-marechal-jean-de-lattre-de-tassigny-a-loccasion-du-74eme-anniversaire-de-sa-disparition\/\",\"name\":\"Un hommage solennel rendu au Mar\u00e9chal Jean de Lattre de Tassigny \u00e0 l'occasion du 74\u00e8me anniversaire de sa disparition - Association Claude Guyot\",\"isPartOf\":{\"@id\":\"https:\/\/www.claudeguyot.com\/#website\"},\"datePublished\":\"2026-04-27T13:03:07+00:00\",\"dateModified\":\"2026-04-27T13:03:07+00:00\",\"author\":{\"@id\":\"https:\/\/www.claudeguyot.com\/#\/schema\/person\/fbc6c67d5e15fc909d64aab1f1f150a1\"},\"breadcrumb\":{\"@id\":\"https:\/\/www.claudeguyot.com\/index.php\/2026\/04\/27\/un-hommage-solennel-rendu-au-marechal-jean-de-lattre-de-tassigny-a-loccasion-du-74eme-anniversaire-de-sa-disparition\/#breadcrumb\"},\"inLanguage\":\"fr-FR\",\"potentialAction\":[{\"@type\":\"ReadAction\",\"target\":[\"https:\/\/www.claudeguyot.com\/index.php\/2026\/04\/27\/un-hommage-solennel-rendu-au-marechal-jean-de-lattre-de-tassigny-a-loccasion-du-74eme-anniversaire-de-sa-disparition\/\"]}]},{\"@type\":\"BreadcrumbList\",\"@id\":\"https:\/\/www.claudeguyot.com\/index.php\/2026\/04\/27\/un-hommage-solennel-rendu-au-marechal-jean-de-lattre-de-tassigny-a-loccasion-du-74eme-anniversaire-de-sa-disparition\/#breadcrumb\",\"itemListElement\":[{\"@type\":\"ListItem\",\"position\":1,\"name\":\"Accueil\",\"item\":\"https:\/\/www.claudeguyot.com\/\"},{\"@type\":\"ListItem\",\"position\":2,\"name\":\"Un hommage solennel rendu au Mar\u00e9chal Jean de Lattre de Tassigny \u00e0 l&#8217;occasion du 74\u00e8me anniversaire de sa disparition\"}]},{\"@type\":\"WebSite\",\"@id\":\"https:\/\/www.claudeguyot.com\/#website\",\"url\":\"https:\/\/www.claudeguyot.com\/\",\"name\":\"Association Claude Guyot\",\"description\":\"Association loi 1901 reconnue d&#039;int\u00e9r\u00eat g\u00e9n\u00e9ral\",\"potentialAction\":[{\"@type\":\"SearchAction\",\"target\":{\"@type\":\"EntryPoint\",\"urlTemplate\":\"https:\/\/www.claudeguyot.com\/?s={search_term_string}\"},\"query-input\":\"required name=search_term_string\"}],\"inLanguage\":\"fr-FR\"},{\"@type\":\"Person\",\"@id\":\"https:\/\/www.claudeguyot.com\/#\/schema\/person\/fbc6c67d5e15fc909d64aab1f1f150a1\",\"name\":\"Claude Guyot\",\"image\":{\"@type\":\"ImageObject\",\"inLanguage\":\"fr-FR\",\"@id\":\"https:\/\/www.claudeguyot.com\/#\/schema\/person\/image\/\",\"url\":\"https:\/\/secure.gravatar.com\/avatar\/8835715a7343599eaa98fab3b13c331c454cc537ea4343abb5ad3fefe9b4d586?s=96&d=mm&r=g\",\"contentUrl\":\"https:\/\/secure.gravatar.com\/avatar\/8835715a7343599eaa98fab3b13c331c454cc537ea4343abb5ad3fefe9b4d586?s=96&d=mm&r=g\",\"caption\":\"Claude Guyot\"},\"url\":\"https:\/\/www.claudeguyot.com\/index.php\/author\/admin5958\/\"}]}<\/script>\n<!-- \/ Yoast SEO plugin. -->","yoast_head_json":{"title":"Un hommage solennel rendu au Mar\u00e9chal Jean de Lattre de Tassigny \u00e0 l'occasion du 74\u00e8me anniversaire de sa disparition - Association Claude Guyot","robots":{"index":"index","follow":"follow","max-snippet":"max-snippet:-1","max-image-preview":"max-image-preview:large","max-video-preview":"max-video-preview:-1"},"canonical":"https:\/\/www.claudeguyot.com\/index.php\/2026\/04\/27\/un-hommage-solennel-rendu-au-marechal-jean-de-lattre-de-tassigny-a-loccasion-du-74eme-anniversaire-de-sa-disparition\/","og_locale":"fr_FR","og_type":"article","og_title":"Un hommage solennel rendu au Mar\u00e9chal Jean de Lattre de Tassigny \u00e0 l'occasion du 74\u00e8me anniversaire de sa disparition - Association Claude Guyot","og_description":"Le dimanche 18 janvier 2026, l&rsquo;Association Claude Guyot \u00e9tait pr\u00e9sente \u00e0 l&rsquo;occasion des c\u00e9r\u00e9monies entourant le 74\u00e8me anniversaire de la disparition du Mar\u00e9chal Jean de Lattre de Tassigny, figure embl\u00e9matique de l&rsquo;histoire militaire fran\u00e7aise. C&rsquo;est dans le recueillement et le respect que Jacques Perot, vice-pr\u00e9sident de notre association, a proc\u00e9d\u00e9 au d\u00e9p\u00f4t d&rsquo;une gerbe sur &hellip; Continuer la lecture de Un hommage solennel rendu au Mar\u00e9chal Jean de Lattre de Tassigny \u00e0 l&rsquo;occasion du 74\u00e8me anniversaire de sa disparition &rarr;","og_url":"https:\/\/www.claudeguyot.com\/index.php\/2026\/04\/27\/un-hommage-solennel-rendu-au-marechal-jean-de-lattre-de-tassigny-a-loccasion-du-74eme-anniversaire-de-sa-disparition\/","og_site_name":"Association Claude Guyot","article_published_time":"2026-04-27T13:03:07+00:00","og_image":[{"width":1195,"height":1600,"url":"https:\/\/www.claudeguyot.com\/wp-content\/uploads\/2026\/04\/IMG-20260118-WA0011.jpg","type":"image\/jpeg"}],"author":"Claude Guyot","twitter_card":"summary_large_image","twitter_misc":{"\u00c9crit par":"Claude Guyot","Dur\u00e9e de lecture estim\u00e9e":"3 minutes"},"schema":{"@context":"https:\/\/schema.org","@graph":[{"@type":"WebPage","@id":"https:\/\/www.claudeguyot.com\/index.php\/2026\/04\/27\/un-hommage-solennel-rendu-au-marechal-jean-de-lattre-de-tassigny-a-loccasion-du-74eme-anniversaire-de-sa-disparition\/","url":"https:\/\/www.claudeguyot.com\/index.php\/2026\/04\/27\/un-hommage-solennel-rendu-au-marechal-jean-de-lattre-de-tassigny-a-loccasion-du-74eme-anniversaire-de-sa-disparition\/","name":"Un hommage solennel rendu au Mar\u00e9chal Jean de Lattre de Tassigny \u00e0 l'occasion du 74\u00e8me anniversaire de sa disparition - Association Claude Guyot","isPartOf":{"@id":"https:\/\/www.claudeguyot.com\/#website"},"datePublished":"2026-04-27T13:03:07+00:00","dateModified":"2026-04-27T13:03:07+00:00","author":{"@id":"https:\/\/www.claudeguyot.com\/#\/schema\/person\/fbc6c67d5e15fc909d64aab1f1f150a1"},"breadcrumb":{"@id":"https:\/\/www.claudeguyot.com\/index.php\/2026\/04\/27\/un-hommage-solennel-rendu-au-marechal-jean-de-lattre-de-tassigny-a-loccasion-du-74eme-anniversaire-de-sa-disparition\/#breadcrumb"},"inLanguage":"fr-FR","potentialAction":[{"@type":"ReadAction","target":["https:\/\/www.claudeguyot.com\/index.php\/2026\/04\/27\/un-hommage-solennel-rendu-au-marechal-jean-de-lattre-de-tassigny-a-loccasion-du-74eme-anniversaire-de-sa-disparition\/"]}]},{"@type":"BreadcrumbList","@id":"https:\/\/www.claudeguyot.com\/index.php\/2026\/04\/27\/un-hommage-solennel-rendu-au-marechal-jean-de-lattre-de-tassigny-a-loccasion-du-74eme-anniversaire-de-sa-disparition\/#breadcrumb","itemListElement":[{"@type":"ListItem","position":1,"name":"Accueil","item":"https:\/\/www.claudeguyot.com\/"},{"@type":"ListItem","position":2,"name":"Un hommage solennel rendu au Mar\u00e9chal Jean de Lattre de Tassigny \u00e0 l&#8217;occasion du 74\u00e8me anniversaire de sa disparition"}]},{"@type":"WebSite","@id":"https:\/\/www.claudeguyot.com\/#website","url":"https:\/\/www.claudeguyot.com\/","name":"Association Claude Guyot","description":"Association loi 1901 reconnue d&#039;int\u00e9r\u00eat g\u00e9n\u00e9ral","potentialAction":[{"@type":"SearchAction","target":{"@type":"EntryPoint","urlTemplate":"https:\/\/www.claudeguyot.com\/?s={search_term_string}"},"query-input":"required name=search_term_string"}],"inLanguage":"fr-FR"},{"@type":"Person","@id":"https:\/\/www.claudeguyot.com\/#\/schema\/person\/fbc6c67d5e15fc909d64aab1f1f150a1","name":"Claude Guyot","image":{"@type":"ImageObject","inLanguage":"fr-FR","@id":"https:\/\/www.claudeguyot.com\/#\/schema\/person\/image\/","url":"https:\/\/secure.gravatar.com\/avatar\/8835715a7343599eaa98fab3b13c331c454cc537ea4343abb5ad3fefe9b4d586?s=96&d=mm&r=g","contentUrl":"https:\/\/secure.gravatar.com\/avatar\/8835715a7343599eaa98fab3b13c331c454cc537ea4343abb5ad3fefe9b4d586?s=96&d=mm&r=g","caption":"Claude Guyot"},"url":"https:\/\/www.claudeguyot.com\/index.php\/author\/admin5958\/"}]}},"jetpack_featured_media_url":"https:\/\/www.claudeguyot.com\/wp-content\/uploads\/2026\/04\/IMG-20260118-WA0011.jpg","_links":{"self":[{"href":"https:\/\/www.claudeguyot.com\/index.php\/wp-json\/wp\/v2\/posts\/1661","targetHints":{"allow":["GET"]}}],"collection":[{"href":"https:\/\/www.claudeguyot.com\/index.php\/wp-json\/wp\/v2\/posts"}],"about":[{"href":"https:\/\/www.claudeguyot.com\/index.php\/wp-json\/wp\/v2\/types\/post"}],"author":[{"embeddable":true,"href":"https:\/\/www.claudeguyot.com\/index.php\/wp-json\/wp\/v2\/users\/1"}],"replies":[{"embeddable":true,"href":"https:\/\/www.claudeguyot.com\/index.php\/wp-json\/wp\/v2\/comments?post=1661"}],"version-history":[{"count":1,"href":"https:\/\/www.claudeguyot.com\/index.php\/wp-json\/wp\/v2\/posts\/1661\/revisions"}],"predecessor-version":[{"id":1667,"href":"https:\/\/www.claudeguyot.com\/index.php\/wp-json\/wp\/v2\/posts\/1661\/revisions\/1667"}],"wp:featuredmedia":[{"embeddable":true,"href":"https:\/\/www.claudeguyot.com\/index.php\/wp-json\/wp\/v2\/media\/1663"}],"wp:attachment":[{"href":"https:\/\/www.claudeguyot.com\/index.php\/wp-json\/wp\/v2\/media?parent=1661"}],"wp:term":[{"taxonomy":"category","embeddable":true,"href":"https:\/\/www.claudeguyot.com\/index.php\/wp-json\/wp\/v2\/categories?post=1661"},{"taxonomy":"post_tag","embeddable":true,"href":"https:\/\/www.claudeguyot.com\/index.php\/wp-json\/wp\/v2\/tags?post=1661"}],"curies":[{"name":"wp","href":"https:\/\/api.w.org\/{rel}","templated":true}]}}