{"id":176,"date":"2016-09-17T22:47:10","date_gmt":"2016-09-17T21:47:10","guid":{"rendered":"http:\/\/www.claudeguyot.com\/?p=176"},"modified":"2025-07-08T21:42:39","modified_gmt":"2025-07-08T20:42:39","slug":"journees-europeennes-du-patrimoine-au-musee-national-des-deux-victoires","status":"publish","type":"post","link":"https:\/\/www.claudeguyot.com\/index.php\/2016\/09\/17\/journees-europeennes-du-patrimoine-au-musee-national-des-deux-victoires\/","title":{"rendered":"Journ\u00e9es europ\u00e9ennes du patrimoine au Mus\u00e9e national des deux victoires"},"content":{"rendered":"<p>\u00c0 l&rsquo;occasion des journ\u00e9es europ\u00e9ennes du patrimoine, visitez le <a href=\"http:\/\/musee-clemenceau-delattre.fr\">Mus\u00e9e national des deux victoires<\/a>, premier mus\u00e9e national cr\u00e9\u00e9 \u00e0 Mouilleron-en-Pareds. Des visites guid\u00e9es programm\u00e9es toutes les 1\/2 heures de 10 \u00e0 13h et de 14 \u00e0 18h. Habituellement, ce mus\u00e9e n&rsquo;est accessible que sur RDV. La maison natale du mar\u00e9chal de Lattre de Tassigny sera \u00e9galement ouverte avec 7 d\u00e9parts de visites toutes les heures. #JEP2016<\/p>\n","protected":false},"excerpt":{"rendered":"<p>\u00c0 l&rsquo;occasion des journ\u00e9es europ\u00e9ennes du patrimoine, visitez le Mus\u00e9e national des deux victoires, premier mus\u00e9e national cr\u00e9\u00e9 \u00e0 Mouilleron-en-Pareds. Des visites guid\u00e9es programm\u00e9es toutes les 1\/2 heures de 10 \u00e0 13h et de 14 \u00e0 18h. Habituellement, ce mus\u00e9e n&rsquo;est accessible que sur RDV. La maison natale du mar\u00e9chal de Lattre de Tassigny sera &hellip; <a href=\"https:\/\/www.claudeguyot.com\/index.php\/2016\/09\/17\/journees-europeennes-du-patrimoine-au-musee-national-des-deux-victoires\/\" class=\"more-link\">Continuer la lecture de <span class=\"screen-reader-text\">Journ\u00e9es europ\u00e9ennes du patrimoine au Mus\u00e9e national des deux victoires<\/span>  <span class=\"meta-nav\">&rarr;<\/span><\/a><\/p>\n","protected":false},"author":1,"featured_media":178,"comment_status":"closed","ping_status":"closed","sticky":false,"template":"","format":"standard","meta":{"footnotes":""},"categories":[1],"tags":[],"class_list":["post-176","post","type-post","status-publish","format-standard","has-post-thumbnail","hentry","category-non-classe"],"yoast_head":"<!-- This site is optimized with the Yoast SEO plugin v19.9 - https:\/\/yoast.com\/wordpress\/plugins\/seo\/ -->\n<title>Journ\u00e9es europ\u00e9ennes du patrimoine au Mus\u00e9e national des deux victoires - Association Claude Guyot<\/title>\n<meta name=\"robots\" content=\"index, follow, max-snippet:-1, max-image-preview:large, max-video-preview:-1\" \/>\n<link rel=\"canonical\" href=\"https:\/\/www.claudeguyot.com\/index.php\/2016\/09\/17\/journees-europeennes-du-patrimoine-au-musee-national-des-deux-victoires\/\" \/>\n<meta property=\"og:locale\" content=\"fr_FR\" \/>\n<meta property=\"og:type\" content=\"article\" \/>\n<meta property=\"og:title\" content=\"Journ\u00e9es europ\u00e9ennes du patrimoine au Mus\u00e9e national des deux victoires - Association Claude Guyot\" \/>\n<meta property=\"og:description\" content=\"\u00c0 l&rsquo;occasion des journ\u00e9es europ\u00e9ennes du patrimoine, visitez le Mus\u00e9e national des deux victoires, premier mus\u00e9e national cr\u00e9\u00e9 \u00e0 Mouilleron-en-Pareds. Des visites guid\u00e9es programm\u00e9es toutes les 1\/2 heures de 10 \u00e0 13h et de 14 \u00e0 18h. Habituellement, ce mus\u00e9e n&rsquo;est accessible que sur RDV. La maison natale du mar\u00e9chal de Lattre de Tassigny sera &hellip; Continuer la lecture de Journ\u00e9es europ\u00e9ennes du patrimoine au Mus\u00e9e national des deux victoires &rarr;\" \/>\n<meta property=\"og:url\" content=\"https:\/\/www.claudeguyot.com\/index.php\/2016\/09\/17\/journees-europeennes-du-patrimoine-au-musee-national-des-deux-victoires\/\" \/>\n<meta property=\"og:site_name\" content=\"Association Claude Guyot\" \/>\n<meta property=\"article:published_time\" content=\"2016-09-17T21:47:10+00:00\" \/>\n<meta property=\"article:modified_time\" content=\"2025-07-08T20:42:39+00:00\" \/>\n<meta property=\"og:image\" content=\"https:\/\/www.claudeguyot.com\/wp-content\/uploads\/2016\/09\/14212170_1280072375337406_2309838033299452226_n.jpg\" \/>\n\t<meta property=\"og:image:width\" content=\"678\" \/>\n\t<meta property=\"og:image:height\" content=\"960\" \/>\n\t<meta property=\"og:image:type\" content=\"image\/jpeg\" \/>\n<meta name=\"author\" content=\"Claude Guyot\" \/>\n<meta name=\"twitter:card\" content=\"summary_large_image\" \/>\n<meta name=\"twitter:label1\" content=\"\u00c9crit par\" \/>\n\t<meta name=\"twitter:data1\" content=\"Claude Guyot\" \/>\n<script type=\"application\/ld+json\" class=\"yoast-schema-graph\">{\"@context\":\"https:\/\/schema.org\",\"@graph\":[{\"@type\":\"WebPage\",\"@id\":\"https:\/\/www.claudeguyot.com\/index.php\/2016\/09\/17\/journees-europeennes-du-patrimoine-au-musee-national-des-deux-victoires\/\",\"url\":\"https:\/\/www.claudeguyot.com\/index.php\/2016\/09\/17\/journees-europeennes-du-patrimoine-au-musee-national-des-deux-victoires\/\",\"name\":\"Journ\u00e9es europ\u00e9ennes du patrimoine au Mus\u00e9e national des deux victoires - Association Claude Guyot\",\"isPartOf\":{\"@id\":\"https:\/\/www.claudeguyot.com\/#website\"},\"datePublished\":\"2016-09-17T21:47:10+00:00\",\"dateModified\":\"2025-07-08T20:42:39+00:00\",\"author\":{\"@id\":\"https:\/\/www.claudeguyot.com\/#\/schema\/person\/fbc6c67d5e15fc909d64aab1f1f150a1\"},\"breadcrumb\":{\"@id\":\"https:\/\/www.claudeguyot.com\/index.php\/2016\/09\/17\/journees-europeennes-du-patrimoine-au-musee-national-des-deux-victoires\/#breadcrumb\"},\"inLanguage\":\"fr-FR\",\"potentialAction\":[{\"@type\":\"ReadAction\",\"target\":[\"https:\/\/www.claudeguyot.com\/index.php\/2016\/09\/17\/journees-europeennes-du-patrimoine-au-musee-national-des-deux-victoires\/\"]}]},{\"@type\":\"BreadcrumbList\",\"@id\":\"https:\/\/www.claudeguyot.com\/index.php\/2016\/09\/17\/journees-europeennes-du-patrimoine-au-musee-national-des-deux-victoires\/#breadcrumb\",\"itemListElement\":[{\"@type\":\"ListItem\",\"position\":1,\"name\":\"Accueil\",\"item\":\"https:\/\/www.claudeguyot.com\/\"},{\"@type\":\"ListItem\",\"position\":2,\"name\":\"Journ\u00e9es europ\u00e9ennes du patrimoine au Mus\u00e9e national des deux victoires\"}]},{\"@type\":\"WebSite\",\"@id\":\"https:\/\/www.claudeguyot.com\/#website\",\"url\":\"https:\/\/www.claudeguyot.com\/\",\"name\":\"Association Claude Guyot\",\"description\":\"Association loi 1901 reconnue d&#039;int\u00e9r\u00eat g\u00e9n\u00e9ral\",\"potentialAction\":[{\"@type\":\"SearchAction\",\"target\":{\"@type\":\"EntryPoint\",\"urlTemplate\":\"https:\/\/www.claudeguyot.com\/?s={search_term_string}\"},\"query-input\":\"required name=search_term_string\"}],\"inLanguage\":\"fr-FR\"},{\"@type\":\"Person\",\"@id\":\"https:\/\/www.claudeguyot.com\/#\/schema\/person\/fbc6c67d5e15fc909d64aab1f1f150a1\",\"name\":\"Claude Guyot\",\"image\":{\"@type\":\"ImageObject\",\"inLanguage\":\"fr-FR\",\"@id\":\"https:\/\/www.claudeguyot.com\/#\/schema\/person\/image\/\",\"url\":\"https:\/\/secure.gravatar.com\/avatar\/8835715a7343599eaa98fab3b13c331c454cc537ea4343abb5ad3fefe9b4d586?s=96&d=mm&r=g\",\"contentUrl\":\"https:\/\/secure.gravatar.com\/avatar\/8835715a7343599eaa98fab3b13c331c454cc537ea4343abb5ad3fefe9b4d586?s=96&d=mm&r=g\",\"caption\":\"Claude Guyot\"},\"url\":\"https:\/\/www.claudeguyot.com\/index.php\/author\/admin5958\/\"}]}<\/script>\n<!-- \/ Yoast SEO plugin. -->","yoast_head_json":{"title":"Journ\u00e9es europ\u00e9ennes du patrimoine au Mus\u00e9e national des deux victoires - Association Claude Guyot","robots":{"index":"index","follow":"follow","max-snippet":"max-snippet:-1","max-image-preview":"max-image-preview:large","max-video-preview":"max-video-preview:-1"},"canonical":"https:\/\/www.claudeguyot.com\/index.php\/2016\/09\/17\/journees-europeennes-du-patrimoine-au-musee-national-des-deux-victoires\/","og_locale":"fr_FR","og_type":"article","og_title":"Journ\u00e9es europ\u00e9ennes du patrimoine au Mus\u00e9e national des deux victoires - Association Claude Guyot","og_description":"\u00c0 l&rsquo;occasion des journ\u00e9es europ\u00e9ennes du patrimoine, visitez le Mus\u00e9e national des deux victoires, premier mus\u00e9e national cr\u00e9\u00e9 \u00e0 Mouilleron-en-Pareds. Des visites guid\u00e9es programm\u00e9es toutes les 1\/2 heures de 10 \u00e0 13h et de 14 \u00e0 18h. Habituellement, ce mus\u00e9e n&rsquo;est accessible que sur RDV. La maison natale du mar\u00e9chal de Lattre de Tassigny sera &hellip; Continuer la lecture de Journ\u00e9es europ\u00e9ennes du patrimoine au Mus\u00e9e national des deux victoires &rarr;","og_url":"https:\/\/www.claudeguyot.com\/index.php\/2016\/09\/17\/journees-europeennes-du-patrimoine-au-musee-national-des-deux-victoires\/","og_site_name":"Association Claude Guyot","article_published_time":"2016-09-17T21:47:10+00:00","article_modified_time":"2025-07-08T20:42:39+00:00","og_image":[{"width":678,"height":960,"url":"https:\/\/www.claudeguyot.com\/wp-content\/uploads\/2016\/09\/14212170_1280072375337406_2309838033299452226_n.jpg","type":"image\/jpeg"}],"author":"Claude Guyot","twitter_card":"summary_large_image","twitter_misc":{"\u00c9crit par":"Claude Guyot"},"schema":{"@context":"https:\/\/schema.org","@graph":[{"@type":"WebPage","@id":"https:\/\/www.claudeguyot.com\/index.php\/2016\/09\/17\/journees-europeennes-du-patrimoine-au-musee-national-des-deux-victoires\/","url":"https:\/\/www.claudeguyot.com\/index.php\/2016\/09\/17\/journees-europeennes-du-patrimoine-au-musee-national-des-deux-victoires\/","name":"Journ\u00e9es europ\u00e9ennes du patrimoine au Mus\u00e9e national des deux victoires - Association Claude Guyot","isPartOf":{"@id":"https:\/\/www.claudeguyot.com\/#website"},"datePublished":"2016-09-17T21:47:10+00:00","dateModified":"2025-07-08T20:42:39+00:00","author":{"@id":"https:\/\/www.claudeguyot.com\/#\/schema\/person\/fbc6c67d5e15fc909d64aab1f1f150a1"},"breadcrumb":{"@id":"https:\/\/www.claudeguyot.com\/index.php\/2016\/09\/17\/journees-europeennes-du-patrimoine-au-musee-national-des-deux-victoires\/#breadcrumb"},"inLanguage":"fr-FR","potentialAction":[{"@type":"ReadAction","target":["https:\/\/www.claudeguyot.com\/index.php\/2016\/09\/17\/journees-europeennes-du-patrimoine-au-musee-national-des-deux-victoires\/"]}]},{"@type":"BreadcrumbList","@id":"https:\/\/www.claudeguyot.com\/index.php\/2016\/09\/17\/journees-europeennes-du-patrimoine-au-musee-national-des-deux-victoires\/#breadcrumb","itemListElement":[{"@type":"ListItem","position":1,"name":"Accueil","item":"https:\/\/www.claudeguyot.com\/"},{"@type":"ListItem","position":2,"name":"Journ\u00e9es europ\u00e9ennes du patrimoine au Mus\u00e9e national des deux victoires"}]},{"@type":"WebSite","@id":"https:\/\/www.claudeguyot.com\/#website","url":"https:\/\/www.claudeguyot.com\/","name":"Association Claude Guyot","description":"Association loi 1901 reconnue d&#039;int\u00e9r\u00eat g\u00e9n\u00e9ral","potentialAction":[{"@type":"SearchAction","target":{"@type":"EntryPoint","urlTemplate":"https:\/\/www.claudeguyot.com\/?s={search_term_string}"},"query-input":"required name=search_term_string"}],"inLanguage":"fr-FR"},{"@type":"Person","@id":"https:\/\/www.claudeguyot.com\/#\/schema\/person\/fbc6c67d5e15fc909d64aab1f1f150a1","name":"Claude Guyot","image":{"@type":"ImageObject","inLanguage":"fr-FR","@id":"https:\/\/www.claudeguyot.com\/#\/schema\/person\/image\/","url":"https:\/\/secure.gravatar.com\/avatar\/8835715a7343599eaa98fab3b13c331c454cc537ea4343abb5ad3fefe9b4d586?s=96&d=mm&r=g","contentUrl":"https:\/\/secure.gravatar.com\/avatar\/8835715a7343599eaa98fab3b13c331c454cc537ea4343abb5ad3fefe9b4d586?s=96&d=mm&r=g","caption":"Claude Guyot"},"url":"https:\/\/www.claudeguyot.com\/index.php\/author\/admin5958\/"}]}},"jetpack_featured_media_url":"https:\/\/www.claudeguyot.com\/wp-content\/uploads\/2016\/09\/14212170_1280072375337406_2309838033299452226_n.jpg","_links":{"self":[{"href":"https:\/\/www.claudeguyot.com\/index.php\/wp-json\/wp\/v2\/posts\/176","targetHints":{"allow":["GET"]}}],"collection":[{"href":"https:\/\/www.claudeguyot.com\/index.php\/wp-json\/wp\/v2\/posts"}],"about":[{"href":"https:\/\/www.claudeguyot.com\/index.php\/wp-json\/wp\/v2\/types\/post"}],"author":[{"embeddable":true,"href":"https:\/\/www.claudeguyot.com\/index.php\/wp-json\/wp\/v2\/users\/1"}],"replies":[{"embeddable":true,"href":"https:\/\/www.claudeguyot.com\/index.php\/wp-json\/wp\/v2\/comments?post=176"}],"version-history":[{"count":1,"href":"https:\/\/www.claudeguyot.com\/index.php\/wp-json\/wp\/v2\/posts\/176\/revisions"}],"predecessor-version":[{"id":179,"href":"https:\/\/www.claudeguyot.com\/index.php\/wp-json\/wp\/v2\/posts\/176\/revisions\/179"}],"wp:featuredmedia":[{"embeddable":true,"href":"https:\/\/www.claudeguyot.com\/index.php\/wp-json\/wp\/v2\/media\/178"}],"wp:attachment":[{"href":"https:\/\/www.claudeguyot.com\/index.php\/wp-json\/wp\/v2\/media?parent=176"}],"wp:term":[{"taxonomy":"category","embeddable":true,"href":"https:\/\/www.claudeguyot.com\/index.php\/wp-json\/wp\/v2\/categories?post=176"},{"taxonomy":"post_tag","embeddable":true,"href":"https:\/\/www.claudeguyot.com\/index.php\/wp-json\/wp\/v2\/tags?post=176"}],"curies":[{"name":"wp","href":"https:\/\/api.w.org\/{rel}","templated":true}]}}