{"id":1855,"date":"2026-08-31T08:02:29","date_gmt":"2026-08-31T07:02:29","guid":{"rendered":"https:\/\/www.claudeguyot.com\/?p=1855"},"modified":"2026-08-31T10:59:17","modified_gmt":"2026-08-31T09:59:17","slug":"au-programme-du-mois-de-septembre","status":"publish","type":"post","link":"https:\/\/www.claudeguyot.com\/index.php\/2026\/08\/31\/au-programme-du-mois-de-septembre\/","title":{"rendered":"Au programme du mois de septembre&#8230;"},"content":{"rendered":"\n<ul class=\"wp-block-list\">\n<li><strong>C\u00e9r\u00e9monie au Maquis du Bessey<\/strong><\/li>\n<\/ul>\n\n\n<div class=\"wp-block-image\">\n<figure class=\"aligncenter size-large\"><img loading=\"lazy\" decoding=\"async\" width=\"768\" height=\"1024\" src=\"https:\/\/www.claudeguyot.com\/wp-content\/uploads\/2026\/08\/62341-768x1024.jpg\" alt=\"\" class=\"wp-image-1858\" srcset=\"https:\/\/www.claudeguyot.com\/wp-content\/uploads\/2026\/08\/62341-768x1024.jpg 768w, https:\/\/www.claudeguyot.com\/wp-content\/uploads\/2026\/08\/62341-225x300.jpg 225w, https:\/\/www.claudeguyot.com\/wp-content\/uploads\/2026\/08\/62341-600x800.jpg 600w, https:\/\/www.claudeguyot.com\/wp-content\/uploads\/2026\/08\/62341-1152x1536.jpg 1152w, https:\/\/www.claudeguyot.com\/wp-content\/uploads\/2026\/08\/62341-1536x2048.jpg 1536w, https:\/\/www.claudeguyot.com\/wp-content\/uploads\/2026\/08\/62341-scaled.jpg 1920w\" sizes=\"auto, (max-width: 768px) 100vw, 768px\" \/><\/figure><\/div>\n\n\n<ul class=\"wp-block-list\">\n<li><strong>Anniversaire de la Lib\u00e9ration de Dijon<\/strong><\/li>\n<\/ul>\n\n\n<div class=\"wp-block-image\">\n<figure class=\"aligncenter size-large\"><img loading=\"lazy\" decoding=\"async\" width=\"1024\" height=\"685\" src=\"https:\/\/www.claudeguyot.com\/wp-content\/uploads\/2026\/08\/62337-1024x685.jpg\" alt=\"\" class=\"wp-image-1856\" srcset=\"https:\/\/www.claudeguyot.com\/wp-content\/uploads\/2026\/08\/62337-1024x685.jpg 1024w, https:\/\/www.claudeguyot.com\/wp-content\/uploads\/2026\/08\/62337-300x201.jpg 300w, https:\/\/www.claudeguyot.com\/wp-content\/uploads\/2026\/08\/62337-768x514.jpg 768w, https:\/\/www.claudeguyot.com\/wp-content\/uploads\/2026\/08\/62337-600x402.jpg 600w, https:\/\/www.claudeguyot.com\/wp-content\/uploads\/2026\/08\/62337-1536x1028.jpg 1536w, https:\/\/www.claudeguyot.com\/wp-content\/uploads\/2026\/08\/62337-2048x1370.jpg 2048w\" sizes=\"auto, (max-width: 1024px) 100vw, 1024px\" \/><\/figure><\/div>\n\n<div class=\"wp-block-image\">\n<figure class=\"aligncenter size-large\"><img loading=\"lazy\" decoding=\"async\" width=\"1024\" height=\"731\" src=\"https:\/\/www.claudeguyot.com\/wp-content\/uploads\/2026\/08\/62339-1024x731.jpg\" alt=\"\" class=\"wp-image-1857\" srcset=\"https:\/\/www.claudeguyot.com\/wp-content\/uploads\/2026\/08\/62339-1024x731.jpg 1024w, https:\/\/www.claudeguyot.com\/wp-content\/uploads\/2026\/08\/62339-300x214.jpg 300w, https:\/\/www.claudeguyot.com\/wp-content\/uploads\/2026\/08\/62339-768x548.jpg 768w, https:\/\/www.claudeguyot.com\/wp-content\/uploads\/2026\/08\/62339-600x428.jpg 600w, https:\/\/www.claudeguyot.com\/wp-content\/uploads\/2026\/08\/62339-1536x1097.jpg 1536w, https:\/\/www.claudeguyot.com\/wp-content\/uploads\/2026\/08\/62339-2048x1462.jpg 2048w\" sizes=\"auto, (max-width: 1024px) 100vw, 1024px\" \/><\/figure><\/div>\n\n\n<ul class=\"wp-block-list\">\n<li><strong>INAUGURATION &amp; DECOUVERTE de l&rsquo;exposition : \u00ab G\u00e9rard Ambroselli, Jean de Lattre, l\u2019Art au service de la Victoire \u00bb<\/strong><\/li>\n<\/ul>\n\n\n<div class=\"wp-block-image\">\n<figure class=\"aligncenter size-large\"><img loading=\"lazy\" decoding=\"async\" width=\"1024\" height=\"724\" src=\"https:\/\/www.claudeguyot.com\/wp-content\/uploads\/2026\/08\/Expo-Ambroselli-1-1024x724.jpg\" alt=\"\" class=\"wp-image-1863\" srcset=\"https:\/\/www.claudeguyot.com\/wp-content\/uploads\/2026\/08\/Expo-Ambroselli-1-1024x724.jpg 1024w, https:\/\/www.claudeguyot.com\/wp-content\/uploads\/2026\/08\/Expo-Ambroselli-1-300x212.jpg 300w, https:\/\/www.claudeguyot.com\/wp-content\/uploads\/2026\/08\/Expo-Ambroselli-1-768x543.jpg 768w, https:\/\/www.claudeguyot.com\/wp-content\/uploads\/2026\/08\/Expo-Ambroselli-1-600x424.jpg 600w, https:\/\/www.claudeguyot.com\/wp-content\/uploads\/2026\/08\/Expo-Ambroselli-1.jpg 1166w\" sizes=\"auto, (max-width: 1024px) 100vw, 1024px\" \/><\/figure><\/div>\n\n<div class=\"wp-block-image\">\n<figure class=\"aligncenter size-large\"><img loading=\"lazy\" decoding=\"async\" width=\"1024\" height=\"725\" src=\"https:\/\/www.claudeguyot.com\/wp-content\/uploads\/2026\/08\/Expo-Ambroselli-2-1024x725.jpg\" alt=\"\" class=\"wp-image-1864\" srcset=\"https:\/\/www.claudeguyot.com\/wp-content\/uploads\/2026\/08\/Expo-Ambroselli-2-1024x725.jpg 1024w, https:\/\/www.claudeguyot.com\/wp-content\/uploads\/2026\/08\/Expo-Ambroselli-2-300x212.jpg 300w, https:\/\/www.claudeguyot.com\/wp-content\/uploads\/2026\/08\/Expo-Ambroselli-2-768x544.jpg 768w, https:\/\/www.claudeguyot.com\/wp-content\/uploads\/2026\/08\/Expo-Ambroselli-2-600x425.jpg 600w, https:\/\/www.claudeguyot.com\/wp-content\/uploads\/2026\/08\/Expo-Ambroselli-2.jpg 1171w\" sizes=\"auto, (max-width: 1024px) 100vw, 1024px\" \/><\/figure><\/div>\n\n\n<p>&#8211; <a href=\"https:\/\/www.claudeguyot.com\/wp-content\/uploads\/2026\/08\/Prompt-exposition-Ambroselli.pdf\">Cliquez ici pour t\u00e9l\u00e9charger le teaser de l&rsquo;exposition<\/a><\/p>\n\n\n\n<p><\/p>\n","protected":false},"excerpt":{"rendered":"<p>&#8211; Cliquez ici pour t\u00e9l\u00e9charger le teaser de l&rsquo;exposition<\/p>\n","protected":false},"author":1,"featured_media":1860,"comment_status":"open","ping_status":"open","sticky":false,"template":"","format":"standard","meta":{"footnotes":""},"categories":[1],"tags":[],"class_list":["post-1855","post","type-post","status-publish","format-standard","has-post-thumbnail","hentry","category-non-classe"],"yoast_head":"<!-- This site is optimized with the Yoast SEO plugin v19.9 - https:\/\/yoast.com\/wordpress\/plugins\/seo\/ -->\n<title>Au programme du mois de septembre... - Association Claude Guyot<\/title>\n<meta name=\"robots\" content=\"index, follow, max-snippet:-1, max-image-preview:large, max-video-preview:-1\" \/>\n<link rel=\"canonical\" href=\"https:\/\/www.claudeguyot.com\/index.php\/2026\/08\/31\/au-programme-du-mois-de-septembre\/\" \/>\n<meta property=\"og:locale\" content=\"fr_FR\" \/>\n<meta property=\"og:type\" content=\"article\" \/>\n<meta property=\"og:title\" content=\"Au programme du mois de septembre... - Association Claude Guyot\" \/>\n<meta property=\"og:description\" content=\"&#8211; Cliquez ici pour t\u00e9l\u00e9charger le teaser de l&rsquo;exposition\" \/>\n<meta property=\"og:url\" content=\"https:\/\/www.claudeguyot.com\/index.php\/2026\/08\/31\/au-programme-du-mois-de-septembre\/\" \/>\n<meta property=\"og:site_name\" content=\"Association Claude Guyot\" \/>\n<meta property=\"article:published_time\" content=\"2026-08-31T07:02:29+00:00\" \/>\n<meta property=\"article:modified_time\" content=\"2026-08-31T09:59:17+00:00\" \/>\n<meta property=\"og:image\" content=\"https:\/\/www.claudeguyot.com\/wp-content\/uploads\/2026\/08\/istockphoto-1412705717-612x612-1.jpg\" \/>\n\t<meta property=\"og:image:width\" content=\"612\" \/>\n\t<meta property=\"og:image:height\" content=\"459\" \/>\n\t<meta property=\"og:image:type\" content=\"image\/jpeg\" \/>\n<meta name=\"author\" content=\"Claude Guyot\" \/>\n<meta name=\"twitter:card\" content=\"summary_large_image\" \/>\n<meta name=\"twitter:label1\" content=\"\u00c9crit par\" \/>\n\t<meta name=\"twitter:data1\" content=\"Claude Guyot\" \/>\n\t<meta name=\"twitter:label2\" content=\"Dur\u00e9e de lecture estim\u00e9e\" \/>\n\t<meta name=\"twitter:data2\" content=\"2 minutes\" \/>\n<script type=\"application\/ld+json\" class=\"yoast-schema-graph\">{\"@context\":\"https:\/\/schema.org\",\"@graph\":[{\"@type\":\"WebPage\",\"@id\":\"https:\/\/www.claudeguyot.com\/index.php\/2026\/08\/31\/au-programme-du-mois-de-septembre\/\",\"url\":\"https:\/\/www.claudeguyot.com\/index.php\/2026\/08\/31\/au-programme-du-mois-de-septembre\/\",\"name\":\"Au programme du mois de septembre... - Association Claude Guyot\",\"isPartOf\":{\"@id\":\"https:\/\/www.claudeguyot.com\/#website\"},\"datePublished\":\"2026-08-31T07:02:29+00:00\",\"dateModified\":\"2026-08-31T09:59:17+00:00\",\"author\":{\"@id\":\"https:\/\/www.claudeguyot.com\/#\/schema\/person\/fbc6c67d5e15fc909d64aab1f1f150a1\"},\"breadcrumb\":{\"@id\":\"https:\/\/www.claudeguyot.com\/index.php\/2026\/08\/31\/au-programme-du-mois-de-septembre\/#breadcrumb\"},\"inLanguage\":\"fr-FR\",\"potentialAction\":[{\"@type\":\"ReadAction\",\"target\":[\"https:\/\/www.claudeguyot.com\/index.php\/2026\/08\/31\/au-programme-du-mois-de-septembre\/\"]}]},{\"@type\":\"BreadcrumbList\",\"@id\":\"https:\/\/www.claudeguyot.com\/index.php\/2026\/08\/31\/au-programme-du-mois-de-septembre\/#breadcrumb\",\"itemListElement\":[{\"@type\":\"ListItem\",\"position\":1,\"name\":\"Accueil\",\"item\":\"https:\/\/www.claudeguyot.com\/\"},{\"@type\":\"ListItem\",\"position\":2,\"name\":\"Au programme du mois de septembre&#8230;\"}]},{\"@type\":\"WebSite\",\"@id\":\"https:\/\/www.claudeguyot.com\/#website\",\"url\":\"https:\/\/www.claudeguyot.com\/\",\"name\":\"Association Claude Guyot\",\"description\":\"Association loi 1901 reconnue d&#039;int\u00e9r\u00eat g\u00e9n\u00e9ral\",\"potentialAction\":[{\"@type\":\"SearchAction\",\"target\":{\"@type\":\"EntryPoint\",\"urlTemplate\":\"https:\/\/www.claudeguyot.com\/?s={search_term_string}\"},\"query-input\":\"required name=search_term_string\"}],\"inLanguage\":\"fr-FR\"},{\"@type\":\"Person\",\"@id\":\"https:\/\/www.claudeguyot.com\/#\/schema\/person\/fbc6c67d5e15fc909d64aab1f1f150a1\",\"name\":\"Claude Guyot\",\"image\":{\"@type\":\"ImageObject\",\"inLanguage\":\"fr-FR\",\"@id\":\"https:\/\/www.claudeguyot.com\/#\/schema\/person\/image\/\",\"url\":\"https:\/\/secure.gravatar.com\/avatar\/8835715a7343599eaa98fab3b13c331c454cc537ea4343abb5ad3fefe9b4d586?s=96&d=mm&r=g\",\"contentUrl\":\"https:\/\/secure.gravatar.com\/avatar\/8835715a7343599eaa98fab3b13c331c454cc537ea4343abb5ad3fefe9b4d586?s=96&d=mm&r=g\",\"caption\":\"Claude Guyot\"},\"url\":\"https:\/\/www.claudeguyot.com\/index.php\/author\/admin5958\/\"}]}<\/script>\n<!-- \/ Yoast SEO plugin. -->","yoast_head_json":{"title":"Au programme du mois de septembre... - Association Claude Guyot","robots":{"index":"index","follow":"follow","max-snippet":"max-snippet:-1","max-image-preview":"max-image-preview:large","max-video-preview":"max-video-preview:-1"},"canonical":"https:\/\/www.claudeguyot.com\/index.php\/2026\/08\/31\/au-programme-du-mois-de-septembre\/","og_locale":"fr_FR","og_type":"article","og_title":"Au programme du mois de septembre... - Association Claude Guyot","og_description":"&#8211; Cliquez ici pour t\u00e9l\u00e9charger le teaser de l&rsquo;exposition","og_url":"https:\/\/www.claudeguyot.com\/index.php\/2026\/08\/31\/au-programme-du-mois-de-septembre\/","og_site_name":"Association Claude Guyot","article_published_time":"2026-08-31T07:02:29+00:00","article_modified_time":"2026-08-31T09:59:17+00:00","og_image":[{"width":612,"height":459,"url":"https:\/\/www.claudeguyot.com\/wp-content\/uploads\/2026\/08\/istockphoto-1412705717-612x612-1.jpg","type":"image\/jpeg"}],"author":"Claude Guyot","twitter_card":"summary_large_image","twitter_misc":{"\u00c9crit par":"Claude Guyot","Dur\u00e9e de lecture estim\u00e9e":"2 minutes"},"schema":{"@context":"https:\/\/schema.org","@graph":[{"@type":"WebPage","@id":"https:\/\/www.claudeguyot.com\/index.php\/2026\/08\/31\/au-programme-du-mois-de-septembre\/","url":"https:\/\/www.claudeguyot.com\/index.php\/2026\/08\/31\/au-programme-du-mois-de-septembre\/","name":"Au programme du mois de septembre... - Association Claude Guyot","isPartOf":{"@id":"https:\/\/www.claudeguyot.com\/#website"},"datePublished":"2026-08-31T07:02:29+00:00","dateModified":"2026-08-31T09:59:17+00:00","author":{"@id":"https:\/\/www.claudeguyot.com\/#\/schema\/person\/fbc6c67d5e15fc909d64aab1f1f150a1"},"breadcrumb":{"@id":"https:\/\/www.claudeguyot.com\/index.php\/2026\/08\/31\/au-programme-du-mois-de-septembre\/#breadcrumb"},"inLanguage":"fr-FR","potentialAction":[{"@type":"ReadAction","target":["https:\/\/www.claudeguyot.com\/index.php\/2026\/08\/31\/au-programme-du-mois-de-septembre\/"]}]},{"@type":"BreadcrumbList","@id":"https:\/\/www.claudeguyot.com\/index.php\/2026\/08\/31\/au-programme-du-mois-de-septembre\/#breadcrumb","itemListElement":[{"@type":"ListItem","position":1,"name":"Accueil","item":"https:\/\/www.claudeguyot.com\/"},{"@type":"ListItem","position":2,"name":"Au programme du mois de septembre&#8230;"}]},{"@type":"WebSite","@id":"https:\/\/www.claudeguyot.com\/#website","url":"https:\/\/www.claudeguyot.com\/","name":"Association Claude Guyot","description":"Association loi 1901 reconnue d&#039;int\u00e9r\u00eat g\u00e9n\u00e9ral","potentialAction":[{"@type":"SearchAction","target":{"@type":"EntryPoint","urlTemplate":"https:\/\/www.claudeguyot.com\/?s={search_term_string}"},"query-input":"required name=search_term_string"}],"inLanguage":"fr-FR"},{"@type":"Person","@id":"https:\/\/www.claudeguyot.com\/#\/schema\/person\/fbc6c67d5e15fc909d64aab1f1f150a1","name":"Claude Guyot","image":{"@type":"ImageObject","inLanguage":"fr-FR","@id":"https:\/\/www.claudeguyot.com\/#\/schema\/person\/image\/","url":"https:\/\/secure.gravatar.com\/avatar\/8835715a7343599eaa98fab3b13c331c454cc537ea4343abb5ad3fefe9b4d586?s=96&d=mm&r=g","contentUrl":"https:\/\/secure.gravatar.com\/avatar\/8835715a7343599eaa98fab3b13c331c454cc537ea4343abb5ad3fefe9b4d586?s=96&d=mm&r=g","caption":"Claude Guyot"},"url":"https:\/\/www.claudeguyot.com\/index.php\/author\/admin5958\/"}]}},"jetpack_featured_media_url":"https:\/\/www.claudeguyot.com\/wp-content\/uploads\/2026\/08\/istockphoto-1412705717-612x612-1.jpg","_links":{"self":[{"href":"https:\/\/www.claudeguyot.com\/index.php\/wp-json\/wp\/v2\/posts\/1855","targetHints":{"allow":["GET"]}}],"collection":[{"href":"https:\/\/www.claudeguyot.com\/index.php\/wp-json\/wp\/v2\/posts"}],"about":[{"href":"https:\/\/www.claudeguyot.com\/index.php\/wp-json\/wp\/v2\/types\/post"}],"author":[{"embeddable":true,"href":"https:\/\/www.claudeguyot.com\/index.php\/wp-json\/wp\/v2\/users\/1"}],"replies":[{"embeddable":true,"href":"https:\/\/www.claudeguyot.com\/index.php\/wp-json\/wp\/v2\/comments?post=1855"}],"version-history":[{"count":3,"href":"https:\/\/www.claudeguyot.com\/index.php\/wp-json\/wp\/v2\/posts\/1855\/revisions"}],"predecessor-version":[{"id":1867,"href":"https:\/\/www.claudeguyot.com\/index.php\/wp-json\/wp\/v2\/posts\/1855\/revisions\/1867"}],"wp:featuredmedia":[{"embeddable":true,"href":"https:\/\/www.claudeguyot.com\/index.php\/wp-json\/wp\/v2\/media\/1860"}],"wp:attachment":[{"href":"https:\/\/www.claudeguyot.com\/index.php\/wp-json\/wp\/v2\/media?parent=1855"}],"wp:term":[{"taxonomy":"category","embeddable":true,"href":"https:\/\/www.claudeguyot.com\/index.php\/wp-json\/wp\/v2\/categories?post=1855"},{"taxonomy":"post_tag","embeddable":true,"href":"https:\/\/www.claudeguyot.com\/index.php\/wp-json\/wp\/v2\/tags?post=1855"}],"curies":[{"name":"wp","href":"https:\/\/api.w.org\/{rel}","templated":true}]}}