{"id":231,"date":"2016-10-16T14:31:58","date_gmt":"2016-10-16T13:31:58","guid":{"rendered":"http:\/\/www.claudeguyot.com\/?p=231"},"modified":"2025-07-08T21:45:14","modified_gmt":"2025-07-08T20:45:14","slug":"remise-diplomes-brevet-aux-eleves-college-claude-guyot-darnay-duc","status":"publish","type":"post","link":"https:\/\/www.claudeguyot.com\/index.php\/2016\/10\/16\/remise-diplomes-brevet-aux-eleves-college-claude-guyot-darnay-duc\/","title":{"rendered":"Remise des dipl\u00f4mes du brevet aux \u00e9l\u00e8ves du Coll\u00e8ge Claude Guyot d&rsquo;Arnay-le-Duc"},"content":{"rendered":"<p>Samedi 15 octobre\u00a02016,\u00a0Hadrien Lacoste,\u00a0pr\u00e9sident de l&rsquo;Association Claude Guyot, participait \u00a0\u00e0 la c\u00e9r\u00e9monie de remise des dipl\u00f4mes du brevet aux \u00e9l\u00e8ves du Coll\u00e8ge Claude Guyot d&rsquo;Arnay-le-Duc. Le pr\u00e9sident de l&rsquo;Association a offert une \u00e9dition originale de \u00ab\u00a0L&rsquo;arrestation des Tantes du Roi\u00a0\u00bb datant de 1926 afin d&rsquo;enrichir la biblioth\u00e8que du coll\u00e8ge. Une mani\u00e8re de saluer et d&rsquo;encourager l&rsquo;engagement de cet \u00e9tablissement \u00e0 entretenir la m\u00e9moire et l&rsquo;h\u00e9ritage de Claude Guyot.<\/p>\n<p><img loading=\"lazy\" decoding=\"async\" class=\"alignnone size-medium wp-image-233\" src=\"https:\/\/www.claudeguyot.com\/wp-content\/uploads\/2016\/10\/thumb_IMG_0733_1024-300x225.jpg\" alt=\"thumb_img_0733_1024\" width=\"300\" height=\"225\" srcset=\"https:\/\/www.claudeguyot.com\/wp-content\/uploads\/2016\/10\/thumb_IMG_0733_1024-300x225.jpg 300w, https:\/\/www.claudeguyot.com\/wp-content\/uploads\/2016\/10\/thumb_IMG_0733_1024-768x576.jpg 768w, https:\/\/www.claudeguyot.com\/wp-content\/uploads\/2016\/10\/thumb_IMG_0733_1024.jpg 1024w, https:\/\/www.claudeguyot.com\/wp-content\/uploads\/2016\/10\/thumb_IMG_0733_1024-600x450.jpg 600w\" sizes=\"auto, (max-width: 300px) 100vw, 300px\" \/><\/p>\n<p>Cette manifestation s&rsquo;est d\u00e9roul\u00e9e en pr\u00e9sence de B\u00e9atrice Moingeon-Hermary, conseill\u00e8re d\u00e9partementale du canton d&rsquo;Arnay-le-Duc, J\u00e9r\u00f4me Soupart, pr\u00e9sident de la Communaut\u00e9 de communes du Pays d&rsquo;Arnay, Claire Sourieau, adjointe au maire d&rsquo;Arnay-le-Duc, Pierre Humbert, principal du coll\u00e8ge Claude Guyot d&rsquo;Arnay.<\/p>\n<p><img loading=\"lazy\" decoding=\"async\" class=\"alignnone size-medium wp-image-234\" src=\"https:\/\/www.claudeguyot.com\/wp-content\/uploads\/2016\/10\/thumb_IMG_0792_1024-300x225.jpg\" alt=\"thumb_img_0792_1024\" width=\"300\" height=\"225\" srcset=\"https:\/\/www.claudeguyot.com\/wp-content\/uploads\/2016\/10\/thumb_IMG_0792_1024-300x225.jpg 300w, https:\/\/www.claudeguyot.com\/wp-content\/uploads\/2016\/10\/thumb_IMG_0792_1024-768x576.jpg 768w, https:\/\/www.claudeguyot.com\/wp-content\/uploads\/2016\/10\/thumb_IMG_0792_1024.jpg 1024w, https:\/\/www.claudeguyot.com\/wp-content\/uploads\/2016\/10\/thumb_IMG_0792_1024-600x450.jpg 600w\" sizes=\"auto, (max-width: 300px) 100vw, 300px\" \/><\/p>\n","protected":false},"excerpt":{"rendered":"<p>Samedi 15 octobre\u00a02016,\u00a0Hadrien Lacoste,\u00a0pr\u00e9sident de l&rsquo;Association Claude Guyot, participait \u00a0\u00e0 la c\u00e9r\u00e9monie de remise des dipl\u00f4mes du brevet aux \u00e9l\u00e8ves du Coll\u00e8ge Claude Guyot d&rsquo;Arnay-le-Duc. Le pr\u00e9sident de l&rsquo;Association a offert une \u00e9dition originale de \u00ab\u00a0L&rsquo;arrestation des Tantes du Roi\u00a0\u00bb datant de 1926 afin d&rsquo;enrichir la biblioth\u00e8que du coll\u00e8ge. Une mani\u00e8re de saluer et d&rsquo;encourager &hellip; <a href=\"https:\/\/www.claudeguyot.com\/index.php\/2016\/10\/16\/remise-diplomes-brevet-aux-eleves-college-claude-guyot-darnay-duc\/\" class=\"more-link\">Continuer la lecture de <span class=\"screen-reader-text\">Remise des dipl\u00f4mes du brevet aux \u00e9l\u00e8ves du Coll\u00e8ge Claude Guyot d&rsquo;Arnay-le-Duc<\/span>  <span class=\"meta-nav\">&rarr;<\/span><\/a><\/p>\n","protected":false},"author":1,"featured_media":232,"comment_status":"closed","ping_status":"closed","sticky":false,"template":"","format":"standard","meta":{"footnotes":""},"categories":[1],"tags":[],"class_list":["post-231","post","type-post","status-publish","format-standard","has-post-thumbnail","hentry","category-non-classe"],"yoast_head":"<!-- This site is optimized with the Yoast SEO plugin v19.9 - https:\/\/yoast.com\/wordpress\/plugins\/seo\/ -->\n<title>Remise des dipl\u00f4mes du brevet aux \u00e9l\u00e8ves du Coll\u00e8ge Claude Guyot d&#039;Arnay-le-Duc - Association Claude Guyot<\/title>\n<meta name=\"robots\" content=\"index, follow, max-snippet:-1, max-image-preview:large, max-video-preview:-1\" \/>\n<link rel=\"canonical\" href=\"https:\/\/www.claudeguyot.com\/index.php\/2016\/10\/16\/remise-diplomes-brevet-aux-eleves-college-claude-guyot-darnay-duc\/\" \/>\n<meta property=\"og:locale\" content=\"fr_FR\" \/>\n<meta property=\"og:type\" content=\"article\" \/>\n<meta property=\"og:title\" content=\"Remise des dipl\u00f4mes du brevet aux \u00e9l\u00e8ves du Coll\u00e8ge Claude Guyot d&#039;Arnay-le-Duc - Association Claude Guyot\" \/>\n<meta property=\"og:description\" content=\"Samedi 15 octobre\u00a02016,\u00a0Hadrien Lacoste,\u00a0pr\u00e9sident de l&rsquo;Association Claude Guyot, participait \u00a0\u00e0 la c\u00e9r\u00e9monie de remise des dipl\u00f4mes du brevet aux \u00e9l\u00e8ves du Coll\u00e8ge Claude Guyot d&rsquo;Arnay-le-Duc. Le pr\u00e9sident de l&rsquo;Association a offert une \u00e9dition originale de \u00ab\u00a0L&rsquo;arrestation des Tantes du Roi\u00a0\u00bb datant de 1926 afin d&rsquo;enrichir la biblioth\u00e8que du coll\u00e8ge. Une mani\u00e8re de saluer et d&rsquo;encourager &hellip; Continuer la lecture de Remise des dipl\u00f4mes du brevet aux \u00e9l\u00e8ves du Coll\u00e8ge Claude Guyot d&rsquo;Arnay-le-Duc &rarr;\" \/>\n<meta property=\"og:url\" content=\"https:\/\/www.claudeguyot.com\/index.php\/2016\/10\/16\/remise-diplomes-brevet-aux-eleves-college-claude-guyot-darnay-duc\/\" \/>\n<meta property=\"og:site_name\" content=\"Association Claude Guyot\" \/>\n<meta property=\"article:published_time\" content=\"2016-10-16T13:31:58+00:00\" \/>\n<meta property=\"article:modified_time\" content=\"2025-07-08T20:45:14+00:00\" \/>\n<meta property=\"og:image\" content=\"https:\/\/www.claudeguyot.com\/wp-content\/uploads\/2016\/10\/thumb_IMG_0720_1024.jpg\" \/>\n\t<meta property=\"og:image:width\" content=\"1024\" \/>\n\t<meta property=\"og:image:height\" content=\"768\" \/>\n\t<meta property=\"og:image:type\" content=\"image\/jpeg\" \/>\n<meta name=\"author\" content=\"Claude Guyot\" \/>\n<meta name=\"twitter:card\" content=\"summary_large_image\" \/>\n<meta name=\"twitter:label1\" content=\"\u00c9crit par\" \/>\n\t<meta name=\"twitter:data1\" content=\"Claude Guyot\" \/>\n\t<meta name=\"twitter:label2\" content=\"Dur\u00e9e de lecture estim\u00e9e\" \/>\n\t<meta name=\"twitter:data2\" content=\"1 minute\" \/>\n<script type=\"application\/ld+json\" class=\"yoast-schema-graph\">{\"@context\":\"https:\/\/schema.org\",\"@graph\":[{\"@type\":\"WebPage\",\"@id\":\"https:\/\/www.claudeguyot.com\/index.php\/2016\/10\/16\/remise-diplomes-brevet-aux-eleves-college-claude-guyot-darnay-duc\/\",\"url\":\"https:\/\/www.claudeguyot.com\/index.php\/2016\/10\/16\/remise-diplomes-brevet-aux-eleves-college-claude-guyot-darnay-duc\/\",\"name\":\"Remise des dipl\u00f4mes du brevet aux \u00e9l\u00e8ves du Coll\u00e8ge Claude Guyot d'Arnay-le-Duc - Association Claude Guyot\",\"isPartOf\":{\"@id\":\"https:\/\/www.claudeguyot.com\/#website\"},\"datePublished\":\"2016-10-16T13:31:58+00:00\",\"dateModified\":\"2025-07-08T20:45:14+00:00\",\"author\":{\"@id\":\"https:\/\/www.claudeguyot.com\/#\/schema\/person\/fbc6c67d5e15fc909d64aab1f1f150a1\"},\"breadcrumb\":{\"@id\":\"https:\/\/www.claudeguyot.com\/index.php\/2016\/10\/16\/remise-diplomes-brevet-aux-eleves-college-claude-guyot-darnay-duc\/#breadcrumb\"},\"inLanguage\":\"fr-FR\",\"potentialAction\":[{\"@type\":\"ReadAction\",\"target\":[\"https:\/\/www.claudeguyot.com\/index.php\/2016\/10\/16\/remise-diplomes-brevet-aux-eleves-college-claude-guyot-darnay-duc\/\"]}]},{\"@type\":\"BreadcrumbList\",\"@id\":\"https:\/\/www.claudeguyot.com\/index.php\/2016\/10\/16\/remise-diplomes-brevet-aux-eleves-college-claude-guyot-darnay-duc\/#breadcrumb\",\"itemListElement\":[{\"@type\":\"ListItem\",\"position\":1,\"name\":\"Accueil\",\"item\":\"https:\/\/www.claudeguyot.com\/\"},{\"@type\":\"ListItem\",\"position\":2,\"name\":\"Remise des dipl\u00f4mes du brevet aux \u00e9l\u00e8ves du Coll\u00e8ge Claude Guyot d&#8217;Arnay-le-Duc\"}]},{\"@type\":\"WebSite\",\"@id\":\"https:\/\/www.claudeguyot.com\/#website\",\"url\":\"https:\/\/www.claudeguyot.com\/\",\"name\":\"Association Claude Guyot\",\"description\":\"Association loi 1901 reconnue d&#039;int\u00e9r\u00eat g\u00e9n\u00e9ral\",\"potentialAction\":[{\"@type\":\"SearchAction\",\"target\":{\"@type\":\"EntryPoint\",\"urlTemplate\":\"https:\/\/www.claudeguyot.com\/?s={search_term_string}\"},\"query-input\":\"required name=search_term_string\"}],\"inLanguage\":\"fr-FR\"},{\"@type\":\"Person\",\"@id\":\"https:\/\/www.claudeguyot.com\/#\/schema\/person\/fbc6c67d5e15fc909d64aab1f1f150a1\",\"name\":\"Claude Guyot\",\"image\":{\"@type\":\"ImageObject\",\"inLanguage\":\"fr-FR\",\"@id\":\"https:\/\/www.claudeguyot.com\/#\/schema\/person\/image\/\",\"url\":\"https:\/\/secure.gravatar.com\/avatar\/8835715a7343599eaa98fab3b13c331c454cc537ea4343abb5ad3fefe9b4d586?s=96&d=mm&r=g\",\"contentUrl\":\"https:\/\/secure.gravatar.com\/avatar\/8835715a7343599eaa98fab3b13c331c454cc537ea4343abb5ad3fefe9b4d586?s=96&d=mm&r=g\",\"caption\":\"Claude Guyot\"},\"url\":\"https:\/\/www.claudeguyot.com\/index.php\/author\/admin5958\/\"}]}<\/script>\n<!-- \/ Yoast SEO plugin. -->","yoast_head_json":{"title":"Remise des dipl\u00f4mes du brevet aux \u00e9l\u00e8ves du Coll\u00e8ge Claude Guyot d'Arnay-le-Duc - Association Claude Guyot","robots":{"index":"index","follow":"follow","max-snippet":"max-snippet:-1","max-image-preview":"max-image-preview:large","max-video-preview":"max-video-preview:-1"},"canonical":"https:\/\/www.claudeguyot.com\/index.php\/2016\/10\/16\/remise-diplomes-brevet-aux-eleves-college-claude-guyot-darnay-duc\/","og_locale":"fr_FR","og_type":"article","og_title":"Remise des dipl\u00f4mes du brevet aux \u00e9l\u00e8ves du Coll\u00e8ge Claude Guyot d'Arnay-le-Duc - Association Claude Guyot","og_description":"Samedi 15 octobre\u00a02016,\u00a0Hadrien Lacoste,\u00a0pr\u00e9sident de l&rsquo;Association Claude Guyot, participait \u00a0\u00e0 la c\u00e9r\u00e9monie de remise des dipl\u00f4mes du brevet aux \u00e9l\u00e8ves du Coll\u00e8ge Claude Guyot d&rsquo;Arnay-le-Duc. Le pr\u00e9sident de l&rsquo;Association a offert une \u00e9dition originale de \u00ab\u00a0L&rsquo;arrestation des Tantes du Roi\u00a0\u00bb datant de 1926 afin d&rsquo;enrichir la biblioth\u00e8que du coll\u00e8ge. Une mani\u00e8re de saluer et d&rsquo;encourager &hellip; Continuer la lecture de Remise des dipl\u00f4mes du brevet aux \u00e9l\u00e8ves du Coll\u00e8ge Claude Guyot d&rsquo;Arnay-le-Duc &rarr;","og_url":"https:\/\/www.claudeguyot.com\/index.php\/2016\/10\/16\/remise-diplomes-brevet-aux-eleves-college-claude-guyot-darnay-duc\/","og_site_name":"Association Claude Guyot","article_published_time":"2016-10-16T13:31:58+00:00","article_modified_time":"2025-07-08T20:45:14+00:00","og_image":[{"width":1024,"height":768,"url":"https:\/\/www.claudeguyot.com\/wp-content\/uploads\/2016\/10\/thumb_IMG_0720_1024.jpg","type":"image\/jpeg"}],"author":"Claude Guyot","twitter_card":"summary_large_image","twitter_misc":{"\u00c9crit par":"Claude Guyot","Dur\u00e9e de lecture estim\u00e9e":"1 minute"},"schema":{"@context":"https:\/\/schema.org","@graph":[{"@type":"WebPage","@id":"https:\/\/www.claudeguyot.com\/index.php\/2016\/10\/16\/remise-diplomes-brevet-aux-eleves-college-claude-guyot-darnay-duc\/","url":"https:\/\/www.claudeguyot.com\/index.php\/2016\/10\/16\/remise-diplomes-brevet-aux-eleves-college-claude-guyot-darnay-duc\/","name":"Remise des dipl\u00f4mes du brevet aux \u00e9l\u00e8ves du Coll\u00e8ge Claude Guyot d'Arnay-le-Duc - Association Claude Guyot","isPartOf":{"@id":"https:\/\/www.claudeguyot.com\/#website"},"datePublished":"2016-10-16T13:31:58+00:00","dateModified":"2025-07-08T20:45:14+00:00","author":{"@id":"https:\/\/www.claudeguyot.com\/#\/schema\/person\/fbc6c67d5e15fc909d64aab1f1f150a1"},"breadcrumb":{"@id":"https:\/\/www.claudeguyot.com\/index.php\/2016\/10\/16\/remise-diplomes-brevet-aux-eleves-college-claude-guyot-darnay-duc\/#breadcrumb"},"inLanguage":"fr-FR","potentialAction":[{"@type":"ReadAction","target":["https:\/\/www.claudeguyot.com\/index.php\/2016\/10\/16\/remise-diplomes-brevet-aux-eleves-college-claude-guyot-darnay-duc\/"]}]},{"@type":"BreadcrumbList","@id":"https:\/\/www.claudeguyot.com\/index.php\/2016\/10\/16\/remise-diplomes-brevet-aux-eleves-college-claude-guyot-darnay-duc\/#breadcrumb","itemListElement":[{"@type":"ListItem","position":1,"name":"Accueil","item":"https:\/\/www.claudeguyot.com\/"},{"@type":"ListItem","position":2,"name":"Remise des dipl\u00f4mes du brevet aux \u00e9l\u00e8ves du Coll\u00e8ge Claude Guyot d&#8217;Arnay-le-Duc"}]},{"@type":"WebSite","@id":"https:\/\/www.claudeguyot.com\/#website","url":"https:\/\/www.claudeguyot.com\/","name":"Association Claude Guyot","description":"Association loi 1901 reconnue d&#039;int\u00e9r\u00eat g\u00e9n\u00e9ral","potentialAction":[{"@type":"SearchAction","target":{"@type":"EntryPoint","urlTemplate":"https:\/\/www.claudeguyot.com\/?s={search_term_string}"},"query-input":"required name=search_term_string"}],"inLanguage":"fr-FR"},{"@type":"Person","@id":"https:\/\/www.claudeguyot.com\/#\/schema\/person\/fbc6c67d5e15fc909d64aab1f1f150a1","name":"Claude Guyot","image":{"@type":"ImageObject","inLanguage":"fr-FR","@id":"https:\/\/www.claudeguyot.com\/#\/schema\/person\/image\/","url":"https:\/\/secure.gravatar.com\/avatar\/8835715a7343599eaa98fab3b13c331c454cc537ea4343abb5ad3fefe9b4d586?s=96&d=mm&r=g","contentUrl":"https:\/\/secure.gravatar.com\/avatar\/8835715a7343599eaa98fab3b13c331c454cc537ea4343abb5ad3fefe9b4d586?s=96&d=mm&r=g","caption":"Claude Guyot"},"url":"https:\/\/www.claudeguyot.com\/index.php\/author\/admin5958\/"}]}},"jetpack_featured_media_url":"https:\/\/www.claudeguyot.com\/wp-content\/uploads\/2016\/10\/thumb_IMG_0720_1024.jpg","_links":{"self":[{"href":"https:\/\/www.claudeguyot.com\/index.php\/wp-json\/wp\/v2\/posts\/231","targetHints":{"allow":["GET"]}}],"collection":[{"href":"https:\/\/www.claudeguyot.com\/index.php\/wp-json\/wp\/v2\/posts"}],"about":[{"href":"https:\/\/www.claudeguyot.com\/index.php\/wp-json\/wp\/v2\/types\/post"}],"author":[{"embeddable":true,"href":"https:\/\/www.claudeguyot.com\/index.php\/wp-json\/wp\/v2\/users\/1"}],"replies":[{"embeddable":true,"href":"https:\/\/www.claudeguyot.com\/index.php\/wp-json\/wp\/v2\/comments?post=231"}],"version-history":[{"count":1,"href":"https:\/\/www.claudeguyot.com\/index.php\/wp-json\/wp\/v2\/posts\/231\/revisions"}],"predecessor-version":[{"id":235,"href":"https:\/\/www.claudeguyot.com\/index.php\/wp-json\/wp\/v2\/posts\/231\/revisions\/235"}],"wp:featuredmedia":[{"embeddable":true,"href":"https:\/\/www.claudeguyot.com\/index.php\/wp-json\/wp\/v2\/media\/232"}],"wp:attachment":[{"href":"https:\/\/www.claudeguyot.com\/index.php\/wp-json\/wp\/v2\/media?parent=231"}],"wp:term":[{"taxonomy":"category","embeddable":true,"href":"https:\/\/www.claudeguyot.com\/index.php\/wp-json\/wp\/v2\/categories?post=231"},{"taxonomy":"post_tag","embeddable":true,"href":"https:\/\/www.claudeguyot.com\/index.php\/wp-json\/wp\/v2\/tags?post=231"}],"curies":[{"name":"wp","href":"https:\/\/api.w.org\/{rel}","templated":true}]}}