{"id":236,"date":"2016-10-16T14:50:06","date_gmt":"2016-10-16T13:50:06","guid":{"rendered":"http:\/\/www.claudeguyot.com\/?p=236"},"modified":"2025-07-08T21:45:09","modified_gmt":"2025-07-08T20:45:09","slug":"assemblee-generale-2016-nouveautes","status":"publish","type":"post","link":"https:\/\/www.claudeguyot.com\/index.php\/2016\/10\/16\/assemblee-generale-2016-nouveautes\/","title":{"rendered":"Assembl\u00e9e G\u00e9n\u00e9rale 2016 &#8211; Nouveaut\u00e9s !!!"},"content":{"rendered":"<p>L&rsquo;assembl\u00e9e g\u00e9n\u00e9rale de l&rsquo;Association Claude Guyot s&rsquo;est d\u00e9roul\u00e9e le samedi 15 octobre 2016 sous la pr\u00e9sidence d&rsquo;Hadrien Lacoste.<\/p>\n<p>Outre le bilan moral et le bilan financier, approuv\u00e9s \u00e0 l&rsquo;unanimit\u00e9, il a \u00e9t\u00e9 proc\u00e9d\u00e9\u00a0au vote de plusieurs d\u00e9cisions :<\/p>\n<p>1\u00b0) La r\u00e9\u00e9dition de l&rsquo;ouvrage de Claude Guyot intitul\u00e9 \u00ab\u00a0L&rsquo;Arrestation des Tantes du Roi \u00e0 Arnay-le-Duc\u00a0\u00bb dont la seule et unique \u00e9dition originale, d\u00e9sormais \u00e9puis\u00e9e, date de 1926. Ce projet devrait aboutir courant 2017.<\/p>\n<p>2\u00b0) Le montant de la cotisation pour l&rsquo;ann\u00e9e 2016-2017 est\u00a0fix\u00e9 \u00e0 16 \u20ac. Cette cotisation est d\u00e9sormais payable sur le site Internet de l&rsquo;Association gr\u00e2ce \u00e0 une plateforme sp\u00e9cialement d\u00e9di\u00e9e. Pour en savoir plus, <a href=\"https:\/\/www.claudeguyot.com\/index.php\/adherer-en-ligne\/\">cliquez ici&#8230;<\/a><\/p>\n<p>3\u00b0) Le bureau pour l&rsquo;exercice 2016-2017 se compose\u00a0comme il suit :<\/p>\n<ul>\n<li>Monsieur Hadrien Lacoste, <em>pr\u00e9sident<\/em><\/li>\n<li>Monsieur Laurent Grandguillaume, d\u00e9put\u00e9 de la C\u00f4te d&rsquo;Or, <em>1er vice-pr\u00e9sident<\/em><\/li>\n<li>Madame le Docteur Claudette Lacoste, <em>2\u00e8me vice-pr\u00e9sidente<\/em><\/li>\n<li>Madame Audrey Roland, <em>3\u00e8me vice-pr\u00e9sidente<\/em><\/li>\n<li>Monsieur Jean-Yves Lacoste, <em>secr\u00e9taire g\u00e9n\u00e9ral et tr\u00e9sorier<\/em><\/li>\n<li>Madame Joy-Astrid Poinsot, <em>secr\u00e9taire g\u00e9n\u00e9rale adjointe<\/em><\/li>\n<li>Madame Marie-Alix Cherchillez, <em>charg\u00e9e de la communication<\/em><\/li>\n<\/ul>\n<p>4\u00b0) <a href=\"https:\/\/www.claudeguyot.com\/index.php\/espace-membres\/\">Un espace membres<\/a> est d\u00e9sormais \u00e0 la disposition des membres actifs de l&rsquo;association, \u00e0 jour de leur cotisation. Cet espace membres\u00a0permettra \u00e0 nos adh\u00e9rents de pouvoir avoir acc\u00e8s \u00e0 l&rsquo;ensemble des documents inh\u00e9rents \u00e0 la vie de notre compagnie (statuts, logo, proc\u00e8s-verbaux des assembl\u00e9es g\u00e9n\u00e9rales, bilans financiers complets, invitations et documents divers&#8230;). Chaque membre se verra attribuer un mot de passe afin d&rsquo;y acc\u00e9der.<\/p>\n<p>Cette r\u00e9union s&rsquo;est achev\u00e9e par un vin d&rsquo;honneur dans une atmosph\u00e8re conviviale.<\/p>\n","protected":false},"excerpt":{"rendered":"<p>L&rsquo;assembl\u00e9e g\u00e9n\u00e9rale de l&rsquo;Association Claude Guyot s&rsquo;est d\u00e9roul\u00e9e le samedi 15 octobre 2016 sous la pr\u00e9sidence d&rsquo;Hadrien Lacoste. Outre le bilan moral et le bilan financier, approuv\u00e9s \u00e0 l&rsquo;unanimit\u00e9, il a \u00e9t\u00e9 proc\u00e9d\u00e9\u00a0au vote de plusieurs d\u00e9cisions : 1\u00b0) La r\u00e9\u00e9dition de l&rsquo;ouvrage de Claude Guyot intitul\u00e9 \u00ab\u00a0L&rsquo;Arrestation des Tantes du Roi \u00e0 Arnay-le-Duc\u00a0\u00bb dont &hellip; <a href=\"https:\/\/www.claudeguyot.com\/index.php\/2016\/10\/16\/assemblee-generale-2016-nouveautes\/\" class=\"more-link\">Continuer la lecture de <span class=\"screen-reader-text\">Assembl\u00e9e G\u00e9n\u00e9rale 2016 &#8211; Nouveaut\u00e9s !!!<\/span>  <span class=\"meta-nav\">&rarr;<\/span><\/a><\/p>\n","protected":false},"author":1,"featured_media":237,"comment_status":"closed","ping_status":"closed","sticky":false,"template":"","format":"standard","meta":{"footnotes":""},"categories":[1],"tags":[],"class_list":["post-236","post","type-post","status-publish","format-standard","has-post-thumbnail","hentry","category-non-classe"],"yoast_head":"<!-- This site is optimized with the Yoast SEO plugin v19.9 - https:\/\/yoast.com\/wordpress\/plugins\/seo\/ -->\n<title>Assembl\u00e9e G\u00e9n\u00e9rale 2016 - Nouveaut\u00e9s !!! - Association Claude Guyot<\/title>\n<meta name=\"robots\" content=\"index, follow, max-snippet:-1, max-image-preview:large, max-video-preview:-1\" \/>\n<link rel=\"canonical\" href=\"https:\/\/www.claudeguyot.com\/index.php\/2016\/10\/16\/assemblee-generale-2016-nouveautes\/\" \/>\n<meta property=\"og:locale\" content=\"fr_FR\" \/>\n<meta property=\"og:type\" content=\"article\" \/>\n<meta property=\"og:title\" content=\"Assembl\u00e9e G\u00e9n\u00e9rale 2016 - Nouveaut\u00e9s !!! - Association Claude Guyot\" \/>\n<meta property=\"og:description\" content=\"L&rsquo;assembl\u00e9e g\u00e9n\u00e9rale de l&rsquo;Association Claude Guyot s&rsquo;est d\u00e9roul\u00e9e le samedi 15 octobre 2016 sous la pr\u00e9sidence d&rsquo;Hadrien Lacoste. Outre le bilan moral et le bilan financier, approuv\u00e9s \u00e0 l&rsquo;unanimit\u00e9, il a \u00e9t\u00e9 proc\u00e9d\u00e9\u00a0au vote de plusieurs d\u00e9cisions : 1\u00b0) La r\u00e9\u00e9dition de l&rsquo;ouvrage de Claude Guyot intitul\u00e9 \u00ab\u00a0L&rsquo;Arrestation des Tantes du Roi \u00e0 Arnay-le-Duc\u00a0\u00bb dont &hellip; Continuer la lecture de Assembl\u00e9e G\u00e9n\u00e9rale 2016 &#8211; Nouveaut\u00e9s !!! &rarr;\" \/>\n<meta property=\"og:url\" content=\"https:\/\/www.claudeguyot.com\/index.php\/2016\/10\/16\/assemblee-generale-2016-nouveautes\/\" \/>\n<meta property=\"og:site_name\" content=\"Association Claude Guyot\" \/>\n<meta property=\"article:published_time\" content=\"2016-10-16T13:50:06+00:00\" \/>\n<meta property=\"article:modified_time\" content=\"2025-07-08T20:45:09+00:00\" \/>\n<meta property=\"og:image\" content=\"https:\/\/www.claudeguyot.com\/wp-content\/uploads\/2016\/10\/IMG_0818-1024x768.jpg\" \/>\n\t<meta property=\"og:image:width\" content=\"1024\" \/>\n\t<meta property=\"og:image:height\" content=\"768\" \/>\n\t<meta property=\"og:image:type\" content=\"image\/jpeg\" \/>\n<meta name=\"author\" content=\"Claude Guyot\" \/>\n<meta name=\"twitter:card\" content=\"summary_large_image\" \/>\n<meta name=\"twitter:label1\" content=\"\u00c9crit par\" \/>\n\t<meta name=\"twitter:data1\" content=\"Claude Guyot\" \/>\n\t<meta name=\"twitter:label2\" content=\"Dur\u00e9e de lecture estim\u00e9e\" \/>\n\t<meta name=\"twitter:data2\" content=\"1 minute\" \/>\n<script type=\"application\/ld+json\" class=\"yoast-schema-graph\">{\"@context\":\"https:\/\/schema.org\",\"@graph\":[{\"@type\":\"WebPage\",\"@id\":\"https:\/\/www.claudeguyot.com\/index.php\/2016\/10\/16\/assemblee-generale-2016-nouveautes\/\",\"url\":\"https:\/\/www.claudeguyot.com\/index.php\/2016\/10\/16\/assemblee-generale-2016-nouveautes\/\",\"name\":\"Assembl\u00e9e G\u00e9n\u00e9rale 2016 - Nouveaut\u00e9s !!! - Association Claude Guyot\",\"isPartOf\":{\"@id\":\"https:\/\/www.claudeguyot.com\/#website\"},\"datePublished\":\"2016-10-16T13:50:06+00:00\",\"dateModified\":\"2025-07-08T20:45:09+00:00\",\"author\":{\"@id\":\"https:\/\/www.claudeguyot.com\/#\/schema\/person\/fbc6c67d5e15fc909d64aab1f1f150a1\"},\"breadcrumb\":{\"@id\":\"https:\/\/www.claudeguyot.com\/index.php\/2016\/10\/16\/assemblee-generale-2016-nouveautes\/#breadcrumb\"},\"inLanguage\":\"fr-FR\",\"potentialAction\":[{\"@type\":\"ReadAction\",\"target\":[\"https:\/\/www.claudeguyot.com\/index.php\/2016\/10\/16\/assemblee-generale-2016-nouveautes\/\"]}]},{\"@type\":\"BreadcrumbList\",\"@id\":\"https:\/\/www.claudeguyot.com\/index.php\/2016\/10\/16\/assemblee-generale-2016-nouveautes\/#breadcrumb\",\"itemListElement\":[{\"@type\":\"ListItem\",\"position\":1,\"name\":\"Accueil\",\"item\":\"https:\/\/www.claudeguyot.com\/\"},{\"@type\":\"ListItem\",\"position\":2,\"name\":\"Assembl\u00e9e G\u00e9n\u00e9rale 2016 &#8211; Nouveaut\u00e9s !!!\"}]},{\"@type\":\"WebSite\",\"@id\":\"https:\/\/www.claudeguyot.com\/#website\",\"url\":\"https:\/\/www.claudeguyot.com\/\",\"name\":\"Association Claude Guyot\",\"description\":\"Association loi 1901 reconnue d&#039;int\u00e9r\u00eat g\u00e9n\u00e9ral\",\"potentialAction\":[{\"@type\":\"SearchAction\",\"target\":{\"@type\":\"EntryPoint\",\"urlTemplate\":\"https:\/\/www.claudeguyot.com\/?s={search_term_string}\"},\"query-input\":\"required name=search_term_string\"}],\"inLanguage\":\"fr-FR\"},{\"@type\":\"Person\",\"@id\":\"https:\/\/www.claudeguyot.com\/#\/schema\/person\/fbc6c67d5e15fc909d64aab1f1f150a1\",\"name\":\"Claude Guyot\",\"image\":{\"@type\":\"ImageObject\",\"inLanguage\":\"fr-FR\",\"@id\":\"https:\/\/www.claudeguyot.com\/#\/schema\/person\/image\/\",\"url\":\"https:\/\/secure.gravatar.com\/avatar\/8835715a7343599eaa98fab3b13c331c454cc537ea4343abb5ad3fefe9b4d586?s=96&d=mm&r=g\",\"contentUrl\":\"https:\/\/secure.gravatar.com\/avatar\/8835715a7343599eaa98fab3b13c331c454cc537ea4343abb5ad3fefe9b4d586?s=96&d=mm&r=g\",\"caption\":\"Claude Guyot\"},\"url\":\"https:\/\/www.claudeguyot.com\/index.php\/author\/admin5958\/\"}]}<\/script>\n<!-- \/ Yoast SEO plugin. -->","yoast_head_json":{"title":"Assembl\u00e9e G\u00e9n\u00e9rale 2016 - Nouveaut\u00e9s !!! - Association Claude Guyot","robots":{"index":"index","follow":"follow","max-snippet":"max-snippet:-1","max-image-preview":"max-image-preview:large","max-video-preview":"max-video-preview:-1"},"canonical":"https:\/\/www.claudeguyot.com\/index.php\/2016\/10\/16\/assemblee-generale-2016-nouveautes\/","og_locale":"fr_FR","og_type":"article","og_title":"Assembl\u00e9e G\u00e9n\u00e9rale 2016 - Nouveaut\u00e9s !!! - Association Claude Guyot","og_description":"L&rsquo;assembl\u00e9e g\u00e9n\u00e9rale de l&rsquo;Association Claude Guyot s&rsquo;est d\u00e9roul\u00e9e le samedi 15 octobre 2016 sous la pr\u00e9sidence d&rsquo;Hadrien Lacoste. Outre le bilan moral et le bilan financier, approuv\u00e9s \u00e0 l&rsquo;unanimit\u00e9, il a \u00e9t\u00e9 proc\u00e9d\u00e9\u00a0au vote de plusieurs d\u00e9cisions : 1\u00b0) La r\u00e9\u00e9dition de l&rsquo;ouvrage de Claude Guyot intitul\u00e9 \u00ab\u00a0L&rsquo;Arrestation des Tantes du Roi \u00e0 Arnay-le-Duc\u00a0\u00bb dont &hellip; Continuer la lecture de Assembl\u00e9e G\u00e9n\u00e9rale 2016 &#8211; Nouveaut\u00e9s !!! &rarr;","og_url":"https:\/\/www.claudeguyot.com\/index.php\/2016\/10\/16\/assemblee-generale-2016-nouveautes\/","og_site_name":"Association Claude Guyot","article_published_time":"2016-10-16T13:50:06+00:00","article_modified_time":"2025-07-08T20:45:09+00:00","og_image":[{"width":1024,"height":768,"url":"https:\/\/www.claudeguyot.com\/wp-content\/uploads\/2016\/10\/IMG_0818-1024x768.jpg","type":"image\/jpeg"}],"author":"Claude Guyot","twitter_card":"summary_large_image","twitter_misc":{"\u00c9crit par":"Claude Guyot","Dur\u00e9e de lecture estim\u00e9e":"1 minute"},"schema":{"@context":"https:\/\/schema.org","@graph":[{"@type":"WebPage","@id":"https:\/\/www.claudeguyot.com\/index.php\/2016\/10\/16\/assemblee-generale-2016-nouveautes\/","url":"https:\/\/www.claudeguyot.com\/index.php\/2016\/10\/16\/assemblee-generale-2016-nouveautes\/","name":"Assembl\u00e9e G\u00e9n\u00e9rale 2016 - Nouveaut\u00e9s !!! - Association Claude Guyot","isPartOf":{"@id":"https:\/\/www.claudeguyot.com\/#website"},"datePublished":"2016-10-16T13:50:06+00:00","dateModified":"2025-07-08T20:45:09+00:00","author":{"@id":"https:\/\/www.claudeguyot.com\/#\/schema\/person\/fbc6c67d5e15fc909d64aab1f1f150a1"},"breadcrumb":{"@id":"https:\/\/www.claudeguyot.com\/index.php\/2016\/10\/16\/assemblee-generale-2016-nouveautes\/#breadcrumb"},"inLanguage":"fr-FR","potentialAction":[{"@type":"ReadAction","target":["https:\/\/www.claudeguyot.com\/index.php\/2016\/10\/16\/assemblee-generale-2016-nouveautes\/"]}]},{"@type":"BreadcrumbList","@id":"https:\/\/www.claudeguyot.com\/index.php\/2016\/10\/16\/assemblee-generale-2016-nouveautes\/#breadcrumb","itemListElement":[{"@type":"ListItem","position":1,"name":"Accueil","item":"https:\/\/www.claudeguyot.com\/"},{"@type":"ListItem","position":2,"name":"Assembl\u00e9e G\u00e9n\u00e9rale 2016 &#8211; Nouveaut\u00e9s !!!"}]},{"@type":"WebSite","@id":"https:\/\/www.claudeguyot.com\/#website","url":"https:\/\/www.claudeguyot.com\/","name":"Association Claude Guyot","description":"Association loi 1901 reconnue d&#039;int\u00e9r\u00eat g\u00e9n\u00e9ral","potentialAction":[{"@type":"SearchAction","target":{"@type":"EntryPoint","urlTemplate":"https:\/\/www.claudeguyot.com\/?s={search_term_string}"},"query-input":"required name=search_term_string"}],"inLanguage":"fr-FR"},{"@type":"Person","@id":"https:\/\/www.claudeguyot.com\/#\/schema\/person\/fbc6c67d5e15fc909d64aab1f1f150a1","name":"Claude Guyot","image":{"@type":"ImageObject","inLanguage":"fr-FR","@id":"https:\/\/www.claudeguyot.com\/#\/schema\/person\/image\/","url":"https:\/\/secure.gravatar.com\/avatar\/8835715a7343599eaa98fab3b13c331c454cc537ea4343abb5ad3fefe9b4d586?s=96&d=mm&r=g","contentUrl":"https:\/\/secure.gravatar.com\/avatar\/8835715a7343599eaa98fab3b13c331c454cc537ea4343abb5ad3fefe9b4d586?s=96&d=mm&r=g","caption":"Claude Guyot"},"url":"https:\/\/www.claudeguyot.com\/index.php\/author\/admin5958\/"}]}},"jetpack_featured_media_url":"https:\/\/www.claudeguyot.com\/wp-content\/uploads\/2016\/10\/IMG_0818.jpg","_links":{"self":[{"href":"https:\/\/www.claudeguyot.com\/index.php\/wp-json\/wp\/v2\/posts\/236","targetHints":{"allow":["GET"]}}],"collection":[{"href":"https:\/\/www.claudeguyot.com\/index.php\/wp-json\/wp\/v2\/posts"}],"about":[{"href":"https:\/\/www.claudeguyot.com\/index.php\/wp-json\/wp\/v2\/types\/post"}],"author":[{"embeddable":true,"href":"https:\/\/www.claudeguyot.com\/index.php\/wp-json\/wp\/v2\/users\/1"}],"replies":[{"embeddable":true,"href":"https:\/\/www.claudeguyot.com\/index.php\/wp-json\/wp\/v2\/comments?post=236"}],"version-history":[{"count":9,"href":"https:\/\/www.claudeguyot.com\/index.php\/wp-json\/wp\/v2\/posts\/236\/revisions"}],"predecessor-version":[{"id":246,"href":"https:\/\/www.claudeguyot.com\/index.php\/wp-json\/wp\/v2\/posts\/236\/revisions\/246"}],"wp:featuredmedia":[{"embeddable":true,"href":"https:\/\/www.claudeguyot.com\/index.php\/wp-json\/wp\/v2\/media\/237"}],"wp:attachment":[{"href":"https:\/\/www.claudeguyot.com\/index.php\/wp-json\/wp\/v2\/media?parent=236"}],"wp:term":[{"taxonomy":"category","embeddable":true,"href":"https:\/\/www.claudeguyot.com\/index.php\/wp-json\/wp\/v2\/categories?post=236"},{"taxonomy":"post_tag","embeddable":true,"href":"https:\/\/www.claudeguyot.com\/index.php\/wp-json\/wp\/v2\/tags?post=236"}],"curies":[{"name":"wp","href":"https:\/\/api.w.org\/{rel}","templated":true}]}}