{"id":248,"date":"2017-01-18T20:56:23","date_gmt":"2017-01-18T19:56:23","guid":{"rendered":"http:\/\/www.claudeguyot.com\/?p=248"},"modified":"2025-07-08T21:45:04","modified_gmt":"2025-07-08T20:45:04","slug":"disparition-de-denise-maublant-guyot","status":"publish","type":"post","link":"https:\/\/www.claudeguyot.com\/index.php\/2017\/01\/18\/disparition-de-denise-maublant-guyot\/","title":{"rendered":"Disparition de Denise Maublant-Guyot"},"content":{"rendered":"<p style=\"text-align: left;\">Hadrien Lacoste<br \/>\nPr\u00e9sident de l&rsquo;Association Claude Guyot<\/p>\n<p>Laurent Grandguillaume<br \/>\nD\u00e9put\u00e9 de la C\u00f4te d&rsquo;Or<br \/>\nVice-pr\u00e9sident de l&rsquo;Association Claude Guyot<\/p>\n<p>Le Docteur Claudette Lacoste-Guyot<br \/>\nVice-pr\u00e9sidente de l&rsquo;Association Claude Guyot<\/p>\n<p>Audrey Roland<br \/>\nVice-pr\u00e9sidente de l&rsquo;Association Claude Guyot<\/p>\n<p>Les administrateurs et les membres de l&rsquo;Association Claude Guyot<\/p>\n<p>ont la profonde tristesse de vous faire part du d\u00e9c\u00e8s de<\/p>\n<p>Madame Jacques Maublant<br \/>\nn\u00e9e Denise Guyot<br \/>\nVice-pr\u00e9sidente honoraire de l&rsquo;Association Claude Guyot<\/p>\n<p>survenu \u00e0 Clermont-Ferrand, le mardi 17 janvier 2017, \u00e0 l&rsquo;\u00e2ge de 96 ans.<\/p>\n<p>Et vous prient d&rsquo;assister \u00e0 la c\u00e9r\u00e9monie religieuse qui sera c\u00e9l\u00e9br\u00e9e le vendredi 20 janvier 2017 \u00e0 14 heures 30 en l&rsquo;\u00e9glise Saint-Pierre-les-Minimes de Clermont-Ferrand (Puy-de-D\u00f4me), suivie de l&rsquo;inhumation au cimeti\u00e8re des Carmes.<\/p>\n","protected":false},"excerpt":{"rendered":"<p>Hadrien Lacoste Pr\u00e9sident de l&rsquo;Association Claude Guyot Laurent Grandguillaume D\u00e9put\u00e9 de la C\u00f4te d&rsquo;Or Vice-pr\u00e9sident de l&rsquo;Association Claude Guyot Le Docteur Claudette Lacoste-Guyot Vice-pr\u00e9sidente de l&rsquo;Association Claude Guyot Audrey Roland Vice-pr\u00e9sidente de l&rsquo;Association Claude Guyot Les administrateurs et les membres de l&rsquo;Association Claude Guyot ont la profonde tristesse de vous faire part du d\u00e9c\u00e8s de &hellip; <a href=\"https:\/\/www.claudeguyot.com\/index.php\/2017\/01\/18\/disparition-de-denise-maublant-guyot\/\" class=\"more-link\">Continuer la lecture de <span class=\"screen-reader-text\">Disparition de Denise Maublant-Guyot<\/span>  <span class=\"meta-nav\">&rarr;<\/span><\/a><\/p>\n","protected":false},"author":1,"featured_media":103,"comment_status":"closed","ping_status":"closed","sticky":false,"template":"","format":"standard","meta":{"footnotes":""},"categories":[1],"tags":[],"class_list":["post-248","post","type-post","status-publish","format-standard","has-post-thumbnail","hentry","category-non-classe"],"yoast_head":"<!-- This site is optimized with the Yoast SEO plugin v19.9 - https:\/\/yoast.com\/wordpress\/plugins\/seo\/ -->\n<title>Disparition de Denise Maublant-Guyot - Association Claude Guyot<\/title>\n<meta name=\"robots\" content=\"index, follow, max-snippet:-1, max-image-preview:large, max-video-preview:-1\" \/>\n<link rel=\"canonical\" href=\"https:\/\/www.claudeguyot.com\/index.php\/2017\/01\/18\/disparition-de-denise-maublant-guyot\/\" \/>\n<meta property=\"og:locale\" content=\"fr_FR\" \/>\n<meta property=\"og:type\" content=\"article\" \/>\n<meta property=\"og:title\" content=\"Disparition de Denise Maublant-Guyot - Association Claude Guyot\" \/>\n<meta property=\"og:description\" content=\"Hadrien Lacoste Pr\u00e9sident de l&rsquo;Association Claude Guyot Laurent Grandguillaume D\u00e9put\u00e9 de la C\u00f4te d&rsquo;Or Vice-pr\u00e9sident de l&rsquo;Association Claude Guyot Le Docteur Claudette Lacoste-Guyot Vice-pr\u00e9sidente de l&rsquo;Association Claude Guyot Audrey Roland Vice-pr\u00e9sidente de l&rsquo;Association Claude Guyot Les administrateurs et les membres de l&rsquo;Association Claude Guyot ont la profonde tristesse de vous faire part du d\u00e9c\u00e8s de &hellip; Continuer la lecture de Disparition de Denise Maublant-Guyot &rarr;\" \/>\n<meta property=\"og:url\" content=\"https:\/\/www.claudeguyot.com\/index.php\/2017\/01\/18\/disparition-de-denise-maublant-guyot\/\" \/>\n<meta property=\"og:site_name\" content=\"Association Claude Guyot\" \/>\n<meta property=\"article:published_time\" content=\"2017-01-18T19:56:23+00:00\" \/>\n<meta property=\"article:modified_time\" content=\"2025-07-08T20:45:04+00:00\" \/>\n<meta property=\"og:image\" content=\"https:\/\/www.claudeguyot.com\/wp-content\/uploads\/2016\/09\/denise.jpg\" \/>\n\t<meta property=\"og:image:width\" content=\"245\" \/>\n\t<meta property=\"og:image:height\" content=\"234\" \/>\n\t<meta property=\"og:image:type\" content=\"image\/jpeg\" \/>\n<meta name=\"author\" content=\"Claude Guyot\" \/>\n<meta name=\"twitter:card\" content=\"summary_large_image\" \/>\n<meta name=\"twitter:label1\" content=\"\u00c9crit par\" \/>\n\t<meta name=\"twitter:data1\" content=\"Claude Guyot\" \/>\n\t<meta name=\"twitter:label2\" content=\"Dur\u00e9e de lecture estim\u00e9e\" \/>\n\t<meta name=\"twitter:data2\" content=\"1 minute\" \/>\n<script type=\"application\/ld+json\" class=\"yoast-schema-graph\">{\"@context\":\"https:\/\/schema.org\",\"@graph\":[{\"@type\":\"WebPage\",\"@id\":\"https:\/\/www.claudeguyot.com\/index.php\/2017\/01\/18\/disparition-de-denise-maublant-guyot\/\",\"url\":\"https:\/\/www.claudeguyot.com\/index.php\/2017\/01\/18\/disparition-de-denise-maublant-guyot\/\",\"name\":\"Disparition de Denise Maublant-Guyot - Association Claude Guyot\",\"isPartOf\":{\"@id\":\"https:\/\/www.claudeguyot.com\/#website\"},\"datePublished\":\"2017-01-18T19:56:23+00:00\",\"dateModified\":\"2025-07-08T20:45:04+00:00\",\"author\":{\"@id\":\"https:\/\/www.claudeguyot.com\/#\/schema\/person\/fbc6c67d5e15fc909d64aab1f1f150a1\"},\"breadcrumb\":{\"@id\":\"https:\/\/www.claudeguyot.com\/index.php\/2017\/01\/18\/disparition-de-denise-maublant-guyot\/#breadcrumb\"},\"inLanguage\":\"fr-FR\",\"potentialAction\":[{\"@type\":\"ReadAction\",\"target\":[\"https:\/\/www.claudeguyot.com\/index.php\/2017\/01\/18\/disparition-de-denise-maublant-guyot\/\"]}]},{\"@type\":\"BreadcrumbList\",\"@id\":\"https:\/\/www.claudeguyot.com\/index.php\/2017\/01\/18\/disparition-de-denise-maublant-guyot\/#breadcrumb\",\"itemListElement\":[{\"@type\":\"ListItem\",\"position\":1,\"name\":\"Accueil\",\"item\":\"https:\/\/www.claudeguyot.com\/\"},{\"@type\":\"ListItem\",\"position\":2,\"name\":\"Disparition de Denise Maublant-Guyot\"}]},{\"@type\":\"WebSite\",\"@id\":\"https:\/\/www.claudeguyot.com\/#website\",\"url\":\"https:\/\/www.claudeguyot.com\/\",\"name\":\"Association Claude Guyot\",\"description\":\"Association loi 1901 reconnue d&#039;int\u00e9r\u00eat g\u00e9n\u00e9ral\",\"potentialAction\":[{\"@type\":\"SearchAction\",\"target\":{\"@type\":\"EntryPoint\",\"urlTemplate\":\"https:\/\/www.claudeguyot.com\/?s={search_term_string}\"},\"query-input\":\"required name=search_term_string\"}],\"inLanguage\":\"fr-FR\"},{\"@type\":\"Person\",\"@id\":\"https:\/\/www.claudeguyot.com\/#\/schema\/person\/fbc6c67d5e15fc909d64aab1f1f150a1\",\"name\":\"Claude Guyot\",\"image\":{\"@type\":\"ImageObject\",\"inLanguage\":\"fr-FR\",\"@id\":\"https:\/\/www.claudeguyot.com\/#\/schema\/person\/image\/\",\"url\":\"https:\/\/secure.gravatar.com\/avatar\/8835715a7343599eaa98fab3b13c331c454cc537ea4343abb5ad3fefe9b4d586?s=96&d=mm&r=g\",\"contentUrl\":\"https:\/\/secure.gravatar.com\/avatar\/8835715a7343599eaa98fab3b13c331c454cc537ea4343abb5ad3fefe9b4d586?s=96&d=mm&r=g\",\"caption\":\"Claude Guyot\"},\"url\":\"https:\/\/www.claudeguyot.com\/index.php\/author\/admin5958\/\"}]}<\/script>\n<!-- \/ Yoast SEO plugin. -->","yoast_head_json":{"title":"Disparition de Denise Maublant-Guyot - Association Claude Guyot","robots":{"index":"index","follow":"follow","max-snippet":"max-snippet:-1","max-image-preview":"max-image-preview:large","max-video-preview":"max-video-preview:-1"},"canonical":"https:\/\/www.claudeguyot.com\/index.php\/2017\/01\/18\/disparition-de-denise-maublant-guyot\/","og_locale":"fr_FR","og_type":"article","og_title":"Disparition de Denise Maublant-Guyot - Association Claude Guyot","og_description":"Hadrien Lacoste Pr\u00e9sident de l&rsquo;Association Claude Guyot Laurent Grandguillaume D\u00e9put\u00e9 de la C\u00f4te d&rsquo;Or Vice-pr\u00e9sident de l&rsquo;Association Claude Guyot Le Docteur Claudette Lacoste-Guyot Vice-pr\u00e9sidente de l&rsquo;Association Claude Guyot Audrey Roland Vice-pr\u00e9sidente de l&rsquo;Association Claude Guyot Les administrateurs et les membres de l&rsquo;Association Claude Guyot ont la profonde tristesse de vous faire part du d\u00e9c\u00e8s de &hellip; Continuer la lecture de Disparition de Denise Maublant-Guyot &rarr;","og_url":"https:\/\/www.claudeguyot.com\/index.php\/2017\/01\/18\/disparition-de-denise-maublant-guyot\/","og_site_name":"Association Claude Guyot","article_published_time":"2017-01-18T19:56:23+00:00","article_modified_time":"2025-07-08T20:45:04+00:00","og_image":[{"width":245,"height":234,"url":"https:\/\/www.claudeguyot.com\/wp-content\/uploads\/2016\/09\/denise.jpg","type":"image\/jpeg"}],"author":"Claude Guyot","twitter_card":"summary_large_image","twitter_misc":{"\u00c9crit par":"Claude Guyot","Dur\u00e9e de lecture estim\u00e9e":"1 minute"},"schema":{"@context":"https:\/\/schema.org","@graph":[{"@type":"WebPage","@id":"https:\/\/www.claudeguyot.com\/index.php\/2017\/01\/18\/disparition-de-denise-maublant-guyot\/","url":"https:\/\/www.claudeguyot.com\/index.php\/2017\/01\/18\/disparition-de-denise-maublant-guyot\/","name":"Disparition de Denise Maublant-Guyot - Association Claude Guyot","isPartOf":{"@id":"https:\/\/www.claudeguyot.com\/#website"},"datePublished":"2017-01-18T19:56:23+00:00","dateModified":"2025-07-08T20:45:04+00:00","author":{"@id":"https:\/\/www.claudeguyot.com\/#\/schema\/person\/fbc6c67d5e15fc909d64aab1f1f150a1"},"breadcrumb":{"@id":"https:\/\/www.claudeguyot.com\/index.php\/2017\/01\/18\/disparition-de-denise-maublant-guyot\/#breadcrumb"},"inLanguage":"fr-FR","potentialAction":[{"@type":"ReadAction","target":["https:\/\/www.claudeguyot.com\/index.php\/2017\/01\/18\/disparition-de-denise-maublant-guyot\/"]}]},{"@type":"BreadcrumbList","@id":"https:\/\/www.claudeguyot.com\/index.php\/2017\/01\/18\/disparition-de-denise-maublant-guyot\/#breadcrumb","itemListElement":[{"@type":"ListItem","position":1,"name":"Accueil","item":"https:\/\/www.claudeguyot.com\/"},{"@type":"ListItem","position":2,"name":"Disparition de Denise Maublant-Guyot"}]},{"@type":"WebSite","@id":"https:\/\/www.claudeguyot.com\/#website","url":"https:\/\/www.claudeguyot.com\/","name":"Association Claude Guyot","description":"Association loi 1901 reconnue d&#039;int\u00e9r\u00eat g\u00e9n\u00e9ral","potentialAction":[{"@type":"SearchAction","target":{"@type":"EntryPoint","urlTemplate":"https:\/\/www.claudeguyot.com\/?s={search_term_string}"},"query-input":"required name=search_term_string"}],"inLanguage":"fr-FR"},{"@type":"Person","@id":"https:\/\/www.claudeguyot.com\/#\/schema\/person\/fbc6c67d5e15fc909d64aab1f1f150a1","name":"Claude Guyot","image":{"@type":"ImageObject","inLanguage":"fr-FR","@id":"https:\/\/www.claudeguyot.com\/#\/schema\/person\/image\/","url":"https:\/\/secure.gravatar.com\/avatar\/8835715a7343599eaa98fab3b13c331c454cc537ea4343abb5ad3fefe9b4d586?s=96&d=mm&r=g","contentUrl":"https:\/\/secure.gravatar.com\/avatar\/8835715a7343599eaa98fab3b13c331c454cc537ea4343abb5ad3fefe9b4d586?s=96&d=mm&r=g","caption":"Claude Guyot"},"url":"https:\/\/www.claudeguyot.com\/index.php\/author\/admin5958\/"}]}},"jetpack_featured_media_url":"https:\/\/www.claudeguyot.com\/wp-content\/uploads\/2016\/09\/denise.jpg","_links":{"self":[{"href":"https:\/\/www.claudeguyot.com\/index.php\/wp-json\/wp\/v2\/posts\/248","targetHints":{"allow":["GET"]}}],"collection":[{"href":"https:\/\/www.claudeguyot.com\/index.php\/wp-json\/wp\/v2\/posts"}],"about":[{"href":"https:\/\/www.claudeguyot.com\/index.php\/wp-json\/wp\/v2\/types\/post"}],"author":[{"embeddable":true,"href":"https:\/\/www.claudeguyot.com\/index.php\/wp-json\/wp\/v2\/users\/1"}],"replies":[{"embeddable":true,"href":"https:\/\/www.claudeguyot.com\/index.php\/wp-json\/wp\/v2\/comments?post=248"}],"version-history":[{"count":2,"href":"https:\/\/www.claudeguyot.com\/index.php\/wp-json\/wp\/v2\/posts\/248\/revisions"}],"predecessor-version":[{"id":250,"href":"https:\/\/www.claudeguyot.com\/index.php\/wp-json\/wp\/v2\/posts\/248\/revisions\/250"}],"wp:featuredmedia":[{"embeddable":true,"href":"https:\/\/www.claudeguyot.com\/index.php\/wp-json\/wp\/v2\/media\/103"}],"wp:attachment":[{"href":"https:\/\/www.claudeguyot.com\/index.php\/wp-json\/wp\/v2\/media?parent=248"}],"wp:term":[{"taxonomy":"category","embeddable":true,"href":"https:\/\/www.claudeguyot.com\/index.php\/wp-json\/wp\/v2\/categories?post=248"},{"taxonomy":"post_tag","embeddable":true,"href":"https:\/\/www.claudeguyot.com\/index.php\/wp-json\/wp\/v2\/tags?post=248"}],"curies":[{"name":"wp","href":"https:\/\/api.w.org\/{rel}","templated":true}]}}