{"id":252,"date":"2017-02-08T12:31:37","date_gmt":"2017-02-08T11:31:37","guid":{"rendered":"http:\/\/www.claudeguyot.com\/?p=252"},"modified":"2025-07-08T21:44:58","modified_gmt":"2025-07-08T20:44:58","slug":"lassociation-college-claude-guyot-senat","status":"publish","type":"post","link":"https:\/\/www.claudeguyot.com\/index.php\/2017\/02\/08\/lassociation-college-claude-guyot-senat\/","title":{"rendered":"L&rsquo;Association et le Coll\u00e8ge Claude Guyot au S\u00e9nat"},"content":{"rendered":"<p>L&rsquo;Association Claude Guyot \u00e9tait r\u00e9cemment au S\u00e9nat avec les \u00e9l\u00e8ves du coll\u00e8ge Claude Guyot d&rsquo;Arnay-le-Duc. Un grand merci \u00e0 nos amis Fran\u00e7ois Patriat, s\u00e9nateur de la C\u00f4te d&rsquo;Or, ancien Ministre, ancien pr\u00e9sident de la r\u00e9gion Bourgogne et Hadrien Ghomi, son tr\u00e8s performant assistant parlementaire !<\/p>\n<p><img loading=\"lazy\" decoding=\"async\" class=\"alignnone size-medium wp-image-257\" src=\"https:\/\/www.claudeguyot.com\/wp-content\/uploads\/2017\/02\/IMG_3236-300x202.jpg\" alt=\"IMG_3236\" width=\"300\" height=\"202\" srcset=\"https:\/\/www.claudeguyot.com\/wp-content\/uploads\/2017\/02\/IMG_3236-300x202.jpg 300w, https:\/\/www.claudeguyot.com\/wp-content\/uploads\/2017\/02\/IMG_3236-768x517.jpg 768w, https:\/\/www.claudeguyot.com\/wp-content\/uploads\/2017\/02\/IMG_3236-600x404.jpg 600w, https:\/\/www.claudeguyot.com\/wp-content\/uploads\/2017\/02\/IMG_3236.jpg 955w\" sizes=\"auto, (max-width: 300px) 100vw, 300px\" \/><\/p>\n<p>Un apr\u00e8s-midi consacr\u00e9 \u00e0 l&rsquo;\u00e9ducation citoyenne aupr\u00e8s de jeunes c\u00f4te-doriens. Une belle initiative de l&rsquo;Association Claude Guyot qui a permis aux coll\u00e9giennes et aux coll\u00e9giens d&rsquo;engager un dialogue direct avec le personnel du S\u00e9nat et avec les \u00e9lus, afin d&rsquo;en savoir plus sur le fonctionnement de la d\u00e9mocratie fran\u00e7aise et sur les institutions de la R\u00e9publique.<\/p>\n<p><img loading=\"lazy\" decoding=\"async\" class=\"alignnone size-medium wp-image-256\" src=\"https:\/\/www.claudeguyot.com\/wp-content\/uploads\/2017\/02\/IMG_3209-225x300.jpg\" alt=\"IMG_3209\" width=\"225\" height=\"300\" srcset=\"https:\/\/www.claudeguyot.com\/wp-content\/uploads\/2017\/02\/IMG_3209-225x300.jpg 225w, https:\/\/www.claudeguyot.com\/wp-content\/uploads\/2017\/02\/IMG_3209.jpg 600w\" sizes=\"auto, (max-width: 225px) 100vw, 225px\" \/><\/p>\n<p>Les \u00e9l\u00e8ves admirant le plafond \u00e0 voussure de la salle des conf\u00e9rences.<\/p>\n<p><img loading=\"lazy\" decoding=\"async\" class=\"alignnone size-medium wp-image-255\" src=\"https:\/\/www.claudeguyot.com\/wp-content\/uploads\/2017\/02\/IMG_3227-300x225.jpg\" alt=\"IMG_3227\" width=\"300\" height=\"225\" srcset=\"https:\/\/www.claudeguyot.com\/wp-content\/uploads\/2017\/02\/IMG_3227-300x225.jpg 300w, https:\/\/www.claudeguyot.com\/wp-content\/uploads\/2017\/02\/IMG_3227-768x576.jpg 768w, https:\/\/www.claudeguyot.com\/wp-content\/uploads\/2017\/02\/IMG_3227-1024x767.jpg 1024w, https:\/\/www.claudeguyot.com\/wp-content\/uploads\/2017\/02\/IMG_3227-600x450.jpg 600w\" sizes=\"auto, (max-width: 300px) 100vw, 300px\" \/><\/p>\n<p>Dans la salle des conf\u00e9rences, devant le tr\u00f4ne de Napol\u00e9on.<\/p>\n<p><img loading=\"lazy\" decoding=\"async\" class=\"alignnone size-medium wp-image-258\" src=\"https:\/\/www.claudeguyot.com\/wp-content\/uploads\/2017\/02\/IMG_3153-300x225.jpg\" alt=\"IMG_3153\" width=\"300\" height=\"225\" srcset=\"https:\/\/www.claudeguyot.com\/wp-content\/uploads\/2017\/02\/IMG_3153-300x225.jpg 300w, https:\/\/www.claudeguyot.com\/wp-content\/uploads\/2017\/02\/IMG_3153-768x576.jpg 768w, https:\/\/www.claudeguyot.com\/wp-content\/uploads\/2017\/02\/IMG_3153-1024x768.jpg 1024w, https:\/\/www.claudeguyot.com\/wp-content\/uploads\/2017\/02\/IMG_3153-600x450.jpg 600w\" sizes=\"auto, (max-width: 300px) 100vw, 300px\" \/><\/p>\n<p>\u00c9l\u00e8ves, professeurs et membres de l&rsquo;association, tr\u00e8s\u00a0attentifs aux propos de notre guide.<\/p>\n<p><img loading=\"lazy\" decoding=\"async\" class=\"alignnone size-medium wp-image-259\" src=\"https:\/\/www.claudeguyot.com\/wp-content\/uploads\/2017\/02\/IMG_3178-300x225.jpg\" alt=\"IMG_3178\" width=\"300\" height=\"225\" srcset=\"https:\/\/www.claudeguyot.com\/wp-content\/uploads\/2017\/02\/IMG_3178-300x225.jpg 300w, https:\/\/www.claudeguyot.com\/wp-content\/uploads\/2017\/02\/IMG_3178-768x576.jpg 768w, https:\/\/www.claudeguyot.com\/wp-content\/uploads\/2017\/02\/IMG_3178-1024x768.jpg 1024w, https:\/\/www.claudeguyot.com\/wp-content\/uploads\/2017\/02\/IMG_3178-600x450.jpg 600w, https:\/\/www.claudeguyot.com\/wp-content\/uploads\/2017\/02\/IMG_3178.jpg 1600w\" sizes=\"auto, (max-width: 300px) 100vw, 300px\" \/><\/p>\n<p>Un \u00e9change direct et passionnant avec Fran\u00e7ois Patriat, s\u00e9nateur de la C\u00f4te d&rsquo;Or, ancien Ministre et ancien pr\u00e9sident \u00a0de la r\u00e9gion Bourgogne.<\/p>\n<hr \/>\n<p><img loading=\"lazy\" decoding=\"async\" class=\"alignnone size-medium wp-image-260\" src=\"https:\/\/www.claudeguyot.com\/wp-content\/uploads\/2017\/02\/IMG_3205-300x225.jpg\" alt=\"IMG_3205\" width=\"300\" height=\"225\" srcset=\"https:\/\/www.claudeguyot.com\/wp-content\/uploads\/2017\/02\/IMG_3205-300x225.jpg 300w, https:\/\/www.claudeguyot.com\/wp-content\/uploads\/2017\/02\/IMG_3205-768x576.jpg 768w, https:\/\/www.claudeguyot.com\/wp-content\/uploads\/2017\/02\/IMG_3205-1024x768.jpg 1024w, https:\/\/www.claudeguyot.com\/wp-content\/uploads\/2017\/02\/IMG_3205-600x450.jpg 600w, https:\/\/www.claudeguyot.com\/wp-content\/uploads\/2017\/02\/IMG_3205.jpg 1280w\" sizes=\"auto, (max-width: 300px) 100vw, 300px\" \/><\/p>\n<p><img loading=\"lazy\" decoding=\"async\" class=\"alignnone size-medium wp-image-261\" src=\"https:\/\/www.claudeguyot.com\/wp-content\/uploads\/2017\/02\/IMG_3158-300x225.jpg\" alt=\"IMG_3158\" width=\"300\" height=\"225\" srcset=\"https:\/\/www.claudeguyot.com\/wp-content\/uploads\/2017\/02\/IMG_3158-300x225.jpg 300w, https:\/\/www.claudeguyot.com\/wp-content\/uploads\/2017\/02\/IMG_3158-768x576.jpg 768w, https:\/\/www.claudeguyot.com\/wp-content\/uploads\/2017\/02\/IMG_3158-1024x768.jpg 1024w, https:\/\/www.claudeguyot.com\/wp-content\/uploads\/2017\/02\/IMG_3158-600x450.jpg 600w\" sizes=\"auto, (max-width: 300px) 100vw, 300px\" \/><\/p>\n<p><img loading=\"lazy\" decoding=\"async\" class=\"alignnone size-medium wp-image-262\" src=\"https:\/\/www.claudeguyot.com\/wp-content\/uploads\/2017\/02\/IMG_3231-300x254.jpg\" alt=\"IMG_3231\" width=\"300\" height=\"254\" srcset=\"https:\/\/www.claudeguyot.com\/wp-content\/uploads\/2017\/02\/IMG_3231-300x254.jpg 300w, https:\/\/www.claudeguyot.com\/wp-content\/uploads\/2017\/02\/IMG_3231-768x649.jpg 768w, https:\/\/www.claudeguyot.com\/wp-content\/uploads\/2017\/02\/IMG_3231-1024x865.jpg 1024w, https:\/\/www.claudeguyot.com\/wp-content\/uploads\/2017\/02\/IMG_3231-600x507.jpg 600w\" sizes=\"auto, (max-width: 300px) 100vw, 300px\" \/><\/p>\n<p>&nbsp;<\/p>\n<p><img loading=\"lazy\" decoding=\"async\" class=\"alignnone size-medium wp-image-265\" src=\"https:\/\/www.claudeguyot.com\/wp-content\/uploads\/2017\/02\/IMG_3176-300x225.jpg\" alt=\"IMG_3176\" width=\"300\" height=\"225\" srcset=\"https:\/\/www.claudeguyot.com\/wp-content\/uploads\/2017\/02\/IMG_3176-300x225.jpg 300w, https:\/\/www.claudeguyot.com\/wp-content\/uploads\/2017\/02\/IMG_3176-768x576.jpg 768w, https:\/\/www.claudeguyot.com\/wp-content\/uploads\/2017\/02\/IMG_3176-1024x768.jpg 1024w, https:\/\/www.claudeguyot.com\/wp-content\/uploads\/2017\/02\/IMG_3176-600x450.jpg 600w\" sizes=\"auto, (max-width: 300px) 100vw, 300px\" \/><\/p>\n<p>En direction de l&rsquo;h\u00e9micycle afin d&rsquo;assister \u00e0 la s\u00e9ance.<\/p>\n<p><img loading=\"lazy\" decoding=\"async\" class=\"alignnone size-medium wp-image-266\" src=\"https:\/\/www.claudeguyot.com\/wp-content\/uploads\/2017\/02\/IMG_3147-300x225.jpg\" alt=\"IMG_3147\" width=\"300\" height=\"225\" srcset=\"https:\/\/www.claudeguyot.com\/wp-content\/uploads\/2017\/02\/IMG_3147-300x225.jpg 300w, https:\/\/www.claudeguyot.com\/wp-content\/uploads\/2017\/02\/IMG_3147-768x576.jpg 768w, https:\/\/www.claudeguyot.com\/wp-content\/uploads\/2017\/02\/IMG_3147-1024x768.jpg 1024w, https:\/\/www.claudeguyot.com\/wp-content\/uploads\/2017\/02\/IMG_3147-600x450.jpg 600w\" sizes=\"auto, (max-width: 300px) 100vw, 300px\" \/><\/p>\n<p>Explications sur la cour du S\u00e9nat.<\/p>\n<p><img loading=\"lazy\" decoding=\"async\" class=\"alignnone size-medium wp-image-267\" src=\"https:\/\/www.claudeguyot.com\/wp-content\/uploads\/2017\/02\/IMG_3222-300x300.jpg\" alt=\"IMG_3222\" width=\"300\" height=\"300\" srcset=\"https:\/\/www.claudeguyot.com\/wp-content\/uploads\/2017\/02\/IMG_3222-300x300.jpg 300w, https:\/\/www.claudeguyot.com\/wp-content\/uploads\/2017\/02\/IMG_3222-150x150.jpg 150w, https:\/\/www.claudeguyot.com\/wp-content\/uploads\/2017\/02\/IMG_3222-768x768.jpg 768w, https:\/\/www.claudeguyot.com\/wp-content\/uploads\/2017\/02\/IMG_3222-1024x1024.jpg 1024w, https:\/\/www.claudeguyot.com\/wp-content\/uploads\/2017\/02\/IMG_3222-600x600.jpg 600w\" sizes=\"auto, (max-width: 300px) 100vw, 300px\" \/><\/p>\n<p>La R\u00e9publique nourrici\u00e8re<\/p>\n<p><img loading=\"lazy\" decoding=\"async\" class=\"alignnone size-medium wp-image-268\" src=\"https:\/\/www.claudeguyot.com\/wp-content\/uploads\/2017\/02\/IMG_3223-300x225.jpg\" alt=\"IMG_3223\" width=\"300\" height=\"225\" srcset=\"https:\/\/www.claudeguyot.com\/wp-content\/uploads\/2017\/02\/IMG_3223-300x225.jpg 300w, https:\/\/www.claudeguyot.com\/wp-content\/uploads\/2017\/02\/IMG_3223-768x576.jpg 768w, https:\/\/www.claudeguyot.com\/wp-content\/uploads\/2017\/02\/IMG_3223-1024x767.jpg 1024w, https:\/\/www.claudeguyot.com\/wp-content\/uploads\/2017\/02\/IMG_3223-600x450.jpg 600w\" sizes=\"auto, (max-width: 300px) 100vw, 300px\" \/><\/p>\n<p><img loading=\"lazy\" decoding=\"async\" class=\"alignnone size-medium wp-image-269\" src=\"https:\/\/www.claudeguyot.com\/wp-content\/uploads\/2017\/02\/IMG_3150-300x225.jpg\" alt=\"IMG_3150\" width=\"300\" height=\"225\" srcset=\"https:\/\/www.claudeguyot.com\/wp-content\/uploads\/2017\/02\/IMG_3150-300x225.jpg 300w, https:\/\/www.claudeguyot.com\/wp-content\/uploads\/2017\/02\/IMG_3150-768x576.jpg 768w, https:\/\/www.claudeguyot.com\/wp-content\/uploads\/2017\/02\/IMG_3150-1024x768.jpg 1024w, https:\/\/www.claudeguyot.com\/wp-content\/uploads\/2017\/02\/IMG_3150-600x450.jpg 600w\" sizes=\"auto, (max-width: 300px) 100vw, 300px\" \/><\/p>\n<p><img loading=\"lazy\" decoding=\"async\" class=\"alignnone size-medium wp-image-272\" src=\"https:\/\/www.claudeguyot.com\/wp-content\/uploads\/2017\/02\/IMG_3208-300x225.jpg\" alt=\"IMG_3208\" width=\"300\" height=\"225\" srcset=\"https:\/\/www.claudeguyot.com\/wp-content\/uploads\/2017\/02\/IMG_3208-300x225.jpg 300w, https:\/\/www.claudeguyot.com\/wp-content\/uploads\/2017\/02\/IMG_3208-768x576.jpg 768w, https:\/\/www.claudeguyot.com\/wp-content\/uploads\/2017\/02\/IMG_3208-1024x768.jpg 1024w, https:\/\/www.claudeguyot.com\/wp-content\/uploads\/2017\/02\/IMG_3208-600x450.jpg 600w, https:\/\/www.claudeguyot.com\/wp-content\/uploads\/2017\/02\/IMG_3208.jpg 1280w\" sizes=\"auto, (max-width: 300px) 100vw, 300px\" \/><\/p>\n<p><img loading=\"lazy\" decoding=\"async\" class=\"alignnone size-medium wp-image-270\" src=\"https:\/\/www.claudeguyot.com\/wp-content\/uploads\/2017\/02\/IMG_3224-300x225.jpg\" alt=\"IMG_3224\" width=\"300\" height=\"225\" srcset=\"https:\/\/www.claudeguyot.com\/wp-content\/uploads\/2017\/02\/IMG_3224-300x225.jpg 300w, https:\/\/www.claudeguyot.com\/wp-content\/uploads\/2017\/02\/IMG_3224-768x576.jpg 768w, https:\/\/www.claudeguyot.com\/wp-content\/uploads\/2017\/02\/IMG_3224-1024x767.jpg 1024w, https:\/\/www.claudeguyot.com\/wp-content\/uploads\/2017\/02\/IMG_3224-600x450.jpg 600w\" sizes=\"auto, (max-width: 300px) 100vw, 300px\" \/><\/p>\n<p><img loading=\"lazy\" decoding=\"async\" class=\"alignnone size-medium wp-image-273\" src=\"https:\/\/www.claudeguyot.com\/wp-content\/uploads\/2017\/02\/IMG_3211-225x300.jpg\" alt=\"IMG_3211\" width=\"225\" height=\"300\" srcset=\"https:\/\/www.claudeguyot.com\/wp-content\/uploads\/2017\/02\/IMG_3211-225x300.jpg 225w, https:\/\/www.claudeguyot.com\/wp-content\/uploads\/2017\/02\/IMG_3211.jpg 600w\" sizes=\"auto, (max-width: 225px) 100vw, 225px\" \/><\/p>\n<p><img loading=\"lazy\" decoding=\"async\" class=\"alignnone size-medium wp-image-274\" src=\"https:\/\/www.claudeguyot.com\/wp-content\/uploads\/2017\/02\/IMG_3197-300x225.jpg\" alt=\"IMG_3197\" width=\"300\" height=\"225\" srcset=\"https:\/\/www.claudeguyot.com\/wp-content\/uploads\/2017\/02\/IMG_3197-300x225.jpg 300w, https:\/\/www.claudeguyot.com\/wp-content\/uploads\/2017\/02\/IMG_3197-768x576.jpg 768w, https:\/\/www.claudeguyot.com\/wp-content\/uploads\/2017\/02\/IMG_3197-1024x768.jpg 1024w, https:\/\/www.claudeguyot.com\/wp-content\/uploads\/2017\/02\/IMG_3197-600x450.jpg 600w\" sizes=\"auto, (max-width: 300px) 100vw, 300px\" \/><\/p>\n<p><img loading=\"lazy\" decoding=\"async\" class=\"alignnone size-medium wp-image-275\" src=\"https:\/\/www.claudeguyot.com\/wp-content\/uploads\/2017\/02\/IMG_3199-300x225.jpg\" alt=\"IMG_3199\" width=\"300\" height=\"225\" srcset=\"https:\/\/www.claudeguyot.com\/wp-content\/uploads\/2017\/02\/IMG_3199-300x225.jpg 300w, https:\/\/www.claudeguyot.com\/wp-content\/uploads\/2017\/02\/IMG_3199-768x576.jpg 768w, https:\/\/www.claudeguyot.com\/wp-content\/uploads\/2017\/02\/IMG_3199-1024x768.jpg 1024w, https:\/\/www.claudeguyot.com\/wp-content\/uploads\/2017\/02\/IMG_3199-600x450.jpg 600w\" sizes=\"auto, (max-width: 300px) 100vw, 300px\" \/><\/p>\n<p>Lieu embl\u00e9matique du vote de la loi et de la d\u00e9mocratie, le S\u00e9nat est une institution o\u00f9 toutes les sensibilit\u00e9s politiques se retrouvent pour travailler. Ainsi, Fran\u00e7ois Bayrou est venu \u00e9changer avec nous pendant quelques instants. La question majeure qui lui a \u00e9t\u00e9 pos\u00e9e par tout le monde fut la suivante : serez-vous oui ou non candidat \u00e0 l&rsquo;\u00e9lection pr\u00e9sidentielle&#8230; ??? Nous sommes en mesure d&rsquo;affirmer qu&rsquo;\u00e0 l&rsquo;heure actuelle, nous ne sommes en possession d&rsquo;aucun scoop !<\/p>\n","protected":false},"excerpt":{"rendered":"<p>L&rsquo;Association Claude Guyot \u00e9tait r\u00e9cemment au S\u00e9nat avec les \u00e9l\u00e8ves du coll\u00e8ge Claude Guyot d&rsquo;Arnay-le-Duc. Un grand merci \u00e0 nos amis Fran\u00e7ois Patriat, s\u00e9nateur de la C\u00f4te d&rsquo;Or, ancien Ministre, ancien pr\u00e9sident de la r\u00e9gion Bourgogne et Hadrien Ghomi, son tr\u00e8s performant assistant parlementaire ! Un apr\u00e8s-midi consacr\u00e9 \u00e0 l&rsquo;\u00e9ducation citoyenne aupr\u00e8s de jeunes c\u00f4te-doriens. &hellip; <a href=\"https:\/\/www.claudeguyot.com\/index.php\/2017\/02\/08\/lassociation-college-claude-guyot-senat\/\" class=\"more-link\">Continuer la lecture de <span class=\"screen-reader-text\">L&rsquo;Association et le Coll\u00e8ge Claude Guyot au S\u00e9nat<\/span>  <span class=\"meta-nav\">&rarr;<\/span><\/a><\/p>\n","protected":false},"author":1,"featured_media":254,"comment_status":"closed","ping_status":"closed","sticky":false,"template":"","format":"standard","meta":{"footnotes":""},"categories":[1],"tags":[],"class_list":["post-252","post","type-post","status-publish","format-standard","has-post-thumbnail","hentry","category-non-classe"],"yoast_head":"<!-- This site is optimized with the Yoast SEO plugin v19.9 - https:\/\/yoast.com\/wordpress\/plugins\/seo\/ -->\n<title>L&#039;Association et le Coll\u00e8ge Claude Guyot au S\u00e9nat - Association Claude Guyot<\/title>\n<meta name=\"robots\" content=\"index, follow, max-snippet:-1, max-image-preview:large, max-video-preview:-1\" \/>\n<link rel=\"canonical\" href=\"https:\/\/www.claudeguyot.com\/index.php\/2017\/02\/08\/lassociation-college-claude-guyot-senat\/\" \/>\n<meta property=\"og:locale\" content=\"fr_FR\" \/>\n<meta property=\"og:type\" content=\"article\" \/>\n<meta property=\"og:title\" content=\"L&#039;Association et le Coll\u00e8ge Claude Guyot au S\u00e9nat - Association Claude Guyot\" \/>\n<meta property=\"og:description\" content=\"L&rsquo;Association Claude Guyot \u00e9tait r\u00e9cemment au S\u00e9nat avec les \u00e9l\u00e8ves du coll\u00e8ge Claude Guyot d&rsquo;Arnay-le-Duc. Un grand merci \u00e0 nos amis Fran\u00e7ois Patriat, s\u00e9nateur de la C\u00f4te d&rsquo;Or, ancien Ministre, ancien pr\u00e9sident de la r\u00e9gion Bourgogne et Hadrien Ghomi, son tr\u00e8s performant assistant parlementaire ! Un apr\u00e8s-midi consacr\u00e9 \u00e0 l&rsquo;\u00e9ducation citoyenne aupr\u00e8s de jeunes c\u00f4te-doriens. &hellip; Continuer la lecture de L&rsquo;Association et le Coll\u00e8ge Claude Guyot au S\u00e9nat &rarr;\" \/>\n<meta property=\"og:url\" content=\"https:\/\/www.claudeguyot.com\/index.php\/2017\/02\/08\/lassociation-college-claude-guyot-senat\/\" \/>\n<meta property=\"og:site_name\" content=\"Association Claude Guyot\" \/>\n<meta property=\"article:published_time\" content=\"2017-02-08T11:31:37+00:00\" \/>\n<meta property=\"article:modified_time\" content=\"2025-07-08T20:44:58+00:00\" \/>\n<meta property=\"og:image\" content=\"https:\/\/www.claudeguyot.com\/wp-content\/uploads\/2017\/02\/IMG_3233.jpg\" \/>\n\t<meta property=\"og:image:width\" content=\"3024\" \/>\n\t<meta property=\"og:image:height\" content=\"3024\" \/>\n\t<meta property=\"og:image:type\" content=\"image\/jpeg\" \/>\n<meta name=\"author\" content=\"Claude Guyot\" \/>\n<meta name=\"twitter:card\" content=\"summary_large_image\" \/>\n<meta name=\"twitter:label1\" content=\"\u00c9crit par\" \/>\n\t<meta name=\"twitter:data1\" content=\"Claude Guyot\" \/>\n\t<meta name=\"twitter:label2\" content=\"Dur\u00e9e de lecture estim\u00e9e\" \/>\n\t<meta name=\"twitter:data2\" content=\"1 minute\" \/>\n<script type=\"application\/ld+json\" class=\"yoast-schema-graph\">{\"@context\":\"https:\/\/schema.org\",\"@graph\":[{\"@type\":\"WebPage\",\"@id\":\"https:\/\/www.claudeguyot.com\/index.php\/2017\/02\/08\/lassociation-college-claude-guyot-senat\/\",\"url\":\"https:\/\/www.claudeguyot.com\/index.php\/2017\/02\/08\/lassociation-college-claude-guyot-senat\/\",\"name\":\"L'Association et le Coll\u00e8ge Claude Guyot au S\u00e9nat - Association Claude Guyot\",\"isPartOf\":{\"@id\":\"https:\/\/www.claudeguyot.com\/#website\"},\"datePublished\":\"2017-02-08T11:31:37+00:00\",\"dateModified\":\"2025-07-08T20:44:58+00:00\",\"author\":{\"@id\":\"https:\/\/www.claudeguyot.com\/#\/schema\/person\/fbc6c67d5e15fc909d64aab1f1f150a1\"},\"breadcrumb\":{\"@id\":\"https:\/\/www.claudeguyot.com\/index.php\/2017\/02\/08\/lassociation-college-claude-guyot-senat\/#breadcrumb\"},\"inLanguage\":\"fr-FR\",\"potentialAction\":[{\"@type\":\"ReadAction\",\"target\":[\"https:\/\/www.claudeguyot.com\/index.php\/2017\/02\/08\/lassociation-college-claude-guyot-senat\/\"]}]},{\"@type\":\"BreadcrumbList\",\"@id\":\"https:\/\/www.claudeguyot.com\/index.php\/2017\/02\/08\/lassociation-college-claude-guyot-senat\/#breadcrumb\",\"itemListElement\":[{\"@type\":\"ListItem\",\"position\":1,\"name\":\"Accueil\",\"item\":\"https:\/\/www.claudeguyot.com\/\"},{\"@type\":\"ListItem\",\"position\":2,\"name\":\"L&#8217;Association et le Coll\u00e8ge Claude Guyot au S\u00e9nat\"}]},{\"@type\":\"WebSite\",\"@id\":\"https:\/\/www.claudeguyot.com\/#website\",\"url\":\"https:\/\/www.claudeguyot.com\/\",\"name\":\"Association Claude Guyot\",\"description\":\"Association loi 1901 reconnue d&#039;int\u00e9r\u00eat g\u00e9n\u00e9ral\",\"potentialAction\":[{\"@type\":\"SearchAction\",\"target\":{\"@type\":\"EntryPoint\",\"urlTemplate\":\"https:\/\/www.claudeguyot.com\/?s={search_term_string}\"},\"query-input\":\"required name=search_term_string\"}],\"inLanguage\":\"fr-FR\"},{\"@type\":\"Person\",\"@id\":\"https:\/\/www.claudeguyot.com\/#\/schema\/person\/fbc6c67d5e15fc909d64aab1f1f150a1\",\"name\":\"Claude Guyot\",\"image\":{\"@type\":\"ImageObject\",\"inLanguage\":\"fr-FR\",\"@id\":\"https:\/\/www.claudeguyot.com\/#\/schema\/person\/image\/\",\"url\":\"https:\/\/secure.gravatar.com\/avatar\/8835715a7343599eaa98fab3b13c331c454cc537ea4343abb5ad3fefe9b4d586?s=96&d=mm&r=g\",\"contentUrl\":\"https:\/\/secure.gravatar.com\/avatar\/8835715a7343599eaa98fab3b13c331c454cc537ea4343abb5ad3fefe9b4d586?s=96&d=mm&r=g\",\"caption\":\"Claude Guyot\"},\"url\":\"https:\/\/www.claudeguyot.com\/index.php\/author\/admin5958\/\"}]}<\/script>\n<!-- \/ Yoast SEO plugin. -->","yoast_head_json":{"title":"L'Association et le Coll\u00e8ge Claude Guyot au S\u00e9nat - Association Claude Guyot","robots":{"index":"index","follow":"follow","max-snippet":"max-snippet:-1","max-image-preview":"max-image-preview:large","max-video-preview":"max-video-preview:-1"},"canonical":"https:\/\/www.claudeguyot.com\/index.php\/2017\/02\/08\/lassociation-college-claude-guyot-senat\/","og_locale":"fr_FR","og_type":"article","og_title":"L'Association et le Coll\u00e8ge Claude Guyot au S\u00e9nat - Association Claude Guyot","og_description":"L&rsquo;Association Claude Guyot \u00e9tait r\u00e9cemment au S\u00e9nat avec les \u00e9l\u00e8ves du coll\u00e8ge Claude Guyot d&rsquo;Arnay-le-Duc. Un grand merci \u00e0 nos amis Fran\u00e7ois Patriat, s\u00e9nateur de la C\u00f4te d&rsquo;Or, ancien Ministre, ancien pr\u00e9sident de la r\u00e9gion Bourgogne et Hadrien Ghomi, son tr\u00e8s performant assistant parlementaire ! Un apr\u00e8s-midi consacr\u00e9 \u00e0 l&rsquo;\u00e9ducation citoyenne aupr\u00e8s de jeunes c\u00f4te-doriens. &hellip; Continuer la lecture de L&rsquo;Association et le Coll\u00e8ge Claude Guyot au S\u00e9nat &rarr;","og_url":"https:\/\/www.claudeguyot.com\/index.php\/2017\/02\/08\/lassociation-college-claude-guyot-senat\/","og_site_name":"Association Claude Guyot","article_published_time":"2017-02-08T11:31:37+00:00","article_modified_time":"2025-07-08T20:44:58+00:00","og_image":[{"width":3024,"height":3024,"url":"https:\/\/www.claudeguyot.com\/wp-content\/uploads\/2017\/02\/IMG_3233.jpg","type":"image\/jpeg"}],"author":"Claude Guyot","twitter_card":"summary_large_image","twitter_misc":{"\u00c9crit par":"Claude Guyot","Dur\u00e9e de lecture estim\u00e9e":"1 minute"},"schema":{"@context":"https:\/\/schema.org","@graph":[{"@type":"WebPage","@id":"https:\/\/www.claudeguyot.com\/index.php\/2017\/02\/08\/lassociation-college-claude-guyot-senat\/","url":"https:\/\/www.claudeguyot.com\/index.php\/2017\/02\/08\/lassociation-college-claude-guyot-senat\/","name":"L'Association et le Coll\u00e8ge Claude Guyot au S\u00e9nat - Association Claude Guyot","isPartOf":{"@id":"https:\/\/www.claudeguyot.com\/#website"},"datePublished":"2017-02-08T11:31:37+00:00","dateModified":"2025-07-08T20:44:58+00:00","author":{"@id":"https:\/\/www.claudeguyot.com\/#\/schema\/person\/fbc6c67d5e15fc909d64aab1f1f150a1"},"breadcrumb":{"@id":"https:\/\/www.claudeguyot.com\/index.php\/2017\/02\/08\/lassociation-college-claude-guyot-senat\/#breadcrumb"},"inLanguage":"fr-FR","potentialAction":[{"@type":"ReadAction","target":["https:\/\/www.claudeguyot.com\/index.php\/2017\/02\/08\/lassociation-college-claude-guyot-senat\/"]}]},{"@type":"BreadcrumbList","@id":"https:\/\/www.claudeguyot.com\/index.php\/2017\/02\/08\/lassociation-college-claude-guyot-senat\/#breadcrumb","itemListElement":[{"@type":"ListItem","position":1,"name":"Accueil","item":"https:\/\/www.claudeguyot.com\/"},{"@type":"ListItem","position":2,"name":"L&#8217;Association et le Coll\u00e8ge Claude Guyot au S\u00e9nat"}]},{"@type":"WebSite","@id":"https:\/\/www.claudeguyot.com\/#website","url":"https:\/\/www.claudeguyot.com\/","name":"Association Claude Guyot","description":"Association loi 1901 reconnue d&#039;int\u00e9r\u00eat g\u00e9n\u00e9ral","potentialAction":[{"@type":"SearchAction","target":{"@type":"EntryPoint","urlTemplate":"https:\/\/www.claudeguyot.com\/?s={search_term_string}"},"query-input":"required name=search_term_string"}],"inLanguage":"fr-FR"},{"@type":"Person","@id":"https:\/\/www.claudeguyot.com\/#\/schema\/person\/fbc6c67d5e15fc909d64aab1f1f150a1","name":"Claude Guyot","image":{"@type":"ImageObject","inLanguage":"fr-FR","@id":"https:\/\/www.claudeguyot.com\/#\/schema\/person\/image\/","url":"https:\/\/secure.gravatar.com\/avatar\/8835715a7343599eaa98fab3b13c331c454cc537ea4343abb5ad3fefe9b4d586?s=96&d=mm&r=g","contentUrl":"https:\/\/secure.gravatar.com\/avatar\/8835715a7343599eaa98fab3b13c331c454cc537ea4343abb5ad3fefe9b4d586?s=96&d=mm&r=g","caption":"Claude Guyot"},"url":"https:\/\/www.claudeguyot.com\/index.php\/author\/admin5958\/"}]}},"jetpack_featured_media_url":"https:\/\/www.claudeguyot.com\/wp-content\/uploads\/2017\/02\/IMG_3233.jpg","_links":{"self":[{"href":"https:\/\/www.claudeguyot.com\/index.php\/wp-json\/wp\/v2\/posts\/252","targetHints":{"allow":["GET"]}}],"collection":[{"href":"https:\/\/www.claudeguyot.com\/index.php\/wp-json\/wp\/v2\/posts"}],"about":[{"href":"https:\/\/www.claudeguyot.com\/index.php\/wp-json\/wp\/v2\/types\/post"}],"author":[{"embeddable":true,"href":"https:\/\/www.claudeguyot.com\/index.php\/wp-json\/wp\/v2\/users\/1"}],"replies":[{"embeddable":true,"href":"https:\/\/www.claudeguyot.com\/index.php\/wp-json\/wp\/v2\/comments?post=252"}],"version-history":[{"count":3,"href":"https:\/\/www.claudeguyot.com\/index.php\/wp-json\/wp\/v2\/posts\/252\/revisions"}],"predecessor-version":[{"id":278,"href":"https:\/\/www.claudeguyot.com\/index.php\/wp-json\/wp\/v2\/posts\/252\/revisions\/278"}],"wp:featuredmedia":[{"embeddable":true,"href":"https:\/\/www.claudeguyot.com\/index.php\/wp-json\/wp\/v2\/media\/254"}],"wp:attachment":[{"href":"https:\/\/www.claudeguyot.com\/index.php\/wp-json\/wp\/v2\/media?parent=252"}],"wp:term":[{"taxonomy":"category","embeddable":true,"href":"https:\/\/www.claudeguyot.com\/index.php\/wp-json\/wp\/v2\/categories?post=252"},{"taxonomy":"post_tag","embeddable":true,"href":"https:\/\/www.claudeguyot.com\/index.php\/wp-json\/wp\/v2\/tags?post=252"}],"curies":[{"name":"wp","href":"https:\/\/api.w.org\/{rel}","templated":true}]}}