{"id":287,"date":"2017-04-07T05:50:23","date_gmt":"2017-04-07T04:50:23","guid":{"rendered":"http:\/\/www.claudeguyot.com\/?p=287"},"modified":"2025-07-08T21:44:46","modified_gmt":"2025-07-08T20:44:46","slug":"invitation-ceremonie-8-mai-2017-a-arnay-duc","status":"publish","type":"post","link":"https:\/\/www.claudeguyot.com\/index.php\/2017\/04\/07\/invitation-ceremonie-8-mai-2017-a-arnay-duc\/","title":{"rendered":"C\u00c9R\u00c9MONIE DU 8 MAI 2017 \u00c0 ARNAY-LE-DUC"},"content":{"rendered":"<hr \/>\n<p>L&rsquo;Association Claude Guyot a organis\u00e9 sa traditionnelle c\u00e9r\u00e9monie suivie d&rsquo;un d\u00e9p\u00f4t de gerbe \u00e0 l\u2019occasion de la comm\u00e9moration du 72\u00e8me anniversaire de la Victoire des alli\u00e9s sur l\u2019Allemagne nazie et de la fin de la seconde guerre mondiale.<\/p>\n<p><iframe loading=\"lazy\" title=\"C\u00e9r\u00e9monie du 8 mai 2017 de l&#039;Association Claude Guyot \u00e0 Arnay-le-Duc\" width=\"474\" height=\"267\" src=\"https:\/\/www.youtube.com\/embed\/_1wugjzjT8M?feature=oembed\" frameborder=\"0\" allow=\"accelerometer; autoplay; clipboard-write; encrypted-media; gyroscope; picture-in-picture; web-share\" referrerpolicy=\"strict-origin-when-cross-origin\" allowfullscreen><\/iframe><\/p>\n<p>Cette c\u00e9r\u00e9monie s&rsquo;est d\u00e9roul\u00e9e le lundi 8 Mai au Monument aux Morts d&rsquo;Arnay-le-Duc\u00a0sous la pr\u00e9sidence de<\/p>\n<p>Kheira BOUZIANE-LAROUSSI<br \/>\nD\u00e9put\u00e9e de C\u00f4te d\u2019Or<br \/>\nConseill\u00e8re municipale de Quetigny<\/p>\n<p>et en pr\u00e9sence de<\/p>\n<p>Pierre POILLOT<br \/>\nConseiller d\u00e9partemental du canton d\u2019Arnay-le-Duc<br \/>\nMaire de Vianges<\/p>\n<p>Christine RENAUDIN-JACQUES<br \/>\nConseill\u00e8re d\u00e9partementale du canton de Talant\/Sombernon<br \/>\nConseill\u00e8re municipale de Talant<\/p>\n<p>Jacques PEROT<br \/>\nConservateur general (h) du Patrimoine<br \/>\nMembre du Haut-Comit\u00e9 aux Comm\u00e9morations nationales<br \/>\nPr\u00e9sident de l\u2019Institut vend\u00e9en Clemenceau &#8211; de Lattre<\/p>\n<p>Etienne JOBARD<br \/>\nConseiller municipal de Vitteaux<br \/>\nConseiller communautaire \u00e0 la Communaut\u00e9 de Communes des Terres d\u2019Auxois<\/p>\n<p>Au cours de la c\u00e9r\u00e9monie d&rsquo;hommage aux morts de la seconde guerre mondiale, le discours prononc\u00e9 le 8 mai 1945 par Claude Guyot au Monument aux Morts d&rsquo;Arnay-le-Duc a \u00e9t\u00e9 lu par Audrey Roland, vice-pr\u00e9sidente de l&rsquo;association Claude Guyot, devant une assistance \u00e9mue.<\/p>\n<p><img loading=\"lazy\" decoding=\"async\" class=\"size-medium wp-image-300 alignleft\" src=\"https:\/\/www.claudeguyot.com\/wp-content\/uploads\/2017\/04\/IMG_6095-300x225.jpg\" alt=\"IMG_6095\" width=\"300\" height=\"225\" srcset=\"https:\/\/www.claudeguyot.com\/wp-content\/uploads\/2017\/04\/IMG_6095-300x225.jpg 300w, https:\/\/www.claudeguyot.com\/wp-content\/uploads\/2017\/04\/IMG_6095-768x576.jpg 768w, https:\/\/www.claudeguyot.com\/wp-content\/uploads\/2017\/04\/IMG_6095.jpg 1024w, https:\/\/www.claudeguyot.com\/wp-content\/uploads\/2017\/04\/IMG_6095-600x450.jpg 600w\" sizes=\"auto, (max-width: 300px) 100vw, 300px\" \/><\/p>\n","protected":false},"excerpt":{"rendered":"<p>L&rsquo;Association Claude Guyot a organis\u00e9 sa traditionnelle c\u00e9r\u00e9monie suivie d&rsquo;un d\u00e9p\u00f4t de gerbe \u00e0 l\u2019occasion de la comm\u00e9moration du 72\u00e8me anniversaire de la Victoire des alli\u00e9s sur l\u2019Allemagne nazie et de la fin de la seconde guerre mondiale. Cette c\u00e9r\u00e9monie s&rsquo;est d\u00e9roul\u00e9e le lundi 8 Mai au Monument aux Morts d&rsquo;Arnay-le-Duc\u00a0sous la pr\u00e9sidence de Kheira &hellip; <a href=\"https:\/\/www.claudeguyot.com\/index.php\/2017\/04\/07\/invitation-ceremonie-8-mai-2017-a-arnay-duc\/\" class=\"more-link\">Continuer la lecture de <span class=\"screen-reader-text\">C\u00c9R\u00c9MONIE DU 8 MAI 2017 \u00c0 ARNAY-LE-DUC<\/span>  <span class=\"meta-nav\">&rarr;<\/span><\/a><\/p>\n","protected":false},"author":1,"featured_media":298,"comment_status":"closed","ping_status":"closed","sticky":false,"template":"","format":"standard","meta":{"footnotes":""},"categories":[1],"tags":[],"class_list":["post-287","post","type-post","status-publish","format-standard","has-post-thumbnail","hentry","category-non-classe"],"yoast_head":"<!-- This site is optimized with the Yoast SEO plugin v19.9 - https:\/\/yoast.com\/wordpress\/plugins\/seo\/ -->\n<title>C\u00c9R\u00c9MONIE DU 8 MAI 2017 \u00c0 ARNAY-LE-DUC - Association Claude Guyot<\/title>\n<meta name=\"robots\" content=\"index, follow, max-snippet:-1, max-image-preview:large, max-video-preview:-1\" \/>\n<link rel=\"canonical\" href=\"https:\/\/www.claudeguyot.com\/index.php\/2017\/04\/07\/invitation-ceremonie-8-mai-2017-a-arnay-duc\/\" \/>\n<meta property=\"og:locale\" content=\"fr_FR\" \/>\n<meta property=\"og:type\" content=\"article\" \/>\n<meta property=\"og:title\" content=\"C\u00c9R\u00c9MONIE DU 8 MAI 2017 \u00c0 ARNAY-LE-DUC - Association Claude Guyot\" \/>\n<meta property=\"og:description\" content=\"L&rsquo;Association Claude Guyot a organis\u00e9 sa traditionnelle c\u00e9r\u00e9monie suivie d&rsquo;un d\u00e9p\u00f4t de gerbe \u00e0 l\u2019occasion de la comm\u00e9moration du 72\u00e8me anniversaire de la Victoire des alli\u00e9s sur l\u2019Allemagne nazie et de la fin de la seconde guerre mondiale. Cette c\u00e9r\u00e9monie s&rsquo;est d\u00e9roul\u00e9e le lundi 8 Mai au Monument aux Morts d&rsquo;Arnay-le-Duc\u00a0sous la pr\u00e9sidence de Kheira &hellip; Continuer la lecture de C\u00c9R\u00c9MONIE DU 8 MAI 2017 \u00c0 ARNAY-LE-DUC &rarr;\" \/>\n<meta property=\"og:url\" content=\"https:\/\/www.claudeguyot.com\/index.php\/2017\/04\/07\/invitation-ceremonie-8-mai-2017-a-arnay-duc\/\" \/>\n<meta property=\"og:site_name\" content=\"Association Claude Guyot\" \/>\n<meta property=\"article:published_time\" content=\"2017-04-07T04:50:23+00:00\" \/>\n<meta property=\"article:modified_time\" content=\"2025-07-08T20:44:46+00:00\" \/>\n<meta property=\"og:image\" content=\"https:\/\/www.claudeguyot.com\/wp-content\/uploads\/2017\/04\/DSC_4164-Copie-751x1024.jpg\" \/>\n\t<meta property=\"og:image:width\" content=\"751\" \/>\n\t<meta property=\"og:image:height\" content=\"1024\" \/>\n\t<meta property=\"og:image:type\" content=\"image\/jpeg\" \/>\n<meta name=\"author\" content=\"Claude Guyot\" \/>\n<meta name=\"twitter:card\" content=\"summary_large_image\" \/>\n<meta name=\"twitter:label1\" content=\"\u00c9crit par\" \/>\n\t<meta name=\"twitter:data1\" content=\"Claude Guyot\" \/>\n\t<meta name=\"twitter:label2\" content=\"Dur\u00e9e de lecture estim\u00e9e\" \/>\n\t<meta name=\"twitter:data2\" content=\"1 minute\" \/>\n<script type=\"application\/ld+json\" class=\"yoast-schema-graph\">{\"@context\":\"https:\/\/schema.org\",\"@graph\":[{\"@type\":\"WebPage\",\"@id\":\"https:\/\/www.claudeguyot.com\/index.php\/2017\/04\/07\/invitation-ceremonie-8-mai-2017-a-arnay-duc\/\",\"url\":\"https:\/\/www.claudeguyot.com\/index.php\/2017\/04\/07\/invitation-ceremonie-8-mai-2017-a-arnay-duc\/\",\"name\":\"C\u00c9R\u00c9MONIE DU 8 MAI 2017 \u00c0 ARNAY-LE-DUC - Association Claude Guyot\",\"isPartOf\":{\"@id\":\"https:\/\/www.claudeguyot.com\/#website\"},\"datePublished\":\"2017-04-07T04:50:23+00:00\",\"dateModified\":\"2025-07-08T20:44:46+00:00\",\"author\":{\"@id\":\"https:\/\/www.claudeguyot.com\/#\/schema\/person\/fbc6c67d5e15fc909d64aab1f1f150a1\"},\"breadcrumb\":{\"@id\":\"https:\/\/www.claudeguyot.com\/index.php\/2017\/04\/07\/invitation-ceremonie-8-mai-2017-a-arnay-duc\/#breadcrumb\"},\"inLanguage\":\"fr-FR\",\"potentialAction\":[{\"@type\":\"ReadAction\",\"target\":[\"https:\/\/www.claudeguyot.com\/index.php\/2017\/04\/07\/invitation-ceremonie-8-mai-2017-a-arnay-duc\/\"]}]},{\"@type\":\"BreadcrumbList\",\"@id\":\"https:\/\/www.claudeguyot.com\/index.php\/2017\/04\/07\/invitation-ceremonie-8-mai-2017-a-arnay-duc\/#breadcrumb\",\"itemListElement\":[{\"@type\":\"ListItem\",\"position\":1,\"name\":\"Accueil\",\"item\":\"https:\/\/www.claudeguyot.com\/\"},{\"@type\":\"ListItem\",\"position\":2,\"name\":\"C\u00c9R\u00c9MONIE DU 8 MAI 2017 \u00c0 ARNAY-LE-DUC\"}]},{\"@type\":\"WebSite\",\"@id\":\"https:\/\/www.claudeguyot.com\/#website\",\"url\":\"https:\/\/www.claudeguyot.com\/\",\"name\":\"Association Claude Guyot\",\"description\":\"Association loi 1901 reconnue d&#039;int\u00e9r\u00eat g\u00e9n\u00e9ral\",\"potentialAction\":[{\"@type\":\"SearchAction\",\"target\":{\"@type\":\"EntryPoint\",\"urlTemplate\":\"https:\/\/www.claudeguyot.com\/?s={search_term_string}\"},\"query-input\":\"required name=search_term_string\"}],\"inLanguage\":\"fr-FR\"},{\"@type\":\"Person\",\"@id\":\"https:\/\/www.claudeguyot.com\/#\/schema\/person\/fbc6c67d5e15fc909d64aab1f1f150a1\",\"name\":\"Claude Guyot\",\"image\":{\"@type\":\"ImageObject\",\"inLanguage\":\"fr-FR\",\"@id\":\"https:\/\/www.claudeguyot.com\/#\/schema\/person\/image\/\",\"url\":\"https:\/\/secure.gravatar.com\/avatar\/8835715a7343599eaa98fab3b13c331c454cc537ea4343abb5ad3fefe9b4d586?s=96&d=mm&r=g\",\"contentUrl\":\"https:\/\/secure.gravatar.com\/avatar\/8835715a7343599eaa98fab3b13c331c454cc537ea4343abb5ad3fefe9b4d586?s=96&d=mm&r=g\",\"caption\":\"Claude Guyot\"},\"url\":\"https:\/\/www.claudeguyot.com\/index.php\/author\/admin5958\/\"}]}<\/script>\n<!-- \/ Yoast SEO plugin. -->","yoast_head_json":{"title":"C\u00c9R\u00c9MONIE DU 8 MAI 2017 \u00c0 ARNAY-LE-DUC - Association Claude Guyot","robots":{"index":"index","follow":"follow","max-snippet":"max-snippet:-1","max-image-preview":"max-image-preview:large","max-video-preview":"max-video-preview:-1"},"canonical":"https:\/\/www.claudeguyot.com\/index.php\/2017\/04\/07\/invitation-ceremonie-8-mai-2017-a-arnay-duc\/","og_locale":"fr_FR","og_type":"article","og_title":"C\u00c9R\u00c9MONIE DU 8 MAI 2017 \u00c0 ARNAY-LE-DUC - Association Claude Guyot","og_description":"L&rsquo;Association Claude Guyot a organis\u00e9 sa traditionnelle c\u00e9r\u00e9monie suivie d&rsquo;un d\u00e9p\u00f4t de gerbe \u00e0 l\u2019occasion de la comm\u00e9moration du 72\u00e8me anniversaire de la Victoire des alli\u00e9s sur l\u2019Allemagne nazie et de la fin de la seconde guerre mondiale. Cette c\u00e9r\u00e9monie s&rsquo;est d\u00e9roul\u00e9e le lundi 8 Mai au Monument aux Morts d&rsquo;Arnay-le-Duc\u00a0sous la pr\u00e9sidence de Kheira &hellip; Continuer la lecture de C\u00c9R\u00c9MONIE DU 8 MAI 2017 \u00c0 ARNAY-LE-DUC &rarr;","og_url":"https:\/\/www.claudeguyot.com\/index.php\/2017\/04\/07\/invitation-ceremonie-8-mai-2017-a-arnay-duc\/","og_site_name":"Association Claude Guyot","article_published_time":"2017-04-07T04:50:23+00:00","article_modified_time":"2025-07-08T20:44:46+00:00","og_image":[{"width":751,"height":1024,"url":"https:\/\/www.claudeguyot.com\/wp-content\/uploads\/2017\/04\/DSC_4164-Copie-751x1024.jpg","type":"image\/jpeg"}],"author":"Claude Guyot","twitter_card":"summary_large_image","twitter_misc":{"\u00c9crit par":"Claude Guyot","Dur\u00e9e de lecture estim\u00e9e":"1 minute"},"schema":{"@context":"https:\/\/schema.org","@graph":[{"@type":"WebPage","@id":"https:\/\/www.claudeguyot.com\/index.php\/2017\/04\/07\/invitation-ceremonie-8-mai-2017-a-arnay-duc\/","url":"https:\/\/www.claudeguyot.com\/index.php\/2017\/04\/07\/invitation-ceremonie-8-mai-2017-a-arnay-duc\/","name":"C\u00c9R\u00c9MONIE DU 8 MAI 2017 \u00c0 ARNAY-LE-DUC - Association Claude Guyot","isPartOf":{"@id":"https:\/\/www.claudeguyot.com\/#website"},"datePublished":"2017-04-07T04:50:23+00:00","dateModified":"2025-07-08T20:44:46+00:00","author":{"@id":"https:\/\/www.claudeguyot.com\/#\/schema\/person\/fbc6c67d5e15fc909d64aab1f1f150a1"},"breadcrumb":{"@id":"https:\/\/www.claudeguyot.com\/index.php\/2017\/04\/07\/invitation-ceremonie-8-mai-2017-a-arnay-duc\/#breadcrumb"},"inLanguage":"fr-FR","potentialAction":[{"@type":"ReadAction","target":["https:\/\/www.claudeguyot.com\/index.php\/2017\/04\/07\/invitation-ceremonie-8-mai-2017-a-arnay-duc\/"]}]},{"@type":"BreadcrumbList","@id":"https:\/\/www.claudeguyot.com\/index.php\/2017\/04\/07\/invitation-ceremonie-8-mai-2017-a-arnay-duc\/#breadcrumb","itemListElement":[{"@type":"ListItem","position":1,"name":"Accueil","item":"https:\/\/www.claudeguyot.com\/"},{"@type":"ListItem","position":2,"name":"C\u00c9R\u00c9MONIE DU 8 MAI 2017 \u00c0 ARNAY-LE-DUC"}]},{"@type":"WebSite","@id":"https:\/\/www.claudeguyot.com\/#website","url":"https:\/\/www.claudeguyot.com\/","name":"Association Claude Guyot","description":"Association loi 1901 reconnue d&#039;int\u00e9r\u00eat g\u00e9n\u00e9ral","potentialAction":[{"@type":"SearchAction","target":{"@type":"EntryPoint","urlTemplate":"https:\/\/www.claudeguyot.com\/?s={search_term_string}"},"query-input":"required name=search_term_string"}],"inLanguage":"fr-FR"},{"@type":"Person","@id":"https:\/\/www.claudeguyot.com\/#\/schema\/person\/fbc6c67d5e15fc909d64aab1f1f150a1","name":"Claude Guyot","image":{"@type":"ImageObject","inLanguage":"fr-FR","@id":"https:\/\/www.claudeguyot.com\/#\/schema\/person\/image\/","url":"https:\/\/secure.gravatar.com\/avatar\/8835715a7343599eaa98fab3b13c331c454cc537ea4343abb5ad3fefe9b4d586?s=96&d=mm&r=g","contentUrl":"https:\/\/secure.gravatar.com\/avatar\/8835715a7343599eaa98fab3b13c331c454cc537ea4343abb5ad3fefe9b4d586?s=96&d=mm&r=g","caption":"Claude Guyot"},"url":"https:\/\/www.claudeguyot.com\/index.php\/author\/admin5958\/"}]}},"jetpack_featured_media_url":"https:\/\/www.claudeguyot.com\/wp-content\/uploads\/2017\/04\/DSC_4164-Copie.jpg","_links":{"self":[{"href":"https:\/\/www.claudeguyot.com\/index.php\/wp-json\/wp\/v2\/posts\/287","targetHints":{"allow":["GET"]}}],"collection":[{"href":"https:\/\/www.claudeguyot.com\/index.php\/wp-json\/wp\/v2\/posts"}],"about":[{"href":"https:\/\/www.claudeguyot.com\/index.php\/wp-json\/wp\/v2\/types\/post"}],"author":[{"embeddable":true,"href":"https:\/\/www.claudeguyot.com\/index.php\/wp-json\/wp\/v2\/users\/1"}],"replies":[{"embeddable":true,"href":"https:\/\/www.claudeguyot.com\/index.php\/wp-json\/wp\/v2\/comments?post=287"}],"version-history":[{"count":8,"href":"https:\/\/www.claudeguyot.com\/index.php\/wp-json\/wp\/v2\/posts\/287\/revisions"}],"predecessor-version":[{"id":301,"href":"https:\/\/www.claudeguyot.com\/index.php\/wp-json\/wp\/v2\/posts\/287\/revisions\/301"}],"wp:featuredmedia":[{"embeddable":true,"href":"https:\/\/www.claudeguyot.com\/index.php\/wp-json\/wp\/v2\/media\/298"}],"wp:attachment":[{"href":"https:\/\/www.claudeguyot.com\/index.php\/wp-json\/wp\/v2\/media?parent=287"}],"wp:term":[{"taxonomy":"category","embeddable":true,"href":"https:\/\/www.claudeguyot.com\/index.php\/wp-json\/wp\/v2\/categories?post=287"},{"taxonomy":"post_tag","embeddable":true,"href":"https:\/\/www.claudeguyot.com\/index.php\/wp-json\/wp\/v2\/tags?post=287"}],"curies":[{"name":"wp","href":"https:\/\/api.w.org\/{rel}","templated":true}]}}