{"id":302,"date":"2017-05-12T14:39:08","date_gmt":"2017-05-12T13:39:08","guid":{"rendered":"http:\/\/www.claudeguyot.com\/?p=302"},"modified":"2025-07-08T21:44:41","modified_gmt":"2025-07-08T20:44:41","slug":"souscription-reedition-de-larrestation-tantes-roi-a-arnay-duc","status":"publish","type":"post","link":"https:\/\/www.claudeguyot.com\/index.php\/2017\/05\/12\/souscription-reedition-de-larrestation-tantes-roi-a-arnay-duc\/","title":{"rendered":"Souscription &#8211; R\u00e9\u00e9dition de \u00ab\u00a0L&rsquo;Arrestation des Tantes du  Roi \u00e0 Arnay-le-Duc\u00a0\u00bb"},"content":{"rendered":"<blockquote><p>Comme cela a \u00e9t\u00e9 expos\u00e9 lors de notre assembl\u00e9e g\u00e9n\u00e9rale du 15 octobre 2016, notre association se lance actuellement dans un fastidieux travail de r\u00e9\u00e9dition des ouvrages de Claude Guyot. Il a donc \u00e9t\u00e9 d\u00e9cid\u00e9 de r\u00e9\u00e9diter l\u2019ouvrage intitul\u00e9 \u00ab L&rsquo;Arrestation des Tantes du Roi \u00e0 Arnay-le-Duc \u00bb dont la derni\u00e8re et unique \u00e9dition, aujourd\u2019hui \u00e9puis\u00e9e, date de 1925.<\/p><\/blockquote>\n<p>Dans cet ouvrage, Claude Guyot \u00e9voque un \u00e9pisode r\u00e9volutionnaire, en d\u00e9crivant une \u00e9tape du p\u00e9riple qui mena les princesses Adela\u00efde et Victoire, \u00adtantes du roi Louis XVI, descendantes d\u2019Henri IV, que l\u2019on appelait \u201cMesdames\u201d, du ch\u00e2teau de Bellevue \u00e0 Meudon, \u00e0 Rome puis enfin \u00e0 Trieste, en passant par Arnay-le-Duc o\u00f9 elles furent en \u00e9tat d\u2019arrestation en 1791 \u00e0 l\u2019H\u00f4tel de la Poste, puis transf\u00e9r\u00e9es au presbyt\u00e8re. Apr\u00e8s leur s\u00e9jour \u00e0 Arnay-le-Duc, elles reprirent la route pour Rome. \u201cMesdames\u201d moururent \u00e0 Trieste, et leurs d\u00e9pouilles furent ramen\u00e9es en France o\u00f9 elles furent inhum\u00e9es dans la basilique royale de Saint-Denis le 8 novembre 1814.<\/p>\n<p>Comme vous pouvez l\u2019imaginer, l\u2019aboutissement d\u2019un tel projet \u00e9ditorial ne pourra voir le jour que gr\u00e2ce \u00e0 la g\u00e9n\u00e9rosit\u00e9 des amis et des bienfaiteurs de l\u2019Association Claude Guyot, mais aussi des passionn\u00e9s d\u2019Histoire.<\/p>\n<p>Nous nous permettons de vous proposer de participer au financement de la r\u00e9\u00e9dition de cet ouvrage par le biais du bulletin de souscription que vous trouverez en pied de page de cet article.<\/p>\n<p>Nous vous informons qu\u2019\u00e0 partir d\u2019un don de 40\u20ac, un exemplaire de l\u2019ouvrage vous sera remis.<\/p>\n<p>La liste des donateurs sera mentionn\u00e9e dans l\u2019ouvrage dans une Tabula gratulatoria.<\/p>\n<p>\u2022 Telecharger\u00a0le <a href=\"https:\/\/www.claudeguyot.com\/wp-content\/uploads\/2017\/06\/Arrestation-des-Tantes-du-Roi-\u00e0-Arnay-le-Duc-Bulletin-de-souscription.pdf\">bulletin de souscription<\/a><\/p>\n","protected":false},"excerpt":{"rendered":"<p>Comme cela a \u00e9t\u00e9 expos\u00e9 lors de notre assembl\u00e9e g\u00e9n\u00e9rale du 15 octobre 2016, notre association se lance actuellement dans un fastidieux travail de r\u00e9\u00e9dition des ouvrages de Claude Guyot. Il a donc \u00e9t\u00e9 d\u00e9cid\u00e9 de r\u00e9\u00e9diter l\u2019ouvrage intitul\u00e9 \u00ab L&rsquo;Arrestation des Tantes du Roi \u00e0 Arnay-le-Duc \u00bb dont la derni\u00e8re et unique \u00e9dition, aujourd\u2019hui &hellip; <a href=\"https:\/\/www.claudeguyot.com\/index.php\/2017\/05\/12\/souscription-reedition-de-larrestation-tantes-roi-a-arnay-duc\/\" class=\"more-link\">Continuer la lecture de <span class=\"screen-reader-text\">Souscription &#8211; R\u00e9\u00e9dition de \u00ab\u00a0L&rsquo;Arrestation des Tantes du  Roi \u00e0 Arnay-le-Duc\u00a0\u00bb<\/span>  <span class=\"meta-nav\">&rarr;<\/span><\/a><\/p>\n","protected":false},"author":1,"featured_media":304,"comment_status":"closed","ping_status":"closed","sticky":false,"template":"","format":"standard","meta":{"footnotes":""},"categories":[1],"tags":[],"class_list":["post-302","post","type-post","status-publish","format-standard","has-post-thumbnail","hentry","category-non-classe"],"yoast_head":"<!-- This site is optimized with the Yoast SEO plugin v19.9 - https:\/\/yoast.com\/wordpress\/plugins\/seo\/ -->\n<title>Souscription - R\u00e9\u00e9dition de &quot;L&#039;Arrestation des Tantes du Roi \u00e0 Arnay-le-Duc&quot; - Association Claude Guyot<\/title>\n<meta name=\"robots\" content=\"index, follow, max-snippet:-1, max-image-preview:large, max-video-preview:-1\" \/>\n<link rel=\"canonical\" href=\"https:\/\/www.claudeguyot.com\/index.php\/2017\/05\/12\/souscription-reedition-de-larrestation-tantes-roi-a-arnay-duc\/\" \/>\n<meta property=\"og:locale\" content=\"fr_FR\" \/>\n<meta property=\"og:type\" content=\"article\" \/>\n<meta property=\"og:title\" content=\"Souscription - R\u00e9\u00e9dition de &quot;L&#039;Arrestation des Tantes du Roi \u00e0 Arnay-le-Duc&quot; - Association Claude Guyot\" \/>\n<meta property=\"og:description\" content=\"Comme cela a \u00e9t\u00e9 expos\u00e9 lors de notre assembl\u00e9e g\u00e9n\u00e9rale du 15 octobre 2016, notre association se lance actuellement dans un fastidieux travail de r\u00e9\u00e9dition des ouvrages de Claude Guyot. Il a donc \u00e9t\u00e9 d\u00e9cid\u00e9 de r\u00e9\u00e9diter l\u2019ouvrage intitul\u00e9 \u00ab L&rsquo;Arrestation des Tantes du Roi \u00e0 Arnay-le-Duc \u00bb dont la derni\u00e8re et unique \u00e9dition, aujourd\u2019hui &hellip; Continuer la lecture de Souscription &#8211; R\u00e9\u00e9dition de \u00ab\u00a0L&rsquo;Arrestation des Tantes du Roi \u00e0 Arnay-le-Duc\u00a0\u00bb &rarr;\" \/>\n<meta property=\"og:url\" content=\"https:\/\/www.claudeguyot.com\/index.php\/2017\/05\/12\/souscription-reedition-de-larrestation-tantes-roi-a-arnay-duc\/\" \/>\n<meta property=\"og:site_name\" content=\"Association Claude Guyot\" \/>\n<meta property=\"article:published_time\" content=\"2017-05-12T13:39:08+00:00\" \/>\n<meta property=\"article:modified_time\" content=\"2025-07-08T20:44:41+00:00\" \/>\n<meta property=\"og:image\" content=\"https:\/\/www.claudeguyot.com\/wp-content\/uploads\/2017\/05\/9ECB0AEF-BD48-4EB5-844F-1DAC677D0633.jpg\" \/>\n\t<meta property=\"og:image:width\" content=\"2048\" \/>\n\t<meta property=\"og:image:height\" content=\"2048\" \/>\n\t<meta property=\"og:image:type\" content=\"image\/jpeg\" \/>\n<meta name=\"author\" content=\"Claude Guyot\" \/>\n<meta name=\"twitter:card\" content=\"summary_large_image\" \/>\n<meta name=\"twitter:label1\" content=\"\u00c9crit par\" \/>\n\t<meta name=\"twitter:data1\" content=\"Claude Guyot\" \/>\n\t<meta name=\"twitter:label2\" content=\"Dur\u00e9e de lecture estim\u00e9e\" \/>\n\t<meta name=\"twitter:data2\" content=\"1 minute\" \/>\n<script type=\"application\/ld+json\" class=\"yoast-schema-graph\">{\"@context\":\"https:\/\/schema.org\",\"@graph\":[{\"@type\":\"WebPage\",\"@id\":\"https:\/\/www.claudeguyot.com\/index.php\/2017\/05\/12\/souscription-reedition-de-larrestation-tantes-roi-a-arnay-duc\/\",\"url\":\"https:\/\/www.claudeguyot.com\/index.php\/2017\/05\/12\/souscription-reedition-de-larrestation-tantes-roi-a-arnay-duc\/\",\"name\":\"Souscription - R\u00e9\u00e9dition de \\\"L'Arrestation des Tantes du Roi \u00e0 Arnay-le-Duc\\\" - Association Claude Guyot\",\"isPartOf\":{\"@id\":\"https:\/\/www.claudeguyot.com\/#website\"},\"datePublished\":\"2017-05-12T13:39:08+00:00\",\"dateModified\":\"2025-07-08T20:44:41+00:00\",\"author\":{\"@id\":\"https:\/\/www.claudeguyot.com\/#\/schema\/person\/fbc6c67d5e15fc909d64aab1f1f150a1\"},\"breadcrumb\":{\"@id\":\"https:\/\/www.claudeguyot.com\/index.php\/2017\/05\/12\/souscription-reedition-de-larrestation-tantes-roi-a-arnay-duc\/#breadcrumb\"},\"inLanguage\":\"fr-FR\",\"potentialAction\":[{\"@type\":\"ReadAction\",\"target\":[\"https:\/\/www.claudeguyot.com\/index.php\/2017\/05\/12\/souscription-reedition-de-larrestation-tantes-roi-a-arnay-duc\/\"]}]},{\"@type\":\"BreadcrumbList\",\"@id\":\"https:\/\/www.claudeguyot.com\/index.php\/2017\/05\/12\/souscription-reedition-de-larrestation-tantes-roi-a-arnay-duc\/#breadcrumb\",\"itemListElement\":[{\"@type\":\"ListItem\",\"position\":1,\"name\":\"Accueil\",\"item\":\"https:\/\/www.claudeguyot.com\/\"},{\"@type\":\"ListItem\",\"position\":2,\"name\":\"Souscription &#8211; R\u00e9\u00e9dition de &#8220;L&#8217;Arrestation des Tantes du Roi \u00e0 Arnay-le-Duc&#8221;\"}]},{\"@type\":\"WebSite\",\"@id\":\"https:\/\/www.claudeguyot.com\/#website\",\"url\":\"https:\/\/www.claudeguyot.com\/\",\"name\":\"Association Claude Guyot\",\"description\":\"Association loi 1901 reconnue d&#039;int\u00e9r\u00eat g\u00e9n\u00e9ral\",\"potentialAction\":[{\"@type\":\"SearchAction\",\"target\":{\"@type\":\"EntryPoint\",\"urlTemplate\":\"https:\/\/www.claudeguyot.com\/?s={search_term_string}\"},\"query-input\":\"required name=search_term_string\"}],\"inLanguage\":\"fr-FR\"},{\"@type\":\"Person\",\"@id\":\"https:\/\/www.claudeguyot.com\/#\/schema\/person\/fbc6c67d5e15fc909d64aab1f1f150a1\",\"name\":\"Claude Guyot\",\"image\":{\"@type\":\"ImageObject\",\"inLanguage\":\"fr-FR\",\"@id\":\"https:\/\/www.claudeguyot.com\/#\/schema\/person\/image\/\",\"url\":\"https:\/\/secure.gravatar.com\/avatar\/8835715a7343599eaa98fab3b13c331c454cc537ea4343abb5ad3fefe9b4d586?s=96&d=mm&r=g\",\"contentUrl\":\"https:\/\/secure.gravatar.com\/avatar\/8835715a7343599eaa98fab3b13c331c454cc537ea4343abb5ad3fefe9b4d586?s=96&d=mm&r=g\",\"caption\":\"Claude Guyot\"},\"url\":\"https:\/\/www.claudeguyot.com\/index.php\/author\/admin5958\/\"}]}<\/script>\n<!-- \/ Yoast SEO plugin. -->","yoast_head_json":{"title":"Souscription - R\u00e9\u00e9dition de \"L'Arrestation des Tantes du Roi \u00e0 Arnay-le-Duc\" - Association Claude Guyot","robots":{"index":"index","follow":"follow","max-snippet":"max-snippet:-1","max-image-preview":"max-image-preview:large","max-video-preview":"max-video-preview:-1"},"canonical":"https:\/\/www.claudeguyot.com\/index.php\/2017\/05\/12\/souscription-reedition-de-larrestation-tantes-roi-a-arnay-duc\/","og_locale":"fr_FR","og_type":"article","og_title":"Souscription - R\u00e9\u00e9dition de \"L'Arrestation des Tantes du Roi \u00e0 Arnay-le-Duc\" - Association Claude Guyot","og_description":"Comme cela a \u00e9t\u00e9 expos\u00e9 lors de notre assembl\u00e9e g\u00e9n\u00e9rale du 15 octobre 2016, notre association se lance actuellement dans un fastidieux travail de r\u00e9\u00e9dition des ouvrages de Claude Guyot. Il a donc \u00e9t\u00e9 d\u00e9cid\u00e9 de r\u00e9\u00e9diter l\u2019ouvrage intitul\u00e9 \u00ab L&rsquo;Arrestation des Tantes du Roi \u00e0 Arnay-le-Duc \u00bb dont la derni\u00e8re et unique \u00e9dition, aujourd\u2019hui &hellip; Continuer la lecture de Souscription &#8211; R\u00e9\u00e9dition de \u00ab\u00a0L&rsquo;Arrestation des Tantes du Roi \u00e0 Arnay-le-Duc\u00a0\u00bb &rarr;","og_url":"https:\/\/www.claudeguyot.com\/index.php\/2017\/05\/12\/souscription-reedition-de-larrestation-tantes-roi-a-arnay-duc\/","og_site_name":"Association Claude Guyot","article_published_time":"2017-05-12T13:39:08+00:00","article_modified_time":"2025-07-08T20:44:41+00:00","og_image":[{"width":2048,"height":2048,"url":"https:\/\/www.claudeguyot.com\/wp-content\/uploads\/2017\/05\/9ECB0AEF-BD48-4EB5-844F-1DAC677D0633.jpg","type":"image\/jpeg"}],"author":"Claude Guyot","twitter_card":"summary_large_image","twitter_misc":{"\u00c9crit par":"Claude Guyot","Dur\u00e9e de lecture estim\u00e9e":"1 minute"},"schema":{"@context":"https:\/\/schema.org","@graph":[{"@type":"WebPage","@id":"https:\/\/www.claudeguyot.com\/index.php\/2017\/05\/12\/souscription-reedition-de-larrestation-tantes-roi-a-arnay-duc\/","url":"https:\/\/www.claudeguyot.com\/index.php\/2017\/05\/12\/souscription-reedition-de-larrestation-tantes-roi-a-arnay-duc\/","name":"Souscription - R\u00e9\u00e9dition de \"L'Arrestation des Tantes du Roi \u00e0 Arnay-le-Duc\" - Association Claude Guyot","isPartOf":{"@id":"https:\/\/www.claudeguyot.com\/#website"},"datePublished":"2017-05-12T13:39:08+00:00","dateModified":"2025-07-08T20:44:41+00:00","author":{"@id":"https:\/\/www.claudeguyot.com\/#\/schema\/person\/fbc6c67d5e15fc909d64aab1f1f150a1"},"breadcrumb":{"@id":"https:\/\/www.claudeguyot.com\/index.php\/2017\/05\/12\/souscription-reedition-de-larrestation-tantes-roi-a-arnay-duc\/#breadcrumb"},"inLanguage":"fr-FR","potentialAction":[{"@type":"ReadAction","target":["https:\/\/www.claudeguyot.com\/index.php\/2017\/05\/12\/souscription-reedition-de-larrestation-tantes-roi-a-arnay-duc\/"]}]},{"@type":"BreadcrumbList","@id":"https:\/\/www.claudeguyot.com\/index.php\/2017\/05\/12\/souscription-reedition-de-larrestation-tantes-roi-a-arnay-duc\/#breadcrumb","itemListElement":[{"@type":"ListItem","position":1,"name":"Accueil","item":"https:\/\/www.claudeguyot.com\/"},{"@type":"ListItem","position":2,"name":"Souscription &#8211; R\u00e9\u00e9dition de &#8220;L&#8217;Arrestation des Tantes du Roi \u00e0 Arnay-le-Duc&#8221;"}]},{"@type":"WebSite","@id":"https:\/\/www.claudeguyot.com\/#website","url":"https:\/\/www.claudeguyot.com\/","name":"Association Claude Guyot","description":"Association loi 1901 reconnue d&#039;int\u00e9r\u00eat g\u00e9n\u00e9ral","potentialAction":[{"@type":"SearchAction","target":{"@type":"EntryPoint","urlTemplate":"https:\/\/www.claudeguyot.com\/?s={search_term_string}"},"query-input":"required name=search_term_string"}],"inLanguage":"fr-FR"},{"@type":"Person","@id":"https:\/\/www.claudeguyot.com\/#\/schema\/person\/fbc6c67d5e15fc909d64aab1f1f150a1","name":"Claude Guyot","image":{"@type":"ImageObject","inLanguage":"fr-FR","@id":"https:\/\/www.claudeguyot.com\/#\/schema\/person\/image\/","url":"https:\/\/secure.gravatar.com\/avatar\/8835715a7343599eaa98fab3b13c331c454cc537ea4343abb5ad3fefe9b4d586?s=96&d=mm&r=g","contentUrl":"https:\/\/secure.gravatar.com\/avatar\/8835715a7343599eaa98fab3b13c331c454cc537ea4343abb5ad3fefe9b4d586?s=96&d=mm&r=g","caption":"Claude Guyot"},"url":"https:\/\/www.claudeguyot.com\/index.php\/author\/admin5958\/"}]}},"jetpack_featured_media_url":"https:\/\/www.claudeguyot.com\/wp-content\/uploads\/2017\/05\/9ECB0AEF-BD48-4EB5-844F-1DAC677D0633.jpg","_links":{"self":[{"href":"https:\/\/www.claudeguyot.com\/index.php\/wp-json\/wp\/v2\/posts\/302","targetHints":{"allow":["GET"]}}],"collection":[{"href":"https:\/\/www.claudeguyot.com\/index.php\/wp-json\/wp\/v2\/posts"}],"about":[{"href":"https:\/\/www.claudeguyot.com\/index.php\/wp-json\/wp\/v2\/types\/post"}],"author":[{"embeddable":true,"href":"https:\/\/www.claudeguyot.com\/index.php\/wp-json\/wp\/v2\/users\/1"}],"replies":[{"embeddable":true,"href":"https:\/\/www.claudeguyot.com\/index.php\/wp-json\/wp\/v2\/comments?post=302"}],"version-history":[{"count":13,"href":"https:\/\/www.claudeguyot.com\/index.php\/wp-json\/wp\/v2\/posts\/302\/revisions"}],"predecessor-version":[{"id":324,"href":"https:\/\/www.claudeguyot.com\/index.php\/wp-json\/wp\/v2\/posts\/302\/revisions\/324"}],"wp:featuredmedia":[{"embeddable":true,"href":"https:\/\/www.claudeguyot.com\/index.php\/wp-json\/wp\/v2\/media\/304"}],"wp:attachment":[{"href":"https:\/\/www.claudeguyot.com\/index.php\/wp-json\/wp\/v2\/media?parent=302"}],"wp:term":[{"taxonomy":"category","embeddable":true,"href":"https:\/\/www.claudeguyot.com\/index.php\/wp-json\/wp\/v2\/categories?post=302"},{"taxonomy":"post_tag","embeddable":true,"href":"https:\/\/www.claudeguyot.com\/index.php\/wp-json\/wp\/v2\/tags?post=302"}],"curies":[{"name":"wp","href":"https:\/\/api.w.org\/{rel}","templated":true}]}}