{"id":326,"date":"2017-07-10T09:53:16","date_gmt":"2017-07-10T08:53:16","guid":{"rendered":"http:\/\/www.claudeguyot.com\/?p=326"},"modified":"2025-07-08T21:44:35","modified_gmt":"2025-07-08T20:44:35","slug":"disparition-dandre-gervais","status":"publish","type":"post","link":"https:\/\/www.claudeguyot.com\/index.php\/2017\/07\/10\/disparition-dandre-gervais\/","title":{"rendered":"Disparition d&rsquo;Andr\u00e9 Gervais"},"content":{"rendered":"<hr \/>\n<p>Je tiens \u00e0 exprimer ma tristesse et ma consternation en apprenant la disparition de mon ami Andr\u00e9 Gervais, adjoint au maire de Dijon, vice-pr\u00e9sident de Dijon M\u00e9tropole, conseiller d\u00e9partemental et membre de l&rsquo;Association Claude Guyot.<\/p>\n<p>Originaire d&rsquo;Arnay-le-Duc, Andr\u00e9 \u00e9tait un homme simple, comp\u00e9tent, passionn\u00e9, qui s&rsquo;est d\u00e9vou\u00e9 corps et \u00e2me dans ses diff\u00e9rentes responsabilit\u00e9s au service de l&rsquo;int\u00e9r\u00eat g\u00e9n\u00e9ral.<\/p>\n<p>Depuis 2001, sans jamais faillir, Andr\u00e9 Gervais a assum\u00e9 des fonctions importantes, tr\u00e8s importantes pour la Ville de Dijon et l&rsquo;ensemble de la m\u00e9tropole. Il \u00e9tait celui qui connaissait le mieux possible le r\u00e9seau de transports urbains, le mieux reconnu en France. Il avait une histoire, un parcours formidable.<\/p>\n<p>Au moment de son d\u00e9part, j&rsquo;ai en m\u00e9moire ces quelques mots de Jean Cocteau : \u00ab\u00a0Le vrai tombeau des morts, c&rsquo;est le coeur des vivants.\u00a0\u00bb<\/p>\n<p>Pour tous ceux qui connaissaient Andr\u00e9 Gervais, l\u2019appr\u00e9ciaient, travaillaient \u00e0 ses c\u00f4t\u00e9s ou simplement le croisaient sur son v\u00e9lo dans les rues de Dijon, un moment de recueillement et de partage se tiendra, en pr\u00e9sence de la famille :<\/p>\n<p>Jeudi 13 juillet 2017 \u00e0 17h<br \/>\nPlace de la Fontaine d\u2019Ouche \u00e0 Dijon<\/p>\n<p>Les personnes pr\u00e9sentes pourront \u00e9galement d\u00e9poser leurs t\u00e9moignages de sympathie et marques d\u2019affection sur les registres de condol\u00e9ances qui seront ouverts lors de cette c\u00e9r\u00e9monie et qui sont d\u00e9j\u00e0 pr\u00e9sents \u00e0 la mairie centrale \u2013 passage du Logis du Roy et \u00e0 la mairie annexe de Fontaine d\u2019Ouche.<\/p>\n<p>Les obs\u00e8ques se d\u00e9rouleront samedi 15 juillet 2017 \u00e0 9h au cr\u00e9matorium de Dijon dans l\u2019intimit\u00e9 familiale et des proches.<\/p>\n<p>En mon nom personnel et au nom de l&rsquo;Association Claude Guyot, j&rsquo;adresse \u00e0 ses proches ainsi qu&rsquo;au Maire de Dijon, Fran\u00e7ois Rebsamen, mes condol\u00e9ances attrist\u00e9es.<\/p>\n<p>Adieu Andr\u00e9, tu vas nous manquer !<\/p>\n<p>&nbsp;<\/p>\n<p>Hadrien Lacoste<\/p>\n<p>Pr\u00e9sident \u00a0de l&rsquo;Association Claude Guyot<\/p>\n<p><img loading=\"lazy\" decoding=\"async\" class=\"size-medium wp-image-328 aligncenter\" src=\"https:\/\/www.claudeguyot.com\/wp-content\/uploads\/2017\/07\/IMG_0634-200x300.jpg\" alt=\"IMG_0634\" width=\"200\" height=\"300\" srcset=\"https:\/\/www.claudeguyot.com\/wp-content\/uploads\/2017\/07\/IMG_0634-200x300.jpg 200w, https:\/\/www.claudeguyot.com\/wp-content\/uploads\/2017\/07\/IMG_0634-768x1152.jpg 768w, https:\/\/www.claudeguyot.com\/wp-content\/uploads\/2017\/07\/IMG_0634-683x1024.jpg 683w, https:\/\/www.claudeguyot.com\/wp-content\/uploads\/2017\/07\/IMG_0634-600x900.jpg 600w, https:\/\/www.claudeguyot.com\/wp-content\/uploads\/2017\/07\/IMG_0634.jpg 1365w\" sizes=\"auto, (max-width: 200px) 100vw, 200px\" \/><\/p>\n<p style=\"text-align: center;\">Andr\u00e9 Gervais \u00e9tait pr\u00e9sent \u00e0 nos c\u00f4t\u00e9s lors de l&rsquo;inauguration de l&rsquo;all\u00e9e Claude Guyot \u00e0 Dijon le 17 octobre 2015.<\/p>\n<p>&nbsp;<\/p>\n","protected":false},"excerpt":{"rendered":"<p>Je tiens \u00e0 exprimer ma tristesse et ma consternation en apprenant la disparition de mon ami Andr\u00e9 Gervais, adjoint au maire de Dijon, vice-pr\u00e9sident de Dijon M\u00e9tropole, conseiller d\u00e9partemental et membre de l&rsquo;Association Claude Guyot. Originaire d&rsquo;Arnay-le-Duc, Andr\u00e9 \u00e9tait un homme simple, comp\u00e9tent, passionn\u00e9, qui s&rsquo;est d\u00e9vou\u00e9 corps et \u00e2me dans ses diff\u00e9rentes responsabilit\u00e9s au &hellip; <a href=\"https:\/\/www.claudeguyot.com\/index.php\/2017\/07\/10\/disparition-dandre-gervais\/\" class=\"more-link\">Continuer la lecture de <span class=\"screen-reader-text\">Disparition d&rsquo;Andr\u00e9 Gervais<\/span>  <span class=\"meta-nav\">&rarr;<\/span><\/a><\/p>\n","protected":false},"author":1,"featured_media":327,"comment_status":"closed","ping_status":"closed","sticky":false,"template":"","format":"standard","meta":{"footnotes":""},"categories":[1],"tags":[],"class_list":["post-326","post","type-post","status-publish","format-standard","has-post-thumbnail","hentry","category-non-classe"],"yoast_head":"<!-- This site is optimized with the Yoast SEO plugin v19.9 - https:\/\/yoast.com\/wordpress\/plugins\/seo\/ -->\n<title>Disparition d&#039;Andr\u00e9 Gervais - Association Claude Guyot<\/title>\n<meta name=\"robots\" content=\"index, follow, max-snippet:-1, max-image-preview:large, max-video-preview:-1\" \/>\n<link rel=\"canonical\" href=\"https:\/\/www.claudeguyot.com\/index.php\/2017\/07\/10\/disparition-dandre-gervais\/\" \/>\n<meta property=\"og:locale\" content=\"fr_FR\" \/>\n<meta property=\"og:type\" content=\"article\" \/>\n<meta property=\"og:title\" content=\"Disparition d&#039;Andr\u00e9 Gervais - Association Claude Guyot\" \/>\n<meta property=\"og:description\" content=\"Je tiens \u00e0 exprimer ma tristesse et ma consternation en apprenant la disparition de mon ami Andr\u00e9 Gervais, adjoint au maire de Dijon, vice-pr\u00e9sident de Dijon M\u00e9tropole, conseiller d\u00e9partemental et membre de l&rsquo;Association Claude Guyot. Originaire d&rsquo;Arnay-le-Duc, Andr\u00e9 \u00e9tait un homme simple, comp\u00e9tent, passionn\u00e9, qui s&rsquo;est d\u00e9vou\u00e9 corps et \u00e2me dans ses diff\u00e9rentes responsabilit\u00e9s au &hellip; Continuer la lecture de Disparition d&rsquo;Andr\u00e9 Gervais &rarr;\" \/>\n<meta property=\"og:url\" content=\"https:\/\/www.claudeguyot.com\/index.php\/2017\/07\/10\/disparition-dandre-gervais\/\" \/>\n<meta property=\"og:site_name\" content=\"Association Claude Guyot\" \/>\n<meta property=\"article:published_time\" content=\"2017-07-10T08:53:16+00:00\" \/>\n<meta property=\"article:modified_time\" content=\"2025-07-08T20:44:35+00:00\" \/>\n<meta property=\"og:image\" content=\"https:\/\/www.claudeguyot.com\/wp-content\/uploads\/2017\/07\/IMG_7805.jpg\" \/>\n\t<meta property=\"og:image:width\" content=\"591\" \/>\n\t<meta property=\"og:image:height\" content=\"768\" \/>\n\t<meta property=\"og:image:type\" content=\"image\/jpeg\" \/>\n<meta name=\"author\" content=\"Claude Guyot\" \/>\n<meta name=\"twitter:card\" content=\"summary_large_image\" \/>\n<meta name=\"twitter:label1\" content=\"\u00c9crit par\" \/>\n\t<meta name=\"twitter:data1\" content=\"Claude Guyot\" \/>\n\t<meta name=\"twitter:label2\" content=\"Dur\u00e9e de lecture estim\u00e9e\" \/>\n\t<meta name=\"twitter:data2\" content=\"2 minutes\" \/>\n<script type=\"application\/ld+json\" class=\"yoast-schema-graph\">{\"@context\":\"https:\/\/schema.org\",\"@graph\":[{\"@type\":\"WebPage\",\"@id\":\"https:\/\/www.claudeguyot.com\/index.php\/2017\/07\/10\/disparition-dandre-gervais\/\",\"url\":\"https:\/\/www.claudeguyot.com\/index.php\/2017\/07\/10\/disparition-dandre-gervais\/\",\"name\":\"Disparition d'Andr\u00e9 Gervais - Association Claude Guyot\",\"isPartOf\":{\"@id\":\"https:\/\/www.claudeguyot.com\/#website\"},\"datePublished\":\"2017-07-10T08:53:16+00:00\",\"dateModified\":\"2025-07-08T20:44:35+00:00\",\"author\":{\"@id\":\"https:\/\/www.claudeguyot.com\/#\/schema\/person\/fbc6c67d5e15fc909d64aab1f1f150a1\"},\"breadcrumb\":{\"@id\":\"https:\/\/www.claudeguyot.com\/index.php\/2017\/07\/10\/disparition-dandre-gervais\/#breadcrumb\"},\"inLanguage\":\"fr-FR\",\"potentialAction\":[{\"@type\":\"ReadAction\",\"target\":[\"https:\/\/www.claudeguyot.com\/index.php\/2017\/07\/10\/disparition-dandre-gervais\/\"]}]},{\"@type\":\"BreadcrumbList\",\"@id\":\"https:\/\/www.claudeguyot.com\/index.php\/2017\/07\/10\/disparition-dandre-gervais\/#breadcrumb\",\"itemListElement\":[{\"@type\":\"ListItem\",\"position\":1,\"name\":\"Accueil\",\"item\":\"https:\/\/www.claudeguyot.com\/\"},{\"@type\":\"ListItem\",\"position\":2,\"name\":\"Disparition d&#8217;Andr\u00e9 Gervais\"}]},{\"@type\":\"WebSite\",\"@id\":\"https:\/\/www.claudeguyot.com\/#website\",\"url\":\"https:\/\/www.claudeguyot.com\/\",\"name\":\"Association Claude Guyot\",\"description\":\"Association loi 1901 reconnue d&#039;int\u00e9r\u00eat g\u00e9n\u00e9ral\",\"potentialAction\":[{\"@type\":\"SearchAction\",\"target\":{\"@type\":\"EntryPoint\",\"urlTemplate\":\"https:\/\/www.claudeguyot.com\/?s={search_term_string}\"},\"query-input\":\"required name=search_term_string\"}],\"inLanguage\":\"fr-FR\"},{\"@type\":\"Person\",\"@id\":\"https:\/\/www.claudeguyot.com\/#\/schema\/person\/fbc6c67d5e15fc909d64aab1f1f150a1\",\"name\":\"Claude Guyot\",\"image\":{\"@type\":\"ImageObject\",\"inLanguage\":\"fr-FR\",\"@id\":\"https:\/\/www.claudeguyot.com\/#\/schema\/person\/image\/\",\"url\":\"https:\/\/secure.gravatar.com\/avatar\/8835715a7343599eaa98fab3b13c331c454cc537ea4343abb5ad3fefe9b4d586?s=96&d=mm&r=g\",\"contentUrl\":\"https:\/\/secure.gravatar.com\/avatar\/8835715a7343599eaa98fab3b13c331c454cc537ea4343abb5ad3fefe9b4d586?s=96&d=mm&r=g\",\"caption\":\"Claude Guyot\"},\"url\":\"https:\/\/www.claudeguyot.com\/index.php\/author\/admin5958\/\"}]}<\/script>\n<!-- \/ Yoast SEO plugin. -->","yoast_head_json":{"title":"Disparition d'Andr\u00e9 Gervais - Association Claude Guyot","robots":{"index":"index","follow":"follow","max-snippet":"max-snippet:-1","max-image-preview":"max-image-preview:large","max-video-preview":"max-video-preview:-1"},"canonical":"https:\/\/www.claudeguyot.com\/index.php\/2017\/07\/10\/disparition-dandre-gervais\/","og_locale":"fr_FR","og_type":"article","og_title":"Disparition d'Andr\u00e9 Gervais - Association Claude Guyot","og_description":"Je tiens \u00e0 exprimer ma tristesse et ma consternation en apprenant la disparition de mon ami Andr\u00e9 Gervais, adjoint au maire de Dijon, vice-pr\u00e9sident de Dijon M\u00e9tropole, conseiller d\u00e9partemental et membre de l&rsquo;Association Claude Guyot. Originaire d&rsquo;Arnay-le-Duc, Andr\u00e9 \u00e9tait un homme simple, comp\u00e9tent, passionn\u00e9, qui s&rsquo;est d\u00e9vou\u00e9 corps et \u00e2me dans ses diff\u00e9rentes responsabilit\u00e9s au &hellip; Continuer la lecture de Disparition d&rsquo;Andr\u00e9 Gervais &rarr;","og_url":"https:\/\/www.claudeguyot.com\/index.php\/2017\/07\/10\/disparition-dandre-gervais\/","og_site_name":"Association Claude Guyot","article_published_time":"2017-07-10T08:53:16+00:00","article_modified_time":"2025-07-08T20:44:35+00:00","og_image":[{"width":591,"height":768,"url":"https:\/\/www.claudeguyot.com\/wp-content\/uploads\/2017\/07\/IMG_7805.jpg","type":"image\/jpeg"}],"author":"Claude Guyot","twitter_card":"summary_large_image","twitter_misc":{"\u00c9crit par":"Claude Guyot","Dur\u00e9e de lecture estim\u00e9e":"2 minutes"},"schema":{"@context":"https:\/\/schema.org","@graph":[{"@type":"WebPage","@id":"https:\/\/www.claudeguyot.com\/index.php\/2017\/07\/10\/disparition-dandre-gervais\/","url":"https:\/\/www.claudeguyot.com\/index.php\/2017\/07\/10\/disparition-dandre-gervais\/","name":"Disparition d'Andr\u00e9 Gervais - Association Claude Guyot","isPartOf":{"@id":"https:\/\/www.claudeguyot.com\/#website"},"datePublished":"2017-07-10T08:53:16+00:00","dateModified":"2025-07-08T20:44:35+00:00","author":{"@id":"https:\/\/www.claudeguyot.com\/#\/schema\/person\/fbc6c67d5e15fc909d64aab1f1f150a1"},"breadcrumb":{"@id":"https:\/\/www.claudeguyot.com\/index.php\/2017\/07\/10\/disparition-dandre-gervais\/#breadcrumb"},"inLanguage":"fr-FR","potentialAction":[{"@type":"ReadAction","target":["https:\/\/www.claudeguyot.com\/index.php\/2017\/07\/10\/disparition-dandre-gervais\/"]}]},{"@type":"BreadcrumbList","@id":"https:\/\/www.claudeguyot.com\/index.php\/2017\/07\/10\/disparition-dandre-gervais\/#breadcrumb","itemListElement":[{"@type":"ListItem","position":1,"name":"Accueil","item":"https:\/\/www.claudeguyot.com\/"},{"@type":"ListItem","position":2,"name":"Disparition d&#8217;Andr\u00e9 Gervais"}]},{"@type":"WebSite","@id":"https:\/\/www.claudeguyot.com\/#website","url":"https:\/\/www.claudeguyot.com\/","name":"Association Claude Guyot","description":"Association loi 1901 reconnue d&#039;int\u00e9r\u00eat g\u00e9n\u00e9ral","potentialAction":[{"@type":"SearchAction","target":{"@type":"EntryPoint","urlTemplate":"https:\/\/www.claudeguyot.com\/?s={search_term_string}"},"query-input":"required name=search_term_string"}],"inLanguage":"fr-FR"},{"@type":"Person","@id":"https:\/\/www.claudeguyot.com\/#\/schema\/person\/fbc6c67d5e15fc909d64aab1f1f150a1","name":"Claude Guyot","image":{"@type":"ImageObject","inLanguage":"fr-FR","@id":"https:\/\/www.claudeguyot.com\/#\/schema\/person\/image\/","url":"https:\/\/secure.gravatar.com\/avatar\/8835715a7343599eaa98fab3b13c331c454cc537ea4343abb5ad3fefe9b4d586?s=96&d=mm&r=g","contentUrl":"https:\/\/secure.gravatar.com\/avatar\/8835715a7343599eaa98fab3b13c331c454cc537ea4343abb5ad3fefe9b4d586?s=96&d=mm&r=g","caption":"Claude Guyot"},"url":"https:\/\/www.claudeguyot.com\/index.php\/author\/admin5958\/"}]}},"jetpack_featured_media_url":"https:\/\/www.claudeguyot.com\/wp-content\/uploads\/2017\/07\/IMG_7805.jpg","_links":{"self":[{"href":"https:\/\/www.claudeguyot.com\/index.php\/wp-json\/wp\/v2\/posts\/326","targetHints":{"allow":["GET"]}}],"collection":[{"href":"https:\/\/www.claudeguyot.com\/index.php\/wp-json\/wp\/v2\/posts"}],"about":[{"href":"https:\/\/www.claudeguyot.com\/index.php\/wp-json\/wp\/v2\/types\/post"}],"author":[{"embeddable":true,"href":"https:\/\/www.claudeguyot.com\/index.php\/wp-json\/wp\/v2\/users\/1"}],"replies":[{"embeddable":true,"href":"https:\/\/www.claudeguyot.com\/index.php\/wp-json\/wp\/v2\/comments?post=326"}],"version-history":[{"count":10,"href":"https:\/\/www.claudeguyot.com\/index.php\/wp-json\/wp\/v2\/posts\/326\/revisions"}],"predecessor-version":[{"id":338,"href":"https:\/\/www.claudeguyot.com\/index.php\/wp-json\/wp\/v2\/posts\/326\/revisions\/338"}],"wp:featuredmedia":[{"embeddable":true,"href":"https:\/\/www.claudeguyot.com\/index.php\/wp-json\/wp\/v2\/media\/327"}],"wp:attachment":[{"href":"https:\/\/www.claudeguyot.com\/index.php\/wp-json\/wp\/v2\/media?parent=326"}],"wp:term":[{"taxonomy":"category","embeddable":true,"href":"https:\/\/www.claudeguyot.com\/index.php\/wp-json\/wp\/v2\/categories?post=326"},{"taxonomy":"post_tag","embeddable":true,"href":"https:\/\/www.claudeguyot.com\/index.php\/wp-json\/wp\/v2\/tags?post=326"}],"curies":[{"name":"wp","href":"https:\/\/api.w.org\/{rel}","templated":true}]}}