{"id":344,"date":"2017-09-08T15:45:12","date_gmt":"2017-09-08T14:45:12","guid":{"rendered":"http:\/\/www.claudeguyot.com\/?p=344"},"modified":"2025-07-08T21:44:29","modified_gmt":"2025-07-08T20:44:29","slug":"theatre-jean-moulin-evangile-plongeon-passionnant-lhistoire-non-dits","status":"publish","type":"post","link":"https:\/\/www.claudeguyot.com\/index.php\/2017\/09\/08\/theatre-jean-moulin-evangile-plongeon-passionnant-lhistoire-non-dits\/","title":{"rendered":"TH\u00c9\u00c2TRE &#8211; Jean Moulin, Evangile : un plongeon passionnant dans l&rsquo;Histoire et ses non-dits"},"content":{"rendered":"<p>Par Julie Cadilhac &#8211; Lagrandeparade.fr\/ Que savons-nous de Jean Moulin, figure embl\u00e9matique de la r\u00e9sistance, si ce ne sont quelques anecdotes que l\u2019Histoire a voulu nous faire retenir ?<\/p>\n<p>Dans \u00ab Jean Moulin, Evangile \u00bb, Jean-Marie Besset retrace les trois ann\u00e9es de r\u00e9sistance du pr\u00e9fet d\u2019Eure-et-Loir, natif de B\u00e9ziers, au moyen d\u2019une \u00e9criture fine et riche de mots choisis et n&rsquo;excluant pas l&rsquo;humour. De son arrestation en juin 1940 suite \u00e0 son refus d\u2019accuser une troupe de tirailleurs s\u00e9n\u00e9galais de l\u2019Arm\u00e9e fran\u00e7aise d\u2019avoir commis des atrocit\u00e9s envers des civils \u00e0 La Taye, victimes en r\u00e9alit\u00e9 de bombardements allemands, aux coups de poings qu\u2019il re\u00e7oit et \u00e0 son enfermement o\u00f9 il tente de se suicider en se tranchant la gorge avec un d\u00e9bris de verre ( et dont il gardera une cicatrice), de sa r\u00e9vocation par le r\u00e9gime de Vichy jusqu\u2019\u00e0 sa d\u00e9cision d\u2019aller \u00e0 Londres pour engager des pourparlers avec la France Libre et sa rencontre avec le G\u00e9n\u00e9ral de Gaulle le 25 octobre 1941; de sa nomination par ce dernier comme d\u00e9l\u00e9gu\u00e9 civil et militaire pour la zone libre qui d\u00e9clenche des jalousies \u00e0 son unification des trois principaux mouvements de r\u00e9sistance; de sa couverture de marchand de tableaux \u00e0 sa cr\u00e9ation du Conseil National de la R\u00e9sistance\u2026jusqu\u2019\u00e0 son arrestation le 21 juin 1943 par la Gestapo et sa mort dont les contours et les commanditaires restent douteux. On y croise Henri Frenay, qui g\u00e8re les \u00ab r\u00e9sistants du midi \u00bb et deviendra chef du mouvement de Lib\u00e9ration nationale, sa confidente isra\u00e9lite Antoinette Sachs, son fid\u00e8le Pascal Copeau, Pierre Brossolette avec lequel il entretient des relations complexes, sa soeur Laure ou encore Gorka, un jeune homme rencontr\u00e9 \u00e0 Londres. Les figures du grand Charles de Gaulle et de l\u2019effroyable Klaus Barbie s\u2019invitent aussi et en quatre actes le spectateur d\u00e9couvre un h\u00e9ros, figure de proue du patriotisme fran\u00e7ais et dont la disparition s\u2019aur\u00e9ole de flous historiques.<\/p>\n<p>\u00ab\u00a0Le sol national colle aux pieds du G\u00e9n\u00e9ral de Gaulle.\u00a0\u00bb<\/p>\n<p>R\u00e9gis de Martin-Donos a con\u00e7u une mise en sc\u00e8ne inventive, prenante et efficace. La sc\u00e9nographie est particuli\u00e8rement pertinente et esth\u00e9tique, reposant sur des ambiances feutr\u00e9es, entre chien et loup et o\u00f9 l\u2019inqui\u00e9tude d\u2019\u00eatre pris enserre les coeurs et retient les souffles ; ballets ing\u00e9nieux d\u2019armoires qui se croisent, s\u2019improvisent tant\u00f4t bureau du G\u00e9n\u00e9ral, tant\u00f4t lieux d\u2019o\u00f9 l\u2019on extirpe des documents secrets ou bien des souvenirs d\u2019enfants, tant\u00f4t passages secrets\u2026.et l\u2019on se laisse emporter dans le tourbillon de l\u2019Histoire par le truchement de ces espaces sans cesse r\u00e9invent\u00e9s qui nous font voyager avec talent de la France \u00e0 Londres, d\u2019une chambre d\u2019amants \u00e0 une salle d\u2019attente de m\u00e9decin. Une esth\u00e9tique choisissant volontairement de s\u2019inscrire dans le r\u00e9alisme avec des costumes d\u2019\u00e9poque, une repr\u00e9sentation des allemands gueularde et agressive, des protagonistes investis et justes\u2026.avec un caract\u00e8re cin\u00e9matographique ind\u00e9niable qui ajoute du romanesque \u00e0 ce plongeon dans le pass\u00e9 de la seconde guerre mondiale. La distribution s\u00e9duit \u00e9galement : Arnaud Denis incarne un Jean Moulin fort s\u00e9duisant tant il r\u00e9ussit habilement \u00e0 montrer tout \u00e0 la fois les fragilit\u00e9s et la force de ce personnage; St\u00e9phane Dausse est un excellent Charles de Gaulle, troublant de ressemblance physique et de pr\u00e9sence charismatique ; Laurent Charpentier se m\u00e9tamorphose avec talent, de Gorka l\u2019amant touchant au m\u00e9fiant Henri Frenay; on retiendra de Michael Evans son r\u00f4le de Klaus Barbie, inqui\u00e9tant \u00e0 souhait ; Chlo\u00e9 Lambert est une Laure Moulin d\u2019une retenue d\u00e9licate ; Sophie Tellier, enfin, interpr\u00e8te avec une gracilit\u00e9 et une force louables le r\u00f4le d\u2019Antoinette.<\/p>\n<p>\u00ab\u00a0Nous l\u00e8verons une arm\u00e9e dans les for\u00eats de France.\u00a0\u00bb<\/p>\n<p>Alternance de sc\u00e8nes priv\u00e9es et de moments de la Grande Histoire, ce \u00ab Jean Moulin, Evangile \u00bb a choisi de rendre hommage au personnage historique en le hissant au statut de h\u00e9ros romantique.<\/p>\n<p>Une pi\u00e8ce passionnante dans son propos (le dramaturge ayant fait un long travail de documentation et de recherches) et dans sa forme !<\/p>\n<p>\u00c0 d\u00e9couvrir avec int\u00e9r\u00eat et plaisir !<\/p>\n<p>Jean Moulin, l&rsquo;\u00e9vangile<br \/>\nde Jean-Marie Besset<br \/>\nmise en sc\u00e8ne : R\u00e9gis De Martrin-Donos<br \/>\nAvec : Laurent Charpentier, St\u00e9phane Dausse, Arnaud Denis, Michael Evans, Blandine Madec ,Chlo\u00e9 Lambert, Gonzague Van Bervessel\u00e8s, Jean-Marie Besset, Sophie Tellier<br \/>\nDavid Belugou (Cr\u00e9ation costumes) , Alain Lagarde (Sc\u00e9nographie) , Pierre Peyronnet (Cr\u00e9ation lumi\u00e8res) , Emilie Tramier (Cr\u00e9ation son) , Patrice Vrain Perrault (Assistant(e) \u00e0 la mise en sc\u00e8ne).<\/p>\n<p><img loading=\"lazy\" decoding=\"async\" class=\"alignnone size-medium wp-image-345\" src=\"https:\/\/www.claudeguyot.com\/wp-content\/uploads\/2017\/09\/IMG_9674-210x300.jpg\" alt=\"IMG_9674\" width=\"210\" height=\"300\" srcset=\"https:\/\/www.claudeguyot.com\/wp-content\/uploads\/2017\/09\/IMG_9674-210x300.jpg 210w, https:\/\/www.claudeguyot.com\/wp-content\/uploads\/2017\/09\/IMG_9674-768x1097.jpg 768w, https:\/\/www.claudeguyot.com\/wp-content\/uploads\/2017\/09\/IMG_9674-717x1024.jpg 717w, https:\/\/www.claudeguyot.com\/wp-content\/uploads\/2017\/09\/IMG_9674-600x857.jpg 600w, https:\/\/www.claudeguyot.com\/wp-content\/uploads\/2017\/09\/IMG_9674.jpg 1240w\" sizes=\"auto, (max-width: 210px) 100vw, 210px\" \/><\/p>\n<p>&#8211; Du jeu. 05\/10\/17 au dim. 22\/10\/17 \u00e0 Paris &#8211; Th\u00e9\u00e2tre 14 &#8211; Tel. +33 (0)1.45.45.49.77.<\/p>\n","protected":false},"excerpt":{"rendered":"<p>Par Julie Cadilhac &#8211; Lagrandeparade.fr\/ Que savons-nous de Jean Moulin, figure embl\u00e9matique de la r\u00e9sistance, si ce ne sont quelques anecdotes que l\u2019Histoire a voulu nous faire retenir ? Dans \u00ab Jean Moulin, Evangile \u00bb, Jean-Marie Besset retrace les trois ann\u00e9es de r\u00e9sistance du pr\u00e9fet d\u2019Eure-et-Loir, natif de B\u00e9ziers, au moyen d\u2019une \u00e9criture fine et &hellip; <a href=\"https:\/\/www.claudeguyot.com\/index.php\/2017\/09\/08\/theatre-jean-moulin-evangile-plongeon-passionnant-lhistoire-non-dits\/\" class=\"more-link\">Continuer la lecture de <span class=\"screen-reader-text\">TH\u00c9\u00c2TRE &#8211; Jean Moulin, Evangile : un plongeon passionnant dans l&rsquo;Histoire et ses non-dits<\/span>  <span class=\"meta-nav\">&rarr;<\/span><\/a><\/p>\n","protected":false},"author":1,"featured_media":346,"comment_status":"closed","ping_status":"closed","sticky":false,"template":"","format":"standard","meta":{"footnotes":""},"categories":[1],"tags":[],"class_list":["post-344","post","type-post","status-publish","format-standard","has-post-thumbnail","hentry","category-non-classe"],"yoast_head":"<!-- This site is optimized with the Yoast SEO plugin v19.9 - https:\/\/yoast.com\/wordpress\/plugins\/seo\/ -->\n<title>TH\u00c9\u00c2TRE - Jean Moulin, Evangile : un plongeon passionnant dans l&#039;Histoire et ses non-dits - Association Claude Guyot<\/title>\n<meta name=\"robots\" content=\"index, follow, max-snippet:-1, max-image-preview:large, max-video-preview:-1\" \/>\n<link rel=\"canonical\" href=\"https:\/\/www.claudeguyot.com\/index.php\/2017\/09\/08\/theatre-jean-moulin-evangile-plongeon-passionnant-lhistoire-non-dits\/\" \/>\n<meta property=\"og:locale\" content=\"fr_FR\" \/>\n<meta property=\"og:type\" content=\"article\" \/>\n<meta property=\"og:title\" content=\"TH\u00c9\u00c2TRE - Jean Moulin, Evangile : un plongeon passionnant dans l&#039;Histoire et ses non-dits - Association Claude Guyot\" \/>\n<meta property=\"og:description\" content=\"Par Julie Cadilhac &#8211; Lagrandeparade.fr\/ Que savons-nous de Jean Moulin, figure embl\u00e9matique de la r\u00e9sistance, si ce ne sont quelques anecdotes que l\u2019Histoire a voulu nous faire retenir ? Dans \u00ab Jean Moulin, Evangile \u00bb, Jean-Marie Besset retrace les trois ann\u00e9es de r\u00e9sistance du pr\u00e9fet d\u2019Eure-et-Loir, natif de B\u00e9ziers, au moyen d\u2019une \u00e9criture fine et &hellip; Continuer la lecture de TH\u00c9\u00c2TRE &#8211; Jean Moulin, Evangile : un plongeon passionnant dans l&rsquo;Histoire et ses non-dits &rarr;\" \/>\n<meta property=\"og:url\" content=\"https:\/\/www.claudeguyot.com\/index.php\/2017\/09\/08\/theatre-jean-moulin-evangile-plongeon-passionnant-lhistoire-non-dits\/\" \/>\n<meta property=\"og:site_name\" content=\"Association Claude Guyot\" \/>\n<meta property=\"article:published_time\" content=\"2017-09-08T14:45:12+00:00\" \/>\n<meta property=\"article:modified_time\" content=\"2025-07-08T20:44:29+00:00\" \/>\n<meta property=\"og:image\" content=\"https:\/\/www.claudeguyot.com\/wp-content\/uploads\/2017\/09\/IMG_9674-1.jpg\" \/>\n\t<meta property=\"og:image:width\" content=\"1240\" \/>\n\t<meta property=\"og:image:height\" content=\"1162\" \/>\n\t<meta property=\"og:image:type\" content=\"image\/jpeg\" \/>\n<meta name=\"author\" content=\"Claude Guyot\" \/>\n<meta name=\"twitter:card\" content=\"summary_large_image\" \/>\n<meta name=\"twitter:label1\" content=\"\u00c9crit par\" \/>\n\t<meta name=\"twitter:data1\" content=\"Claude Guyot\" \/>\n\t<meta name=\"twitter:label2\" content=\"Dur\u00e9e de lecture estim\u00e9e\" \/>\n\t<meta name=\"twitter:data2\" content=\"4 minutes\" \/>\n<script type=\"application\/ld+json\" class=\"yoast-schema-graph\">{\"@context\":\"https:\/\/schema.org\",\"@graph\":[{\"@type\":\"WebPage\",\"@id\":\"https:\/\/www.claudeguyot.com\/index.php\/2017\/09\/08\/theatre-jean-moulin-evangile-plongeon-passionnant-lhistoire-non-dits\/\",\"url\":\"https:\/\/www.claudeguyot.com\/index.php\/2017\/09\/08\/theatre-jean-moulin-evangile-plongeon-passionnant-lhistoire-non-dits\/\",\"name\":\"TH\u00c9\u00c2TRE - Jean Moulin, Evangile : un plongeon passionnant dans l'Histoire et ses non-dits - Association Claude Guyot\",\"isPartOf\":{\"@id\":\"https:\/\/www.claudeguyot.com\/#website\"},\"datePublished\":\"2017-09-08T14:45:12+00:00\",\"dateModified\":\"2025-07-08T20:44:29+00:00\",\"author\":{\"@id\":\"https:\/\/www.claudeguyot.com\/#\/schema\/person\/fbc6c67d5e15fc909d64aab1f1f150a1\"},\"breadcrumb\":{\"@id\":\"https:\/\/www.claudeguyot.com\/index.php\/2017\/09\/08\/theatre-jean-moulin-evangile-plongeon-passionnant-lhistoire-non-dits\/#breadcrumb\"},\"inLanguage\":\"fr-FR\",\"potentialAction\":[{\"@type\":\"ReadAction\",\"target\":[\"https:\/\/www.claudeguyot.com\/index.php\/2017\/09\/08\/theatre-jean-moulin-evangile-plongeon-passionnant-lhistoire-non-dits\/\"]}]},{\"@type\":\"BreadcrumbList\",\"@id\":\"https:\/\/www.claudeguyot.com\/index.php\/2017\/09\/08\/theatre-jean-moulin-evangile-plongeon-passionnant-lhistoire-non-dits\/#breadcrumb\",\"itemListElement\":[{\"@type\":\"ListItem\",\"position\":1,\"name\":\"Accueil\",\"item\":\"https:\/\/www.claudeguyot.com\/\"},{\"@type\":\"ListItem\",\"position\":2,\"name\":\"TH\u00c9\u00c2TRE &#8211; Jean Moulin, Evangile : un plongeon passionnant dans l&#8217;Histoire et ses non-dits\"}]},{\"@type\":\"WebSite\",\"@id\":\"https:\/\/www.claudeguyot.com\/#website\",\"url\":\"https:\/\/www.claudeguyot.com\/\",\"name\":\"Association Claude Guyot\",\"description\":\"Association loi 1901 reconnue d&#039;int\u00e9r\u00eat g\u00e9n\u00e9ral\",\"potentialAction\":[{\"@type\":\"SearchAction\",\"target\":{\"@type\":\"EntryPoint\",\"urlTemplate\":\"https:\/\/www.claudeguyot.com\/?s={search_term_string}\"},\"query-input\":\"required name=search_term_string\"}],\"inLanguage\":\"fr-FR\"},{\"@type\":\"Person\",\"@id\":\"https:\/\/www.claudeguyot.com\/#\/schema\/person\/fbc6c67d5e15fc909d64aab1f1f150a1\",\"name\":\"Claude Guyot\",\"image\":{\"@type\":\"ImageObject\",\"inLanguage\":\"fr-FR\",\"@id\":\"https:\/\/www.claudeguyot.com\/#\/schema\/person\/image\/\",\"url\":\"https:\/\/secure.gravatar.com\/avatar\/8835715a7343599eaa98fab3b13c331c454cc537ea4343abb5ad3fefe9b4d586?s=96&d=mm&r=g\",\"contentUrl\":\"https:\/\/secure.gravatar.com\/avatar\/8835715a7343599eaa98fab3b13c331c454cc537ea4343abb5ad3fefe9b4d586?s=96&d=mm&r=g\",\"caption\":\"Claude Guyot\"},\"url\":\"https:\/\/www.claudeguyot.com\/index.php\/author\/admin5958\/\"}]}<\/script>\n<!-- \/ Yoast SEO plugin. -->","yoast_head_json":{"title":"TH\u00c9\u00c2TRE - Jean Moulin, Evangile : un plongeon passionnant dans l'Histoire et ses non-dits - Association Claude Guyot","robots":{"index":"index","follow":"follow","max-snippet":"max-snippet:-1","max-image-preview":"max-image-preview:large","max-video-preview":"max-video-preview:-1"},"canonical":"https:\/\/www.claudeguyot.com\/index.php\/2017\/09\/08\/theatre-jean-moulin-evangile-plongeon-passionnant-lhistoire-non-dits\/","og_locale":"fr_FR","og_type":"article","og_title":"TH\u00c9\u00c2TRE - Jean Moulin, Evangile : un plongeon passionnant dans l'Histoire et ses non-dits - Association Claude Guyot","og_description":"Par Julie Cadilhac &#8211; Lagrandeparade.fr\/ Que savons-nous de Jean Moulin, figure embl\u00e9matique de la r\u00e9sistance, si ce ne sont quelques anecdotes que l\u2019Histoire a voulu nous faire retenir ? Dans \u00ab Jean Moulin, Evangile \u00bb, Jean-Marie Besset retrace les trois ann\u00e9es de r\u00e9sistance du pr\u00e9fet d\u2019Eure-et-Loir, natif de B\u00e9ziers, au moyen d\u2019une \u00e9criture fine et &hellip; Continuer la lecture de TH\u00c9\u00c2TRE &#8211; Jean Moulin, Evangile : un plongeon passionnant dans l&rsquo;Histoire et ses non-dits &rarr;","og_url":"https:\/\/www.claudeguyot.com\/index.php\/2017\/09\/08\/theatre-jean-moulin-evangile-plongeon-passionnant-lhistoire-non-dits\/","og_site_name":"Association Claude Guyot","article_published_time":"2017-09-08T14:45:12+00:00","article_modified_time":"2025-07-08T20:44:29+00:00","og_image":[{"width":1240,"height":1162,"url":"https:\/\/www.claudeguyot.com\/wp-content\/uploads\/2017\/09\/IMG_9674-1.jpg","type":"image\/jpeg"}],"author":"Claude Guyot","twitter_card":"summary_large_image","twitter_misc":{"\u00c9crit par":"Claude Guyot","Dur\u00e9e de lecture estim\u00e9e":"4 minutes"},"schema":{"@context":"https:\/\/schema.org","@graph":[{"@type":"WebPage","@id":"https:\/\/www.claudeguyot.com\/index.php\/2017\/09\/08\/theatre-jean-moulin-evangile-plongeon-passionnant-lhistoire-non-dits\/","url":"https:\/\/www.claudeguyot.com\/index.php\/2017\/09\/08\/theatre-jean-moulin-evangile-plongeon-passionnant-lhistoire-non-dits\/","name":"TH\u00c9\u00c2TRE - Jean Moulin, Evangile : un plongeon passionnant dans l'Histoire et ses non-dits - Association Claude Guyot","isPartOf":{"@id":"https:\/\/www.claudeguyot.com\/#website"},"datePublished":"2017-09-08T14:45:12+00:00","dateModified":"2025-07-08T20:44:29+00:00","author":{"@id":"https:\/\/www.claudeguyot.com\/#\/schema\/person\/fbc6c67d5e15fc909d64aab1f1f150a1"},"breadcrumb":{"@id":"https:\/\/www.claudeguyot.com\/index.php\/2017\/09\/08\/theatre-jean-moulin-evangile-plongeon-passionnant-lhistoire-non-dits\/#breadcrumb"},"inLanguage":"fr-FR","potentialAction":[{"@type":"ReadAction","target":["https:\/\/www.claudeguyot.com\/index.php\/2017\/09\/08\/theatre-jean-moulin-evangile-plongeon-passionnant-lhistoire-non-dits\/"]}]},{"@type":"BreadcrumbList","@id":"https:\/\/www.claudeguyot.com\/index.php\/2017\/09\/08\/theatre-jean-moulin-evangile-plongeon-passionnant-lhistoire-non-dits\/#breadcrumb","itemListElement":[{"@type":"ListItem","position":1,"name":"Accueil","item":"https:\/\/www.claudeguyot.com\/"},{"@type":"ListItem","position":2,"name":"TH\u00c9\u00c2TRE &#8211; Jean Moulin, Evangile : un plongeon passionnant dans l&#8217;Histoire et ses non-dits"}]},{"@type":"WebSite","@id":"https:\/\/www.claudeguyot.com\/#website","url":"https:\/\/www.claudeguyot.com\/","name":"Association Claude Guyot","description":"Association loi 1901 reconnue d&#039;int\u00e9r\u00eat g\u00e9n\u00e9ral","potentialAction":[{"@type":"SearchAction","target":{"@type":"EntryPoint","urlTemplate":"https:\/\/www.claudeguyot.com\/?s={search_term_string}"},"query-input":"required name=search_term_string"}],"inLanguage":"fr-FR"},{"@type":"Person","@id":"https:\/\/www.claudeguyot.com\/#\/schema\/person\/fbc6c67d5e15fc909d64aab1f1f150a1","name":"Claude Guyot","image":{"@type":"ImageObject","inLanguage":"fr-FR","@id":"https:\/\/www.claudeguyot.com\/#\/schema\/person\/image\/","url":"https:\/\/secure.gravatar.com\/avatar\/8835715a7343599eaa98fab3b13c331c454cc537ea4343abb5ad3fefe9b4d586?s=96&d=mm&r=g","contentUrl":"https:\/\/secure.gravatar.com\/avatar\/8835715a7343599eaa98fab3b13c331c454cc537ea4343abb5ad3fefe9b4d586?s=96&d=mm&r=g","caption":"Claude Guyot"},"url":"https:\/\/www.claudeguyot.com\/index.php\/author\/admin5958\/"}]}},"jetpack_featured_media_url":"https:\/\/www.claudeguyot.com\/wp-content\/uploads\/2017\/09\/IMG_9674-1.jpg","_links":{"self":[{"href":"https:\/\/www.claudeguyot.com\/index.php\/wp-json\/wp\/v2\/posts\/344","targetHints":{"allow":["GET"]}}],"collection":[{"href":"https:\/\/www.claudeguyot.com\/index.php\/wp-json\/wp\/v2\/posts"}],"about":[{"href":"https:\/\/www.claudeguyot.com\/index.php\/wp-json\/wp\/v2\/types\/post"}],"author":[{"embeddable":true,"href":"https:\/\/www.claudeguyot.com\/index.php\/wp-json\/wp\/v2\/users\/1"}],"replies":[{"embeddable":true,"href":"https:\/\/www.claudeguyot.com\/index.php\/wp-json\/wp\/v2\/comments?post=344"}],"version-history":[{"count":3,"href":"https:\/\/www.claudeguyot.com\/index.php\/wp-json\/wp\/v2\/posts\/344\/revisions"}],"predecessor-version":[{"id":349,"href":"https:\/\/www.claudeguyot.com\/index.php\/wp-json\/wp\/v2\/posts\/344\/revisions\/349"}],"wp:featuredmedia":[{"embeddable":true,"href":"https:\/\/www.claudeguyot.com\/index.php\/wp-json\/wp\/v2\/media\/346"}],"wp:attachment":[{"href":"https:\/\/www.claudeguyot.com\/index.php\/wp-json\/wp\/v2\/media?parent=344"}],"wp:term":[{"taxonomy":"category","embeddable":true,"href":"https:\/\/www.claudeguyot.com\/index.php\/wp-json\/wp\/v2\/categories?post=344"},{"taxonomy":"post_tag","embeddable":true,"href":"https:\/\/www.claudeguyot.com\/index.php\/wp-json\/wp\/v2\/tags?post=344"}],"curies":[{"name":"wp","href":"https:\/\/api.w.org\/{rel}","templated":true}]}}