{"id":364,"date":"2017-09-25T11:45:33","date_gmt":"2017-09-25T10:45:33","guid":{"rendered":"http:\/\/www.claudeguyot.com\/?p=364"},"modified":"2025-07-08T21:44:18","modified_gmt":"2025-07-08T20:44:18","slug":"modification-de-date-assemblee-generale-2017","status":"publish","type":"post","link":"https:\/\/www.claudeguyot.com\/index.php\/2017\/09\/25\/modification-de-date-assemblee-generale-2017\/","title":{"rendered":"Modification de date &#8211; Assembl\u00e9e G\u00e9n\u00e9rale 2017"},"content":{"rendered":"<p style=\"text-align: left;\">Nous invitons les membres et amis de l\u2019Association Claude Guyot \u00e0 participer \u00e0 notre prochaine assembl\u00e9e g\u00e9n\u00e9rale ordinaire qui se d\u00e9roulera le<\/p>\n<p><strong>Dimanche 22 Octobre 2017<\/strong><br \/>\n<strong>\u00e0 15 heures pr\u00e9cises<\/strong><br \/>\n<strong>au 3, rue de l\u2019\u00e9glise \u00e0 Arnay-le-Duc<\/strong><\/p>\n<p style=\"text-align: left;\">Nous nous permettons d\u2019insister sur l\u2019importance qu\u2019il y a d\u2019assister, en personne, \u00e0 cette r\u00e9union qui s\u2019av\u00e8re \u00eatre indispensable au bon fonctionnement de notre association.<\/p>\n<p>Nous vous rappelons qu\u2019aux termes des statuts de notre compagnie, seuls les membres pr\u00e9sents ou repr\u00e9sent\u00e9s, et \u00e0 jour de leur cotisation le jour de la r\u00e9union, seront autoris\u00e9s \u00e0 prendre part au vote.<\/p>\n<p>Un ap\u00e9ritif sera offert aux personnes pr\u00e9sentes \u00e0 l\u2019issue de cette r\u00e9union.<\/p>\n","protected":false},"excerpt":{"rendered":"<p>Nous invitons les membres et amis de l\u2019Association Claude Guyot \u00e0 participer \u00e0 notre prochaine assembl\u00e9e g\u00e9n\u00e9rale ordinaire qui se d\u00e9roulera le Dimanche 22 Octobre 2017 \u00e0 15 heures pr\u00e9cises au 3, rue de l\u2019\u00e9glise \u00e0 Arnay-le-Duc Nous nous permettons d\u2019insister sur l\u2019importance qu\u2019il y a d\u2019assister, en personne, \u00e0 cette r\u00e9union qui s\u2019av\u00e8re \u00eatre &hellip; <a href=\"https:\/\/www.claudeguyot.com\/index.php\/2017\/09\/25\/modification-de-date-assemblee-generale-2017\/\" class=\"more-link\">Continuer la lecture de <span class=\"screen-reader-text\">Modification de date &#8211; Assembl\u00e9e G\u00e9n\u00e9rale 2017<\/span>  <span class=\"meta-nav\">&rarr;<\/span><\/a><\/p>\n","protected":false},"author":1,"featured_media":341,"comment_status":"closed","ping_status":"closed","sticky":false,"template":"","format":"standard","meta":{"footnotes":""},"categories":[1],"tags":[],"class_list":["post-364","post","type-post","status-publish","format-standard","has-post-thumbnail","hentry","category-non-classe"],"yoast_head":"<!-- This site is optimized with the Yoast SEO plugin v19.9 - https:\/\/yoast.com\/wordpress\/plugins\/seo\/ -->\n<title>Modification de date - Assembl\u00e9e G\u00e9n\u00e9rale 2017 - Association Claude Guyot<\/title>\n<meta name=\"robots\" content=\"index, follow, max-snippet:-1, max-image-preview:large, max-video-preview:-1\" \/>\n<link rel=\"canonical\" href=\"https:\/\/www.claudeguyot.com\/index.php\/2017\/09\/25\/modification-de-date-assemblee-generale-2017\/\" \/>\n<meta property=\"og:locale\" content=\"fr_FR\" \/>\n<meta property=\"og:type\" content=\"article\" \/>\n<meta property=\"og:title\" content=\"Modification de date - Assembl\u00e9e G\u00e9n\u00e9rale 2017 - Association Claude Guyot\" \/>\n<meta property=\"og:description\" content=\"Nous invitons les membres et amis de l\u2019Association Claude Guyot \u00e0 participer \u00e0 notre prochaine assembl\u00e9e g\u00e9n\u00e9rale ordinaire qui se d\u00e9roulera le Dimanche 22 Octobre 2017 \u00e0 15 heures pr\u00e9cises au 3, rue de l\u2019\u00e9glise \u00e0 Arnay-le-Duc Nous nous permettons d\u2019insister sur l\u2019importance qu\u2019il y a d\u2019assister, en personne, \u00e0 cette r\u00e9union qui s\u2019av\u00e8re \u00eatre &hellip; Continuer la lecture de Modification de date &#8211; Assembl\u00e9e G\u00e9n\u00e9rale 2017 &rarr;\" \/>\n<meta property=\"og:url\" content=\"https:\/\/www.claudeguyot.com\/index.php\/2017\/09\/25\/modification-de-date-assemblee-generale-2017\/\" \/>\n<meta property=\"og:site_name\" content=\"Association Claude Guyot\" \/>\n<meta property=\"article:published_time\" content=\"2017-09-25T10:45:33+00:00\" \/>\n<meta property=\"article:modified_time\" content=\"2025-07-08T20:44:18+00:00\" \/>\n<meta property=\"og:image\" content=\"https:\/\/www.claudeguyot.com\/wp-content\/uploads\/2017\/09\/IMG_9702.jpg\" \/>\n\t<meta property=\"og:image:width\" content=\"650\" \/>\n\t<meta property=\"og:image:height\" content=\"353\" \/>\n\t<meta property=\"og:image:type\" content=\"image\/jpeg\" \/>\n<meta name=\"author\" content=\"Claude Guyot\" \/>\n<meta name=\"twitter:card\" content=\"summary_large_image\" \/>\n<meta name=\"twitter:label1\" content=\"\u00c9crit par\" \/>\n\t<meta name=\"twitter:data1\" content=\"Claude Guyot\" \/>\n\t<meta name=\"twitter:label2\" content=\"Dur\u00e9e de lecture estim\u00e9e\" \/>\n\t<meta name=\"twitter:data2\" content=\"1 minute\" \/>\n<script type=\"application\/ld+json\" class=\"yoast-schema-graph\">{\"@context\":\"https:\/\/schema.org\",\"@graph\":[{\"@type\":\"WebPage\",\"@id\":\"https:\/\/www.claudeguyot.com\/index.php\/2017\/09\/25\/modification-de-date-assemblee-generale-2017\/\",\"url\":\"https:\/\/www.claudeguyot.com\/index.php\/2017\/09\/25\/modification-de-date-assemblee-generale-2017\/\",\"name\":\"Modification de date - Assembl\u00e9e G\u00e9n\u00e9rale 2017 - Association Claude Guyot\",\"isPartOf\":{\"@id\":\"https:\/\/www.claudeguyot.com\/#website\"},\"datePublished\":\"2017-09-25T10:45:33+00:00\",\"dateModified\":\"2025-07-08T20:44:18+00:00\",\"author\":{\"@id\":\"https:\/\/www.claudeguyot.com\/#\/schema\/person\/fbc6c67d5e15fc909d64aab1f1f150a1\"},\"breadcrumb\":{\"@id\":\"https:\/\/www.claudeguyot.com\/index.php\/2017\/09\/25\/modification-de-date-assemblee-generale-2017\/#breadcrumb\"},\"inLanguage\":\"fr-FR\",\"potentialAction\":[{\"@type\":\"ReadAction\",\"target\":[\"https:\/\/www.claudeguyot.com\/index.php\/2017\/09\/25\/modification-de-date-assemblee-generale-2017\/\"]}]},{\"@type\":\"BreadcrumbList\",\"@id\":\"https:\/\/www.claudeguyot.com\/index.php\/2017\/09\/25\/modification-de-date-assemblee-generale-2017\/#breadcrumb\",\"itemListElement\":[{\"@type\":\"ListItem\",\"position\":1,\"name\":\"Accueil\",\"item\":\"https:\/\/www.claudeguyot.com\/\"},{\"@type\":\"ListItem\",\"position\":2,\"name\":\"Modification de date &#8211; Assembl\u00e9e G\u00e9n\u00e9rale 2017\"}]},{\"@type\":\"WebSite\",\"@id\":\"https:\/\/www.claudeguyot.com\/#website\",\"url\":\"https:\/\/www.claudeguyot.com\/\",\"name\":\"Association Claude Guyot\",\"description\":\"Association loi 1901 reconnue d&#039;int\u00e9r\u00eat g\u00e9n\u00e9ral\",\"potentialAction\":[{\"@type\":\"SearchAction\",\"target\":{\"@type\":\"EntryPoint\",\"urlTemplate\":\"https:\/\/www.claudeguyot.com\/?s={search_term_string}\"},\"query-input\":\"required name=search_term_string\"}],\"inLanguage\":\"fr-FR\"},{\"@type\":\"Person\",\"@id\":\"https:\/\/www.claudeguyot.com\/#\/schema\/person\/fbc6c67d5e15fc909d64aab1f1f150a1\",\"name\":\"Claude Guyot\",\"image\":{\"@type\":\"ImageObject\",\"inLanguage\":\"fr-FR\",\"@id\":\"https:\/\/www.claudeguyot.com\/#\/schema\/person\/image\/\",\"url\":\"https:\/\/secure.gravatar.com\/avatar\/8835715a7343599eaa98fab3b13c331c454cc537ea4343abb5ad3fefe9b4d586?s=96&d=mm&r=g\",\"contentUrl\":\"https:\/\/secure.gravatar.com\/avatar\/8835715a7343599eaa98fab3b13c331c454cc537ea4343abb5ad3fefe9b4d586?s=96&d=mm&r=g\",\"caption\":\"Claude Guyot\"},\"url\":\"https:\/\/www.claudeguyot.com\/index.php\/author\/admin5958\/\"}]}<\/script>\n<!-- \/ Yoast SEO plugin. -->","yoast_head_json":{"title":"Modification de date - Assembl\u00e9e G\u00e9n\u00e9rale 2017 - Association Claude Guyot","robots":{"index":"index","follow":"follow","max-snippet":"max-snippet:-1","max-image-preview":"max-image-preview:large","max-video-preview":"max-video-preview:-1"},"canonical":"https:\/\/www.claudeguyot.com\/index.php\/2017\/09\/25\/modification-de-date-assemblee-generale-2017\/","og_locale":"fr_FR","og_type":"article","og_title":"Modification de date - Assembl\u00e9e G\u00e9n\u00e9rale 2017 - Association Claude Guyot","og_description":"Nous invitons les membres et amis de l\u2019Association Claude Guyot \u00e0 participer \u00e0 notre prochaine assembl\u00e9e g\u00e9n\u00e9rale ordinaire qui se d\u00e9roulera le Dimanche 22 Octobre 2017 \u00e0 15 heures pr\u00e9cises au 3, rue de l\u2019\u00e9glise \u00e0 Arnay-le-Duc Nous nous permettons d\u2019insister sur l\u2019importance qu\u2019il y a d\u2019assister, en personne, \u00e0 cette r\u00e9union qui s\u2019av\u00e8re \u00eatre &hellip; Continuer la lecture de Modification de date &#8211; Assembl\u00e9e G\u00e9n\u00e9rale 2017 &rarr;","og_url":"https:\/\/www.claudeguyot.com\/index.php\/2017\/09\/25\/modification-de-date-assemblee-generale-2017\/","og_site_name":"Association Claude Guyot","article_published_time":"2017-09-25T10:45:33+00:00","article_modified_time":"2025-07-08T20:44:18+00:00","og_image":[{"width":650,"height":353,"url":"https:\/\/www.claudeguyot.com\/wp-content\/uploads\/2017\/09\/IMG_9702.jpg","type":"image\/jpeg"}],"author":"Claude Guyot","twitter_card":"summary_large_image","twitter_misc":{"\u00c9crit par":"Claude Guyot","Dur\u00e9e de lecture estim\u00e9e":"1 minute"},"schema":{"@context":"https:\/\/schema.org","@graph":[{"@type":"WebPage","@id":"https:\/\/www.claudeguyot.com\/index.php\/2017\/09\/25\/modification-de-date-assemblee-generale-2017\/","url":"https:\/\/www.claudeguyot.com\/index.php\/2017\/09\/25\/modification-de-date-assemblee-generale-2017\/","name":"Modification de date - Assembl\u00e9e G\u00e9n\u00e9rale 2017 - Association Claude Guyot","isPartOf":{"@id":"https:\/\/www.claudeguyot.com\/#website"},"datePublished":"2017-09-25T10:45:33+00:00","dateModified":"2025-07-08T20:44:18+00:00","author":{"@id":"https:\/\/www.claudeguyot.com\/#\/schema\/person\/fbc6c67d5e15fc909d64aab1f1f150a1"},"breadcrumb":{"@id":"https:\/\/www.claudeguyot.com\/index.php\/2017\/09\/25\/modification-de-date-assemblee-generale-2017\/#breadcrumb"},"inLanguage":"fr-FR","potentialAction":[{"@type":"ReadAction","target":["https:\/\/www.claudeguyot.com\/index.php\/2017\/09\/25\/modification-de-date-assemblee-generale-2017\/"]}]},{"@type":"BreadcrumbList","@id":"https:\/\/www.claudeguyot.com\/index.php\/2017\/09\/25\/modification-de-date-assemblee-generale-2017\/#breadcrumb","itemListElement":[{"@type":"ListItem","position":1,"name":"Accueil","item":"https:\/\/www.claudeguyot.com\/"},{"@type":"ListItem","position":2,"name":"Modification de date &#8211; Assembl\u00e9e G\u00e9n\u00e9rale 2017"}]},{"@type":"WebSite","@id":"https:\/\/www.claudeguyot.com\/#website","url":"https:\/\/www.claudeguyot.com\/","name":"Association Claude Guyot","description":"Association loi 1901 reconnue d&#039;int\u00e9r\u00eat g\u00e9n\u00e9ral","potentialAction":[{"@type":"SearchAction","target":{"@type":"EntryPoint","urlTemplate":"https:\/\/www.claudeguyot.com\/?s={search_term_string}"},"query-input":"required name=search_term_string"}],"inLanguage":"fr-FR"},{"@type":"Person","@id":"https:\/\/www.claudeguyot.com\/#\/schema\/person\/fbc6c67d5e15fc909d64aab1f1f150a1","name":"Claude Guyot","image":{"@type":"ImageObject","inLanguage":"fr-FR","@id":"https:\/\/www.claudeguyot.com\/#\/schema\/person\/image\/","url":"https:\/\/secure.gravatar.com\/avatar\/8835715a7343599eaa98fab3b13c331c454cc537ea4343abb5ad3fefe9b4d586?s=96&d=mm&r=g","contentUrl":"https:\/\/secure.gravatar.com\/avatar\/8835715a7343599eaa98fab3b13c331c454cc537ea4343abb5ad3fefe9b4d586?s=96&d=mm&r=g","caption":"Claude Guyot"},"url":"https:\/\/www.claudeguyot.com\/index.php\/author\/admin5958\/"}]}},"jetpack_featured_media_url":"https:\/\/www.claudeguyot.com\/wp-content\/uploads\/2017\/09\/IMG_9702.jpg","_links":{"self":[{"href":"https:\/\/www.claudeguyot.com\/index.php\/wp-json\/wp\/v2\/posts\/364","targetHints":{"allow":["GET"]}}],"collection":[{"href":"https:\/\/www.claudeguyot.com\/index.php\/wp-json\/wp\/v2\/posts"}],"about":[{"href":"https:\/\/www.claudeguyot.com\/index.php\/wp-json\/wp\/v2\/types\/post"}],"author":[{"embeddable":true,"href":"https:\/\/www.claudeguyot.com\/index.php\/wp-json\/wp\/v2\/users\/1"}],"replies":[{"embeddable":true,"href":"https:\/\/www.claudeguyot.com\/index.php\/wp-json\/wp\/v2\/comments?post=364"}],"version-history":[{"count":1,"href":"https:\/\/www.claudeguyot.com\/index.php\/wp-json\/wp\/v2\/posts\/364\/revisions"}],"predecessor-version":[{"id":365,"href":"https:\/\/www.claudeguyot.com\/index.php\/wp-json\/wp\/v2\/posts\/364\/revisions\/365"}],"wp:featuredmedia":[{"embeddable":true,"href":"https:\/\/www.claudeguyot.com\/index.php\/wp-json\/wp\/v2\/media\/341"}],"wp:attachment":[{"href":"https:\/\/www.claudeguyot.com\/index.php\/wp-json\/wp\/v2\/media?parent=364"}],"wp:term":[{"taxonomy":"category","embeddable":true,"href":"https:\/\/www.claudeguyot.com\/index.php\/wp-json\/wp\/v2\/categories?post=364"},{"taxonomy":"post_tag","embeddable":true,"href":"https:\/\/www.claudeguyot.com\/index.php\/wp-json\/wp\/v2\/tags?post=364"}],"curies":[{"name":"wp","href":"https:\/\/api.w.org\/{rel}","templated":true}]}}