{"id":374,"date":"2017-10-23T10:22:56","date_gmt":"2017-10-23T09:22:56","guid":{"rendered":"http:\/\/www.claudeguyot.com\/?p=374"},"modified":"2025-07-08T21:44:08","modified_gmt":"2025-07-08T20:44:08","slug":"ceremonie-republicaine-de-remise-diplomes-brevet-aux-eleves-college-claude-guyot-darnay-duc","status":"publish","type":"post","link":"https:\/\/www.claudeguyot.com\/index.php\/2017\/10\/23\/ceremonie-republicaine-de-remise-diplomes-brevet-aux-eleves-college-claude-guyot-darnay-duc\/","title":{"rendered":"C\u00c9R\u00c9MONIE R\u00c9PUBLICAINE DE REMISE DES DIPL\u00d4MES DU BREVET AUX \u00c9L\u00c8VES DU COLL\u00c8GE CLAUDE GUYOT D\u2019ARNAY-LE-DUC"},"content":{"rendered":"<p>Samedi 21 octobre 2017, Audrey Roland, vice-pr\u00e9sidente de l\u2019Association Claude Guyot, participait \u00e0 la c\u00e9r\u00e9monie r\u00e9publicaine de remise des dipl\u00f4mes du brevet aux \u00e9l\u00e8ves du Coll\u00e8ge Claude Guyot d\u2019Arnay-le-Duc. Une occasion pour l\u2019Association de rappeler bri\u00e8vement la figure de Claude Guyot et de mentionner les objectifs de l&rsquo;association en faveur de l&rsquo;\u00e9ducation, de la jeunesse et de la transmission de la M\u00e9moire. Une mani\u00e8re \u00e9galement de saluer et d\u2019encourager la volont\u00e9 de l&rsquo;\u00e9quipe \u00e9ducative et celle du Principal de l&rsquo;\u00e9tablissement \u00e0 entretenir la m\u00e9moire et l\u2019h\u00e9ritage philosophique humaniste de Claude Guyot.<\/p>\n<p><img loading=\"lazy\" decoding=\"async\" class=\"alignnone size-medium wp-image-377\" src=\"https:\/\/www.claudeguyot.com\/wp-content\/uploads\/2017\/10\/20171021_112757-148x300.jpg\" alt=\"20171021_112757\" width=\"148\" height=\"300\" srcset=\"https:\/\/www.claudeguyot.com\/wp-content\/uploads\/2017\/10\/20171021_112757-148x300.jpg 148w, https:\/\/www.claudeguyot.com\/wp-content\/uploads\/2017\/10\/20171021_112757-768x1558.jpg 768w, https:\/\/www.claudeguyot.com\/wp-content\/uploads\/2017\/10\/20171021_112757-505x1024.jpg 505w, https:\/\/www.claudeguyot.com\/wp-content\/uploads\/2017\/10\/20171021_112757-600x1218.jpg 600w, https:\/\/www.claudeguyot.com\/wp-content\/uploads\/2017\/10\/20171021_112757.jpg 1371w\" sizes=\"auto, (max-width: 148px) 100vw, 148px\" \/><\/p>\n<p>Cette manifestation s\u2019est d\u00e9roul\u00e9e en pr\u00e9sence de B\u00e9atrice Moingeon-Hermary, conseill\u00e8re d\u00e9partementale du canton d\u2019Arnay-le-Duc, du premier vice-pr\u00e9sident de la Communaut\u00e9 de communes du Pays d\u2019Arnay, des repr\u00e9sentants de la mairie d\u2019Arnay-le-Duc, des \u00e9lus locaux, de Pierre Humbert, principal du coll\u00e8ge Claude Guyot d\u2019Arnay et du personnel du coll\u00e8ge.<\/p>\n<p><img loading=\"lazy\" decoding=\"async\" class=\"alignnone size-medium wp-image-378\" src=\"https:\/\/www.claudeguyot.com\/wp-content\/uploads\/2017\/10\/20171021_112838-154x300.jpg\" alt=\"20171021_112838\" width=\"154\" height=\"300\" srcset=\"https:\/\/www.claudeguyot.com\/wp-content\/uploads\/2017\/10\/20171021_112838-154x300.jpg 154w, https:\/\/www.claudeguyot.com\/wp-content\/uploads\/2017\/10\/20171021_112838-768x1497.jpg 768w, https:\/\/www.claudeguyot.com\/wp-content\/uploads\/2017\/10\/20171021_112838-525x1024.jpg 525w, https:\/\/www.claudeguyot.com\/wp-content\/uploads\/2017\/10\/20171021_112838-600x1170.jpg 600w, https:\/\/www.claudeguyot.com\/wp-content\/uploads\/2017\/10\/20171021_112838.jpg 1397w\" sizes=\"auto, (max-width: 154px) 100vw, 154px\" \/><\/p>\n","protected":false},"excerpt":{"rendered":"<p>Samedi 21 octobre 2017, Audrey Roland, vice-pr\u00e9sidente de l\u2019Association Claude Guyot, participait \u00e0 la c\u00e9r\u00e9monie r\u00e9publicaine de remise des dipl\u00f4mes du brevet aux \u00e9l\u00e8ves du Coll\u00e8ge Claude Guyot d\u2019Arnay-le-Duc. Une occasion pour l\u2019Association de rappeler bri\u00e8vement la figure de Claude Guyot et de mentionner les objectifs de l&rsquo;association en faveur de l&rsquo;\u00e9ducation, de la jeunesse &hellip; <a href=\"https:\/\/www.claudeguyot.com\/index.php\/2017\/10\/23\/ceremonie-republicaine-de-remise-diplomes-brevet-aux-eleves-college-claude-guyot-darnay-duc\/\" class=\"more-link\">Continuer la lecture de <span class=\"screen-reader-text\">C\u00c9R\u00c9MONIE R\u00c9PUBLICAINE DE REMISE DES DIPL\u00d4MES DU BREVET AUX \u00c9L\u00c8VES DU COLL\u00c8GE CLAUDE GUYOT D\u2019ARNAY-LE-DUC<\/span>  <span class=\"meta-nav\">&rarr;<\/span><\/a><\/p>\n","protected":false},"author":1,"featured_media":375,"comment_status":"closed","ping_status":"closed","sticky":false,"template":"","format":"standard","meta":{"footnotes":""},"categories":[1],"tags":[],"class_list":["post-374","post","type-post","status-publish","format-standard","has-post-thumbnail","hentry","category-non-classe"],"yoast_head":"<!-- This site is optimized with the Yoast SEO plugin v19.9 - https:\/\/yoast.com\/wordpress\/plugins\/seo\/ -->\n<title>C\u00c9R\u00c9MONIE R\u00c9PUBLICAINE DE REMISE DES DIPL\u00d4MES DU BREVET AUX \u00c9L\u00c8VES DU COLL\u00c8GE CLAUDE GUYOT D\u2019ARNAY-LE-DUC - Association Claude Guyot<\/title>\n<meta name=\"robots\" content=\"index, follow, max-snippet:-1, max-image-preview:large, max-video-preview:-1\" \/>\n<link rel=\"canonical\" href=\"https:\/\/www.claudeguyot.com\/index.php\/2017\/10\/23\/ceremonie-republicaine-de-remise-diplomes-brevet-aux-eleves-college-claude-guyot-darnay-duc\/\" \/>\n<meta property=\"og:locale\" content=\"fr_FR\" \/>\n<meta property=\"og:type\" content=\"article\" \/>\n<meta property=\"og:title\" content=\"C\u00c9R\u00c9MONIE R\u00c9PUBLICAINE DE REMISE DES DIPL\u00d4MES DU BREVET AUX \u00c9L\u00c8VES DU COLL\u00c8GE CLAUDE GUYOT D\u2019ARNAY-LE-DUC - Association Claude Guyot\" \/>\n<meta property=\"og:description\" content=\"Samedi 21 octobre 2017, Audrey Roland, vice-pr\u00e9sidente de l\u2019Association Claude Guyot, participait \u00e0 la c\u00e9r\u00e9monie r\u00e9publicaine de remise des dipl\u00f4mes du brevet aux \u00e9l\u00e8ves du Coll\u00e8ge Claude Guyot d\u2019Arnay-le-Duc. Une occasion pour l\u2019Association de rappeler bri\u00e8vement la figure de Claude Guyot et de mentionner les objectifs de l&rsquo;association en faveur de l&rsquo;\u00e9ducation, de la jeunesse &hellip; Continuer la lecture de C\u00c9R\u00c9MONIE R\u00c9PUBLICAINE DE REMISE DES DIPL\u00d4MES DU BREVET AUX \u00c9L\u00c8VES DU COLL\u00c8GE CLAUDE GUYOT D\u2019ARNAY-LE-DUC &rarr;\" \/>\n<meta property=\"og:url\" content=\"https:\/\/www.claudeguyot.com\/index.php\/2017\/10\/23\/ceremonie-republicaine-de-remise-diplomes-brevet-aux-eleves-college-claude-guyot-darnay-duc\/\" \/>\n<meta property=\"og:site_name\" content=\"Association Claude Guyot\" \/>\n<meta property=\"article:published_time\" content=\"2017-10-23T09:22:56+00:00\" \/>\n<meta property=\"article:modified_time\" content=\"2025-07-08T20:44:08+00:00\" \/>\n<meta property=\"og:image\" content=\"https:\/\/www.claudeguyot.com\/wp-content\/uploads\/2017\/10\/20171021_113401.jpg\" \/>\n\t<meta property=\"og:image:width\" content=\"3264\" \/>\n\t<meta property=\"og:image:height\" content=\"1836\" \/>\n\t<meta property=\"og:image:type\" content=\"image\/jpeg\" \/>\n<meta name=\"author\" content=\"Claude Guyot\" \/>\n<meta name=\"twitter:card\" content=\"summary_large_image\" \/>\n<meta name=\"twitter:label1\" content=\"\u00c9crit par\" \/>\n\t<meta name=\"twitter:data1\" content=\"Claude Guyot\" \/>\n\t<meta name=\"twitter:label2\" content=\"Dur\u00e9e de lecture estim\u00e9e\" \/>\n\t<meta name=\"twitter:data2\" content=\"1 minute\" \/>\n<script type=\"application\/ld+json\" class=\"yoast-schema-graph\">{\"@context\":\"https:\/\/schema.org\",\"@graph\":[{\"@type\":\"WebPage\",\"@id\":\"https:\/\/www.claudeguyot.com\/index.php\/2017\/10\/23\/ceremonie-republicaine-de-remise-diplomes-brevet-aux-eleves-college-claude-guyot-darnay-duc\/\",\"url\":\"https:\/\/www.claudeguyot.com\/index.php\/2017\/10\/23\/ceremonie-republicaine-de-remise-diplomes-brevet-aux-eleves-college-claude-guyot-darnay-duc\/\",\"name\":\"C\u00c9R\u00c9MONIE R\u00c9PUBLICAINE DE REMISE DES DIPL\u00d4MES DU BREVET AUX \u00c9L\u00c8VES DU COLL\u00c8GE CLAUDE GUYOT D\u2019ARNAY-LE-DUC - Association Claude Guyot\",\"isPartOf\":{\"@id\":\"https:\/\/www.claudeguyot.com\/#website\"},\"datePublished\":\"2017-10-23T09:22:56+00:00\",\"dateModified\":\"2025-07-08T20:44:08+00:00\",\"author\":{\"@id\":\"https:\/\/www.claudeguyot.com\/#\/schema\/person\/fbc6c67d5e15fc909d64aab1f1f150a1\"},\"breadcrumb\":{\"@id\":\"https:\/\/www.claudeguyot.com\/index.php\/2017\/10\/23\/ceremonie-republicaine-de-remise-diplomes-brevet-aux-eleves-college-claude-guyot-darnay-duc\/#breadcrumb\"},\"inLanguage\":\"fr-FR\",\"potentialAction\":[{\"@type\":\"ReadAction\",\"target\":[\"https:\/\/www.claudeguyot.com\/index.php\/2017\/10\/23\/ceremonie-republicaine-de-remise-diplomes-brevet-aux-eleves-college-claude-guyot-darnay-duc\/\"]}]},{\"@type\":\"BreadcrumbList\",\"@id\":\"https:\/\/www.claudeguyot.com\/index.php\/2017\/10\/23\/ceremonie-republicaine-de-remise-diplomes-brevet-aux-eleves-college-claude-guyot-darnay-duc\/#breadcrumb\",\"itemListElement\":[{\"@type\":\"ListItem\",\"position\":1,\"name\":\"Accueil\",\"item\":\"https:\/\/www.claudeguyot.com\/\"},{\"@type\":\"ListItem\",\"position\":2,\"name\":\"C\u00c9R\u00c9MONIE R\u00c9PUBLICAINE DE REMISE DES DIPL\u00d4MES DU BREVET AUX \u00c9L\u00c8VES DU COLL\u00c8GE CLAUDE GUYOT D\u2019ARNAY-LE-DUC\"}]},{\"@type\":\"WebSite\",\"@id\":\"https:\/\/www.claudeguyot.com\/#website\",\"url\":\"https:\/\/www.claudeguyot.com\/\",\"name\":\"Association Claude Guyot\",\"description\":\"Association loi 1901 reconnue d&#039;int\u00e9r\u00eat g\u00e9n\u00e9ral\",\"potentialAction\":[{\"@type\":\"SearchAction\",\"target\":{\"@type\":\"EntryPoint\",\"urlTemplate\":\"https:\/\/www.claudeguyot.com\/?s={search_term_string}\"},\"query-input\":\"required name=search_term_string\"}],\"inLanguage\":\"fr-FR\"},{\"@type\":\"Person\",\"@id\":\"https:\/\/www.claudeguyot.com\/#\/schema\/person\/fbc6c67d5e15fc909d64aab1f1f150a1\",\"name\":\"Claude Guyot\",\"image\":{\"@type\":\"ImageObject\",\"inLanguage\":\"fr-FR\",\"@id\":\"https:\/\/www.claudeguyot.com\/#\/schema\/person\/image\/\",\"url\":\"https:\/\/secure.gravatar.com\/avatar\/8835715a7343599eaa98fab3b13c331c454cc537ea4343abb5ad3fefe9b4d586?s=96&d=mm&r=g\",\"contentUrl\":\"https:\/\/secure.gravatar.com\/avatar\/8835715a7343599eaa98fab3b13c331c454cc537ea4343abb5ad3fefe9b4d586?s=96&d=mm&r=g\",\"caption\":\"Claude Guyot\"},\"url\":\"https:\/\/www.claudeguyot.com\/index.php\/author\/admin5958\/\"}]}<\/script>\n<!-- \/ Yoast SEO plugin. -->","yoast_head_json":{"title":"C\u00c9R\u00c9MONIE R\u00c9PUBLICAINE DE REMISE DES DIPL\u00d4MES DU BREVET AUX \u00c9L\u00c8VES DU COLL\u00c8GE CLAUDE GUYOT D\u2019ARNAY-LE-DUC - Association Claude Guyot","robots":{"index":"index","follow":"follow","max-snippet":"max-snippet:-1","max-image-preview":"max-image-preview:large","max-video-preview":"max-video-preview:-1"},"canonical":"https:\/\/www.claudeguyot.com\/index.php\/2017\/10\/23\/ceremonie-republicaine-de-remise-diplomes-brevet-aux-eleves-college-claude-guyot-darnay-duc\/","og_locale":"fr_FR","og_type":"article","og_title":"C\u00c9R\u00c9MONIE R\u00c9PUBLICAINE DE REMISE DES DIPL\u00d4MES DU BREVET AUX \u00c9L\u00c8VES DU COLL\u00c8GE CLAUDE GUYOT D\u2019ARNAY-LE-DUC - Association Claude Guyot","og_description":"Samedi 21 octobre 2017, Audrey Roland, vice-pr\u00e9sidente de l\u2019Association Claude Guyot, participait \u00e0 la c\u00e9r\u00e9monie r\u00e9publicaine de remise des dipl\u00f4mes du brevet aux \u00e9l\u00e8ves du Coll\u00e8ge Claude Guyot d\u2019Arnay-le-Duc. Une occasion pour l\u2019Association de rappeler bri\u00e8vement la figure de Claude Guyot et de mentionner les objectifs de l&rsquo;association en faveur de l&rsquo;\u00e9ducation, de la jeunesse &hellip; Continuer la lecture de C\u00c9R\u00c9MONIE R\u00c9PUBLICAINE DE REMISE DES DIPL\u00d4MES DU BREVET AUX \u00c9L\u00c8VES DU COLL\u00c8GE CLAUDE GUYOT D\u2019ARNAY-LE-DUC &rarr;","og_url":"https:\/\/www.claudeguyot.com\/index.php\/2017\/10\/23\/ceremonie-republicaine-de-remise-diplomes-brevet-aux-eleves-college-claude-guyot-darnay-duc\/","og_site_name":"Association Claude Guyot","article_published_time":"2017-10-23T09:22:56+00:00","article_modified_time":"2025-07-08T20:44:08+00:00","og_image":[{"width":3264,"height":1836,"url":"https:\/\/www.claudeguyot.com\/wp-content\/uploads\/2017\/10\/20171021_113401.jpg","type":"image\/jpeg"}],"author":"Claude Guyot","twitter_card":"summary_large_image","twitter_misc":{"\u00c9crit par":"Claude Guyot","Dur\u00e9e de lecture estim\u00e9e":"1 minute"},"schema":{"@context":"https:\/\/schema.org","@graph":[{"@type":"WebPage","@id":"https:\/\/www.claudeguyot.com\/index.php\/2017\/10\/23\/ceremonie-republicaine-de-remise-diplomes-brevet-aux-eleves-college-claude-guyot-darnay-duc\/","url":"https:\/\/www.claudeguyot.com\/index.php\/2017\/10\/23\/ceremonie-republicaine-de-remise-diplomes-brevet-aux-eleves-college-claude-guyot-darnay-duc\/","name":"C\u00c9R\u00c9MONIE R\u00c9PUBLICAINE DE REMISE DES DIPL\u00d4MES DU BREVET AUX \u00c9L\u00c8VES DU COLL\u00c8GE CLAUDE GUYOT D\u2019ARNAY-LE-DUC - Association Claude Guyot","isPartOf":{"@id":"https:\/\/www.claudeguyot.com\/#website"},"datePublished":"2017-10-23T09:22:56+00:00","dateModified":"2025-07-08T20:44:08+00:00","author":{"@id":"https:\/\/www.claudeguyot.com\/#\/schema\/person\/fbc6c67d5e15fc909d64aab1f1f150a1"},"breadcrumb":{"@id":"https:\/\/www.claudeguyot.com\/index.php\/2017\/10\/23\/ceremonie-republicaine-de-remise-diplomes-brevet-aux-eleves-college-claude-guyot-darnay-duc\/#breadcrumb"},"inLanguage":"fr-FR","potentialAction":[{"@type":"ReadAction","target":["https:\/\/www.claudeguyot.com\/index.php\/2017\/10\/23\/ceremonie-republicaine-de-remise-diplomes-brevet-aux-eleves-college-claude-guyot-darnay-duc\/"]}]},{"@type":"BreadcrumbList","@id":"https:\/\/www.claudeguyot.com\/index.php\/2017\/10\/23\/ceremonie-republicaine-de-remise-diplomes-brevet-aux-eleves-college-claude-guyot-darnay-duc\/#breadcrumb","itemListElement":[{"@type":"ListItem","position":1,"name":"Accueil","item":"https:\/\/www.claudeguyot.com\/"},{"@type":"ListItem","position":2,"name":"C\u00c9R\u00c9MONIE R\u00c9PUBLICAINE DE REMISE DES DIPL\u00d4MES DU BREVET AUX \u00c9L\u00c8VES DU COLL\u00c8GE CLAUDE GUYOT D\u2019ARNAY-LE-DUC"}]},{"@type":"WebSite","@id":"https:\/\/www.claudeguyot.com\/#website","url":"https:\/\/www.claudeguyot.com\/","name":"Association Claude Guyot","description":"Association loi 1901 reconnue d&#039;int\u00e9r\u00eat g\u00e9n\u00e9ral","potentialAction":[{"@type":"SearchAction","target":{"@type":"EntryPoint","urlTemplate":"https:\/\/www.claudeguyot.com\/?s={search_term_string}"},"query-input":"required name=search_term_string"}],"inLanguage":"fr-FR"},{"@type":"Person","@id":"https:\/\/www.claudeguyot.com\/#\/schema\/person\/fbc6c67d5e15fc909d64aab1f1f150a1","name":"Claude Guyot","image":{"@type":"ImageObject","inLanguage":"fr-FR","@id":"https:\/\/www.claudeguyot.com\/#\/schema\/person\/image\/","url":"https:\/\/secure.gravatar.com\/avatar\/8835715a7343599eaa98fab3b13c331c454cc537ea4343abb5ad3fefe9b4d586?s=96&d=mm&r=g","contentUrl":"https:\/\/secure.gravatar.com\/avatar\/8835715a7343599eaa98fab3b13c331c454cc537ea4343abb5ad3fefe9b4d586?s=96&d=mm&r=g","caption":"Claude Guyot"},"url":"https:\/\/www.claudeguyot.com\/index.php\/author\/admin5958\/"}]}},"jetpack_featured_media_url":"https:\/\/www.claudeguyot.com\/wp-content\/uploads\/2017\/10\/20171021_113401.jpg","_links":{"self":[{"href":"https:\/\/www.claudeguyot.com\/index.php\/wp-json\/wp\/v2\/posts\/374","targetHints":{"allow":["GET"]}}],"collection":[{"href":"https:\/\/www.claudeguyot.com\/index.php\/wp-json\/wp\/v2\/posts"}],"about":[{"href":"https:\/\/www.claudeguyot.com\/index.php\/wp-json\/wp\/v2\/types\/post"}],"author":[{"embeddable":true,"href":"https:\/\/www.claudeguyot.com\/index.php\/wp-json\/wp\/v2\/users\/1"}],"replies":[{"embeddable":true,"href":"https:\/\/www.claudeguyot.com\/index.php\/wp-json\/wp\/v2\/comments?post=374"}],"version-history":[{"count":2,"href":"https:\/\/www.claudeguyot.com\/index.php\/wp-json\/wp\/v2\/posts\/374\/revisions"}],"predecessor-version":[{"id":404,"href":"https:\/\/www.claudeguyot.com\/index.php\/wp-json\/wp\/v2\/posts\/374\/revisions\/404"}],"wp:featuredmedia":[{"embeddable":true,"href":"https:\/\/www.claudeguyot.com\/index.php\/wp-json\/wp\/v2\/media\/375"}],"wp:attachment":[{"href":"https:\/\/www.claudeguyot.com\/index.php\/wp-json\/wp\/v2\/media?parent=374"}],"wp:term":[{"taxonomy":"category","embeddable":true,"href":"https:\/\/www.claudeguyot.com\/index.php\/wp-json\/wp\/v2\/categories?post=374"},{"taxonomy":"post_tag","embeddable":true,"href":"https:\/\/www.claudeguyot.com\/index.php\/wp-json\/wp\/v2\/tags?post=374"}],"curies":[{"name":"wp","href":"https:\/\/api.w.org\/{rel}","templated":true}]}}