{"id":380,"date":"2017-10-23T16:35:02","date_gmt":"2017-10-23T15:35:02","guid":{"rendered":"http:\/\/www.claudeguyot.com\/?p=380"},"modified":"2025-07-08T21:44:03","modified_gmt":"2025-07-08T20:44:03","slug":"assemblee-generale-2017-bilan-perspectives","status":"publish","type":"post","link":"https:\/\/www.claudeguyot.com\/index.php\/2017\/10\/23\/assemblee-generale-2017-bilan-perspectives\/","title":{"rendered":"Assembl\u00e9e G\u00e9n\u00e9rale 2017 &#8211; Bilan et perspectives"},"content":{"rendered":"<p>L\u2019assembl\u00e9e g\u00e9n\u00e9rale ordinaire annuelle de l\u2019Association Claude Guyot s\u2019est d\u00e9roul\u00e9e le dimanche 22 Octobre 2017 \u00e0 15 heures au 3, rue de l&rsquo;\u00e9glise \u00e0 Arnay-le-Duc sous la pr\u00e9sidence d\u2019Hadrien Lacoste.<\/p>\n<p>Le quorum \u00e9tant atteint, l\u2019assembl\u00e9e g\u00e9n\u00e9rale a donc pu d\u00e9lib\u00e9rer valablement.<\/p>\n<p><strong>1. Accueil \u2013 Hommage aux membres d\u00e9c\u00e9d\u00e9s durant l\u2019exercice 2016-2017<\/strong><\/p>\n<p>Le bureau a rendu hommage \u00e0 deux belles et grandes figues de l\u2019Association Claude Guyot d\u00e9c\u00e9d\u00e9es au cours de l\u2019ann\u00e9e.<\/p>\n<p>&#8211; Madame Denise Maublant n\u00e9e Guyot, membre fondateur et vice-pr\u00e9sidente honoraire de l\u2019Association Claude Guyot, d\u00e9c\u00e9d\u00e9e \u00e0 Clermont-Ferrand (Puy-de-D\u00f4me), le 17 janvier 2017 \u00e0 l\u2019\u00e2ge de 97 ans. Elle \u00e9tait la fille de Claude Guyot.<\/p>\n<p>&#8211; Monsieur Andr\u00e9 Gervais, originaire d\u2019Arnay-le-Duc, conseiller d\u00e9partemental de C\u00f4te d\u2019Or, adjoint au maire de Dijon, vice-pr\u00e9sident de Dijon M\u00e9tropole, syndicaliste, d\u00e9c\u00e9d\u00e9 subitement \u00e0 Dijon le 10 juillet 2017 \u00e0 l\u2019\u00e2ge de 67 ans.<\/p>\n<p>\u00c0 l\u2019issue de l\u2019hommage prononc\u00e9 par le pr\u00e9sident, l\u2019assembl\u00e9e pr\u00e9sente a observ\u00e9 une minute de silence.<\/p>\n<p><strong>2. Bilan moral de l&rsquo;exercice 2016-2017<\/strong><\/p>\n<p>L\u2019association termine son exercice 2016-2017 avec un bilan plut\u00f4t positif. Le pr\u00e9sident expose avec les membres du bureau, les diff\u00e9rentes manifestations et activit\u00e9s auxquelles toutes et tous \u00e9taient invit\u00e9s \u00e0 participer.<\/p>\n<p>Le bilan moral est approuv\u00e9 \u00e0 l\u2019unanimit\u00e9 des membres pr\u00e9sents ou repr\u00e9sent\u00e9s.<\/p>\n<p><strong>3. Bilan financier de l\u2019exercice 2016-2017<\/strong>,<\/p>\n<p>Le bilan financier, pr\u00e9sent\u00e9e par Jean-Yves Lacoste, tr\u00e9sorier de l\u2019Association Claude Guyot, est vot\u00e9 \u00e0 l\u2019unanimit\u00e9 des membres pr\u00e9sents ou repr\u00e9sent\u00e9s.<\/p>\n<p><strong>4. Renouvellement du bureau pour l\u2019exercice 2017-2018\u00a0<\/strong><\/p>\n<p>Un nouveau bureau a \u00e9t\u00e9 \u00e9lu pour l\u2019exercice 2017-2018.<\/p>\n<p>&#8211; Monsieur Hadrien Lacoste, <em>pr\u00e9sident<\/em><\/p>\n<p>&#8211; Monsieur Jacques Perot, pr\u00e9sident d\u2019honneur, <em>1er vice-pr\u00e9sident<\/em>,<\/p>\n<p>&#8211; Madame le Docteur Claudette Lacoste-Guyot, <em>2\u00e8me vice-pr\u00e9sidente<\/em>,<\/p>\n<p>&#8211; Madame Audrey Roland, <em>3\u00e8me vice-pr\u00e9sidente<\/em>,<\/p>\n<p>&#8211; Monsieur Jean-Yves Lacoste, <em>tr\u00e9sorier<\/em>,<\/p>\n<p>&#8211; Madame Estelle Danton-Maublant, <em>secr\u00e9taire g\u00e9n\u00e9rale<\/em>,<\/p>\n<p>&#8211; Madame Joy-Astrid Poinsot, <em>secr\u00e9taire g\u00e9n\u00e9rale adjointe<\/em>,<\/p>\n<p>&#8211; Madame Marie-Alix Cherchillez, <em>charg\u00e9e de la communication et du site Internet<\/em>.<\/p>\n<p><strong>5. Vote du bar\u00e8me des cotisations pour l\u2019exercice 2017-2018<\/strong><\/p>\n<p>Le bar\u00e8me des cotisations reste inchang\u00e9. Le montant de la cotisation annuelle reste fix\u00e9 \u00e0 16\u20ac\/an. Cette d\u00e9lib\u00e9ration est vot\u00e9e \u00e0 l\u2019unanimit\u00e9 des membres pr\u00e9sents ou repr\u00e9sent\u00e9s.<\/p>\n<p><strong>6. Agenda des manifestations pour l&rsquo;exercice 2017-2018<\/strong><\/p>\n<p>Le bureau informe les membres pr\u00e9sents des manifestations d\u2019ores et d\u00e9j\u00e0 pr\u00e9vues au calendrier de l\u2019association pour l\u2019exercice 2017\/2018.<\/p>\n<p>&#8211; Une visite de l\u2019Assembl\u00e9e nationale est programm\u00e9e \u00e0 l\u2019attention des \u00e9l\u00e8ves du coll\u00e8ge Claude Guyot d\u2019Arnay-le-Duc et des membres de l\u2019Association Claude Guyot le mardi 28 novembre 2017. Il reste actuellement encore sept places de disponibles.<\/p>\n<p>&#8211; Le week-end du 21 janvier 2018, participation \u00e0 l\u2019Assembl\u00e9e G\u00e9n\u00e9rale de l\u2019Institut Vend\u00e9en Clemenceau \u2013 de Lattre \u00e0 Mouilleron-en-Pareds (Vend\u00e9e), ainsi qu\u2019\u00e0 l\u2019hommage annuel au Mar\u00e9chal Jean de Lattre de Tassigny.<\/p>\n<p>&#8211; C\u00e9r\u00e9monie du 8 mai 2018 organis\u00e9e par l\u2019Association Claude Guyot au monument aux morts d\u2019Arnay-le-Duc avec d\u00e9p\u00f4t de gerbes en pr\u00e9sence des \u00e9lus.<\/p>\n<p>&#8211; Suivi des projets \u00e9ditoriaux de l\u2019Association Claude Guyot.<\/p>\n<p><strong>7. Point sur les prochaines publications de l&rsquo;Association Claude Guyot et notamment sur le lancement de la r\u00e9\u00e9dition de \u00ab L\u2019Arrestation des Tantes du Roi \u00e0 Arnay-le-Duc \u00bb de Claude Guyot en cours de finition<\/strong><\/p>\n<p>Le pr\u00e9sident et le tr\u00e9sorier informent l\u2019assembl\u00e9e du montant qu\u2019actuellement la souscription mise en place pour la r\u00e9\u00e9dition de \u00ab L\u2019Arrestation des Tantes du roi \u00e0 Arnay-le-Duc \u00bb a rapport\u00e9e. Il manque actuellement pr\u00e8s de 1.260 \u20ac pour que ce projet puisse aboutir.<\/p>\n<p><strong>8. Point sur les aides financi\u00e8res sollicit\u00e9es aupr\u00e8s des collectivit\u00e9s et des institutionnels<\/strong><\/p>\n<p>Le pr\u00e9sident informe l\u2019assembl\u00e9e pr\u00e9sente qu\u2019une subvention a \u00e9t\u00e9 attribu\u00e9e par le Conseil D\u00e9partemental de C\u00f4te d\u2019Or \u00e0 l\u2019Association Claude Guyot.<\/p>\n<p><strong>9. Point sur les modes de communication et notamment sur la nouvelle version livr\u00e9e du site Internet de l\u2019association et des diverses fonctionnalit\u00e9s propos\u00e9es par ce dernier<\/strong><\/p>\n<p>Le pr\u00e9sident et la responsable du site internet ont expos\u00e9 les modalit\u00e9s de fonctionnement du nouveau site Internet de l\u2019association. Il poss\u00e8de un espace de paiement s\u00e9curis\u00e9 en ligne ainsi qu\u2019un espace membre, permettant \u00e0 tous les membres d\u2019avoir acc\u00e8s \u00e0 l\u2019int\u00e9gralit\u00e9 des documents moyennant la saisie d\u2019un code d\u2019acc\u00e8s transmis chaque ann\u00e9e au moment de l\u2019appel \u00e0 cotisation par le bureau.<\/p>\n<p><strong>10. Mode d\u2019emploi : Paiement des cotisations et dons en ligne directement sur le site Internet de l\u2019association<\/strong><\/p>\n<p>Marie-Alix Cherchillez, charg\u00e9e de la communication et du site Internet, rappelle qu\u2019il est possible de payer sa cotisation tr\u00e8s facilement en ligne et \u00e9galement proc\u00e9der a un don en ligne afin de contribuer \u00e0 la r\u00e9\u00e9dition de l\u2019ouvrage intitul\u00e9 \u00ab L\u2019Arrestation des Tantes du Roi \u00e0 Arnay-le-Duc \u00bb. Il suffit d\u2019utiliser la plateforme d\u00e9di\u00e9e sur le site Internet de l\u2019association.<\/p>\n<p><strong>11. Voyage p\u00e9dagogique organis\u00e9 par l\u2019Association Claude Guyot \u00e0 Paris, le mardi 28 novembre 2017. Ce dernier est ouvert \u00e0 toutes et \u00e0 tous dans la limite des places disponibles<\/strong><\/p>\n<p>Pour toute information compl\u00e9mentaire, il est important de s\u2019inscrire au plus vite aupr\u00e8s du pr\u00e9sident et d\u2019adresser une copie recto verso par mail de sa Carte nationale d\u2019Identit\u00e9 (Plan Vigipirate).<\/p>\n<p><strong>Un proc\u00e8s-verbal d\u00e9taill\u00e9 sera adress\u00e9 par mail aux membres de l\u2019association. Ce dernier sera \u00e9galement disponible sur l\u2019espace membre intranet s\u00e9curis\u00e9 du site internet de l\u2019association, accompagn\u00e9 du bilan financier.<\/strong><\/p>\n","protected":false},"excerpt":{"rendered":"<p>L\u2019assembl\u00e9e g\u00e9n\u00e9rale ordinaire annuelle de l\u2019Association Claude Guyot s\u2019est d\u00e9roul\u00e9e le dimanche 22 Octobre 2017 \u00e0 15 heures au 3, rue de l&rsquo;\u00e9glise \u00e0 Arnay-le-Duc sous la pr\u00e9sidence d\u2019Hadrien Lacoste. Le quorum \u00e9tant atteint, l\u2019assembl\u00e9e g\u00e9n\u00e9rale a donc pu d\u00e9lib\u00e9rer valablement. 1. Accueil \u2013 Hommage aux membres d\u00e9c\u00e9d\u00e9s durant l\u2019exercice 2016-2017 Le bureau a rendu &hellip; <a href=\"https:\/\/www.claudeguyot.com\/index.php\/2017\/10\/23\/assemblee-generale-2017-bilan-perspectives\/\" class=\"more-link\">Continuer la lecture de <span class=\"screen-reader-text\">Assembl\u00e9e G\u00e9n\u00e9rale 2017 &#8211; Bilan et perspectives<\/span>  <span class=\"meta-nav\">&rarr;<\/span><\/a><\/p>\n","protected":false},"author":1,"featured_media":381,"comment_status":"closed","ping_status":"closed","sticky":false,"template":"","format":"standard","meta":{"footnotes":""},"categories":[1],"tags":[],"class_list":["post-380","post","type-post","status-publish","format-standard","has-post-thumbnail","hentry","category-non-classe"],"yoast_head":"<!-- This site is optimized with the Yoast SEO plugin v19.9 - https:\/\/yoast.com\/wordpress\/plugins\/seo\/ -->\n<title>Assembl\u00e9e G\u00e9n\u00e9rale 2017 - Bilan et perspectives - Association Claude Guyot<\/title>\n<meta name=\"robots\" content=\"index, follow, max-snippet:-1, max-image-preview:large, max-video-preview:-1\" \/>\n<link rel=\"canonical\" href=\"https:\/\/www.claudeguyot.com\/index.php\/2017\/10\/23\/assemblee-generale-2017-bilan-perspectives\/\" \/>\n<meta property=\"og:locale\" content=\"fr_FR\" \/>\n<meta property=\"og:type\" content=\"article\" \/>\n<meta property=\"og:title\" content=\"Assembl\u00e9e G\u00e9n\u00e9rale 2017 - Bilan et perspectives - Association Claude Guyot\" \/>\n<meta property=\"og:description\" content=\"L\u2019assembl\u00e9e g\u00e9n\u00e9rale ordinaire annuelle de l\u2019Association Claude Guyot s\u2019est d\u00e9roul\u00e9e le dimanche 22 Octobre 2017 \u00e0 15 heures au 3, rue de l&rsquo;\u00e9glise \u00e0 Arnay-le-Duc sous la pr\u00e9sidence d\u2019Hadrien Lacoste. Le quorum \u00e9tant atteint, l\u2019assembl\u00e9e g\u00e9n\u00e9rale a donc pu d\u00e9lib\u00e9rer valablement. 1. Accueil \u2013 Hommage aux membres d\u00e9c\u00e9d\u00e9s durant l\u2019exercice 2016-2017 Le bureau a rendu &hellip; Continuer la lecture de Assembl\u00e9e G\u00e9n\u00e9rale 2017 &#8211; Bilan et perspectives &rarr;\" \/>\n<meta property=\"og:url\" content=\"https:\/\/www.claudeguyot.com\/index.php\/2017\/10\/23\/assemblee-generale-2017-bilan-perspectives\/\" \/>\n<meta property=\"og:site_name\" content=\"Association Claude Guyot\" \/>\n<meta property=\"article:published_time\" content=\"2017-10-23T15:35:02+00:00\" \/>\n<meta property=\"article:modified_time\" content=\"2025-07-08T20:44:03+00:00\" \/>\n<meta property=\"og:image\" content=\"https:\/\/www.claudeguyot.com\/wp-content\/uploads\/2017\/10\/IMG_0902.jpg\" \/>\n\t<meta property=\"og:image:width\" content=\"4032\" \/>\n\t<meta property=\"og:image:height\" content=\"3024\" \/>\n\t<meta property=\"og:image:type\" content=\"image\/jpeg\" \/>\n<meta name=\"author\" content=\"Claude Guyot\" \/>\n<meta name=\"twitter:card\" content=\"summary_large_image\" \/>\n<meta name=\"twitter:label1\" content=\"\u00c9crit par\" \/>\n\t<meta name=\"twitter:data1\" content=\"Claude Guyot\" \/>\n\t<meta name=\"twitter:label2\" content=\"Dur\u00e9e de lecture estim\u00e9e\" \/>\n\t<meta name=\"twitter:data2\" content=\"5 minutes\" \/>\n<script type=\"application\/ld+json\" class=\"yoast-schema-graph\">{\"@context\":\"https:\/\/schema.org\",\"@graph\":[{\"@type\":\"WebPage\",\"@id\":\"https:\/\/www.claudeguyot.com\/index.php\/2017\/10\/23\/assemblee-generale-2017-bilan-perspectives\/\",\"url\":\"https:\/\/www.claudeguyot.com\/index.php\/2017\/10\/23\/assemblee-generale-2017-bilan-perspectives\/\",\"name\":\"Assembl\u00e9e G\u00e9n\u00e9rale 2017 - Bilan et perspectives - Association Claude Guyot\",\"isPartOf\":{\"@id\":\"https:\/\/www.claudeguyot.com\/#website\"},\"datePublished\":\"2017-10-23T15:35:02+00:00\",\"dateModified\":\"2025-07-08T20:44:03+00:00\",\"author\":{\"@id\":\"https:\/\/www.claudeguyot.com\/#\/schema\/person\/fbc6c67d5e15fc909d64aab1f1f150a1\"},\"breadcrumb\":{\"@id\":\"https:\/\/www.claudeguyot.com\/index.php\/2017\/10\/23\/assemblee-generale-2017-bilan-perspectives\/#breadcrumb\"},\"inLanguage\":\"fr-FR\",\"potentialAction\":[{\"@type\":\"ReadAction\",\"target\":[\"https:\/\/www.claudeguyot.com\/index.php\/2017\/10\/23\/assemblee-generale-2017-bilan-perspectives\/\"]}]},{\"@type\":\"BreadcrumbList\",\"@id\":\"https:\/\/www.claudeguyot.com\/index.php\/2017\/10\/23\/assemblee-generale-2017-bilan-perspectives\/#breadcrumb\",\"itemListElement\":[{\"@type\":\"ListItem\",\"position\":1,\"name\":\"Accueil\",\"item\":\"https:\/\/www.claudeguyot.com\/\"},{\"@type\":\"ListItem\",\"position\":2,\"name\":\"Assembl\u00e9e G\u00e9n\u00e9rale 2017 &#8211; Bilan et perspectives\"}]},{\"@type\":\"WebSite\",\"@id\":\"https:\/\/www.claudeguyot.com\/#website\",\"url\":\"https:\/\/www.claudeguyot.com\/\",\"name\":\"Association Claude Guyot\",\"description\":\"Association loi 1901 reconnue d&#039;int\u00e9r\u00eat g\u00e9n\u00e9ral\",\"potentialAction\":[{\"@type\":\"SearchAction\",\"target\":{\"@type\":\"EntryPoint\",\"urlTemplate\":\"https:\/\/www.claudeguyot.com\/?s={search_term_string}\"},\"query-input\":\"required name=search_term_string\"}],\"inLanguage\":\"fr-FR\"},{\"@type\":\"Person\",\"@id\":\"https:\/\/www.claudeguyot.com\/#\/schema\/person\/fbc6c67d5e15fc909d64aab1f1f150a1\",\"name\":\"Claude Guyot\",\"image\":{\"@type\":\"ImageObject\",\"inLanguage\":\"fr-FR\",\"@id\":\"https:\/\/www.claudeguyot.com\/#\/schema\/person\/image\/\",\"url\":\"https:\/\/secure.gravatar.com\/avatar\/8835715a7343599eaa98fab3b13c331c454cc537ea4343abb5ad3fefe9b4d586?s=96&d=mm&r=g\",\"contentUrl\":\"https:\/\/secure.gravatar.com\/avatar\/8835715a7343599eaa98fab3b13c331c454cc537ea4343abb5ad3fefe9b4d586?s=96&d=mm&r=g\",\"caption\":\"Claude Guyot\"},\"url\":\"https:\/\/www.claudeguyot.com\/index.php\/author\/admin5958\/\"}]}<\/script>\n<!-- \/ Yoast SEO plugin. -->","yoast_head_json":{"title":"Assembl\u00e9e G\u00e9n\u00e9rale 2017 - Bilan et perspectives - Association Claude Guyot","robots":{"index":"index","follow":"follow","max-snippet":"max-snippet:-1","max-image-preview":"max-image-preview:large","max-video-preview":"max-video-preview:-1"},"canonical":"https:\/\/www.claudeguyot.com\/index.php\/2017\/10\/23\/assemblee-generale-2017-bilan-perspectives\/","og_locale":"fr_FR","og_type":"article","og_title":"Assembl\u00e9e G\u00e9n\u00e9rale 2017 - Bilan et perspectives - Association Claude Guyot","og_description":"L\u2019assembl\u00e9e g\u00e9n\u00e9rale ordinaire annuelle de l\u2019Association Claude Guyot s\u2019est d\u00e9roul\u00e9e le dimanche 22 Octobre 2017 \u00e0 15 heures au 3, rue de l&rsquo;\u00e9glise \u00e0 Arnay-le-Duc sous la pr\u00e9sidence d\u2019Hadrien Lacoste. Le quorum \u00e9tant atteint, l\u2019assembl\u00e9e g\u00e9n\u00e9rale a donc pu d\u00e9lib\u00e9rer valablement. 1. Accueil \u2013 Hommage aux membres d\u00e9c\u00e9d\u00e9s durant l\u2019exercice 2016-2017 Le bureau a rendu &hellip; Continuer la lecture de Assembl\u00e9e G\u00e9n\u00e9rale 2017 &#8211; Bilan et perspectives &rarr;","og_url":"https:\/\/www.claudeguyot.com\/index.php\/2017\/10\/23\/assemblee-generale-2017-bilan-perspectives\/","og_site_name":"Association Claude Guyot","article_published_time":"2017-10-23T15:35:02+00:00","article_modified_time":"2025-07-08T20:44:03+00:00","og_image":[{"width":4032,"height":3024,"url":"https:\/\/www.claudeguyot.com\/wp-content\/uploads\/2017\/10\/IMG_0902.jpg","type":"image\/jpeg"}],"author":"Claude Guyot","twitter_card":"summary_large_image","twitter_misc":{"\u00c9crit par":"Claude Guyot","Dur\u00e9e de lecture estim\u00e9e":"5 minutes"},"schema":{"@context":"https:\/\/schema.org","@graph":[{"@type":"WebPage","@id":"https:\/\/www.claudeguyot.com\/index.php\/2017\/10\/23\/assemblee-generale-2017-bilan-perspectives\/","url":"https:\/\/www.claudeguyot.com\/index.php\/2017\/10\/23\/assemblee-generale-2017-bilan-perspectives\/","name":"Assembl\u00e9e G\u00e9n\u00e9rale 2017 - Bilan et perspectives - Association Claude Guyot","isPartOf":{"@id":"https:\/\/www.claudeguyot.com\/#website"},"datePublished":"2017-10-23T15:35:02+00:00","dateModified":"2025-07-08T20:44:03+00:00","author":{"@id":"https:\/\/www.claudeguyot.com\/#\/schema\/person\/fbc6c67d5e15fc909d64aab1f1f150a1"},"breadcrumb":{"@id":"https:\/\/www.claudeguyot.com\/index.php\/2017\/10\/23\/assemblee-generale-2017-bilan-perspectives\/#breadcrumb"},"inLanguage":"fr-FR","potentialAction":[{"@type":"ReadAction","target":["https:\/\/www.claudeguyot.com\/index.php\/2017\/10\/23\/assemblee-generale-2017-bilan-perspectives\/"]}]},{"@type":"BreadcrumbList","@id":"https:\/\/www.claudeguyot.com\/index.php\/2017\/10\/23\/assemblee-generale-2017-bilan-perspectives\/#breadcrumb","itemListElement":[{"@type":"ListItem","position":1,"name":"Accueil","item":"https:\/\/www.claudeguyot.com\/"},{"@type":"ListItem","position":2,"name":"Assembl\u00e9e G\u00e9n\u00e9rale 2017 &#8211; Bilan et perspectives"}]},{"@type":"WebSite","@id":"https:\/\/www.claudeguyot.com\/#website","url":"https:\/\/www.claudeguyot.com\/","name":"Association Claude Guyot","description":"Association loi 1901 reconnue d&#039;int\u00e9r\u00eat g\u00e9n\u00e9ral","potentialAction":[{"@type":"SearchAction","target":{"@type":"EntryPoint","urlTemplate":"https:\/\/www.claudeguyot.com\/?s={search_term_string}"},"query-input":"required name=search_term_string"}],"inLanguage":"fr-FR"},{"@type":"Person","@id":"https:\/\/www.claudeguyot.com\/#\/schema\/person\/fbc6c67d5e15fc909d64aab1f1f150a1","name":"Claude Guyot","image":{"@type":"ImageObject","inLanguage":"fr-FR","@id":"https:\/\/www.claudeguyot.com\/#\/schema\/person\/image\/","url":"https:\/\/secure.gravatar.com\/avatar\/8835715a7343599eaa98fab3b13c331c454cc537ea4343abb5ad3fefe9b4d586?s=96&d=mm&r=g","contentUrl":"https:\/\/secure.gravatar.com\/avatar\/8835715a7343599eaa98fab3b13c331c454cc537ea4343abb5ad3fefe9b4d586?s=96&d=mm&r=g","caption":"Claude Guyot"},"url":"https:\/\/www.claudeguyot.com\/index.php\/author\/admin5958\/"}]}},"jetpack_featured_media_url":"https:\/\/www.claudeguyot.com\/wp-content\/uploads\/2017\/10\/IMG_0902.jpg","_links":{"self":[{"href":"https:\/\/www.claudeguyot.com\/index.php\/wp-json\/wp\/v2\/posts\/380","targetHints":{"allow":["GET"]}}],"collection":[{"href":"https:\/\/www.claudeguyot.com\/index.php\/wp-json\/wp\/v2\/posts"}],"about":[{"href":"https:\/\/www.claudeguyot.com\/index.php\/wp-json\/wp\/v2\/types\/post"}],"author":[{"embeddable":true,"href":"https:\/\/www.claudeguyot.com\/index.php\/wp-json\/wp\/v2\/users\/1"}],"replies":[{"embeddable":true,"href":"https:\/\/www.claudeguyot.com\/index.php\/wp-json\/wp\/v2\/comments?post=380"}],"version-history":[{"count":6,"href":"https:\/\/www.claudeguyot.com\/index.php\/wp-json\/wp\/v2\/posts\/380\/revisions"}],"predecessor-version":[{"id":390,"href":"https:\/\/www.claudeguyot.com\/index.php\/wp-json\/wp\/v2\/posts\/380\/revisions\/390"}],"wp:featuredmedia":[{"embeddable":true,"href":"https:\/\/www.claudeguyot.com\/index.php\/wp-json\/wp\/v2\/media\/381"}],"wp:attachment":[{"href":"https:\/\/www.claudeguyot.com\/index.php\/wp-json\/wp\/v2\/media?parent=380"}],"wp:term":[{"taxonomy":"category","embeddable":true,"href":"https:\/\/www.claudeguyot.com\/index.php\/wp-json\/wp\/v2\/categories?post=380"},{"taxonomy":"post_tag","embeddable":true,"href":"https:\/\/www.claudeguyot.com\/index.php\/wp-json\/wp\/v2\/tags?post=380"}],"curies":[{"name":"wp","href":"https:\/\/api.w.org\/{rel}","templated":true}]}}