{"id":420,"date":"2017-10-27T12:39:32","date_gmt":"2017-10-27T11:39:32","guid":{"rendered":"http:\/\/www.claudeguyot.com\/?p=420"},"modified":"2025-07-08T21:43:58","modified_gmt":"2025-07-08T20:43:58","slug":"daniel-cordier-nomme-chancelier-dhonneur-de-lordre-de-liberation","status":"publish","type":"post","link":"https:\/\/www.claudeguyot.com\/index.php\/2017\/10\/27\/daniel-cordier-nomme-chancelier-dhonneur-de-lordre-de-liberation\/","title":{"rendered":"Daniel Cordier nomm\u00e9 chancelier d\u2019honneur de l\u2019Ordre de la Lib\u00e9ration"},"content":{"rendered":"<p>L\u2019Ordre de la Lib\u00e9ration a eu l\u2019honneur de faire part de la nomination de M. Daniel Cordier, compagnon de la Lib\u00e9ration, comme nouveau chancelier d\u2019honneur, par d\u00e9cret du pr\u00e9sident de la R\u00e9publique en date du 23 octobre 2017. Monsieur Daniel Cordier succ\u00e8de ainsi au colonel (h) Fred Moore, d\u00e9c\u00e9d\u00e9 le 16 septembre 2017.<\/p>\n<p>Daniel Bouyjou-Cordier est n\u00e9 le 10 ao\u00fbt 1920 \u00e0 Bordeaux (Gironde) dans une famille de n\u00e9gociants.<\/p>\n<p>Lyc\u00e9en et militant de l\u2019Action fran\u00e7aise, il est r\u00e9volt\u00e9 par le discours du mar\u00e9chal P\u00e9tain le 17 juin 1940. D\u00e9cid\u00e9 \u00e0 continuer la lutte, il rassemble 16 volontaires avec lesquels il embarque le 21 juin depuis Bayonne sur un navire belge, le Leopold II, qui atteint Falsmouth (Royaume-Uni) le 25 juin.<\/p>\n<p>Imm\u00e9diatement, Daniel Cordier s&rsquo;engage avec ses camarades dans la \u00ab\u00a0L\u00e9gion de Gaulle\u00a0\u00bb. Promu aspirant en ao\u00fbt 1941, il obtient d&rsquo;\u00eatre affect\u00e9 au service \u00ab\u00a0Action\u00a0\u00bb du Bureau Central de Renseignements et d&rsquo;Action (BCRA), c&rsquo;est-\u00e0-dire les services secrets de la France libre \u00e0 Londres. Au terme de sa formation d\u2019agent, il est parachut\u00e9 en France en juillet 1942.<\/p>\n<p>C\u2019est \u00e0 Lyon qu\u2019il rencontre pour la premi\u00e8re fois Jean Moulin, alias Rex, qui l&rsquo;engage pour organiser son secr\u00e9tariat. Pendant presque un an, Daniel Cordier est son principal adjoint, g\u00e9rant son agenda, ses h\u00e9bergements clandestins, les liaisons avec les mouvements de R\u00e9sistance et la transmission des courriers avec Londres. En mars 1943, il installe \u00e0 Paris, selon les directives de Jean Moulin, son secr\u00e9tariat de zone nord.<\/p>\n<p>Apr\u00e8s l&rsquo;arrestation de ce dernier le 21 juin 1943, il poursuit sa mission en zone nord comme secr\u00e9taire de la D\u00e9l\u00e9gation g\u00e9n\u00e9rale en France aupr\u00e8s de Claude Bouchinet-Serreulles, successeur par int\u00e9rim de Jean Moulin. A son poste jusqu&rsquo;au 21 mars 1944, pourchass\u00e9 par la Gestapo, il s&rsquo;\u00e9vade par les Pyr\u00e9n\u00e9es. Intern\u00e9 en Espagne, \u00e0 Pampelune puis \u00e0 Miranda, il est de retour en Angleterre fin mai 1944 et est nomm\u00e9 chef de la section des parachutages d&rsquo;agents du BCRA.<\/p>\n<p>Chef de cabinet du colonel Passy, directeur de la Direction g\u00e9n\u00e9rale des \u00e9tudes et recherches (DGER), il d\u00e9missionne apr\u00e8s le d\u00e9part du g\u00e9n\u00e9ral de Gaulle en janvier 1946.<\/p>\n<p>Apr\u00e8s la guerre, Daniel Cordier s\u2019adonne \u00e0 la peinture et devient un important collectionneur d&rsquo;art contemporain avant de se consacrer \u00e0 la biographie de Jean Moulin.<\/p>\n<p>Daniel Cordier est membre du Conseil de l&rsquo;Ordre de la Lib\u00e9ration depuis septembre 2005. Il est nomm\u00e9 chancelier d\u2019honneur le 23 octobre 2017.<\/p>\n<p>LA CR\u00c9ATION DE LA M\u00c9DAILLE<\/p>\n<blockquote><p><img loading=\"lazy\" decoding=\"async\" class=\"alignnone size-medium wp-image-428\" src=\"https:\/\/www.claudeguyot.com\/wp-content\/uploads\/2017\/10\/IMG_1036-265x300.jpg\" alt=\"IMG_1036\" width=\"265\" height=\"300\" srcset=\"https:\/\/www.claudeguyot.com\/wp-content\/uploads\/2017\/10\/IMG_1036-265x300.jpg 265w, https:\/\/www.claudeguyot.com\/wp-content\/uploads\/2017\/10\/IMG_1036.jpg 400w\" sizes=\"auto, (max-width: 265px) 100vw, 265px\" \/><\/p><\/blockquote>\n<p>A une demande faite au g\u00e9n\u00e9ral de Gaulle de croix de la Lib\u00e9ration destin\u00e9e \u00e0 r\u00e9compenser l\u2019action dans la R\u00e9sistance d\u2019un ing\u00e9nieur, le G\u00e9n\u00e9ral r\u00e9pondait le 12 mars 1942 : \u00ab Pour obtenir l\u2019ordre de la Lib\u00e9ration, il est n\u00e9cessaire d\u2019avoir \u00e0 son actif une action d\u2019\u00e9clat v\u00e9ritablement exceptionnelle. Le brave ing\u00e9nieur X ne me parait pas dans ce cas. Toutefois une d\u00e9coration interm\u00e9diaire est actuellement \u00e0 l\u2019\u00e9tude pour laquelle je vous prie de me proposer monsieur X en temps utile \u00bb.<\/p>\n<p>La r\u00e9flexion du g\u00e9n\u00e9ral de Gaulle sur l\u2019opportunit\u00e9 de donner le jour \u00e0 une nouvelle d\u00e9coration le conduit, le 19 juillet 1942, \u00e0 \u00ab cr\u00e9er une commission ayant pour objet d\u2019\u00e9tudier la cr\u00e9ation d\u2019une d\u00e9coration destin\u00e9e \u00e0 r\u00e9compenser les m\u00e9rites des personnes ayant eu une part effective et importante dans le ralliement des territoires \u00e0 la France combattante \u00bb.<\/p>\n<p>Le 20 ao\u00fbt 1942, la commission arr\u00eate son choix sur l\u2019appellation M\u00e9daille de la R\u00e9sistance Fran\u00e7aise.<\/p>\n<p>La m\u00e9daille de la R\u00e9sistance fran\u00e7aise est institu\u00e9e, \u00e0 Londres, par ordonnance du 9 f\u00e9vrier 1943 du g\u00e9n\u00e9ral de Gaulle, \u00ab\u00a0chef de la France combattante\u00a0\u00bb. Son objet est de \u00ab\u00a0reconna\u00eetre les actes remarquables de foi et de courage qui, en France, dans l&rsquo;Empire et \u00e0 l&rsquo;\u00e9tranger, auront contribu\u00e9 \u00e0 la r\u00e9sistance du peuple fran\u00e7ais contre l&rsquo;ennemi et contre ses complices depuis le 18 juin 1940.\u00a0\u00bb C&rsquo;est la seconde, et seule, d\u00e9coration cr\u00e9\u00e9e, apr\u00e8s l&rsquo;Ordre de la Lib\u00e9ration, pendant la guerre, par le g\u00e9n\u00e9ral de Gaulle.<\/p>\n<p>La m\u00e9daille de la R\u00e9sistance fran\u00e7aise n&rsquo;a \u00e9t\u00e9 d\u00e9cern\u00e9e que par d\u00e9cret du chef de la France combattante, du pr\u00e9sident du Gouvernement provisoire de la R\u00e9publique puis, \u00e0 partir du 1er janvier 1947, du pr\u00e9sident de la R\u00e9publique. Elle n&rsquo;est plus attribu\u00e9e depuis le 1er avril 1947, sauf au titre de la R\u00e9sistance en Indochine, pour laquelle le d\u00e9lai a \u00e9t\u00e9 prorog\u00e9 jusqu&rsquo;au 31 d\u00e9cembre 1947 et peut encore \u00eatre attribu\u00e9e, \u00e0 titre posthume, dans les m\u00eames conditions, mais uniquement \u00e0 des personnes tu\u00e9es pendant la guerre.<\/p>\n<p>LA M\u00c9DAILLE DE LA R\u00c9SISTANCE ET L&rsquo;ORDRE DE LA LIB\u00c9RATION<\/p>\n<p><img loading=\"lazy\" decoding=\"async\" class=\"alignnone size-medium wp-image-429\" src=\"https:\/\/www.claudeguyot.com\/wp-content\/uploads\/2017\/10\/IMG_1037-300x300.jpg\" alt=\"IMG_1037\" width=\"300\" height=\"300\" srcset=\"https:\/\/www.claudeguyot.com\/wp-content\/uploads\/2017\/10\/IMG_1037-300x300.jpg 300w, https:\/\/www.claudeguyot.com\/wp-content\/uploads\/2017\/10\/IMG_1037-150x150.jpg 150w, https:\/\/www.claudeguyot.com\/wp-content\/uploads\/2017\/10\/IMG_1037.jpg 421w\" sizes=\"auto, (max-width: 300px) 100vw, 300px\" \/><\/p>\n<p>L&rsquo;ordonnance du 10 ao\u00fbt 1945, confirm\u00e9e par la loi du 26 mai 1999 et par le d\u00e9cret du 15 novembre 2005, fixant l&rsquo;avenir de l&rsquo;ordre de la Lib\u00e9ration, a consacr\u00e9 le lien organique entre cet Ordre et la m\u00e9daille de la R\u00e9sistance fran\u00e7aise.<\/p>\n<p>En premier lieu c&rsquo;est sous l&rsquo;autorit\u00e9 du d\u00e9l\u00e9gu\u00e9 national du Conseil national des communes \u00ab\u00a0compagnon de la Lib\u00e9ration\u00a0\u00bb, qui en assure de droit la pr\u00e9sidence, qu&rsquo;est plac\u00e9 le secr\u00e9tariat de la Commission nationale de la M\u00e9daille. La Commission est un organisme officiel dont les membres sont nomm\u00e9s par d\u00e9cret du pr\u00e9sident de la R\u00e9publique. Sa comp\u00e9tence est d&rsquo;assurer la discipline des m\u00e9daill\u00e9s. C&rsquo;est sur sa proposition exclusive (sauf cas d&rsquo;urgence pendant la guerre) qu&rsquo;\u00e9tait d\u00e9cern\u00e9e la d\u00e9coration. Il est encore aujourd&rsquo;hui de son ressort de proposer l&rsquo;attribution de la m\u00e9daille \u00e0 titre posthume. Elle g\u00e8re le fichier des m\u00e9daill\u00e9s.<\/p>\n<p>En second lieu, l&rsquo;ordre de la Lib\u00e9ration a pour mission d&rsquo;assurer la mise en \u0153uvre de toutes mesures \u00ab\u00a0en vue de conserver la m\u00e9moire de l&rsquo;ordre de la Lib\u00e9ration, de ses membres et des M\u00e9daill\u00e9s de la R\u00e9sistance fran\u00e7aise\u00a0\u00bb et de participer \u00e0 l&rsquo;aide morale et mat\u00e9rielle aux compagnons de la Lib\u00e9ration, aux m\u00e9daill\u00e9s de la R\u00e9sistance fran\u00e7aise et \u00e0 leurs veuves et enfants.<\/p>\n<p>Enfin, et d&rsquo;une mani\u00e8re g\u00e9n\u00e9rale, l&rsquo;ordre de la Lib\u00e9ration \u00ab\u00a0\u2026 assure le service de la m\u00e9daille de la R\u00e9sistance fran\u00e7aise\u00a0\u00bb.<\/p>\n<p>Afin de faire vivre et de transmettre la m\u00e9moire de la R\u00e9sistance fran\u00e7aise, l&rsquo;association nationale des communes m\u00e9daill\u00e9es de la R\u00e9sistance fran\u00e7aise a \u00e9t\u00e9 cr\u00e9\u00e9e en 2013.<\/p>\n<p><img loading=\"lazy\" decoding=\"async\" class=\"alignnone size-medium wp-image-430\" src=\"https:\/\/www.claudeguyot.com\/wp-content\/uploads\/2017\/10\/IMG_1038-300x200.jpg\" alt=\"IMG_1038\" width=\"300\" height=\"200\" srcset=\"https:\/\/www.claudeguyot.com\/wp-content\/uploads\/2017\/10\/IMG_1038-300x200.jpg 300w, https:\/\/www.claudeguyot.com\/wp-content\/uploads\/2017\/10\/IMG_1038.jpg 521w\" sizes=\"auto, (max-width: 300px) 100vw, 300px\" \/><\/p>\n","protected":false},"excerpt":{"rendered":"<p>L\u2019Ordre de la Lib\u00e9ration a eu l\u2019honneur de faire part de la nomination de M. Daniel Cordier, compagnon de la Lib\u00e9ration, comme nouveau chancelier d\u2019honneur, par d\u00e9cret du pr\u00e9sident de la R\u00e9publique en date du 23 octobre 2017. Monsieur Daniel Cordier succ\u00e8de ainsi au colonel (h) Fred Moore, d\u00e9c\u00e9d\u00e9 le 16 septembre 2017. Daniel Bouyjou-Cordier &hellip; <a href=\"https:\/\/www.claudeguyot.com\/index.php\/2017\/10\/27\/daniel-cordier-nomme-chancelier-dhonneur-de-lordre-de-liberation\/\" class=\"more-link\">Continuer la lecture de <span class=\"screen-reader-text\">Daniel Cordier nomm\u00e9 chancelier d\u2019honneur de l\u2019Ordre de la Lib\u00e9ration<\/span>  <span class=\"meta-nav\">&rarr;<\/span><\/a><\/p>\n","protected":false},"author":1,"featured_media":426,"comment_status":"closed","ping_status":"closed","sticky":false,"template":"","format":"standard","meta":{"footnotes":""},"categories":[1],"tags":[],"class_list":["post-420","post","type-post","status-publish","format-standard","has-post-thumbnail","hentry","category-non-classe"],"yoast_head":"<!-- This site is optimized with the Yoast SEO plugin v19.9 - https:\/\/yoast.com\/wordpress\/plugins\/seo\/ -->\n<title>Daniel Cordier nomm\u00e9 chancelier d\u2019honneur de l\u2019Ordre de la Lib\u00e9ration - Association Claude Guyot<\/title>\n<meta name=\"robots\" content=\"index, follow, max-snippet:-1, max-image-preview:large, max-video-preview:-1\" \/>\n<link rel=\"canonical\" href=\"https:\/\/www.claudeguyot.com\/index.php\/2017\/10\/27\/daniel-cordier-nomme-chancelier-dhonneur-de-lordre-de-liberation\/\" \/>\n<meta property=\"og:locale\" content=\"fr_FR\" \/>\n<meta property=\"og:type\" content=\"article\" \/>\n<meta property=\"og:title\" content=\"Daniel Cordier nomm\u00e9 chancelier d\u2019honneur de l\u2019Ordre de la Lib\u00e9ration - Association Claude Guyot\" \/>\n<meta property=\"og:description\" content=\"L\u2019Ordre de la Lib\u00e9ration a eu l\u2019honneur de faire part de la nomination de M. Daniel Cordier, compagnon de la Lib\u00e9ration, comme nouveau chancelier d\u2019honneur, par d\u00e9cret du pr\u00e9sident de la R\u00e9publique en date du 23 octobre 2017. Monsieur Daniel Cordier succ\u00e8de ainsi au colonel (h) Fred Moore, d\u00e9c\u00e9d\u00e9 le 16 septembre 2017. Daniel Bouyjou-Cordier &hellip; Continuer la lecture de Daniel Cordier nomm\u00e9 chancelier d\u2019honneur de l\u2019Ordre de la Lib\u00e9ration &rarr;\" \/>\n<meta property=\"og:url\" content=\"https:\/\/www.claudeguyot.com\/index.php\/2017\/10\/27\/daniel-cordier-nomme-chancelier-dhonneur-de-lordre-de-liberation\/\" \/>\n<meta property=\"og:site_name\" content=\"Association Claude Guyot\" \/>\n<meta property=\"article:published_time\" content=\"2017-10-27T11:39:32+00:00\" \/>\n<meta property=\"article:modified_time\" content=\"2025-07-08T20:43:58+00:00\" \/>\n<meta property=\"og:image\" content=\"https:\/\/www.claudeguyot.com\/wp-content\/uploads\/2017\/10\/D5AE61E1-981E-473D-869D-0504E8CE0BBE.jpg\" \/>\n\t<meta property=\"og:image:width\" content=\"2048\" \/>\n\t<meta property=\"og:image:height\" content=\"2048\" \/>\n\t<meta property=\"og:image:type\" content=\"image\/jpeg\" \/>\n<meta name=\"author\" content=\"Claude Guyot\" \/>\n<meta name=\"twitter:card\" content=\"summary_large_image\" \/>\n<meta name=\"twitter:label1\" content=\"\u00c9crit par\" \/>\n\t<meta name=\"twitter:data1\" content=\"Claude Guyot\" \/>\n\t<meta name=\"twitter:label2\" content=\"Dur\u00e9e de lecture estim\u00e9e\" \/>\n\t<meta name=\"twitter:data2\" content=\"6 minutes\" \/>\n<script type=\"application\/ld+json\" class=\"yoast-schema-graph\">{\"@context\":\"https:\/\/schema.org\",\"@graph\":[{\"@type\":\"WebPage\",\"@id\":\"https:\/\/www.claudeguyot.com\/index.php\/2017\/10\/27\/daniel-cordier-nomme-chancelier-dhonneur-de-lordre-de-liberation\/\",\"url\":\"https:\/\/www.claudeguyot.com\/index.php\/2017\/10\/27\/daniel-cordier-nomme-chancelier-dhonneur-de-lordre-de-liberation\/\",\"name\":\"Daniel Cordier nomm\u00e9 chancelier d\u2019honneur de l\u2019Ordre de la Lib\u00e9ration - Association Claude Guyot\",\"isPartOf\":{\"@id\":\"https:\/\/www.claudeguyot.com\/#website\"},\"datePublished\":\"2017-10-27T11:39:32+00:00\",\"dateModified\":\"2025-07-08T20:43:58+00:00\",\"author\":{\"@id\":\"https:\/\/www.claudeguyot.com\/#\/schema\/person\/fbc6c67d5e15fc909d64aab1f1f150a1\"},\"breadcrumb\":{\"@id\":\"https:\/\/www.claudeguyot.com\/index.php\/2017\/10\/27\/daniel-cordier-nomme-chancelier-dhonneur-de-lordre-de-liberation\/#breadcrumb\"},\"inLanguage\":\"fr-FR\",\"potentialAction\":[{\"@type\":\"ReadAction\",\"target\":[\"https:\/\/www.claudeguyot.com\/index.php\/2017\/10\/27\/daniel-cordier-nomme-chancelier-dhonneur-de-lordre-de-liberation\/\"]}]},{\"@type\":\"BreadcrumbList\",\"@id\":\"https:\/\/www.claudeguyot.com\/index.php\/2017\/10\/27\/daniel-cordier-nomme-chancelier-dhonneur-de-lordre-de-liberation\/#breadcrumb\",\"itemListElement\":[{\"@type\":\"ListItem\",\"position\":1,\"name\":\"Accueil\",\"item\":\"https:\/\/www.claudeguyot.com\/\"},{\"@type\":\"ListItem\",\"position\":2,\"name\":\"Daniel Cordier nomm\u00e9 chancelier d\u2019honneur de l\u2019Ordre de la Lib\u00e9ration\"}]},{\"@type\":\"WebSite\",\"@id\":\"https:\/\/www.claudeguyot.com\/#website\",\"url\":\"https:\/\/www.claudeguyot.com\/\",\"name\":\"Association Claude Guyot\",\"description\":\"Association loi 1901 reconnue d&#039;int\u00e9r\u00eat g\u00e9n\u00e9ral\",\"potentialAction\":[{\"@type\":\"SearchAction\",\"target\":{\"@type\":\"EntryPoint\",\"urlTemplate\":\"https:\/\/www.claudeguyot.com\/?s={search_term_string}\"},\"query-input\":\"required name=search_term_string\"}],\"inLanguage\":\"fr-FR\"},{\"@type\":\"Person\",\"@id\":\"https:\/\/www.claudeguyot.com\/#\/schema\/person\/fbc6c67d5e15fc909d64aab1f1f150a1\",\"name\":\"Claude Guyot\",\"image\":{\"@type\":\"ImageObject\",\"inLanguage\":\"fr-FR\",\"@id\":\"https:\/\/www.claudeguyot.com\/#\/schema\/person\/image\/\",\"url\":\"https:\/\/secure.gravatar.com\/avatar\/8835715a7343599eaa98fab3b13c331c454cc537ea4343abb5ad3fefe9b4d586?s=96&d=mm&r=g\",\"contentUrl\":\"https:\/\/secure.gravatar.com\/avatar\/8835715a7343599eaa98fab3b13c331c454cc537ea4343abb5ad3fefe9b4d586?s=96&d=mm&r=g\",\"caption\":\"Claude Guyot\"},\"url\":\"https:\/\/www.claudeguyot.com\/index.php\/author\/admin5958\/\"}]}<\/script>\n<!-- \/ Yoast SEO plugin. -->","yoast_head_json":{"title":"Daniel Cordier nomm\u00e9 chancelier d\u2019honneur de l\u2019Ordre de la Lib\u00e9ration - Association Claude Guyot","robots":{"index":"index","follow":"follow","max-snippet":"max-snippet:-1","max-image-preview":"max-image-preview:large","max-video-preview":"max-video-preview:-1"},"canonical":"https:\/\/www.claudeguyot.com\/index.php\/2017\/10\/27\/daniel-cordier-nomme-chancelier-dhonneur-de-lordre-de-liberation\/","og_locale":"fr_FR","og_type":"article","og_title":"Daniel Cordier nomm\u00e9 chancelier d\u2019honneur de l\u2019Ordre de la Lib\u00e9ration - Association Claude Guyot","og_description":"L\u2019Ordre de la Lib\u00e9ration a eu l\u2019honneur de faire part de la nomination de M. Daniel Cordier, compagnon de la Lib\u00e9ration, comme nouveau chancelier d\u2019honneur, par d\u00e9cret du pr\u00e9sident de la R\u00e9publique en date du 23 octobre 2017. Monsieur Daniel Cordier succ\u00e8de ainsi au colonel (h) Fred Moore, d\u00e9c\u00e9d\u00e9 le 16 septembre 2017. Daniel Bouyjou-Cordier &hellip; Continuer la lecture de Daniel Cordier nomm\u00e9 chancelier d\u2019honneur de l\u2019Ordre de la Lib\u00e9ration &rarr;","og_url":"https:\/\/www.claudeguyot.com\/index.php\/2017\/10\/27\/daniel-cordier-nomme-chancelier-dhonneur-de-lordre-de-liberation\/","og_site_name":"Association Claude Guyot","article_published_time":"2017-10-27T11:39:32+00:00","article_modified_time":"2025-07-08T20:43:58+00:00","og_image":[{"width":2048,"height":2048,"url":"https:\/\/www.claudeguyot.com\/wp-content\/uploads\/2017\/10\/D5AE61E1-981E-473D-869D-0504E8CE0BBE.jpg","type":"image\/jpeg"}],"author":"Claude Guyot","twitter_card":"summary_large_image","twitter_misc":{"\u00c9crit par":"Claude Guyot","Dur\u00e9e de lecture estim\u00e9e":"6 minutes"},"schema":{"@context":"https:\/\/schema.org","@graph":[{"@type":"WebPage","@id":"https:\/\/www.claudeguyot.com\/index.php\/2017\/10\/27\/daniel-cordier-nomme-chancelier-dhonneur-de-lordre-de-liberation\/","url":"https:\/\/www.claudeguyot.com\/index.php\/2017\/10\/27\/daniel-cordier-nomme-chancelier-dhonneur-de-lordre-de-liberation\/","name":"Daniel Cordier nomm\u00e9 chancelier d\u2019honneur de l\u2019Ordre de la Lib\u00e9ration - Association Claude Guyot","isPartOf":{"@id":"https:\/\/www.claudeguyot.com\/#website"},"datePublished":"2017-10-27T11:39:32+00:00","dateModified":"2025-07-08T20:43:58+00:00","author":{"@id":"https:\/\/www.claudeguyot.com\/#\/schema\/person\/fbc6c67d5e15fc909d64aab1f1f150a1"},"breadcrumb":{"@id":"https:\/\/www.claudeguyot.com\/index.php\/2017\/10\/27\/daniel-cordier-nomme-chancelier-dhonneur-de-lordre-de-liberation\/#breadcrumb"},"inLanguage":"fr-FR","potentialAction":[{"@type":"ReadAction","target":["https:\/\/www.claudeguyot.com\/index.php\/2017\/10\/27\/daniel-cordier-nomme-chancelier-dhonneur-de-lordre-de-liberation\/"]}]},{"@type":"BreadcrumbList","@id":"https:\/\/www.claudeguyot.com\/index.php\/2017\/10\/27\/daniel-cordier-nomme-chancelier-dhonneur-de-lordre-de-liberation\/#breadcrumb","itemListElement":[{"@type":"ListItem","position":1,"name":"Accueil","item":"https:\/\/www.claudeguyot.com\/"},{"@type":"ListItem","position":2,"name":"Daniel Cordier nomm\u00e9 chancelier d\u2019honneur de l\u2019Ordre de la Lib\u00e9ration"}]},{"@type":"WebSite","@id":"https:\/\/www.claudeguyot.com\/#website","url":"https:\/\/www.claudeguyot.com\/","name":"Association Claude Guyot","description":"Association loi 1901 reconnue d&#039;int\u00e9r\u00eat g\u00e9n\u00e9ral","potentialAction":[{"@type":"SearchAction","target":{"@type":"EntryPoint","urlTemplate":"https:\/\/www.claudeguyot.com\/?s={search_term_string}"},"query-input":"required name=search_term_string"}],"inLanguage":"fr-FR"},{"@type":"Person","@id":"https:\/\/www.claudeguyot.com\/#\/schema\/person\/fbc6c67d5e15fc909d64aab1f1f150a1","name":"Claude Guyot","image":{"@type":"ImageObject","inLanguage":"fr-FR","@id":"https:\/\/www.claudeguyot.com\/#\/schema\/person\/image\/","url":"https:\/\/secure.gravatar.com\/avatar\/8835715a7343599eaa98fab3b13c331c454cc537ea4343abb5ad3fefe9b4d586?s=96&d=mm&r=g","contentUrl":"https:\/\/secure.gravatar.com\/avatar\/8835715a7343599eaa98fab3b13c331c454cc537ea4343abb5ad3fefe9b4d586?s=96&d=mm&r=g","caption":"Claude Guyot"},"url":"https:\/\/www.claudeguyot.com\/index.php\/author\/admin5958\/"}]}},"jetpack_featured_media_url":"https:\/\/www.claudeguyot.com\/wp-content\/uploads\/2017\/10\/D5AE61E1-981E-473D-869D-0504E8CE0BBE.jpg","_links":{"self":[{"href":"https:\/\/www.claudeguyot.com\/index.php\/wp-json\/wp\/v2\/posts\/420","targetHints":{"allow":["GET"]}}],"collection":[{"href":"https:\/\/www.claudeguyot.com\/index.php\/wp-json\/wp\/v2\/posts"}],"about":[{"href":"https:\/\/www.claudeguyot.com\/index.php\/wp-json\/wp\/v2\/types\/post"}],"author":[{"embeddable":true,"href":"https:\/\/www.claudeguyot.com\/index.php\/wp-json\/wp\/v2\/users\/1"}],"replies":[{"embeddable":true,"href":"https:\/\/www.claudeguyot.com\/index.php\/wp-json\/wp\/v2\/comments?post=420"}],"version-history":[{"count":4,"href":"https:\/\/www.claudeguyot.com\/index.php\/wp-json\/wp\/v2\/posts\/420\/revisions"}],"predecessor-version":[{"id":432,"href":"https:\/\/www.claudeguyot.com\/index.php\/wp-json\/wp\/v2\/posts\/420\/revisions\/432"}],"wp:featuredmedia":[{"embeddable":true,"href":"https:\/\/www.claudeguyot.com\/index.php\/wp-json\/wp\/v2\/media\/426"}],"wp:attachment":[{"href":"https:\/\/www.claudeguyot.com\/index.php\/wp-json\/wp\/v2\/media?parent=420"}],"wp:term":[{"taxonomy":"category","embeddable":true,"href":"https:\/\/www.claudeguyot.com\/index.php\/wp-json\/wp\/v2\/categories?post=420"},{"taxonomy":"post_tag","embeddable":true,"href":"https:\/\/www.claudeguyot.com\/index.php\/wp-json\/wp\/v2\/tags?post=420"}],"curies":[{"name":"wp","href":"https:\/\/api.w.org\/{rel}","templated":true}]}}