{"id":462,"date":"2017-11-21T09:57:48","date_gmt":"2017-11-21T08:57:48","guid":{"rendered":"http:\/\/www.claudeguyot.com\/?p=462"},"modified":"2025-07-08T21:47:10","modified_gmt":"2025-07-08T20:47:10","slug":"lancement-dictionnaire-clemenceau","status":"publish","type":"post","link":"https:\/\/www.claudeguyot.com\/index.php\/2017\/11\/21\/lancement-dictionnaire-clemenceau\/","title":{"rendered":"Lancement du Dictionnaire Clemenceau"},"content":{"rendered":"<p>Lancement du dictionnaire Clemenceau \u00e9dit\u00e9 par Robert Laffont dans la collection Bouquins \u00e0 l\u2019h\u00f4tel de Brienne, si\u00e8ge du Minist\u00e8re de La D\u00e9fense. Cette c\u00e9r\u00e9monie \u00e9tait pr\u00e9sid\u00e9e par Madame Genevi\u00e8ve Darrieussecq, secr\u00e9taire d\u2019Etat aupr\u00e8s de la ministre des Arm\u00e9es.<\/p>\n<blockquote><p><img loading=\"lazy\" decoding=\"async\" class=\"alignnone size-medium wp-image-466\" src=\"https:\/\/www.claudeguyot.com\/wp-content\/uploads\/2017\/11\/IMG_1839-225x300.jpg\" alt=\"IMG_1839\" width=\"225\" height=\"300\" srcset=\"https:\/\/www.claudeguyot.com\/wp-content\/uploads\/2017\/11\/IMG_1839-225x300.jpg 225w, https:\/\/www.claudeguyot.com\/wp-content\/uploads\/2017\/11\/IMG_1839-768x1024.jpg 768w, https:\/\/www.claudeguyot.com\/wp-content\/uploads\/2017\/11\/IMG_1839-600x800.jpg 600w, https:\/\/www.claudeguyot.com\/wp-content\/uploads\/2017\/11\/IMG_1839.jpg 1536w\" sizes=\"auto, (max-width: 225px) 100vw, 225px\" \/><\/p><\/blockquote>\n<p><strong>Pr\u00e9sentation de l&rsquo;\u00e9diteur<\/strong><\/p>\n<p>\u00a0\u00bb Le tombeur de minist\u00e8res \u00ab\u00a0, \u00a0\u00bb le Tigre \u00ab\u00a0, \u00a0\u00bb le premier flic de France \u00ab\u00a0, \u00a0\u00bb le P\u00e8re la Victoire \u00ab\u00a0&#8230; Que de qualificatifs pour un seul homme ! Il est vrai que la carri\u00e8re politique de Georges Clemenceau fut longue et a travers\u00e9 les grands moments de l&rsquo;histoire de France et de l&rsquo;Europe. Commenc\u00e9e sous le Second Empire, elle s&rsquo;est achev\u00e9e quelques jours avant les pr\u00e9mices du premier grand choc \u00e9conomique du XXe si\u00e8cle : la crise de 1929. Captif dans Paris assi\u00e9g\u00e9 en 1870, maire de Montmartre au d\u00e9but de la Commune, puis d\u00e9put\u00e9, s\u00e9nateur avant de devenir ministre de l&rsquo;Int\u00e9rieur et pr\u00e9sident du Conseil par deux fois, Georges Clemenceau n&rsquo;a pas \u00e9t\u00e9 un homme politique comme les autres. Passionn\u00e9ment aim\u00e9 et admir\u00e9 par les uns, violemment contest\u00e9 et ha\u00ef par les autres, souvent solitaire, il n&rsquo;a cess\u00e9 de lutter pour construire la r\u00e9publique dont il r\u00eavait.<br \/>\nToujours en mouvement, refusant la m\u00e9diocrit\u00e9, Clemenceau pr\u00e9f\u00e9rait la r\u00e9bellion \u00e0 la compromission. Insolent et frondeur, il le fut tout autant dans sa vie priv\u00e9e. Ses aventures amoureuses furent nombreuses \u2013 il \u00e9pousa une Am\u00e9ricaine puis divor\u00e7a \u2013, ses amiti\u00e9s et ses inimiti\u00e9s longues et fid\u00e8les. Anim\u00e9 de passions multiples, il fut tour \u00e0 tour journaliste, critique dramatique, \u00e9crivain, esth\u00e8te, m\u00e9c\u00e8ne, collectionneur, jardinier&#8230;<\/p>\n<p><img loading=\"lazy\" decoding=\"async\" class=\"alignnone size-medium wp-image-467\" src=\"https:\/\/www.claudeguyot.com\/wp-content\/uploads\/2017\/11\/IMG_1841-200x300.jpg\" alt=\"IMG_1841\" width=\"200\" height=\"300\" srcset=\"https:\/\/www.claudeguyot.com\/wp-content\/uploads\/2017\/11\/IMG_1841-200x300.jpg 200w, https:\/\/www.claudeguyot.com\/wp-content\/uploads\/2017\/11\/IMG_1841-768x1152.jpg 768w, https:\/\/www.claudeguyot.com\/wp-content\/uploads\/2017\/11\/IMG_1841-683x1024.jpg 683w, https:\/\/www.claudeguyot.com\/wp-content\/uploads\/2017\/11\/IMG_1841-600x900.jpg 600w, https:\/\/www.claudeguyot.com\/wp-content\/uploads\/2017\/11\/IMG_1841.jpg 1000w\" sizes=\"auto, (max-width: 200px) 100vw, 200px\" \/><\/p>\n<p>Ce Dictionnaire r\u00e9v\u00e8le les innombrables facettes d&rsquo;un personnage \u00e0 la destin\u00e9e hors du commun. Il permet aussi de mieux comprendre l&rsquo;action d&rsquo;un homme d&rsquo;\u00c9tat qui occupe une place de premier plan dans l&rsquo;histoire de notre pays.<\/p>\n<p><img loading=\"lazy\" decoding=\"async\" class=\"alignnone size-medium wp-image-468\" src=\"https:\/\/www.claudeguyot.com\/wp-content\/uploads\/2017\/11\/IMG_1838-225x300.jpg\" alt=\"IMG_1838\" width=\"225\" height=\"300\" srcset=\"https:\/\/www.claudeguyot.com\/wp-content\/uploads\/2017\/11\/IMG_1838-225x300.jpg 225w, https:\/\/www.claudeguyot.com\/wp-content\/uploads\/2017\/11\/IMG_1838-768x1024.jpg 768w, https:\/\/www.claudeguyot.com\/wp-content\/uploads\/2017\/11\/IMG_1838-600x800.jpg 600w, https:\/\/www.claudeguyot.com\/wp-content\/uploads\/2017\/11\/IMG_1838.jpg 1536w\" sizes=\"auto, (max-width: 225px) 100vw, 225px\" \/><\/p>\n<p><strong>Biographie de l&rsquo;auteur<\/strong><\/p>\n<p>L&rsquo;ouvrage pr\u00e9fac\u00e9 par Jean-No\u00ebl Jeanneney a \u00e9t\u00e9 dirig\u00e9 par Sylvie Brodziak, ma\u00eetre de conf\u00e9rences HDR en Litt\u00e9rature fran\u00e7aise et Histoire des id\u00e9es \u00e0 l&rsquo;universit\u00e9 de Paris Seine-Cergy-Pontoise, sp\u00e9cialiste de Clemenceau \u00e9crivain et auteur notamment d&rsquo;un Clemenceau paru aux Presses universitaires de Vincennes en 2015, et par Samu\u00ebl Tomei, historien sp\u00e9cialiste de Ferdinand Buisson et auteur de Clemenceau au front paru aux \u00e9ditions Pierre de Taillac en 2015. Ils ont r\u00e9uni autour d&rsquo;eux 33 sp\u00e9cialistes fran\u00e7ais et \u00e9trangers.<\/p>\n<p>\u2022 Il est possible d&rsquo;acqu\u00e9rir l&rsquo;ouvrage en <a href=\"https:\/\/www.amazon.fr\/Dictionnaire-Clemenceau-Samu\u00ebl-TOMEI-ebook\/dp\/B07613WFCW\">cliquant ici<\/a><\/p>\n<p><img loading=\"lazy\" decoding=\"async\" class=\"alignnone size-medium wp-image-469\" src=\"https:\/\/www.claudeguyot.com\/wp-content\/uploads\/2017\/11\/IMG_1837-225x300.jpg\" alt=\"IMG_1837\" width=\"225\" height=\"300\" srcset=\"https:\/\/www.claudeguyot.com\/wp-content\/uploads\/2017\/11\/IMG_1837-225x300.jpg 225w, https:\/\/www.claudeguyot.com\/wp-content\/uploads\/2017\/11\/IMG_1837-768x1024.jpg 768w, https:\/\/www.claudeguyot.com\/wp-content\/uploads\/2017\/11\/IMG_1837-600x800.jpg 600w, https:\/\/www.claudeguyot.com\/wp-content\/uploads\/2017\/11\/IMG_1837.jpg 1536w\" sizes=\"auto, (max-width: 225px) 100vw, 225px\" \/><\/p>\n","protected":false},"excerpt":{"rendered":"<p>Lancement du dictionnaire Clemenceau \u00e9dit\u00e9 par Robert Laffont dans la collection Bouquins \u00e0 l\u2019h\u00f4tel de Brienne, si\u00e8ge du Minist\u00e8re de La D\u00e9fense. Cette c\u00e9r\u00e9monie \u00e9tait pr\u00e9sid\u00e9e par Madame Genevi\u00e8ve Darrieussecq, secr\u00e9taire d\u2019Etat aupr\u00e8s de la ministre des Arm\u00e9es. Pr\u00e9sentation de l&rsquo;\u00e9diteur \u00a0\u00bb Le tombeur de minist\u00e8res \u00ab\u00a0, \u00a0\u00bb le Tigre \u00ab\u00a0, \u00a0\u00bb le premier flic &hellip; <a href=\"https:\/\/www.claudeguyot.com\/index.php\/2017\/11\/21\/lancement-dictionnaire-clemenceau\/\" class=\"more-link\">Continuer la lecture de <span class=\"screen-reader-text\">Lancement du Dictionnaire Clemenceau<\/span>  <span class=\"meta-nav\">&rarr;<\/span><\/a><\/p>\n","protected":false},"author":1,"featured_media":465,"comment_status":"closed","ping_status":"closed","sticky":false,"template":"","format":"standard","meta":{"footnotes":""},"categories":[1],"tags":[],"class_list":["post-462","post","type-post","status-publish","format-standard","has-post-thumbnail","hentry","category-non-classe"],"yoast_head":"<!-- This site is optimized with the Yoast SEO plugin v19.9 - https:\/\/yoast.com\/wordpress\/plugins\/seo\/ -->\n<title>Lancement du Dictionnaire Clemenceau - Association Claude Guyot<\/title>\n<meta name=\"robots\" content=\"index, follow, max-snippet:-1, max-image-preview:large, max-video-preview:-1\" \/>\n<link rel=\"canonical\" href=\"https:\/\/www.claudeguyot.com\/index.php\/2017\/11\/21\/lancement-dictionnaire-clemenceau\/\" \/>\n<meta property=\"og:locale\" content=\"fr_FR\" \/>\n<meta property=\"og:type\" content=\"article\" \/>\n<meta property=\"og:title\" content=\"Lancement du Dictionnaire Clemenceau - Association Claude Guyot\" \/>\n<meta property=\"og:description\" content=\"Lancement du dictionnaire Clemenceau \u00e9dit\u00e9 par Robert Laffont dans la collection Bouquins \u00e0 l\u2019h\u00f4tel de Brienne, si\u00e8ge du Minist\u00e8re de La D\u00e9fense. Cette c\u00e9r\u00e9monie \u00e9tait pr\u00e9sid\u00e9e par Madame Genevi\u00e8ve Darrieussecq, secr\u00e9taire d\u2019Etat aupr\u00e8s de la ministre des Arm\u00e9es. Pr\u00e9sentation de l&rsquo;\u00e9diteur \u00a0\u00bb Le tombeur de minist\u00e8res \u00ab\u00a0, \u00a0\u00bb le Tigre \u00ab\u00a0, \u00a0\u00bb le premier flic &hellip; Continuer la lecture de Lancement du Dictionnaire Clemenceau &rarr;\" \/>\n<meta property=\"og:url\" content=\"https:\/\/www.claudeguyot.com\/index.php\/2017\/11\/21\/lancement-dictionnaire-clemenceau\/\" \/>\n<meta property=\"og:site_name\" content=\"Association Claude Guyot\" \/>\n<meta property=\"article:published_time\" content=\"2017-11-21T08:57:48+00:00\" \/>\n<meta property=\"article:modified_time\" content=\"2025-07-08T20:47:10+00:00\" \/>\n<meta property=\"og:image\" content=\"https:\/\/www.claudeguyot.com\/wp-content\/uploads\/2017\/11\/IMG_1840-1.jpg\" \/>\n\t<meta property=\"og:image:width\" content=\"1534\" \/>\n\t<meta property=\"og:image:height\" content=\"1407\" \/>\n\t<meta property=\"og:image:type\" content=\"image\/jpeg\" \/>\n<meta name=\"author\" content=\"Claude Guyot\" \/>\n<meta name=\"twitter:card\" content=\"summary_large_image\" \/>\n<meta name=\"twitter:label1\" content=\"\u00c9crit par\" \/>\n\t<meta name=\"twitter:data1\" content=\"Claude Guyot\" \/>\n\t<meta name=\"twitter:label2\" content=\"Dur\u00e9e de lecture estim\u00e9e\" \/>\n\t<meta name=\"twitter:data2\" content=\"2 minutes\" \/>\n<script type=\"application\/ld+json\" class=\"yoast-schema-graph\">{\"@context\":\"https:\/\/schema.org\",\"@graph\":[{\"@type\":\"WebPage\",\"@id\":\"https:\/\/www.claudeguyot.com\/index.php\/2017\/11\/21\/lancement-dictionnaire-clemenceau\/\",\"url\":\"https:\/\/www.claudeguyot.com\/index.php\/2017\/11\/21\/lancement-dictionnaire-clemenceau\/\",\"name\":\"Lancement du Dictionnaire Clemenceau - Association Claude Guyot\",\"isPartOf\":{\"@id\":\"https:\/\/www.claudeguyot.com\/#website\"},\"datePublished\":\"2017-11-21T08:57:48+00:00\",\"dateModified\":\"2025-07-08T20:47:10+00:00\",\"author\":{\"@id\":\"https:\/\/www.claudeguyot.com\/#\/schema\/person\/fbc6c67d5e15fc909d64aab1f1f150a1\"},\"breadcrumb\":{\"@id\":\"https:\/\/www.claudeguyot.com\/index.php\/2017\/11\/21\/lancement-dictionnaire-clemenceau\/#breadcrumb\"},\"inLanguage\":\"fr-FR\",\"potentialAction\":[{\"@type\":\"ReadAction\",\"target\":[\"https:\/\/www.claudeguyot.com\/index.php\/2017\/11\/21\/lancement-dictionnaire-clemenceau\/\"]}]},{\"@type\":\"BreadcrumbList\",\"@id\":\"https:\/\/www.claudeguyot.com\/index.php\/2017\/11\/21\/lancement-dictionnaire-clemenceau\/#breadcrumb\",\"itemListElement\":[{\"@type\":\"ListItem\",\"position\":1,\"name\":\"Accueil\",\"item\":\"https:\/\/www.claudeguyot.com\/\"},{\"@type\":\"ListItem\",\"position\":2,\"name\":\"Lancement du Dictionnaire Clemenceau\"}]},{\"@type\":\"WebSite\",\"@id\":\"https:\/\/www.claudeguyot.com\/#website\",\"url\":\"https:\/\/www.claudeguyot.com\/\",\"name\":\"Association Claude Guyot\",\"description\":\"Association loi 1901 reconnue d&#039;int\u00e9r\u00eat g\u00e9n\u00e9ral\",\"potentialAction\":[{\"@type\":\"SearchAction\",\"target\":{\"@type\":\"EntryPoint\",\"urlTemplate\":\"https:\/\/www.claudeguyot.com\/?s={search_term_string}\"},\"query-input\":\"required name=search_term_string\"}],\"inLanguage\":\"fr-FR\"},{\"@type\":\"Person\",\"@id\":\"https:\/\/www.claudeguyot.com\/#\/schema\/person\/fbc6c67d5e15fc909d64aab1f1f150a1\",\"name\":\"Claude Guyot\",\"image\":{\"@type\":\"ImageObject\",\"inLanguage\":\"fr-FR\",\"@id\":\"https:\/\/www.claudeguyot.com\/#\/schema\/person\/image\/\",\"url\":\"https:\/\/secure.gravatar.com\/avatar\/8835715a7343599eaa98fab3b13c331c454cc537ea4343abb5ad3fefe9b4d586?s=96&d=mm&r=g\",\"contentUrl\":\"https:\/\/secure.gravatar.com\/avatar\/8835715a7343599eaa98fab3b13c331c454cc537ea4343abb5ad3fefe9b4d586?s=96&d=mm&r=g\",\"caption\":\"Claude Guyot\"},\"url\":\"https:\/\/www.claudeguyot.com\/index.php\/author\/admin5958\/\"}]}<\/script>\n<!-- \/ Yoast SEO plugin. -->","yoast_head_json":{"title":"Lancement du Dictionnaire Clemenceau - Association Claude Guyot","robots":{"index":"index","follow":"follow","max-snippet":"max-snippet:-1","max-image-preview":"max-image-preview:large","max-video-preview":"max-video-preview:-1"},"canonical":"https:\/\/www.claudeguyot.com\/index.php\/2017\/11\/21\/lancement-dictionnaire-clemenceau\/","og_locale":"fr_FR","og_type":"article","og_title":"Lancement du Dictionnaire Clemenceau - Association Claude Guyot","og_description":"Lancement du dictionnaire Clemenceau \u00e9dit\u00e9 par Robert Laffont dans la collection Bouquins \u00e0 l\u2019h\u00f4tel de Brienne, si\u00e8ge du Minist\u00e8re de La D\u00e9fense. Cette c\u00e9r\u00e9monie \u00e9tait pr\u00e9sid\u00e9e par Madame Genevi\u00e8ve Darrieussecq, secr\u00e9taire d\u2019Etat aupr\u00e8s de la ministre des Arm\u00e9es. Pr\u00e9sentation de l&rsquo;\u00e9diteur \u00a0\u00bb Le tombeur de minist\u00e8res \u00ab\u00a0, \u00a0\u00bb le Tigre \u00ab\u00a0, \u00a0\u00bb le premier flic &hellip; Continuer la lecture de Lancement du Dictionnaire Clemenceau &rarr;","og_url":"https:\/\/www.claudeguyot.com\/index.php\/2017\/11\/21\/lancement-dictionnaire-clemenceau\/","og_site_name":"Association Claude Guyot","article_published_time":"2017-11-21T08:57:48+00:00","article_modified_time":"2025-07-08T20:47:10+00:00","og_image":[{"width":1534,"height":1407,"url":"https:\/\/www.claudeguyot.com\/wp-content\/uploads\/2017\/11\/IMG_1840-1.jpg","type":"image\/jpeg"}],"author":"Claude Guyot","twitter_card":"summary_large_image","twitter_misc":{"\u00c9crit par":"Claude Guyot","Dur\u00e9e de lecture estim\u00e9e":"2 minutes"},"schema":{"@context":"https:\/\/schema.org","@graph":[{"@type":"WebPage","@id":"https:\/\/www.claudeguyot.com\/index.php\/2017\/11\/21\/lancement-dictionnaire-clemenceau\/","url":"https:\/\/www.claudeguyot.com\/index.php\/2017\/11\/21\/lancement-dictionnaire-clemenceau\/","name":"Lancement du Dictionnaire Clemenceau - Association Claude Guyot","isPartOf":{"@id":"https:\/\/www.claudeguyot.com\/#website"},"datePublished":"2017-11-21T08:57:48+00:00","dateModified":"2025-07-08T20:47:10+00:00","author":{"@id":"https:\/\/www.claudeguyot.com\/#\/schema\/person\/fbc6c67d5e15fc909d64aab1f1f150a1"},"breadcrumb":{"@id":"https:\/\/www.claudeguyot.com\/index.php\/2017\/11\/21\/lancement-dictionnaire-clemenceau\/#breadcrumb"},"inLanguage":"fr-FR","potentialAction":[{"@type":"ReadAction","target":["https:\/\/www.claudeguyot.com\/index.php\/2017\/11\/21\/lancement-dictionnaire-clemenceau\/"]}]},{"@type":"BreadcrumbList","@id":"https:\/\/www.claudeguyot.com\/index.php\/2017\/11\/21\/lancement-dictionnaire-clemenceau\/#breadcrumb","itemListElement":[{"@type":"ListItem","position":1,"name":"Accueil","item":"https:\/\/www.claudeguyot.com\/"},{"@type":"ListItem","position":2,"name":"Lancement du Dictionnaire Clemenceau"}]},{"@type":"WebSite","@id":"https:\/\/www.claudeguyot.com\/#website","url":"https:\/\/www.claudeguyot.com\/","name":"Association Claude Guyot","description":"Association loi 1901 reconnue d&#039;int\u00e9r\u00eat g\u00e9n\u00e9ral","potentialAction":[{"@type":"SearchAction","target":{"@type":"EntryPoint","urlTemplate":"https:\/\/www.claudeguyot.com\/?s={search_term_string}"},"query-input":"required name=search_term_string"}],"inLanguage":"fr-FR"},{"@type":"Person","@id":"https:\/\/www.claudeguyot.com\/#\/schema\/person\/fbc6c67d5e15fc909d64aab1f1f150a1","name":"Claude Guyot","image":{"@type":"ImageObject","inLanguage":"fr-FR","@id":"https:\/\/www.claudeguyot.com\/#\/schema\/person\/image\/","url":"https:\/\/secure.gravatar.com\/avatar\/8835715a7343599eaa98fab3b13c331c454cc537ea4343abb5ad3fefe9b4d586?s=96&d=mm&r=g","contentUrl":"https:\/\/secure.gravatar.com\/avatar\/8835715a7343599eaa98fab3b13c331c454cc537ea4343abb5ad3fefe9b4d586?s=96&d=mm&r=g","caption":"Claude Guyot"},"url":"https:\/\/www.claudeguyot.com\/index.php\/author\/admin5958\/"}]}},"jetpack_featured_media_url":"https:\/\/www.claudeguyot.com\/wp-content\/uploads\/2017\/11\/IMG_1840-1.jpg","_links":{"self":[{"href":"https:\/\/www.claudeguyot.com\/index.php\/wp-json\/wp\/v2\/posts\/462","targetHints":{"allow":["GET"]}}],"collection":[{"href":"https:\/\/www.claudeguyot.com\/index.php\/wp-json\/wp\/v2\/posts"}],"about":[{"href":"https:\/\/www.claudeguyot.com\/index.php\/wp-json\/wp\/v2\/types\/post"}],"author":[{"embeddable":true,"href":"https:\/\/www.claudeguyot.com\/index.php\/wp-json\/wp\/v2\/users\/1"}],"replies":[{"embeddable":true,"href":"https:\/\/www.claudeguyot.com\/index.php\/wp-json\/wp\/v2\/comments?post=462"}],"version-history":[{"count":1,"href":"https:\/\/www.claudeguyot.com\/index.php\/wp-json\/wp\/v2\/posts\/462\/revisions"}],"predecessor-version":[{"id":470,"href":"https:\/\/www.claudeguyot.com\/index.php\/wp-json\/wp\/v2\/posts\/462\/revisions\/470"}],"wp:featuredmedia":[{"embeddable":true,"href":"https:\/\/www.claudeguyot.com\/index.php\/wp-json\/wp\/v2\/media\/465"}],"wp:attachment":[{"href":"https:\/\/www.claudeguyot.com\/index.php\/wp-json\/wp\/v2\/media?parent=462"}],"wp:term":[{"taxonomy":"category","embeddable":true,"href":"https:\/\/www.claudeguyot.com\/index.php\/wp-json\/wp\/v2\/categories?post=462"},{"taxonomy":"post_tag","embeddable":true,"href":"https:\/\/www.claudeguyot.com\/index.php\/wp-json\/wp\/v2\/tags?post=462"}],"curies":[{"name":"wp","href":"https:\/\/api.w.org\/{rel}","templated":true}]}}