{"id":477,"date":"2017-11-30T10:15:30","date_gmt":"2017-11-30T09:15:30","guid":{"rendered":"http:\/\/www.claudeguyot.com\/?p=477"},"modified":"2025-07-08T21:46:59","modified_gmt":"2025-07-08T20:46:59","slug":"lassociation-college-claude-guyot-visite-a-lassemblee-nationale","status":"publish","type":"post","link":"https:\/\/www.claudeguyot.com\/index.php\/2017\/11\/30\/lassociation-college-claude-guyot-visite-a-lassemblee-nationale\/","title":{"rendered":"L&rsquo;association et le coll\u00e8ge Claude Guyot \u00e0 l&rsquo;Assembl\u00e9e nationale"},"content":{"rendered":"<hr \/>\n<p>L\u2019Association Claude Guyot \u00e9tait r\u00e9cemment \u00e0 l&rsquo;Assembl\u00e9e nationale avec les \u00e9l\u00e8ves du coll\u00e8ge Claude Guyot d\u2019Arnay-le-Duc. Un grand merci \u00e0 Didier Paris, d\u00e9put\u00e9 de la C\u00f4te d\u2019Or pour son accueil chaleureux.<\/p>\n<p><img loading=\"lazy\" decoding=\"async\" class=\"alignnone size-medium wp-image-479\" src=\"https:\/\/www.claudeguyot.com\/wp-content\/uploads\/2017\/11\/IMG_2051-300x225.jpg\" alt=\"IMG_2051\" width=\"300\" height=\"225\" srcset=\"https:\/\/www.claudeguyot.com\/wp-content\/uploads\/2017\/11\/IMG_2051-300x225.jpg 300w, https:\/\/www.claudeguyot.com\/wp-content\/uploads\/2017\/11\/IMG_2051-768x576.jpg 768w, https:\/\/www.claudeguyot.com\/wp-content\/uploads\/2017\/11\/IMG_2051-1024x768.jpg 1024w, https:\/\/www.claudeguyot.com\/wp-content\/uploads\/2017\/11\/IMG_2051-600x450.jpg 600w\" sizes=\"auto, (max-width: 300px) 100vw, 300px\" \/><\/p>\n<p>Une matin\u00e9e consacr\u00e9e \u00e0 l\u2019\u00e9ducation citoyenne aupr\u00e8s des jeunes c\u00f4te-doriens. Une belle initiative de l\u2019Association Claude Guyot qui a permis aux coll\u00e9giennes et aux coll\u00e9giens d\u2019engager un dialogue direct avec le personnel de l&rsquo;Assembl\u00e9e nationale et avec les \u00e9lus, afin d\u2019en savoir plus sur le fonctionnement de la d\u00e9mocratie fran\u00e7aise et sur les institutions de la R\u00e9publique.<\/p>\n<p><img loading=\"lazy\" decoding=\"async\" class=\"alignnone size-medium wp-image-490\" src=\"https:\/\/www.claudeguyot.com\/wp-content\/uploads\/2017\/11\/IMG_2047-e1512040234104-225x300.jpg\" alt=\"IMG_2047\" width=\"225\" height=\"300\" srcset=\"https:\/\/www.claudeguyot.com\/wp-content\/uploads\/2017\/11\/IMG_2047-e1512040234104-225x300.jpg 225w, https:\/\/www.claudeguyot.com\/wp-content\/uploads\/2017\/11\/IMG_2047-e1512040234104-768x1024.jpg 768w, https:\/\/www.claudeguyot.com\/wp-content\/uploads\/2017\/11\/IMG_2047-e1512040234104-600x800.jpg 600w\" sizes=\"auto, (max-width: 225px) 100vw, 225px\" \/><\/p>\n<p>Le d\u00e9put\u00e9 Didier Paris en train d&rsquo;\u00e9changer avec les \u00e9l\u00e8ves.<\/p>\n<p><img loading=\"lazy\" decoding=\"async\" class=\"alignnone wp-image-480 size-medium\" src=\"https:\/\/www.claudeguyot.com\/wp-content\/uploads\/2017\/11\/IMG_2064-e1512033220502-300x225.jpg\" alt=\"IMG_2064\" width=\"300\" height=\"225\" srcset=\"https:\/\/www.claudeguyot.com\/wp-content\/uploads\/2017\/11\/IMG_2064-e1512033220502-300x225.jpg 300w, https:\/\/www.claudeguyot.com\/wp-content\/uploads\/2017\/11\/IMG_2064-e1512033220502-768x576.jpg 768w, https:\/\/www.claudeguyot.com\/wp-content\/uploads\/2017\/11\/IMG_2064-e1512033220502-1024x768.jpg 1024w, https:\/\/www.claudeguyot.com\/wp-content\/uploads\/2017\/11\/IMG_2064-e1512033220502-600x450.jpg 600w\" sizes=\"auto, (max-width: 300px) 100vw, 300px\" \/><\/p>\n<p>Les \u00e9l\u00e8ves dans l&rsquo;h\u00e9micycle.<\/p>\n<p><img loading=\"lazy\" decoding=\"async\" class=\"alignnone size-medium wp-image-481\" src=\"https:\/\/www.claudeguyot.com\/wp-content\/uploads\/2017\/11\/IMG_2055-300x225.jpg\" alt=\"IMG_2055\" width=\"300\" height=\"225\" srcset=\"https:\/\/www.claudeguyot.com\/wp-content\/uploads\/2017\/11\/IMG_2055-300x225.jpg 300w, https:\/\/www.claudeguyot.com\/wp-content\/uploads\/2017\/11\/IMG_2055-768x576.jpg 768w, https:\/\/www.claudeguyot.com\/wp-content\/uploads\/2017\/11\/IMG_2055-1024x768.jpg 1024w, https:\/\/www.claudeguyot.com\/wp-content\/uploads\/2017\/11\/IMG_2055-600x450.jpg 600w\" sizes=\"auto, (max-width: 300px) 100vw, 300px\" \/><\/p>\n<p><img loading=\"lazy\" decoding=\"async\" class=\"alignnone size-medium wp-image-482\" src=\"https:\/\/www.claudeguyot.com\/wp-content\/uploads\/2017\/11\/IMG_2089-240x300.jpg\" alt=\"IMG_2089\" width=\"240\" height=\"300\" srcset=\"https:\/\/www.claudeguyot.com\/wp-content\/uploads\/2017\/11\/IMG_2089-240x300.jpg 240w, https:\/\/www.claudeguyot.com\/wp-content\/uploads\/2017\/11\/IMG_2089-768x960.jpg 768w, https:\/\/www.claudeguyot.com\/wp-content\/uploads\/2017\/11\/IMG_2089-819x1024.jpg 819w, https:\/\/www.claudeguyot.com\/wp-content\/uploads\/2017\/11\/IMG_2089-600x750.jpg 600w\" sizes=\"auto, (max-width: 240px) 100vw, 240px\" \/><\/p>\n","protected":false},"excerpt":{"rendered":"<p>L\u2019Association Claude Guyot \u00e9tait r\u00e9cemment \u00e0 l&rsquo;Assembl\u00e9e nationale avec les \u00e9l\u00e8ves du coll\u00e8ge Claude Guyot d\u2019Arnay-le-Duc. Un grand merci \u00e0 Didier Paris, d\u00e9put\u00e9 de la C\u00f4te d\u2019Or pour son accueil chaleureux. Une matin\u00e9e consacr\u00e9e \u00e0 l\u2019\u00e9ducation citoyenne aupr\u00e8s des jeunes c\u00f4te-doriens. Une belle initiative de l\u2019Association Claude Guyot qui a permis aux coll\u00e9giennes et aux &hellip; <a href=\"https:\/\/www.claudeguyot.com\/index.php\/2017\/11\/30\/lassociation-college-claude-guyot-visite-a-lassemblee-nationale\/\" class=\"more-link\">Continuer la lecture de <span class=\"screen-reader-text\">L&rsquo;association et le coll\u00e8ge Claude Guyot \u00e0 l&rsquo;Assembl\u00e9e nationale<\/span>  <span class=\"meta-nav\">&rarr;<\/span><\/a><\/p>\n","protected":false},"author":1,"featured_media":478,"comment_status":"closed","ping_status":"closed","sticky":false,"template":"","format":"standard","meta":{"footnotes":""},"categories":[1],"tags":[],"class_list":["post-477","post","type-post","status-publish","format-standard","has-post-thumbnail","hentry","category-non-classe"],"yoast_head":"<!-- This site is optimized with the Yoast SEO plugin v19.9 - https:\/\/yoast.com\/wordpress\/plugins\/seo\/ -->\n<title>L&#039;association et le coll\u00e8ge Claude Guyot \u00e0 l&#039;Assembl\u00e9e nationale - Association Claude Guyot<\/title>\n<meta name=\"robots\" content=\"index, follow, max-snippet:-1, max-image-preview:large, max-video-preview:-1\" \/>\n<link rel=\"canonical\" href=\"https:\/\/www.claudeguyot.com\/index.php\/2017\/11\/30\/lassociation-college-claude-guyot-visite-a-lassemblee-nationale\/\" \/>\n<meta property=\"og:locale\" content=\"fr_FR\" \/>\n<meta property=\"og:type\" content=\"article\" \/>\n<meta property=\"og:title\" content=\"L&#039;association et le coll\u00e8ge Claude Guyot \u00e0 l&#039;Assembl\u00e9e nationale - Association Claude Guyot\" \/>\n<meta property=\"og:description\" content=\"L\u2019Association Claude Guyot \u00e9tait r\u00e9cemment \u00e0 l&rsquo;Assembl\u00e9e nationale avec les \u00e9l\u00e8ves du coll\u00e8ge Claude Guyot d\u2019Arnay-le-Duc. Un grand merci \u00e0 Didier Paris, d\u00e9put\u00e9 de la C\u00f4te d\u2019Or pour son accueil chaleureux. Une matin\u00e9e consacr\u00e9e \u00e0 l\u2019\u00e9ducation citoyenne aupr\u00e8s des jeunes c\u00f4te-doriens. Une belle initiative de l\u2019Association Claude Guyot qui a permis aux coll\u00e9giennes et aux &hellip; Continuer la lecture de L&rsquo;association et le coll\u00e8ge Claude Guyot \u00e0 l&rsquo;Assembl\u00e9e nationale &rarr;\" \/>\n<meta property=\"og:url\" content=\"https:\/\/www.claudeguyot.com\/index.php\/2017\/11\/30\/lassociation-college-claude-guyot-visite-a-lassemblee-nationale\/\" \/>\n<meta property=\"og:site_name\" content=\"Association Claude Guyot\" \/>\n<meta property=\"article:published_time\" content=\"2017-11-30T09:15:30+00:00\" \/>\n<meta property=\"article:modified_time\" content=\"2025-07-08T20:46:59+00:00\" \/>\n<meta property=\"og:image\" content=\"https:\/\/www.claudeguyot.com\/wp-content\/uploads\/2017\/11\/IMG_2088-1024x767.jpg\" \/>\n\t<meta property=\"og:image:width\" content=\"1024\" \/>\n\t<meta property=\"og:image:height\" content=\"767\" \/>\n\t<meta property=\"og:image:type\" content=\"image\/jpeg\" \/>\n<meta name=\"author\" content=\"Claude Guyot\" \/>\n<meta name=\"twitter:card\" content=\"summary_large_image\" \/>\n<meta name=\"twitter:label1\" content=\"\u00c9crit par\" \/>\n\t<meta name=\"twitter:data1\" content=\"Claude Guyot\" \/>\n\t<meta name=\"twitter:label2\" content=\"Dur\u00e9e de lecture estim\u00e9e\" \/>\n\t<meta name=\"twitter:data2\" content=\"1 minute\" \/>\n<script type=\"application\/ld+json\" class=\"yoast-schema-graph\">{\"@context\":\"https:\/\/schema.org\",\"@graph\":[{\"@type\":\"WebPage\",\"@id\":\"https:\/\/www.claudeguyot.com\/index.php\/2017\/11\/30\/lassociation-college-claude-guyot-visite-a-lassemblee-nationale\/\",\"url\":\"https:\/\/www.claudeguyot.com\/index.php\/2017\/11\/30\/lassociation-college-claude-guyot-visite-a-lassemblee-nationale\/\",\"name\":\"L'association et le coll\u00e8ge Claude Guyot \u00e0 l'Assembl\u00e9e nationale - Association Claude Guyot\",\"isPartOf\":{\"@id\":\"https:\/\/www.claudeguyot.com\/#website\"},\"datePublished\":\"2017-11-30T09:15:30+00:00\",\"dateModified\":\"2025-07-08T20:46:59+00:00\",\"author\":{\"@id\":\"https:\/\/www.claudeguyot.com\/#\/schema\/person\/fbc6c67d5e15fc909d64aab1f1f150a1\"},\"breadcrumb\":{\"@id\":\"https:\/\/www.claudeguyot.com\/index.php\/2017\/11\/30\/lassociation-college-claude-guyot-visite-a-lassemblee-nationale\/#breadcrumb\"},\"inLanguage\":\"fr-FR\",\"potentialAction\":[{\"@type\":\"ReadAction\",\"target\":[\"https:\/\/www.claudeguyot.com\/index.php\/2017\/11\/30\/lassociation-college-claude-guyot-visite-a-lassemblee-nationale\/\"]}]},{\"@type\":\"BreadcrumbList\",\"@id\":\"https:\/\/www.claudeguyot.com\/index.php\/2017\/11\/30\/lassociation-college-claude-guyot-visite-a-lassemblee-nationale\/#breadcrumb\",\"itemListElement\":[{\"@type\":\"ListItem\",\"position\":1,\"name\":\"Accueil\",\"item\":\"https:\/\/www.claudeguyot.com\/\"},{\"@type\":\"ListItem\",\"position\":2,\"name\":\"L&#8217;association et le coll\u00e8ge Claude Guyot \u00e0 l&#8217;Assembl\u00e9e nationale\"}]},{\"@type\":\"WebSite\",\"@id\":\"https:\/\/www.claudeguyot.com\/#website\",\"url\":\"https:\/\/www.claudeguyot.com\/\",\"name\":\"Association Claude Guyot\",\"description\":\"Association loi 1901 reconnue d&#039;int\u00e9r\u00eat g\u00e9n\u00e9ral\",\"potentialAction\":[{\"@type\":\"SearchAction\",\"target\":{\"@type\":\"EntryPoint\",\"urlTemplate\":\"https:\/\/www.claudeguyot.com\/?s={search_term_string}\"},\"query-input\":\"required name=search_term_string\"}],\"inLanguage\":\"fr-FR\"},{\"@type\":\"Person\",\"@id\":\"https:\/\/www.claudeguyot.com\/#\/schema\/person\/fbc6c67d5e15fc909d64aab1f1f150a1\",\"name\":\"Claude Guyot\",\"image\":{\"@type\":\"ImageObject\",\"inLanguage\":\"fr-FR\",\"@id\":\"https:\/\/www.claudeguyot.com\/#\/schema\/person\/image\/\",\"url\":\"https:\/\/secure.gravatar.com\/avatar\/8835715a7343599eaa98fab3b13c331c454cc537ea4343abb5ad3fefe9b4d586?s=96&d=mm&r=g\",\"contentUrl\":\"https:\/\/secure.gravatar.com\/avatar\/8835715a7343599eaa98fab3b13c331c454cc537ea4343abb5ad3fefe9b4d586?s=96&d=mm&r=g\",\"caption\":\"Claude Guyot\"},\"url\":\"https:\/\/www.claudeguyot.com\/index.php\/author\/admin5958\/\"}]}<\/script>\n<!-- \/ Yoast SEO plugin. -->","yoast_head_json":{"title":"L'association et le coll\u00e8ge Claude Guyot \u00e0 l'Assembl\u00e9e nationale - Association Claude Guyot","robots":{"index":"index","follow":"follow","max-snippet":"max-snippet:-1","max-image-preview":"max-image-preview:large","max-video-preview":"max-video-preview:-1"},"canonical":"https:\/\/www.claudeguyot.com\/index.php\/2017\/11\/30\/lassociation-college-claude-guyot-visite-a-lassemblee-nationale\/","og_locale":"fr_FR","og_type":"article","og_title":"L'association et le coll\u00e8ge Claude Guyot \u00e0 l'Assembl\u00e9e nationale - Association Claude Guyot","og_description":"L\u2019Association Claude Guyot \u00e9tait r\u00e9cemment \u00e0 l&rsquo;Assembl\u00e9e nationale avec les \u00e9l\u00e8ves du coll\u00e8ge Claude Guyot d\u2019Arnay-le-Duc. Un grand merci \u00e0 Didier Paris, d\u00e9put\u00e9 de la C\u00f4te d\u2019Or pour son accueil chaleureux. Une matin\u00e9e consacr\u00e9e \u00e0 l\u2019\u00e9ducation citoyenne aupr\u00e8s des jeunes c\u00f4te-doriens. Une belle initiative de l\u2019Association Claude Guyot qui a permis aux coll\u00e9giennes et aux &hellip; Continuer la lecture de L&rsquo;association et le coll\u00e8ge Claude Guyot \u00e0 l&rsquo;Assembl\u00e9e nationale &rarr;","og_url":"https:\/\/www.claudeguyot.com\/index.php\/2017\/11\/30\/lassociation-college-claude-guyot-visite-a-lassemblee-nationale\/","og_site_name":"Association Claude Guyot","article_published_time":"2017-11-30T09:15:30+00:00","article_modified_time":"2025-07-08T20:46:59+00:00","og_image":[{"width":1024,"height":767,"url":"https:\/\/www.claudeguyot.com\/wp-content\/uploads\/2017\/11\/IMG_2088-1024x767.jpg","type":"image\/jpeg"}],"author":"Claude Guyot","twitter_card":"summary_large_image","twitter_misc":{"\u00c9crit par":"Claude Guyot","Dur\u00e9e de lecture estim\u00e9e":"1 minute"},"schema":{"@context":"https:\/\/schema.org","@graph":[{"@type":"WebPage","@id":"https:\/\/www.claudeguyot.com\/index.php\/2017\/11\/30\/lassociation-college-claude-guyot-visite-a-lassemblee-nationale\/","url":"https:\/\/www.claudeguyot.com\/index.php\/2017\/11\/30\/lassociation-college-claude-guyot-visite-a-lassemblee-nationale\/","name":"L'association et le coll\u00e8ge Claude Guyot \u00e0 l'Assembl\u00e9e nationale - Association Claude Guyot","isPartOf":{"@id":"https:\/\/www.claudeguyot.com\/#website"},"datePublished":"2017-11-30T09:15:30+00:00","dateModified":"2025-07-08T20:46:59+00:00","author":{"@id":"https:\/\/www.claudeguyot.com\/#\/schema\/person\/fbc6c67d5e15fc909d64aab1f1f150a1"},"breadcrumb":{"@id":"https:\/\/www.claudeguyot.com\/index.php\/2017\/11\/30\/lassociation-college-claude-guyot-visite-a-lassemblee-nationale\/#breadcrumb"},"inLanguage":"fr-FR","potentialAction":[{"@type":"ReadAction","target":["https:\/\/www.claudeguyot.com\/index.php\/2017\/11\/30\/lassociation-college-claude-guyot-visite-a-lassemblee-nationale\/"]}]},{"@type":"BreadcrumbList","@id":"https:\/\/www.claudeguyot.com\/index.php\/2017\/11\/30\/lassociation-college-claude-guyot-visite-a-lassemblee-nationale\/#breadcrumb","itemListElement":[{"@type":"ListItem","position":1,"name":"Accueil","item":"https:\/\/www.claudeguyot.com\/"},{"@type":"ListItem","position":2,"name":"L&#8217;association et le coll\u00e8ge Claude Guyot \u00e0 l&#8217;Assembl\u00e9e nationale"}]},{"@type":"WebSite","@id":"https:\/\/www.claudeguyot.com\/#website","url":"https:\/\/www.claudeguyot.com\/","name":"Association Claude Guyot","description":"Association loi 1901 reconnue d&#039;int\u00e9r\u00eat g\u00e9n\u00e9ral","potentialAction":[{"@type":"SearchAction","target":{"@type":"EntryPoint","urlTemplate":"https:\/\/www.claudeguyot.com\/?s={search_term_string}"},"query-input":"required name=search_term_string"}],"inLanguage":"fr-FR"},{"@type":"Person","@id":"https:\/\/www.claudeguyot.com\/#\/schema\/person\/fbc6c67d5e15fc909d64aab1f1f150a1","name":"Claude Guyot","image":{"@type":"ImageObject","inLanguage":"fr-FR","@id":"https:\/\/www.claudeguyot.com\/#\/schema\/person\/image\/","url":"https:\/\/secure.gravatar.com\/avatar\/8835715a7343599eaa98fab3b13c331c454cc537ea4343abb5ad3fefe9b4d586?s=96&d=mm&r=g","contentUrl":"https:\/\/secure.gravatar.com\/avatar\/8835715a7343599eaa98fab3b13c331c454cc537ea4343abb5ad3fefe9b4d586?s=96&d=mm&r=g","caption":"Claude Guyot"},"url":"https:\/\/www.claudeguyot.com\/index.php\/author\/admin5958\/"}]}},"jetpack_featured_media_url":"https:\/\/www.claudeguyot.com\/wp-content\/uploads\/2017\/11\/IMG_2088.jpg","_links":{"self":[{"href":"https:\/\/www.claudeguyot.com\/index.php\/wp-json\/wp\/v2\/posts\/477","targetHints":{"allow":["GET"]}}],"collection":[{"href":"https:\/\/www.claudeguyot.com\/index.php\/wp-json\/wp\/v2\/posts"}],"about":[{"href":"https:\/\/www.claudeguyot.com\/index.php\/wp-json\/wp\/v2\/types\/post"}],"author":[{"embeddable":true,"href":"https:\/\/www.claudeguyot.com\/index.php\/wp-json\/wp\/v2\/users\/1"}],"replies":[{"embeddable":true,"href":"https:\/\/www.claudeguyot.com\/index.php\/wp-json\/wp\/v2\/comments?post=477"}],"version-history":[{"count":5,"href":"https:\/\/www.claudeguyot.com\/index.php\/wp-json\/wp\/v2\/posts\/477\/revisions"}],"predecessor-version":[{"id":492,"href":"https:\/\/www.claudeguyot.com\/index.php\/wp-json\/wp\/v2\/posts\/477\/revisions\/492"}],"wp:featuredmedia":[{"embeddable":true,"href":"https:\/\/www.claudeguyot.com\/index.php\/wp-json\/wp\/v2\/media\/478"}],"wp:attachment":[{"href":"https:\/\/www.claudeguyot.com\/index.php\/wp-json\/wp\/v2\/media?parent=477"}],"wp:term":[{"taxonomy":"category","embeddable":true,"href":"https:\/\/www.claudeguyot.com\/index.php\/wp-json\/wp\/v2\/categories?post=477"},{"taxonomy":"post_tag","embeddable":true,"href":"https:\/\/www.claudeguyot.com\/index.php\/wp-json\/wp\/v2\/tags?post=477"}],"curies":[{"name":"wp","href":"https:\/\/api.w.org\/{rel}","templated":true}]}}