{"id":508,"date":"2018-03-09T16:22:51","date_gmt":"2018-03-09T15:22:51","guid":{"rendered":"http:\/\/www.claudeguyot.com\/?p=508"},"modified":"2025-07-08T21:46:37","modified_gmt":"2025-07-08T20:46:37","slug":"hommage-annuel-marechal-jean-de-lattre-de-tassigny-a-mouilleron-pareds-vendee","status":"publish","type":"post","link":"https:\/\/www.claudeguyot.com\/index.php\/2018\/03\/09\/hommage-annuel-marechal-jean-de-lattre-de-tassigny-a-mouilleron-pareds-vendee\/","title":{"rendered":"Hommage annuel au Mar\u00e9chal Jean de Lattre de Tassigny \u00e0 Mouilleron-en-Pareds (Vend\u00e9e)"},"content":{"rendered":"<p>Le dimanche 21 janvier 2018 avait lieu, comme chaque ann\u00e9e, la traditionnelle c\u00e9r\u00e9monie d&rsquo;hommage au Mar\u00e9chal Jean de Lattre de Tassigny \u00e0 Mouilleron-en-Pareds (Vend\u00e9e). Comme tous les ans, le pr\u00e9sident de l&rsquo;Association Claude Guyot assistait \u00e0 cette c\u00e9r\u00e9monie en qualit\u00e9 d&rsquo;administrateur et de membre du bureau de l&rsquo;Institut vend\u00e9en Clemenceau de Lattre. \u00c0 ce titre, il lui a \u00e9t\u00e9 demand\u00e9 de porter le b\u00e2ton de Mar\u00e9chal de France de Jean de Lattre de Tassigny durant une partie des \u00e9tapes de la c\u00e9r\u00e9monie.<\/p>\n<div style=\"width: 474px;\" class=\"wp-video\"><!--[if lt IE 9]><script>document.createElement('video');<\/script><![endif]-->\n<video class=\"wp-video-shortcode\" id=\"video-508-1\" width=\"474\" height=\"269\" preload=\"metadata\" controls=\"controls\"><source type=\"video\/mp4\" src=\"https:\/\/www.claudeguyot.com\/wp-content\/uploads\/2018\/03\/IMG_4232.mp4?_=1\" \/><a href=\"https:\/\/www.claudeguyot.com\/wp-content\/uploads\/2018\/03\/IMG_4232.mp4\">https:\/\/www.claudeguyot.com\/wp-content\/uploads\/2018\/03\/IMG_4232.mp4<\/a><\/video><\/div>\n<p>Jean de Lattre de Tassigny est n\u00e9 le 2 f\u00e9vrier 1889 \u00e0 Mouilleron-en-Pareds (Vend\u00e9e) et mort le 11 janvier 1952 \u00e0 Neuilly-sur-Seine (Seine).<\/p>\n<p><img loading=\"lazy\" decoding=\"async\" class=\"alignnone size-medium wp-image-511\" src=\"https:\/\/www.claudeguyot.com\/wp-content\/uploads\/2018\/03\/IMG_3350-300x225.jpg\" alt=\"IMG_3350\" width=\"300\" height=\"225\" srcset=\"https:\/\/www.claudeguyot.com\/wp-content\/uploads\/2018\/03\/IMG_3350-300x225.jpg 300w, https:\/\/www.claudeguyot.com\/wp-content\/uploads\/2018\/03\/IMG_3350-768x576.jpg 768w, https:\/\/www.claudeguyot.com\/wp-content\/uploads\/2018\/03\/IMG_3350-1024x768.jpg 1024w, https:\/\/www.claudeguyot.com\/wp-content\/uploads\/2018\/03\/IMG_3350-600x450.jpg 600w\" sizes=\"auto, (max-width: 300px) 100vw, 300px\" \/><\/p>\n<p>Jeune officier lors de la Premi\u00e8re Guerre mondiale, il se bat sur diff\u00e9rents fronts, dont Verdun, il est bless\u00e9 cinq fois et termine la guerre avec huit citations, la L\u00e9gion d&rsquo;honneur et la Military Cross.<\/p>\n<p>Dans l&rsquo;entre-deux-guerres, il participe \u00e0 la guerre du Rif au Maroc, o\u00f9 il est de nouveau bless\u00e9. Il effectue ensuite une carri\u00e8re d&rsquo;officier d&rsquo;\u00e9tat-major et de commandant de r\u00e9giment.<\/p>\n<p><img loading=\"lazy\" decoding=\"async\" class=\"alignnone size-medium wp-image-503\" src=\"https:\/\/www.claudeguyot.com\/wp-content\/uploads\/2018\/01\/IMG_2943-300x210.jpg\" alt=\"IMG_2943\" width=\"300\" height=\"210\" srcset=\"https:\/\/www.claudeguyot.com\/wp-content\/uploads\/2018\/01\/IMG_2943-300x210.jpg 300w, https:\/\/www.claudeguyot.com\/wp-content\/uploads\/2018\/01\/IMG_2943-600x420.jpg 600w, https:\/\/www.claudeguyot.com\/wp-content\/uploads\/2018\/01\/IMG_2943.jpg 650w\" sizes=\"auto, (max-width: 300px) 100vw, 300px\" \/><\/p>\n<p>Au d\u00e9but de la Seconde Guerre mondiale, en mai-juin 1940, plus jeune g\u00e9n\u00e9ral de France, \u00e0 la t\u00eate de sa division lors de la bataille de France, il tient t\u00eate aux Allemands \u00e0 la bataille de Rethel, en Champagne et sur la Loire, continuant \u00e0 se battre jusqu&rsquo;\u00e0 l&rsquo;armistice du 22 juin 1940.<\/p>\n<p>Pendant le r\u00e9gime de Vichy, il reste dans l&rsquo;arm\u00e9e d&rsquo;armistice, o\u00f9 il occupe des postes de commandement \u00e0 l&rsquo;\u00e9chelon r\u00e9gional, puis comme commandant en chef des troupes en Tunisie. Commandant de la 16e division militaire \u00e0 Montpellier, lorsque la zone libre est envahie par les troupes allemandes, \u00e0 la suite du d\u00e9barquement des Alli\u00e9s en Afrique du Nord, le 11 novembre 1942, il est arr\u00eat\u00e9 et condamn\u00e9 \u00e0 dix ans de prison pour avoir refus\u00e9 l&rsquo;ordre de ne pas combattre donn\u00e9 par le gouvernement et, seul g\u00e9n\u00e9ral en activit\u00e9 \u00e0 le faire, command\u00e9 \u00e0 ses troupes de s&rsquo;opposer aux Allemands. Il parvient \u00e0 s&rsquo;\u00e9vader et rallie la France libre, fin 1943.<\/p>\n<p>Apr\u00e8s son ralliement \u00e0 de Gaulle, il est l&rsquo;un des grands chefs de l&rsquo;Arm\u00e9e de Lib\u00e9ration en 1943-1945, s&rsquo;illustrant \u00e0 la t\u00eate de l&rsquo;arm\u00e9e qui, apr\u00e8s le d\u00e9barquement alli\u00e9 du 15 ao\u00fbt 1944, m\u00e8ne la campagne victorieuse, dite \u00ab Rhin et Danube \u00bb, contre le Troisi\u00e8me Reich. Il est le seul g\u00e9n\u00e9ral fran\u00e7ais de la Seconde Guerre mondiale \u00e0 avoir command\u00e9 de grandes unit\u00e9s am\u00e9ricaines.<\/p>\n<p>Il est le repr\u00e9sentant fran\u00e7ais \u00e0 la signature de la capitulation allemande \u00e0 Berlin, le 8 mai 1945, aux c\u00f4t\u00e9s d&rsquo;Eisenhower, Joukov et Montgomery.<\/p>\n<p><img loading=\"lazy\" decoding=\"async\" class=\"alignnone size-medium wp-image-512\" src=\"https:\/\/www.claudeguyot.com\/wp-content\/uploads\/2018\/03\/CBAF9D65-208E-4E3B-BDE2-F67A1E448190-3549-000003537D2BC5C4_tmp-300x225.jpg\" alt=\"CBAF9D65-208E-4E3B-BDE2-F67A1E448190-3549-000003537D2BC5C4_tmp\" width=\"300\" height=\"225\" srcset=\"https:\/\/www.claudeguyot.com\/wp-content\/uploads\/2018\/03\/CBAF9D65-208E-4E3B-BDE2-F67A1E448190-3549-000003537D2BC5C4_tmp-300x225.jpg 300w, https:\/\/www.claudeguyot.com\/wp-content\/uploads\/2018\/03\/CBAF9D65-208E-4E3B-BDE2-F67A1E448190-3549-000003537D2BC5C4_tmp-768x576.jpg 768w, https:\/\/www.claudeguyot.com\/wp-content\/uploads\/2018\/03\/CBAF9D65-208E-4E3B-BDE2-F67A1E448190-3549-000003537D2BC5C4_tmp-1024x768.jpg 1024w, https:\/\/www.claudeguyot.com\/wp-content\/uploads\/2018\/03\/CBAF9D65-208E-4E3B-BDE2-F67A1E448190-3549-000003537D2BC5C4_tmp-600x450.jpg 600w\" sizes=\"auto, (max-width: 300px) 100vw, 300px\" \/><\/p>\n<p>Commandant en chef des forces fran\u00e7aises en Allemagne en 1945, puis inspecteur g\u00e9n\u00e9ral de l&rsquo;Arm\u00e9e de terre et chef d\u2019\u00c9tat-Major g\u00e9n\u00e9ral de la D\u00e9fense nationale en 1947, il devient vice-pr\u00e9sident du Conseil sup\u00e9rieur de la guerre. De 1948 \u00e0 1950 aupr\u00e8s du mar\u00e9chal Montgomery, il est le premier commandant en chef des Forces terrestres de l\u2019Europe occidentale.<\/p>\n<p><img loading=\"lazy\" decoding=\"async\" class=\"alignnone size-medium wp-image-514\" src=\"https:\/\/www.claudeguyot.com\/wp-content\/uploads\/2018\/03\/IMG_3387-300x225.jpg\" alt=\"IMG_3387\" width=\"300\" height=\"225\" srcset=\"https:\/\/www.claudeguyot.com\/wp-content\/uploads\/2018\/03\/IMG_3387-300x225.jpg 300w, https:\/\/www.claudeguyot.com\/wp-content\/uploads\/2018\/03\/IMG_3387-768x576.jpg 768w, https:\/\/www.claudeguyot.com\/wp-content\/uploads\/2018\/03\/IMG_3387-1024x768.jpg 1024w, https:\/\/www.claudeguyot.com\/wp-content\/uploads\/2018\/03\/IMG_3387-600x450.jpg 600w\" sizes=\"auto, (max-width: 300px) 100vw, 300px\" \/><\/p>\n<p>Fin 1950, il est envoy\u00e9 redresser la situation sur le front de la guerre d&rsquo;Indochine, et cumule alors les postes de haut-commissaire en Indochine et de commandant en chef du corps exp\u00e9ditionnaire. Il remporte en 1951 plusieurs victoires importantes contre le Vi\u1ec7t Minh mais, atteint par la maladie, il doit quitter l&rsquo;Indochine d\u00e8s la fin de l&rsquo;ann\u00e9e pour se faire soigner en France. Mort le 11 janvier de l&rsquo;ann\u00e9e suivante, il re\u00e7oit des fun\u00e9railles nationales pendant lesquelles il est \u00e9lev\u00e9 \u00e0 titre posthume \u00e0 la dignit\u00e9 de mar\u00e9chal de France.<\/p>\n<p><img loading=\"lazy\" decoding=\"async\" class=\"alignnone size-medium wp-image-513\" src=\"https:\/\/www.claudeguyot.com\/wp-content\/uploads\/2018\/03\/IMG_3432-300x300.jpg\" alt=\"IMG_3432\" width=\"300\" height=\"300\" srcset=\"https:\/\/www.claudeguyot.com\/wp-content\/uploads\/2018\/03\/IMG_3432-300x300.jpg 300w, https:\/\/www.claudeguyot.com\/wp-content\/uploads\/2018\/03\/IMG_3432-150x150.jpg 150w, https:\/\/www.claudeguyot.com\/wp-content\/uploads\/2018\/03\/IMG_3432-768x768.jpg 768w, https:\/\/www.claudeguyot.com\/wp-content\/uploads\/2018\/03\/IMG_3432-1024x1024.jpg 1024w, https:\/\/www.claudeguyot.com\/wp-content\/uploads\/2018\/03\/IMG_3432-600x600.jpg 600w\" sizes=\"auto, (max-width: 300px) 100vw, 300px\" \/><\/p>\n<p>&nbsp;<\/p>\n","protected":false},"excerpt":{"rendered":"<p>Le dimanche 21 janvier 2018 avait lieu, comme chaque ann\u00e9e, la traditionnelle c\u00e9r\u00e9monie d&rsquo;hommage au Mar\u00e9chal Jean de Lattre de Tassigny \u00e0 Mouilleron-en-Pareds (Vend\u00e9e). Comme tous les ans, le pr\u00e9sident de l&rsquo;Association Claude Guyot assistait \u00e0 cette c\u00e9r\u00e9monie en qualit\u00e9 d&rsquo;administrateur et de membre du bureau de l&rsquo;Institut vend\u00e9en Clemenceau de Lattre. \u00c0 ce titre, &hellip; <a href=\"https:\/\/www.claudeguyot.com\/index.php\/2018\/03\/09\/hommage-annuel-marechal-jean-de-lattre-de-tassigny-a-mouilleron-pareds-vendee\/\" class=\"more-link\">Continuer la lecture de <span class=\"screen-reader-text\">Hommage annuel au Mar\u00e9chal Jean de Lattre de Tassigny \u00e0 Mouilleron-en-Pareds (Vend\u00e9e)<\/span>  <span class=\"meta-nav\">&rarr;<\/span><\/a><\/p>\n","protected":false},"author":1,"featured_media":516,"comment_status":"closed","ping_status":"closed","sticky":false,"template":"","format":"standard","meta":{"footnotes":""},"categories":[1],"tags":[],"class_list":["post-508","post","type-post","status-publish","format-standard","has-post-thumbnail","hentry","category-non-classe"],"yoast_head":"<!-- This site is optimized with the Yoast SEO plugin v19.9 - https:\/\/yoast.com\/wordpress\/plugins\/seo\/ -->\n<title>Hommage annuel au Mar\u00e9chal Jean de Lattre de Tassigny \u00e0 Mouilleron-en-Pareds (Vend\u00e9e) - Association Claude Guyot<\/title>\n<meta name=\"robots\" content=\"index, follow, max-snippet:-1, max-image-preview:large, max-video-preview:-1\" \/>\n<link rel=\"canonical\" href=\"https:\/\/www.claudeguyot.com\/index.php\/2018\/03\/09\/hommage-annuel-marechal-jean-de-lattre-de-tassigny-a-mouilleron-pareds-vendee\/\" \/>\n<meta property=\"og:locale\" content=\"fr_FR\" \/>\n<meta property=\"og:type\" content=\"article\" \/>\n<meta property=\"og:title\" content=\"Hommage annuel au Mar\u00e9chal Jean de Lattre de Tassigny \u00e0 Mouilleron-en-Pareds (Vend\u00e9e) - Association Claude Guyot\" \/>\n<meta property=\"og:description\" content=\"Le dimanche 21 janvier 2018 avait lieu, comme chaque ann\u00e9e, la traditionnelle c\u00e9r\u00e9monie d&rsquo;hommage au Mar\u00e9chal Jean de Lattre de Tassigny \u00e0 Mouilleron-en-Pareds (Vend\u00e9e). Comme tous les ans, le pr\u00e9sident de l&rsquo;Association Claude Guyot assistait \u00e0 cette c\u00e9r\u00e9monie en qualit\u00e9 d&rsquo;administrateur et de membre du bureau de l&rsquo;Institut vend\u00e9en Clemenceau de Lattre. \u00c0 ce titre, &hellip; Continuer la lecture de Hommage annuel au Mar\u00e9chal Jean de Lattre de Tassigny \u00e0 Mouilleron-en-Pareds (Vend\u00e9e) &rarr;\" \/>\n<meta property=\"og:url\" content=\"https:\/\/www.claudeguyot.com\/index.php\/2018\/03\/09\/hommage-annuel-marechal-jean-de-lattre-de-tassigny-a-mouilleron-pareds-vendee\/\" \/>\n<meta property=\"og:site_name\" content=\"Association Claude Guyot\" \/>\n<meta property=\"article:published_time\" content=\"2018-03-09T15:22:51+00:00\" \/>\n<meta property=\"article:modified_time\" content=\"2025-07-08T20:46:37+00:00\" \/>\n<meta property=\"og:image\" content=\"https:\/\/www.claudeguyot.com\/wp-content\/uploads\/2018\/03\/IMG_3431-1024x767.jpg\" \/>\n\t<meta property=\"og:image:width\" content=\"1024\" \/>\n\t<meta property=\"og:image:height\" content=\"767\" \/>\n\t<meta property=\"og:image:type\" content=\"image\/jpeg\" \/>\n<meta name=\"author\" content=\"Claude Guyot\" \/>\n<meta name=\"twitter:card\" content=\"summary_large_image\" \/>\n<meta name=\"twitter:label1\" content=\"\u00c9crit par\" \/>\n\t<meta name=\"twitter:data1\" content=\"Claude Guyot\" \/>\n\t<meta name=\"twitter:label2\" content=\"Dur\u00e9e de lecture estim\u00e9e\" \/>\n\t<meta name=\"twitter:data2\" content=\"3 minutes\" \/>\n<script type=\"application\/ld+json\" class=\"yoast-schema-graph\">{\"@context\":\"https:\/\/schema.org\",\"@graph\":[{\"@type\":\"WebPage\",\"@id\":\"https:\/\/www.claudeguyot.com\/index.php\/2018\/03\/09\/hommage-annuel-marechal-jean-de-lattre-de-tassigny-a-mouilleron-pareds-vendee\/\",\"url\":\"https:\/\/www.claudeguyot.com\/index.php\/2018\/03\/09\/hommage-annuel-marechal-jean-de-lattre-de-tassigny-a-mouilleron-pareds-vendee\/\",\"name\":\"Hommage annuel au Mar\u00e9chal Jean de Lattre de Tassigny \u00e0 Mouilleron-en-Pareds (Vend\u00e9e) - Association Claude Guyot\",\"isPartOf\":{\"@id\":\"https:\/\/www.claudeguyot.com\/#website\"},\"datePublished\":\"2018-03-09T15:22:51+00:00\",\"dateModified\":\"2025-07-08T20:46:37+00:00\",\"author\":{\"@id\":\"https:\/\/www.claudeguyot.com\/#\/schema\/person\/fbc6c67d5e15fc909d64aab1f1f150a1\"},\"breadcrumb\":{\"@id\":\"https:\/\/www.claudeguyot.com\/index.php\/2018\/03\/09\/hommage-annuel-marechal-jean-de-lattre-de-tassigny-a-mouilleron-pareds-vendee\/#breadcrumb\"},\"inLanguage\":\"fr-FR\",\"potentialAction\":[{\"@type\":\"ReadAction\",\"target\":[\"https:\/\/www.claudeguyot.com\/index.php\/2018\/03\/09\/hommage-annuel-marechal-jean-de-lattre-de-tassigny-a-mouilleron-pareds-vendee\/\"]}]},{\"@type\":\"BreadcrumbList\",\"@id\":\"https:\/\/www.claudeguyot.com\/index.php\/2018\/03\/09\/hommage-annuel-marechal-jean-de-lattre-de-tassigny-a-mouilleron-pareds-vendee\/#breadcrumb\",\"itemListElement\":[{\"@type\":\"ListItem\",\"position\":1,\"name\":\"Accueil\",\"item\":\"https:\/\/www.claudeguyot.com\/\"},{\"@type\":\"ListItem\",\"position\":2,\"name\":\"Hommage annuel au Mar\u00e9chal Jean de Lattre de Tassigny \u00e0 Mouilleron-en-Pareds (Vend\u00e9e)\"}]},{\"@type\":\"WebSite\",\"@id\":\"https:\/\/www.claudeguyot.com\/#website\",\"url\":\"https:\/\/www.claudeguyot.com\/\",\"name\":\"Association Claude Guyot\",\"description\":\"Association loi 1901 reconnue d&#039;int\u00e9r\u00eat g\u00e9n\u00e9ral\",\"potentialAction\":[{\"@type\":\"SearchAction\",\"target\":{\"@type\":\"EntryPoint\",\"urlTemplate\":\"https:\/\/www.claudeguyot.com\/?s={search_term_string}\"},\"query-input\":\"required name=search_term_string\"}],\"inLanguage\":\"fr-FR\"},{\"@type\":\"Person\",\"@id\":\"https:\/\/www.claudeguyot.com\/#\/schema\/person\/fbc6c67d5e15fc909d64aab1f1f150a1\",\"name\":\"Claude Guyot\",\"image\":{\"@type\":\"ImageObject\",\"inLanguage\":\"fr-FR\",\"@id\":\"https:\/\/www.claudeguyot.com\/#\/schema\/person\/image\/\",\"url\":\"https:\/\/secure.gravatar.com\/avatar\/8835715a7343599eaa98fab3b13c331c454cc537ea4343abb5ad3fefe9b4d586?s=96&d=mm&r=g\",\"contentUrl\":\"https:\/\/secure.gravatar.com\/avatar\/8835715a7343599eaa98fab3b13c331c454cc537ea4343abb5ad3fefe9b4d586?s=96&d=mm&r=g\",\"caption\":\"Claude Guyot\"},\"url\":\"https:\/\/www.claudeguyot.com\/index.php\/author\/admin5958\/\"}]}<\/script>\n<!-- \/ Yoast SEO plugin. -->","yoast_head_json":{"title":"Hommage annuel au Mar\u00e9chal Jean de Lattre de Tassigny \u00e0 Mouilleron-en-Pareds (Vend\u00e9e) - Association Claude Guyot","robots":{"index":"index","follow":"follow","max-snippet":"max-snippet:-1","max-image-preview":"max-image-preview:large","max-video-preview":"max-video-preview:-1"},"canonical":"https:\/\/www.claudeguyot.com\/index.php\/2018\/03\/09\/hommage-annuel-marechal-jean-de-lattre-de-tassigny-a-mouilleron-pareds-vendee\/","og_locale":"fr_FR","og_type":"article","og_title":"Hommage annuel au Mar\u00e9chal Jean de Lattre de Tassigny \u00e0 Mouilleron-en-Pareds (Vend\u00e9e) - Association Claude Guyot","og_description":"Le dimanche 21 janvier 2018 avait lieu, comme chaque ann\u00e9e, la traditionnelle c\u00e9r\u00e9monie d&rsquo;hommage au Mar\u00e9chal Jean de Lattre de Tassigny \u00e0 Mouilleron-en-Pareds (Vend\u00e9e). Comme tous les ans, le pr\u00e9sident de l&rsquo;Association Claude Guyot assistait \u00e0 cette c\u00e9r\u00e9monie en qualit\u00e9 d&rsquo;administrateur et de membre du bureau de l&rsquo;Institut vend\u00e9en Clemenceau de Lattre. \u00c0 ce titre, &hellip; Continuer la lecture de Hommage annuel au Mar\u00e9chal Jean de Lattre de Tassigny \u00e0 Mouilleron-en-Pareds (Vend\u00e9e) &rarr;","og_url":"https:\/\/www.claudeguyot.com\/index.php\/2018\/03\/09\/hommage-annuel-marechal-jean-de-lattre-de-tassigny-a-mouilleron-pareds-vendee\/","og_site_name":"Association Claude Guyot","article_published_time":"2018-03-09T15:22:51+00:00","article_modified_time":"2025-07-08T20:46:37+00:00","og_image":[{"width":1024,"height":767,"url":"https:\/\/www.claudeguyot.com\/wp-content\/uploads\/2018\/03\/IMG_3431-1024x767.jpg","type":"image\/jpeg"}],"author":"Claude Guyot","twitter_card":"summary_large_image","twitter_misc":{"\u00c9crit par":"Claude Guyot","Dur\u00e9e de lecture estim\u00e9e":"3 minutes"},"schema":{"@context":"https:\/\/schema.org","@graph":[{"@type":"WebPage","@id":"https:\/\/www.claudeguyot.com\/index.php\/2018\/03\/09\/hommage-annuel-marechal-jean-de-lattre-de-tassigny-a-mouilleron-pareds-vendee\/","url":"https:\/\/www.claudeguyot.com\/index.php\/2018\/03\/09\/hommage-annuel-marechal-jean-de-lattre-de-tassigny-a-mouilleron-pareds-vendee\/","name":"Hommage annuel au Mar\u00e9chal Jean de Lattre de Tassigny \u00e0 Mouilleron-en-Pareds (Vend\u00e9e) - Association Claude Guyot","isPartOf":{"@id":"https:\/\/www.claudeguyot.com\/#website"},"datePublished":"2018-03-09T15:22:51+00:00","dateModified":"2025-07-08T20:46:37+00:00","author":{"@id":"https:\/\/www.claudeguyot.com\/#\/schema\/person\/fbc6c67d5e15fc909d64aab1f1f150a1"},"breadcrumb":{"@id":"https:\/\/www.claudeguyot.com\/index.php\/2018\/03\/09\/hommage-annuel-marechal-jean-de-lattre-de-tassigny-a-mouilleron-pareds-vendee\/#breadcrumb"},"inLanguage":"fr-FR","potentialAction":[{"@type":"ReadAction","target":["https:\/\/www.claudeguyot.com\/index.php\/2018\/03\/09\/hommage-annuel-marechal-jean-de-lattre-de-tassigny-a-mouilleron-pareds-vendee\/"]}]},{"@type":"BreadcrumbList","@id":"https:\/\/www.claudeguyot.com\/index.php\/2018\/03\/09\/hommage-annuel-marechal-jean-de-lattre-de-tassigny-a-mouilleron-pareds-vendee\/#breadcrumb","itemListElement":[{"@type":"ListItem","position":1,"name":"Accueil","item":"https:\/\/www.claudeguyot.com\/"},{"@type":"ListItem","position":2,"name":"Hommage annuel au Mar\u00e9chal Jean de Lattre de Tassigny \u00e0 Mouilleron-en-Pareds (Vend\u00e9e)"}]},{"@type":"WebSite","@id":"https:\/\/www.claudeguyot.com\/#website","url":"https:\/\/www.claudeguyot.com\/","name":"Association Claude Guyot","description":"Association loi 1901 reconnue d&#039;int\u00e9r\u00eat g\u00e9n\u00e9ral","potentialAction":[{"@type":"SearchAction","target":{"@type":"EntryPoint","urlTemplate":"https:\/\/www.claudeguyot.com\/?s={search_term_string}"},"query-input":"required name=search_term_string"}],"inLanguage":"fr-FR"},{"@type":"Person","@id":"https:\/\/www.claudeguyot.com\/#\/schema\/person\/fbc6c67d5e15fc909d64aab1f1f150a1","name":"Claude Guyot","image":{"@type":"ImageObject","inLanguage":"fr-FR","@id":"https:\/\/www.claudeguyot.com\/#\/schema\/person\/image\/","url":"https:\/\/secure.gravatar.com\/avatar\/8835715a7343599eaa98fab3b13c331c454cc537ea4343abb5ad3fefe9b4d586?s=96&d=mm&r=g","contentUrl":"https:\/\/secure.gravatar.com\/avatar\/8835715a7343599eaa98fab3b13c331c454cc537ea4343abb5ad3fefe9b4d586?s=96&d=mm&r=g","caption":"Claude Guyot"},"url":"https:\/\/www.claudeguyot.com\/index.php\/author\/admin5958\/"}]}},"jetpack_featured_media_url":"https:\/\/www.claudeguyot.com\/wp-content\/uploads\/2018\/03\/IMG_3431.jpg","_links":{"self":[{"href":"https:\/\/www.claudeguyot.com\/index.php\/wp-json\/wp\/v2\/posts\/508","targetHints":{"allow":["GET"]}}],"collection":[{"href":"https:\/\/www.claudeguyot.com\/index.php\/wp-json\/wp\/v2\/posts"}],"about":[{"href":"https:\/\/www.claudeguyot.com\/index.php\/wp-json\/wp\/v2\/types\/post"}],"author":[{"embeddable":true,"href":"https:\/\/www.claudeguyot.com\/index.php\/wp-json\/wp\/v2\/users\/1"}],"replies":[{"embeddable":true,"href":"https:\/\/www.claudeguyot.com\/index.php\/wp-json\/wp\/v2\/comments?post=508"}],"version-history":[{"count":1,"href":"https:\/\/www.claudeguyot.com\/index.php\/wp-json\/wp\/v2\/posts\/508\/revisions"}],"predecessor-version":[{"id":515,"href":"https:\/\/www.claudeguyot.com\/index.php\/wp-json\/wp\/v2\/posts\/508\/revisions\/515"}],"wp:featuredmedia":[{"embeddable":true,"href":"https:\/\/www.claudeguyot.com\/index.php\/wp-json\/wp\/v2\/media\/516"}],"wp:attachment":[{"href":"https:\/\/www.claudeguyot.com\/index.php\/wp-json\/wp\/v2\/media?parent=508"}],"wp:term":[{"taxonomy":"category","embeddable":true,"href":"https:\/\/www.claudeguyot.com\/index.php\/wp-json\/wp\/v2\/categories?post=508"},{"taxonomy":"post_tag","embeddable":true,"href":"https:\/\/www.claudeguyot.com\/index.php\/wp-json\/wp\/v2\/tags?post=508"}],"curies":[{"name":"wp","href":"https:\/\/api.w.org\/{rel}","templated":true}]}}