{"id":517,"date":"2018-03-09T16:33:07","date_gmt":"2018-03-09T15:33:07","guid":{"rendered":"http:\/\/www.claudeguyot.com\/?p=517"},"modified":"2025-07-08T21:46:31","modified_gmt":"2025-07-08T20:46:31","slug":"louvre-dedie-deux-salles-aux-oeuvres-spoliees-pendant-seconde-guerre-mondiale","status":"publish","type":"post","link":"https:\/\/www.claudeguyot.com\/index.php\/2018\/03\/09\/louvre-dedie-deux-salles-aux-oeuvres-spoliees-pendant-seconde-guerre-mondiale\/","title":{"rendered":"Le Louvre d\u00e9die deux salles aux \u0153uvres spoli\u00e9es pendant la Seconde Guerre mondiale"},"content":{"rendered":"<blockquote><p><strong>Le mus\u00e9e ouvre deux salles \u00e0 la pr\u00e9sentation de tableaux vol\u00e9s pendant la guerre aux collectionneurs juifs, puis r\u00e9cup\u00e9r\u00e9s en Allemagne, apr\u00e8s la Seconde Guerre mondiale. L&rsquo;enjeu est simple : sensibiliser le grand public et permettre aux propri\u00e9taires spoli\u00e9s ou \u00e0 leurs descendants de r\u00e9cup\u00e9rer les \u0153uvres pill\u00e9es par les Nazis.<\/strong><\/p><\/blockquote>\n<p><!--more-->Entre 1940 et 1945, on estime que 100 000 \u0153uvres d&rsquo;art ont \u00e9t\u00e9 vol\u00e9es \u00e0 des juifs, en France, puis transf\u00e9r\u00e9es en Allemagne nazie. Apr\u00e8s-guerre, les Alli\u00e9s ont r\u00e9cup\u00e9r\u00e9 une partie de ces \u0153uvres (environ 60 000), en Allemagne ou en Autriche, et les ont r\u00e9exp\u00e9di\u00e9es en France. Une partie des collections, dont celle des Rothschild, ont \u00e9t\u00e9 rendues. Mais 75 ans plus tard, il reste encore un reliquat de peintures, d&rsquo;objets ou de statues, entrepos\u00e9es dans les r\u00e9serves de plusieurs mus\u00e9es, dont le Louvre. Le mus\u00e9e entrepose ainsi 296 tableaux orphelins.<br \/>\nCe dernier s&rsquo;appr\u00eate \u00e0 ouvrir deux salles consacr\u00e9es aux MNR (mus\u00e9e nationaux r\u00e9cup\u00e9ration), nom de code attribu\u00e9 apr\u00e8s-guerre pour ces collections orphelines.<\/p>\n<p>Les deux salles compl\u00e8tent le catalogue des MNR publi\u00e9s dans les ann\u00e9es 2000, ainsi que la base documentaire Rose-Valland, \u00e9tablie en collaboration avec le minist\u00e8re de la Culture. Le site internet liste les \u0153uvres ayant \u00e9t\u00e9 vol\u00e9es (avec des photos), et donne autant que faire se peut, une provenance et une trajectoire. \u00abCertaines personnes qui savent que leurs familles ont \u00e9t\u00e9 spoli\u00e9es, peuvent consulter cette base de donn\u00e9es et tenter de retrouver le tableau sans avoir \u00e0 se d\u00e9placer au Louvre\u00bb, explique S\u00e9bastien Allard, directeur du d\u00e9partement des peintures au Louvre, en charge du projet des nouvelles salles.<\/p>\n<p>Sur 296 tableaux encore conserv\u00e9s au mus\u00e9e, seuls 31 vont \u00eatre expos\u00e9s. \u00abIl est impossible de tout montrer\u00bb, affirme-t-il. Mais les espaces permettront de \u00absensibiliser plus clairement \u00e0 la question en am\u00e9nageant des cabinets avec une banni\u00e8re qui explique clairement l&rsquo;histoire de ces \u0153uvres\u00bb, explique-t-il.<\/p>\n<p><img loading=\"lazy\" decoding=\"async\" class=\"alignnone size-medium wp-image-519\" src=\"https:\/\/www.claudeguyot.com\/wp-content\/uploads\/2018\/03\/IMG_4234-300x169.jpg\" alt=\"IMG_4234\" width=\"300\" height=\"169\" srcset=\"https:\/\/www.claudeguyot.com\/wp-content\/uploads\/2018\/03\/IMG_4234-300x169.jpg 300w, https:\/\/www.claudeguyot.com\/wp-content\/uploads\/2018\/03\/IMG_4234-600x337.jpg 600w, https:\/\/www.claudeguyot.com\/wp-content\/uploads\/2018\/03\/IMG_4234.jpg 680w\" sizes=\"auto, (max-width: 300px) 100vw, 300px\" \/><\/p>\n<p><em>La Peinture \u00abJoueurs de quilles\u00bb class\u00e9e MNR, fait partie des \u0153uvres spoli\u00e9s aux juifs pendant la Seconde Guerre mondiale. Elle est affich\u00e9e au mus\u00e9e du Louvre et sur l&rsquo;interface \u00abRose-Valland\u00bb. R\u00e9union des mus\u00e9es nationaux<\/em><\/p>\n<p><strong>Collaboration entre le Louvre et le minist\u00e8re de la Culture<\/strong><\/p>\n<p>Les deux nouvelles salles permettent \u00e9galement de \u00abmontrer ce travail qui continue d&rsquo;\u00eatre fait entre les mus\u00e9es, le minist\u00e8re de l&rsquo;Int\u00e9rieur et celui de la Culture\u00bb, poursuit S\u00e9bastien Allard. Le projet est par ailleurs r\u00e9alis\u00e9 en liaison avec la Commission d&rsquo;indemnisation des victimes de spoliation (CIVS) cr\u00e9\u00e9e en 1999.\u00a0Depuis la fin de la guerre, environ 110 tableaux ont \u00e9t\u00e9 restitu\u00e9s aux propri\u00e9taires spoli\u00e9s, ou \u00e0 leurs descendants.<\/p>\n<p>Source : Elo\u00efse Sibony, Claire Bommelaer | Le Figaro.<\/p>\n<p>&nbsp;<\/p>\n","protected":false},"excerpt":{"rendered":"<p>Le mus\u00e9e ouvre deux salles \u00e0 la pr\u00e9sentation de tableaux vol\u00e9s pendant la guerre aux collectionneurs juifs, puis r\u00e9cup\u00e9r\u00e9s en Allemagne, apr\u00e8s la Seconde Guerre mondiale. L&rsquo;enjeu est simple : sensibiliser le grand public et permettre aux propri\u00e9taires spoli\u00e9s ou \u00e0 leurs descendants de r\u00e9cup\u00e9rer les \u0153uvres pill\u00e9es par les Nazis.<\/p>\n","protected":false},"author":1,"featured_media":518,"comment_status":"closed","ping_status":"closed","sticky":false,"template":"","format":"standard","meta":{"footnotes":""},"categories":[1],"tags":[],"class_list":["post-517","post","type-post","status-publish","format-standard","has-post-thumbnail","hentry","category-non-classe"],"yoast_head":"<!-- This site is optimized with the Yoast SEO plugin v19.9 - https:\/\/yoast.com\/wordpress\/plugins\/seo\/ -->\n<title>Le Louvre d\u00e9die deux salles aux \u0153uvres spoli\u00e9es pendant la Seconde Guerre mondiale - Association Claude Guyot<\/title>\n<meta name=\"robots\" content=\"index, follow, max-snippet:-1, max-image-preview:large, max-video-preview:-1\" \/>\n<link rel=\"canonical\" href=\"https:\/\/www.claudeguyot.com\/index.php\/2018\/03\/09\/louvre-dedie-deux-salles-aux-oeuvres-spoliees-pendant-seconde-guerre-mondiale\/\" \/>\n<meta property=\"og:locale\" content=\"fr_FR\" \/>\n<meta property=\"og:type\" content=\"article\" \/>\n<meta property=\"og:title\" content=\"Le Louvre d\u00e9die deux salles aux \u0153uvres spoli\u00e9es pendant la Seconde Guerre mondiale - Association Claude Guyot\" \/>\n<meta property=\"og:description\" content=\"Le mus\u00e9e ouvre deux salles \u00e0 la pr\u00e9sentation de tableaux vol\u00e9s pendant la guerre aux collectionneurs juifs, puis r\u00e9cup\u00e9r\u00e9s en Allemagne, apr\u00e8s la Seconde Guerre mondiale. L&rsquo;enjeu est simple : sensibiliser le grand public et permettre aux propri\u00e9taires spoli\u00e9s ou \u00e0 leurs descendants de r\u00e9cup\u00e9rer les \u0153uvres pill\u00e9es par les Nazis.\" \/>\n<meta property=\"og:url\" content=\"https:\/\/www.claudeguyot.com\/index.php\/2018\/03\/09\/louvre-dedie-deux-salles-aux-oeuvres-spoliees-pendant-seconde-guerre-mondiale\/\" \/>\n<meta property=\"og:site_name\" content=\"Association Claude Guyot\" \/>\n<meta property=\"article:published_time\" content=\"2018-03-09T15:33:07+00:00\" \/>\n<meta property=\"article:modified_time\" content=\"2025-07-08T20:46:31+00:00\" \/>\n<meta property=\"og:image\" content=\"https:\/\/www.claudeguyot.com\/wp-content\/uploads\/2018\/03\/IMG_4233.jpg\" \/>\n\t<meta property=\"og:image:width\" content=\"1024\" \/>\n\t<meta property=\"og:image:height\" content=\"578\" \/>\n\t<meta property=\"og:image:type\" content=\"image\/jpeg\" \/>\n<meta name=\"author\" content=\"Claude Guyot\" \/>\n<meta name=\"twitter:card\" content=\"summary_large_image\" \/>\n<meta name=\"twitter:label1\" content=\"\u00c9crit par\" \/>\n\t<meta name=\"twitter:data1\" content=\"Claude Guyot\" \/>\n\t<meta name=\"twitter:label2\" content=\"Dur\u00e9e de lecture estim\u00e9e\" \/>\n\t<meta name=\"twitter:data2\" content=\"2 minutes\" \/>\n<script type=\"application\/ld+json\" class=\"yoast-schema-graph\">{\"@context\":\"https:\/\/schema.org\",\"@graph\":[{\"@type\":\"WebPage\",\"@id\":\"https:\/\/www.claudeguyot.com\/index.php\/2018\/03\/09\/louvre-dedie-deux-salles-aux-oeuvres-spoliees-pendant-seconde-guerre-mondiale\/\",\"url\":\"https:\/\/www.claudeguyot.com\/index.php\/2018\/03\/09\/louvre-dedie-deux-salles-aux-oeuvres-spoliees-pendant-seconde-guerre-mondiale\/\",\"name\":\"Le Louvre d\u00e9die deux salles aux \u0153uvres spoli\u00e9es pendant la Seconde Guerre mondiale - Association Claude Guyot\",\"isPartOf\":{\"@id\":\"https:\/\/www.claudeguyot.com\/#website\"},\"datePublished\":\"2018-03-09T15:33:07+00:00\",\"dateModified\":\"2025-07-08T20:46:31+00:00\",\"author\":{\"@id\":\"https:\/\/www.claudeguyot.com\/#\/schema\/person\/fbc6c67d5e15fc909d64aab1f1f150a1\"},\"breadcrumb\":{\"@id\":\"https:\/\/www.claudeguyot.com\/index.php\/2018\/03\/09\/louvre-dedie-deux-salles-aux-oeuvres-spoliees-pendant-seconde-guerre-mondiale\/#breadcrumb\"},\"inLanguage\":\"fr-FR\",\"potentialAction\":[{\"@type\":\"ReadAction\",\"target\":[\"https:\/\/www.claudeguyot.com\/index.php\/2018\/03\/09\/louvre-dedie-deux-salles-aux-oeuvres-spoliees-pendant-seconde-guerre-mondiale\/\"]}]},{\"@type\":\"BreadcrumbList\",\"@id\":\"https:\/\/www.claudeguyot.com\/index.php\/2018\/03\/09\/louvre-dedie-deux-salles-aux-oeuvres-spoliees-pendant-seconde-guerre-mondiale\/#breadcrumb\",\"itemListElement\":[{\"@type\":\"ListItem\",\"position\":1,\"name\":\"Accueil\",\"item\":\"https:\/\/www.claudeguyot.com\/\"},{\"@type\":\"ListItem\",\"position\":2,\"name\":\"Le Louvre d\u00e9die deux salles aux \u0153uvres spoli\u00e9es pendant la Seconde Guerre mondiale\"}]},{\"@type\":\"WebSite\",\"@id\":\"https:\/\/www.claudeguyot.com\/#website\",\"url\":\"https:\/\/www.claudeguyot.com\/\",\"name\":\"Association Claude Guyot\",\"description\":\"Association loi 1901 reconnue d&#039;int\u00e9r\u00eat g\u00e9n\u00e9ral\",\"potentialAction\":[{\"@type\":\"SearchAction\",\"target\":{\"@type\":\"EntryPoint\",\"urlTemplate\":\"https:\/\/www.claudeguyot.com\/?s={search_term_string}\"},\"query-input\":\"required name=search_term_string\"}],\"inLanguage\":\"fr-FR\"},{\"@type\":\"Person\",\"@id\":\"https:\/\/www.claudeguyot.com\/#\/schema\/person\/fbc6c67d5e15fc909d64aab1f1f150a1\",\"name\":\"Claude Guyot\",\"image\":{\"@type\":\"ImageObject\",\"inLanguage\":\"fr-FR\",\"@id\":\"https:\/\/www.claudeguyot.com\/#\/schema\/person\/image\/\",\"url\":\"https:\/\/secure.gravatar.com\/avatar\/8835715a7343599eaa98fab3b13c331c454cc537ea4343abb5ad3fefe9b4d586?s=96&d=mm&r=g\",\"contentUrl\":\"https:\/\/secure.gravatar.com\/avatar\/8835715a7343599eaa98fab3b13c331c454cc537ea4343abb5ad3fefe9b4d586?s=96&d=mm&r=g\",\"caption\":\"Claude Guyot\"},\"url\":\"https:\/\/www.claudeguyot.com\/index.php\/author\/admin5958\/\"}]}<\/script>\n<!-- \/ Yoast SEO plugin. -->","yoast_head_json":{"title":"Le Louvre d\u00e9die deux salles aux \u0153uvres spoli\u00e9es pendant la Seconde Guerre mondiale - Association Claude Guyot","robots":{"index":"index","follow":"follow","max-snippet":"max-snippet:-1","max-image-preview":"max-image-preview:large","max-video-preview":"max-video-preview:-1"},"canonical":"https:\/\/www.claudeguyot.com\/index.php\/2018\/03\/09\/louvre-dedie-deux-salles-aux-oeuvres-spoliees-pendant-seconde-guerre-mondiale\/","og_locale":"fr_FR","og_type":"article","og_title":"Le Louvre d\u00e9die deux salles aux \u0153uvres spoli\u00e9es pendant la Seconde Guerre mondiale - Association Claude Guyot","og_description":"Le mus\u00e9e ouvre deux salles \u00e0 la pr\u00e9sentation de tableaux vol\u00e9s pendant la guerre aux collectionneurs juifs, puis r\u00e9cup\u00e9r\u00e9s en Allemagne, apr\u00e8s la Seconde Guerre mondiale. L&rsquo;enjeu est simple : sensibiliser le grand public et permettre aux propri\u00e9taires spoli\u00e9s ou \u00e0 leurs descendants de r\u00e9cup\u00e9rer les \u0153uvres pill\u00e9es par les Nazis.","og_url":"https:\/\/www.claudeguyot.com\/index.php\/2018\/03\/09\/louvre-dedie-deux-salles-aux-oeuvres-spoliees-pendant-seconde-guerre-mondiale\/","og_site_name":"Association Claude Guyot","article_published_time":"2018-03-09T15:33:07+00:00","article_modified_time":"2025-07-08T20:46:31+00:00","og_image":[{"width":1024,"height":578,"url":"https:\/\/www.claudeguyot.com\/wp-content\/uploads\/2018\/03\/IMG_4233.jpg","type":"image\/jpeg"}],"author":"Claude Guyot","twitter_card":"summary_large_image","twitter_misc":{"\u00c9crit par":"Claude Guyot","Dur\u00e9e de lecture estim\u00e9e":"2 minutes"},"schema":{"@context":"https:\/\/schema.org","@graph":[{"@type":"WebPage","@id":"https:\/\/www.claudeguyot.com\/index.php\/2018\/03\/09\/louvre-dedie-deux-salles-aux-oeuvres-spoliees-pendant-seconde-guerre-mondiale\/","url":"https:\/\/www.claudeguyot.com\/index.php\/2018\/03\/09\/louvre-dedie-deux-salles-aux-oeuvres-spoliees-pendant-seconde-guerre-mondiale\/","name":"Le Louvre d\u00e9die deux salles aux \u0153uvres spoli\u00e9es pendant la Seconde Guerre mondiale - Association Claude Guyot","isPartOf":{"@id":"https:\/\/www.claudeguyot.com\/#website"},"datePublished":"2018-03-09T15:33:07+00:00","dateModified":"2025-07-08T20:46:31+00:00","author":{"@id":"https:\/\/www.claudeguyot.com\/#\/schema\/person\/fbc6c67d5e15fc909d64aab1f1f150a1"},"breadcrumb":{"@id":"https:\/\/www.claudeguyot.com\/index.php\/2018\/03\/09\/louvre-dedie-deux-salles-aux-oeuvres-spoliees-pendant-seconde-guerre-mondiale\/#breadcrumb"},"inLanguage":"fr-FR","potentialAction":[{"@type":"ReadAction","target":["https:\/\/www.claudeguyot.com\/index.php\/2018\/03\/09\/louvre-dedie-deux-salles-aux-oeuvres-spoliees-pendant-seconde-guerre-mondiale\/"]}]},{"@type":"BreadcrumbList","@id":"https:\/\/www.claudeguyot.com\/index.php\/2018\/03\/09\/louvre-dedie-deux-salles-aux-oeuvres-spoliees-pendant-seconde-guerre-mondiale\/#breadcrumb","itemListElement":[{"@type":"ListItem","position":1,"name":"Accueil","item":"https:\/\/www.claudeguyot.com\/"},{"@type":"ListItem","position":2,"name":"Le Louvre d\u00e9die deux salles aux \u0153uvres spoli\u00e9es pendant la Seconde Guerre mondiale"}]},{"@type":"WebSite","@id":"https:\/\/www.claudeguyot.com\/#website","url":"https:\/\/www.claudeguyot.com\/","name":"Association Claude Guyot","description":"Association loi 1901 reconnue d&#039;int\u00e9r\u00eat g\u00e9n\u00e9ral","potentialAction":[{"@type":"SearchAction","target":{"@type":"EntryPoint","urlTemplate":"https:\/\/www.claudeguyot.com\/?s={search_term_string}"},"query-input":"required name=search_term_string"}],"inLanguage":"fr-FR"},{"@type":"Person","@id":"https:\/\/www.claudeguyot.com\/#\/schema\/person\/fbc6c67d5e15fc909d64aab1f1f150a1","name":"Claude Guyot","image":{"@type":"ImageObject","inLanguage":"fr-FR","@id":"https:\/\/www.claudeguyot.com\/#\/schema\/person\/image\/","url":"https:\/\/secure.gravatar.com\/avatar\/8835715a7343599eaa98fab3b13c331c454cc537ea4343abb5ad3fefe9b4d586?s=96&d=mm&r=g","contentUrl":"https:\/\/secure.gravatar.com\/avatar\/8835715a7343599eaa98fab3b13c331c454cc537ea4343abb5ad3fefe9b4d586?s=96&d=mm&r=g","caption":"Claude Guyot"},"url":"https:\/\/www.claudeguyot.com\/index.php\/author\/admin5958\/"}]}},"jetpack_featured_media_url":"https:\/\/www.claudeguyot.com\/wp-content\/uploads\/2018\/03\/IMG_4233.jpg","_links":{"self":[{"href":"https:\/\/www.claudeguyot.com\/index.php\/wp-json\/wp\/v2\/posts\/517","targetHints":{"allow":["GET"]}}],"collection":[{"href":"https:\/\/www.claudeguyot.com\/index.php\/wp-json\/wp\/v2\/posts"}],"about":[{"href":"https:\/\/www.claudeguyot.com\/index.php\/wp-json\/wp\/v2\/types\/post"}],"author":[{"embeddable":true,"href":"https:\/\/www.claudeguyot.com\/index.php\/wp-json\/wp\/v2\/users\/1"}],"replies":[{"embeddable":true,"href":"https:\/\/www.claudeguyot.com\/index.php\/wp-json\/wp\/v2\/comments?post=517"}],"version-history":[{"count":1,"href":"https:\/\/www.claudeguyot.com\/index.php\/wp-json\/wp\/v2\/posts\/517\/revisions"}],"predecessor-version":[{"id":520,"href":"https:\/\/www.claudeguyot.com\/index.php\/wp-json\/wp\/v2\/posts\/517\/revisions\/520"}],"wp:featuredmedia":[{"embeddable":true,"href":"https:\/\/www.claudeguyot.com\/index.php\/wp-json\/wp\/v2\/media\/518"}],"wp:attachment":[{"href":"https:\/\/www.claudeguyot.com\/index.php\/wp-json\/wp\/v2\/media?parent=517"}],"wp:term":[{"taxonomy":"category","embeddable":true,"href":"https:\/\/www.claudeguyot.com\/index.php\/wp-json\/wp\/v2\/categories?post=517"},{"taxonomy":"post_tag","embeddable":true,"href":"https:\/\/www.claudeguyot.com\/index.php\/wp-json\/wp\/v2\/tags?post=517"}],"curies":[{"name":"wp","href":"https:\/\/api.w.org\/{rel}","templated":true}]}}