{"id":561,"date":"2018-06-18T12:49:21","date_gmt":"2018-06-18T11:49:21","guid":{"rendered":"http:\/\/www.claudeguyot.com\/?p=561"},"modified":"2025-07-08T21:46:09","modified_gmt":"2025-07-08T20:46:09","slug":"appel-18-juin-daniel-cordier-lancien-secretaire-de-jean-moulin-a-ete-eleve-a-dignite-de-grand-croix-de-legion-dhonneur","status":"publish","type":"post","link":"https:\/\/www.claudeguyot.com\/index.php\/2018\/06\/18\/appel-18-juin-daniel-cordier-lancien-secretaire-de-jean-moulin-a-ete-eleve-a-dignite-de-grand-croix-de-legion-dhonneur\/","title":{"rendered":"Appel du 18 juin &#8211; Daniel Cordier, l&rsquo;ancien secr\u00e9taire de Jean Moulin, a \u00e9t\u00e9 \u00e9lev\u00e9 \u00e0 la dignit\u00e9 de Grand-Croix de la L\u00e9gion d&rsquo;honneur"},"content":{"rendered":"<p>Intense \u00e9motion ce matin au Palais de l\u2019Elys\u00e9e. Le Pr\u00e9sident de la R\u00e9publique, Emmanuel Macron, a \u00e9lev\u00e9 Daniel Cordier, ancien r\u00e9sistant et secr\u00e9taire de Jean Moulin, \u00e0 la dignit\u00e9 de Grand Croix de la L\u00e9gion d\u2019honneur. Daniel Cordier est l\u2019un des cinq derniers Compagnons de la Lib\u00e9ration encore en vie, sur les 1.038 qui avaient \u00e9t\u00e9 distingu\u00e9s pour leur engagement au sein de la France libre pendant l\u2019Occupation allemande.<\/p>\n<p><img loading=\"lazy\" decoding=\"async\" class=\"alignnone size-medium wp-image-562\" src=\"https:\/\/www.claudeguyot.com\/wp-content\/uploads\/2018\/06\/FE162BDB-660A-4FDB-A4CB-D371649B040B-225x300.jpeg\" alt=\"FE162BDB-660A-4FDB-A4CB-D371649B040B\" width=\"225\" height=\"300\" srcset=\"https:\/\/www.claudeguyot.com\/wp-content\/uploads\/2018\/06\/FE162BDB-660A-4FDB-A4CB-D371649B040B-225x300.jpeg 225w, https:\/\/www.claudeguyot.com\/wp-content\/uploads\/2018\/06\/FE162BDB-660A-4FDB-A4CB-D371649B040B-600x800.jpeg 600w, https:\/\/www.claudeguyot.com\/wp-content\/uploads\/2018\/06\/FE162BDB-660A-4FDB-A4CB-D371649B040B.jpeg 720w\" sizes=\"auto, (max-width: 225px) 100vw, 225px\" \/><\/p>\n<p>Les deux hommes ont ensuite assist\u00e9 au Mont Val\u00e9rien aux comm\u00e9morations de l\u2019Appel du 18 juin, lanc\u00e9 il y a 78 ans par le g\u00e9n\u00e9ral De Gaulle.<\/p>\n<p>\u00abSe trouver face \u00e0 vous, c\u2019est se trouver imm\u00e9diatement, irr\u00e9sistiblement, face \u00e0 l\u2019Histoire\u00bb, a d\u00e9clar\u00e9 le chef de l\u2019Etat en d\u00e9corant Daniel Cordier \u00e0 l\u2019Elys\u00e9e, en pr\u00e9sence notamment de la ministre des Arm\u00e9es Florence Parly et de la secr\u00e9taire d\u2019Etat aux Anciens combattants Genevi\u00e8ve Darrieussecq.<\/p>\n<p>\u00abCa me bouleverse\u00bb, a reconnu l\u2019ancien r\u00e9sistant au cours d\u2019un apart\u00e9 avec Emmanuel Macron, selon des extraits diffus\u00e9s par l\u2019Elys\u00e9e. \u00abJe vais tr\u00e8s, tr\u00e8s, tr\u00e8s bien. Ce qui est curieux c\u2019est que \u00e7a dure si longtemps. Mais enfin, je suis pr\u00eat \u00e0 tout\u00bb, a ajout\u00e9 le nonag\u00e9naire.<\/p>\n<p>Les quatre autres &#8211; Guy Charmot, Hubert Germain, Pierre Simonet et Edgard Tup\u00ebt-Thom\u00e9 &#8211; sont \u00e2g\u00e9s de 96 \u00e0 103 ans. Il est pr\u00e9vu que le dernier d\u2019entre eux qui d\u00e9c\u00e8dera sera inhum\u00e9 au Mont-Val\u00e9rien, \u00e0 Suresnes (Hauts-de-Seine). Ce site a \u00e9t\u00e9 le principal lieu d\u2019ex\u00e9cution de r\u00e9sistants et d\u2019otages par l\u2019arm\u00e9e allemande durant la Seconde guerre mondiale avant que Charles de Gaulle y inaugure le M\u00e9morial de la France combattante.<\/p>\n<p>N\u00e9 le 10 ao\u00fbt 1920 \u00e0 Bordeaux, Daniel Cordier, de son vrai nom Bouyjou, a pass\u00e9 une grande partie de sa vie \u00e0 d\u00e9fendre l\u2019oeuvre et la m\u00e9moire de Jean Moulin, le coordinateur de la r\u00e9sistance fran\u00e7aise, lui consacrant une biographie monumentale. Il s\u2019est \u00e9galement fait conna\u00eetre comme amateur d\u2019art et a donn\u00e9 au Centre Georges-Pompidou une partie de sa vaste collection de tableaux.<\/p>\n<p>Source : Lib\u00e9ration &#8211; 18 juin 2018.<\/p>\n","protected":false},"excerpt":{"rendered":"<p>Intense \u00e9motion ce matin au Palais de l\u2019Elys\u00e9e. Le Pr\u00e9sident de la R\u00e9publique, Emmanuel Macron, a \u00e9lev\u00e9 Daniel Cordier, ancien r\u00e9sistant et secr\u00e9taire de Jean Moulin, \u00e0 la dignit\u00e9 de Grand Croix de la L\u00e9gion d\u2019honneur. Daniel Cordier est l\u2019un des cinq derniers Compagnons de la Lib\u00e9ration encore en vie, sur les 1.038 qui avaient &hellip; <a href=\"https:\/\/www.claudeguyot.com\/index.php\/2018\/06\/18\/appel-18-juin-daniel-cordier-lancien-secretaire-de-jean-moulin-a-ete-eleve-a-dignite-de-grand-croix-de-legion-dhonneur\/\" class=\"more-link\">Continuer la lecture de <span class=\"screen-reader-text\">Appel du 18 juin &#8211; Daniel Cordier, l&rsquo;ancien secr\u00e9taire de Jean Moulin, a \u00e9t\u00e9 \u00e9lev\u00e9 \u00e0 la dignit\u00e9 de Grand-Croix de la L\u00e9gion d&rsquo;honneur<\/span>  <span class=\"meta-nav\">&rarr;<\/span><\/a><\/p>\n","protected":false},"author":1,"featured_media":563,"comment_status":"closed","ping_status":"closed","sticky":false,"template":"","format":"standard","meta":{"footnotes":""},"categories":[1],"tags":[],"class_list":["post-561","post","type-post","status-publish","format-standard","has-post-thumbnail","hentry","category-non-classe"],"yoast_head":"<!-- This site is optimized with the Yoast SEO plugin v19.9 - https:\/\/yoast.com\/wordpress\/plugins\/seo\/ -->\n<title>Appel du 18 juin - Daniel Cordier, l&#039;ancien secr\u00e9taire de Jean Moulin, a \u00e9t\u00e9 \u00e9lev\u00e9 \u00e0 la dignit\u00e9 de Grand-Croix de la L\u00e9gion d&#039;honneur - Association Claude Guyot<\/title>\n<meta name=\"robots\" content=\"index, follow, max-snippet:-1, max-image-preview:large, max-video-preview:-1\" \/>\n<link rel=\"canonical\" href=\"https:\/\/www.claudeguyot.com\/index.php\/2018\/06\/18\/appel-18-juin-daniel-cordier-lancien-secretaire-de-jean-moulin-a-ete-eleve-a-dignite-de-grand-croix-de-legion-dhonneur\/\" \/>\n<meta property=\"og:locale\" content=\"fr_FR\" \/>\n<meta property=\"og:type\" content=\"article\" \/>\n<meta property=\"og:title\" content=\"Appel du 18 juin - Daniel Cordier, l&#039;ancien secr\u00e9taire de Jean Moulin, a \u00e9t\u00e9 \u00e9lev\u00e9 \u00e0 la dignit\u00e9 de Grand-Croix de la L\u00e9gion d&#039;honneur - Association Claude Guyot\" \/>\n<meta property=\"og:description\" content=\"Intense \u00e9motion ce matin au Palais de l\u2019Elys\u00e9e. Le Pr\u00e9sident de la R\u00e9publique, Emmanuel Macron, a \u00e9lev\u00e9 Daniel Cordier, ancien r\u00e9sistant et secr\u00e9taire de Jean Moulin, \u00e0 la dignit\u00e9 de Grand Croix de la L\u00e9gion d\u2019honneur. Daniel Cordier est l\u2019un des cinq derniers Compagnons de la Lib\u00e9ration encore en vie, sur les 1.038 qui avaient &hellip; Continuer la lecture de Appel du 18 juin &#8211; Daniel Cordier, l&rsquo;ancien secr\u00e9taire de Jean Moulin, a \u00e9t\u00e9 \u00e9lev\u00e9 \u00e0 la dignit\u00e9 de Grand-Croix de la L\u00e9gion d&rsquo;honneur &rarr;\" \/>\n<meta property=\"og:url\" content=\"https:\/\/www.claudeguyot.com\/index.php\/2018\/06\/18\/appel-18-juin-daniel-cordier-lancien-secretaire-de-jean-moulin-a-ete-eleve-a-dignite-de-grand-croix-de-legion-dhonneur\/\" \/>\n<meta property=\"og:site_name\" content=\"Association Claude Guyot\" \/>\n<meta property=\"article:published_time\" content=\"2018-06-18T11:49:21+00:00\" \/>\n<meta property=\"article:modified_time\" content=\"2025-07-08T20:46:09+00:00\" \/>\n<meta property=\"og:image\" content=\"https:\/\/www.claudeguyot.com\/wp-content\/uploads\/2018\/06\/D0151C50-897E-43E8-8516-13A72290EF5F.jpeg\" \/>\n\t<meta property=\"og:image:width\" content=\"960\" \/>\n\t<meta property=\"og:image:height\" content=\"640\" \/>\n\t<meta property=\"og:image:type\" content=\"image\/jpeg\" \/>\n<meta name=\"author\" content=\"Claude Guyot\" \/>\n<meta name=\"twitter:card\" content=\"summary_large_image\" \/>\n<meta name=\"twitter:label1\" content=\"\u00c9crit par\" \/>\n\t<meta name=\"twitter:data1\" content=\"Claude Guyot\" \/>\n\t<meta name=\"twitter:label2\" content=\"Dur\u00e9e de lecture estim\u00e9e\" \/>\n\t<meta name=\"twitter:data2\" content=\"2 minutes\" \/>\n<script type=\"application\/ld+json\" class=\"yoast-schema-graph\">{\"@context\":\"https:\/\/schema.org\",\"@graph\":[{\"@type\":\"WebPage\",\"@id\":\"https:\/\/www.claudeguyot.com\/index.php\/2018\/06\/18\/appel-18-juin-daniel-cordier-lancien-secretaire-de-jean-moulin-a-ete-eleve-a-dignite-de-grand-croix-de-legion-dhonneur\/\",\"url\":\"https:\/\/www.claudeguyot.com\/index.php\/2018\/06\/18\/appel-18-juin-daniel-cordier-lancien-secretaire-de-jean-moulin-a-ete-eleve-a-dignite-de-grand-croix-de-legion-dhonneur\/\",\"name\":\"Appel du 18 juin - Daniel Cordier, l'ancien secr\u00e9taire de Jean Moulin, a \u00e9t\u00e9 \u00e9lev\u00e9 \u00e0 la dignit\u00e9 de Grand-Croix de la L\u00e9gion d'honneur - Association Claude Guyot\",\"isPartOf\":{\"@id\":\"https:\/\/www.claudeguyot.com\/#website\"},\"datePublished\":\"2018-06-18T11:49:21+00:00\",\"dateModified\":\"2025-07-08T20:46:09+00:00\",\"author\":{\"@id\":\"https:\/\/www.claudeguyot.com\/#\/schema\/person\/fbc6c67d5e15fc909d64aab1f1f150a1\"},\"breadcrumb\":{\"@id\":\"https:\/\/www.claudeguyot.com\/index.php\/2018\/06\/18\/appel-18-juin-daniel-cordier-lancien-secretaire-de-jean-moulin-a-ete-eleve-a-dignite-de-grand-croix-de-legion-dhonneur\/#breadcrumb\"},\"inLanguage\":\"fr-FR\",\"potentialAction\":[{\"@type\":\"ReadAction\",\"target\":[\"https:\/\/www.claudeguyot.com\/index.php\/2018\/06\/18\/appel-18-juin-daniel-cordier-lancien-secretaire-de-jean-moulin-a-ete-eleve-a-dignite-de-grand-croix-de-legion-dhonneur\/\"]}]},{\"@type\":\"BreadcrumbList\",\"@id\":\"https:\/\/www.claudeguyot.com\/index.php\/2018\/06\/18\/appel-18-juin-daniel-cordier-lancien-secretaire-de-jean-moulin-a-ete-eleve-a-dignite-de-grand-croix-de-legion-dhonneur\/#breadcrumb\",\"itemListElement\":[{\"@type\":\"ListItem\",\"position\":1,\"name\":\"Accueil\",\"item\":\"https:\/\/www.claudeguyot.com\/\"},{\"@type\":\"ListItem\",\"position\":2,\"name\":\"Appel du 18 juin &#8211; Daniel Cordier, l&#8217;ancien secr\u00e9taire de Jean Moulin, a \u00e9t\u00e9 \u00e9lev\u00e9 \u00e0 la dignit\u00e9 de Grand-Croix de la L\u00e9gion d&#8217;honneur\"}]},{\"@type\":\"WebSite\",\"@id\":\"https:\/\/www.claudeguyot.com\/#website\",\"url\":\"https:\/\/www.claudeguyot.com\/\",\"name\":\"Association Claude Guyot\",\"description\":\"Association loi 1901 reconnue d&#039;int\u00e9r\u00eat g\u00e9n\u00e9ral\",\"potentialAction\":[{\"@type\":\"SearchAction\",\"target\":{\"@type\":\"EntryPoint\",\"urlTemplate\":\"https:\/\/www.claudeguyot.com\/?s={search_term_string}\"},\"query-input\":\"required name=search_term_string\"}],\"inLanguage\":\"fr-FR\"},{\"@type\":\"Person\",\"@id\":\"https:\/\/www.claudeguyot.com\/#\/schema\/person\/fbc6c67d5e15fc909d64aab1f1f150a1\",\"name\":\"Claude Guyot\",\"image\":{\"@type\":\"ImageObject\",\"inLanguage\":\"fr-FR\",\"@id\":\"https:\/\/www.claudeguyot.com\/#\/schema\/person\/image\/\",\"url\":\"https:\/\/secure.gravatar.com\/avatar\/8835715a7343599eaa98fab3b13c331c454cc537ea4343abb5ad3fefe9b4d586?s=96&d=mm&r=g\",\"contentUrl\":\"https:\/\/secure.gravatar.com\/avatar\/8835715a7343599eaa98fab3b13c331c454cc537ea4343abb5ad3fefe9b4d586?s=96&d=mm&r=g\",\"caption\":\"Claude Guyot\"},\"url\":\"https:\/\/www.claudeguyot.com\/index.php\/author\/admin5958\/\"}]}<\/script>\n<!-- \/ Yoast SEO plugin. -->","yoast_head_json":{"title":"Appel du 18 juin - Daniel Cordier, l'ancien secr\u00e9taire de Jean Moulin, a \u00e9t\u00e9 \u00e9lev\u00e9 \u00e0 la dignit\u00e9 de Grand-Croix de la L\u00e9gion d'honneur - Association Claude Guyot","robots":{"index":"index","follow":"follow","max-snippet":"max-snippet:-1","max-image-preview":"max-image-preview:large","max-video-preview":"max-video-preview:-1"},"canonical":"https:\/\/www.claudeguyot.com\/index.php\/2018\/06\/18\/appel-18-juin-daniel-cordier-lancien-secretaire-de-jean-moulin-a-ete-eleve-a-dignite-de-grand-croix-de-legion-dhonneur\/","og_locale":"fr_FR","og_type":"article","og_title":"Appel du 18 juin - Daniel Cordier, l'ancien secr\u00e9taire de Jean Moulin, a \u00e9t\u00e9 \u00e9lev\u00e9 \u00e0 la dignit\u00e9 de Grand-Croix de la L\u00e9gion d'honneur - Association Claude Guyot","og_description":"Intense \u00e9motion ce matin au Palais de l\u2019Elys\u00e9e. Le Pr\u00e9sident de la R\u00e9publique, Emmanuel Macron, a \u00e9lev\u00e9 Daniel Cordier, ancien r\u00e9sistant et secr\u00e9taire de Jean Moulin, \u00e0 la dignit\u00e9 de Grand Croix de la L\u00e9gion d\u2019honneur. Daniel Cordier est l\u2019un des cinq derniers Compagnons de la Lib\u00e9ration encore en vie, sur les 1.038 qui avaient &hellip; Continuer la lecture de Appel du 18 juin &#8211; Daniel Cordier, l&rsquo;ancien secr\u00e9taire de Jean Moulin, a \u00e9t\u00e9 \u00e9lev\u00e9 \u00e0 la dignit\u00e9 de Grand-Croix de la L\u00e9gion d&rsquo;honneur &rarr;","og_url":"https:\/\/www.claudeguyot.com\/index.php\/2018\/06\/18\/appel-18-juin-daniel-cordier-lancien-secretaire-de-jean-moulin-a-ete-eleve-a-dignite-de-grand-croix-de-legion-dhonneur\/","og_site_name":"Association Claude Guyot","article_published_time":"2018-06-18T11:49:21+00:00","article_modified_time":"2025-07-08T20:46:09+00:00","og_image":[{"width":960,"height":640,"url":"https:\/\/www.claudeguyot.com\/wp-content\/uploads\/2018\/06\/D0151C50-897E-43E8-8516-13A72290EF5F.jpeg","type":"image\/jpeg"}],"author":"Claude Guyot","twitter_card":"summary_large_image","twitter_misc":{"\u00c9crit par":"Claude Guyot","Dur\u00e9e de lecture estim\u00e9e":"2 minutes"},"schema":{"@context":"https:\/\/schema.org","@graph":[{"@type":"WebPage","@id":"https:\/\/www.claudeguyot.com\/index.php\/2018\/06\/18\/appel-18-juin-daniel-cordier-lancien-secretaire-de-jean-moulin-a-ete-eleve-a-dignite-de-grand-croix-de-legion-dhonneur\/","url":"https:\/\/www.claudeguyot.com\/index.php\/2018\/06\/18\/appel-18-juin-daniel-cordier-lancien-secretaire-de-jean-moulin-a-ete-eleve-a-dignite-de-grand-croix-de-legion-dhonneur\/","name":"Appel du 18 juin - Daniel Cordier, l'ancien secr\u00e9taire de Jean Moulin, a \u00e9t\u00e9 \u00e9lev\u00e9 \u00e0 la dignit\u00e9 de Grand-Croix de la L\u00e9gion d'honneur - Association Claude Guyot","isPartOf":{"@id":"https:\/\/www.claudeguyot.com\/#website"},"datePublished":"2018-06-18T11:49:21+00:00","dateModified":"2025-07-08T20:46:09+00:00","author":{"@id":"https:\/\/www.claudeguyot.com\/#\/schema\/person\/fbc6c67d5e15fc909d64aab1f1f150a1"},"breadcrumb":{"@id":"https:\/\/www.claudeguyot.com\/index.php\/2018\/06\/18\/appel-18-juin-daniel-cordier-lancien-secretaire-de-jean-moulin-a-ete-eleve-a-dignite-de-grand-croix-de-legion-dhonneur\/#breadcrumb"},"inLanguage":"fr-FR","potentialAction":[{"@type":"ReadAction","target":["https:\/\/www.claudeguyot.com\/index.php\/2018\/06\/18\/appel-18-juin-daniel-cordier-lancien-secretaire-de-jean-moulin-a-ete-eleve-a-dignite-de-grand-croix-de-legion-dhonneur\/"]}]},{"@type":"BreadcrumbList","@id":"https:\/\/www.claudeguyot.com\/index.php\/2018\/06\/18\/appel-18-juin-daniel-cordier-lancien-secretaire-de-jean-moulin-a-ete-eleve-a-dignite-de-grand-croix-de-legion-dhonneur\/#breadcrumb","itemListElement":[{"@type":"ListItem","position":1,"name":"Accueil","item":"https:\/\/www.claudeguyot.com\/"},{"@type":"ListItem","position":2,"name":"Appel du 18 juin &#8211; Daniel Cordier, l&#8217;ancien secr\u00e9taire de Jean Moulin, a \u00e9t\u00e9 \u00e9lev\u00e9 \u00e0 la dignit\u00e9 de Grand-Croix de la L\u00e9gion d&#8217;honneur"}]},{"@type":"WebSite","@id":"https:\/\/www.claudeguyot.com\/#website","url":"https:\/\/www.claudeguyot.com\/","name":"Association Claude Guyot","description":"Association loi 1901 reconnue d&#039;int\u00e9r\u00eat g\u00e9n\u00e9ral","potentialAction":[{"@type":"SearchAction","target":{"@type":"EntryPoint","urlTemplate":"https:\/\/www.claudeguyot.com\/?s={search_term_string}"},"query-input":"required name=search_term_string"}],"inLanguage":"fr-FR"},{"@type":"Person","@id":"https:\/\/www.claudeguyot.com\/#\/schema\/person\/fbc6c67d5e15fc909d64aab1f1f150a1","name":"Claude Guyot","image":{"@type":"ImageObject","inLanguage":"fr-FR","@id":"https:\/\/www.claudeguyot.com\/#\/schema\/person\/image\/","url":"https:\/\/secure.gravatar.com\/avatar\/8835715a7343599eaa98fab3b13c331c454cc537ea4343abb5ad3fefe9b4d586?s=96&d=mm&r=g","contentUrl":"https:\/\/secure.gravatar.com\/avatar\/8835715a7343599eaa98fab3b13c331c454cc537ea4343abb5ad3fefe9b4d586?s=96&d=mm&r=g","caption":"Claude Guyot"},"url":"https:\/\/www.claudeguyot.com\/index.php\/author\/admin5958\/"}]}},"jetpack_featured_media_url":"https:\/\/www.claudeguyot.com\/wp-content\/uploads\/2018\/06\/D0151C50-897E-43E8-8516-13A72290EF5F.jpeg","_links":{"self":[{"href":"https:\/\/www.claudeguyot.com\/index.php\/wp-json\/wp\/v2\/posts\/561","targetHints":{"allow":["GET"]}}],"collection":[{"href":"https:\/\/www.claudeguyot.com\/index.php\/wp-json\/wp\/v2\/posts"}],"about":[{"href":"https:\/\/www.claudeguyot.com\/index.php\/wp-json\/wp\/v2\/types\/post"}],"author":[{"embeddable":true,"href":"https:\/\/www.claudeguyot.com\/index.php\/wp-json\/wp\/v2\/users\/1"}],"replies":[{"embeddable":true,"href":"https:\/\/www.claudeguyot.com\/index.php\/wp-json\/wp\/v2\/comments?post=561"}],"version-history":[{"count":4,"href":"https:\/\/www.claudeguyot.com\/index.php\/wp-json\/wp\/v2\/posts\/561\/revisions"}],"predecessor-version":[{"id":567,"href":"https:\/\/www.claudeguyot.com\/index.php\/wp-json\/wp\/v2\/posts\/561\/revisions\/567"}],"wp:featuredmedia":[{"embeddable":true,"href":"https:\/\/www.claudeguyot.com\/index.php\/wp-json\/wp\/v2\/media\/563"}],"wp:attachment":[{"href":"https:\/\/www.claudeguyot.com\/index.php\/wp-json\/wp\/v2\/media?parent=561"}],"wp:term":[{"taxonomy":"category","embeddable":true,"href":"https:\/\/www.claudeguyot.com\/index.php\/wp-json\/wp\/v2\/categories?post=561"},{"taxonomy":"post_tag","embeddable":true,"href":"https:\/\/www.claudeguyot.com\/index.php\/wp-json\/wp\/v2\/tags?post=561"}],"curies":[{"name":"wp","href":"https:\/\/api.w.org\/{rel}","templated":true}]}}