{"id":590,"date":"2018-09-14T10:44:32","date_gmt":"2018-09-14T09:44:32","guid":{"rendered":"http:\/\/www.claudeguyot.com\/?p=590"},"modified":"2025-07-08T21:45:52","modified_gmt":"2025-07-08T20:45:52","slug":"exposition-clemenceau-tigre-palais-bourbon","status":"publish","type":"post","link":"https:\/\/www.claudeguyot.com\/index.php\/2018\/09\/14\/exposition-clemenceau-tigre-palais-bourbon\/","title":{"rendered":"EXPOSITION \u2013 CLEMENCEAU \u2013 UN TIGRE AU PALAIS BOURBON"},"content":{"rendered":"<p>Jeudi 13 septembre 2018, l&rsquo;Association Claude Guyot \u00e9tait pr\u00e9sente \u00e0 l&rsquo;h\u00f4tel de Lassay \u00e0 l&rsquo;occasion du vernissage de l&rsquo;exposition \u00ab\u00a0Clemenceau &#8211; Un tigre au Palais Bourbon\u00a0\u00bb en pr\u00e9sence de Richard Ferrand, pr\u00e9sident de l&rsquo;Assembl\u00e9e nationale et de Fran\u00e7ois de Rugy, Ministre d&rsquo;Etat, Ministre de la Transition \u00e9cologique et solidaire, ancien pr\u00e9sident de l&rsquo;Assembl\u00e9e nationale.<img loading=\"lazy\" decoding=\"async\" class=\"alignnone size-full wp-image-594\" src=\"https:\/\/www.claudeguyot.com\/wp-content\/uploads\/2018\/09\/IMG_5688-e1537210341147.jpg\" alt=\"IMG_5688\" width=\"2448\" height=\"3264\" srcset=\"https:\/\/www.claudeguyot.com\/wp-content\/uploads\/2018\/09\/IMG_5688-e1537210341147.jpg 2448w, https:\/\/www.claudeguyot.com\/wp-content\/uploads\/2018\/09\/IMG_5688-e1537210341147-225x300.jpg 225w, https:\/\/www.claudeguyot.com\/wp-content\/uploads\/2018\/09\/IMG_5688-e1537210341147-768x1024.jpg 768w, https:\/\/www.claudeguyot.com\/wp-content\/uploads\/2018\/09\/IMG_5688-e1537210341147-600x800.jpg 600w\" sizes=\"auto, (max-width: 2448px) 100vw, 2448px\" \/><\/p>\n<p><img loading=\"lazy\" decoding=\"async\" class=\"alignnone size-full wp-image-593\" src=\"https:\/\/www.claudeguyot.com\/wp-content\/uploads\/2018\/09\/IMG_5737.jpg\" alt=\"IMG_5737\" width=\"960\" height=\"960\" srcset=\"https:\/\/www.claudeguyot.com\/wp-content\/uploads\/2018\/09\/IMG_5737.jpg 960w, https:\/\/www.claudeguyot.com\/wp-content\/uploads\/2018\/09\/IMG_5737-150x150.jpg 150w, https:\/\/www.claudeguyot.com\/wp-content\/uploads\/2018\/09\/IMG_5737-300x300.jpg 300w, https:\/\/www.claudeguyot.com\/wp-content\/uploads\/2018\/09\/IMG_5737-768x768.jpg 768w, https:\/\/www.claudeguyot.com\/wp-content\/uploads\/2018\/09\/IMG_5737-600x600.jpg 600w\" sizes=\"auto, (max-width: 960px) 100vw, 960px\" \/><\/p>\n<p>\u00c0 l\u2019occasion de la comm\u00e9moration du centi\u00e8me anniversaire de la fin de la Premi\u00e8re Guerre mondiale et de l\u2019armistice de 1918, un hommage est rendu \u00e0 l\u2019Assembl\u00e9e nationale \u00e0 celui qui reste pour beaucoup le \u00ab P\u00e8re la Victoire \u00bb.<\/p>\n<p><img loading=\"lazy\" decoding=\"async\" class=\"alignnone size-full wp-image-592\" src=\"https:\/\/www.claudeguyot.com\/wp-content\/uploads\/2018\/09\/IMG_5721.jpg\" alt=\"IMG_5721\" width=\"2448\" height=\"2457\" srcset=\"https:\/\/www.claudeguyot.com\/wp-content\/uploads\/2018\/09\/IMG_5721.jpg 2448w, https:\/\/www.claudeguyot.com\/wp-content\/uploads\/2018\/09\/IMG_5721-150x150.jpg 150w, https:\/\/www.claudeguyot.com\/wp-content\/uploads\/2018\/09\/IMG_5721-300x300.jpg 300w, https:\/\/www.claudeguyot.com\/wp-content\/uploads\/2018\/09\/IMG_5721-768x771.jpg 768w, https:\/\/www.claudeguyot.com\/wp-content\/uploads\/2018\/09\/IMG_5721-1020x1024.jpg 1020w, https:\/\/www.claudeguyot.com\/wp-content\/uploads\/2018\/09\/IMG_5721-600x602.jpg 600w\" sizes=\"auto, (max-width: 2448px) 100vw, 2448px\" \/><\/p>\n<p>Pour la premi\u00e8re fois une exposition est ainsi consacr\u00e9e \u00e0 l\u2019action et \u00e0 la r\u00e9flexion politiques du \u00ab Tigre \u00bb, son r\u00f4le au Parlement, notamment au Palais-Bourbon. Car c\u2019est l\u00e0, qu\u2019avec sa combativit\u00e9 et ses r\u00e9parties l\u00e9gendaires, il a prononc\u00e9 certains de ses discours les plus m\u00e9morables.<\/p>\n<p><img loading=\"lazy\" decoding=\"async\" class=\"alignnone size-full wp-image-595\" src=\"https:\/\/www.claudeguyot.com\/wp-content\/uploads\/2018\/09\/IMG_5741.jpg\" alt=\"IMG_5741\" width=\"2448\" height=\"2828\" srcset=\"https:\/\/www.claudeguyot.com\/wp-content\/uploads\/2018\/09\/IMG_5741.jpg 2448w, https:\/\/www.claudeguyot.com\/wp-content\/uploads\/2018\/09\/IMG_5741-260x300.jpg 260w, https:\/\/www.claudeguyot.com\/wp-content\/uploads\/2018\/09\/IMG_5741-768x887.jpg 768w, https:\/\/www.claudeguyot.com\/wp-content\/uploads\/2018\/09\/IMG_5741-886x1024.jpg 886w, https:\/\/www.claudeguyot.com\/wp-content\/uploads\/2018\/09\/IMG_5741-600x693.jpg 600w\" sizes=\"auto, (max-width: 2448px) 100vw, 2448px\" \/><\/p>\n<p><img loading=\"lazy\" decoding=\"async\" class=\"alignnone size-full wp-image-596\" src=\"https:\/\/www.claudeguyot.com\/wp-content\/uploads\/2018\/09\/IMG_5742.jpg\" alt=\"IMG_5742\" width=\"2448\" height=\"3060\" srcset=\"https:\/\/www.claudeguyot.com\/wp-content\/uploads\/2018\/09\/IMG_5742.jpg 2448w, https:\/\/www.claudeguyot.com\/wp-content\/uploads\/2018\/09\/IMG_5742-240x300.jpg 240w, https:\/\/www.claudeguyot.com\/wp-content\/uploads\/2018\/09\/IMG_5742-768x960.jpg 768w, https:\/\/www.claudeguyot.com\/wp-content\/uploads\/2018\/09\/IMG_5742-819x1024.jpg 819w, https:\/\/www.claudeguyot.com\/wp-content\/uploads\/2018\/09\/IMG_5742-600x750.jpg 600w\" sizes=\"auto, (max-width: 2448px) 100vw, 2448px\" \/><\/p>\n<p><img loading=\"lazy\" decoding=\"async\" class=\"alignnone size-full wp-image-597\" src=\"https:\/\/www.claudeguyot.com\/wp-content\/uploads\/2018\/09\/IMG_5724.jpg\" alt=\"IMG_5724\" width=\"2448\" height=\"2493\" srcset=\"https:\/\/www.claudeguyot.com\/wp-content\/uploads\/2018\/09\/IMG_5724.jpg 2448w, https:\/\/www.claudeguyot.com\/wp-content\/uploads\/2018\/09\/IMG_5724-295x300.jpg 295w, https:\/\/www.claudeguyot.com\/wp-content\/uploads\/2018\/09\/IMG_5724-768x782.jpg 768w, https:\/\/www.claudeguyot.com\/wp-content\/uploads\/2018\/09\/IMG_5724-1006x1024.jpg 1006w, https:\/\/www.claudeguyot.com\/wp-content\/uploads\/2018\/09\/IMG_5724-600x611.jpg 600w\" sizes=\"auto, (max-width: 2448px) 100vw, 2448px\" \/><\/p>\n<p>Cette exposition permet de d\u00e9couvrir les nombreux fonds conserv\u00e9s par la Biblioth\u00e8que de l\u2019Assembl\u00e9e : manuscrits, affiches ou tableaux pour la plupart in\u00e9dits ou m\u00e9connus.<\/p>\n<p><img loading=\"lazy\" decoding=\"async\" class=\"alignnone size-full wp-image-598\" src=\"https:\/\/www.claudeguyot.com\/wp-content\/uploads\/2018\/09\/IMG_5705.jpg\" alt=\"IMG_5705\" width=\"3264\" height=\"1496\" srcset=\"https:\/\/www.claudeguyot.com\/wp-content\/uploads\/2018\/09\/IMG_5705.jpg 3264w, https:\/\/www.claudeguyot.com\/wp-content\/uploads\/2018\/09\/IMG_5705-300x138.jpg 300w, https:\/\/www.claudeguyot.com\/wp-content\/uploads\/2018\/09\/IMG_5705-768x352.jpg 768w, https:\/\/www.claudeguyot.com\/wp-content\/uploads\/2018\/09\/IMG_5705-1024x469.jpg 1024w, https:\/\/www.claudeguyot.com\/wp-content\/uploads\/2018\/09\/IMG_5705-600x275.jpg 600w\" sizes=\"auto, (max-width: 3264px) 100vw, 3264px\" \/><\/p>\n<p>Clairon de la Victoire &#8211; C&rsquo;est avec ce clairon que Georges Labroche, du 19e bataillon des chasseurs, a sonn\u00e9 le cessez-le-feu du 9 novembre 1918, permettant le passage des pl\u00e9nipotentiaires allemands.<\/p>\n<p><img loading=\"lazy\" decoding=\"async\" class=\"alignnone size-full wp-image-599\" src=\"https:\/\/www.claudeguyot.com\/wp-content\/uploads\/2018\/09\/IMG_5744.jpg\" alt=\"IMG_5744\" width=\"1934\" height=\"2417\" srcset=\"https:\/\/www.claudeguyot.com\/wp-content\/uploads\/2018\/09\/IMG_5744.jpg 1934w, https:\/\/www.claudeguyot.com\/wp-content\/uploads\/2018\/09\/IMG_5744-240x300.jpg 240w, https:\/\/www.claudeguyot.com\/wp-content\/uploads\/2018\/09\/IMG_5744-768x960.jpg 768w, https:\/\/www.claudeguyot.com\/wp-content\/uploads\/2018\/09\/IMG_5744-819x1024.jpg 819w, https:\/\/www.claudeguyot.com\/wp-content\/uploads\/2018\/09\/IMG_5744-600x750.jpg 600w\" sizes=\"auto, (max-width: 1934px) 100vw, 1934px\" \/><\/p>\n<p><img loading=\"lazy\" decoding=\"async\" class=\"alignnone size-full wp-image-600\" src=\"https:\/\/www.claudeguyot.com\/wp-content\/uploads\/2018\/09\/IMG_5731.jpg\" alt=\"IMG_5731\" width=\"2448\" height=\"2942\" srcset=\"https:\/\/www.claudeguyot.com\/wp-content\/uploads\/2018\/09\/IMG_5731.jpg 2448w, https:\/\/www.claudeguyot.com\/wp-content\/uploads\/2018\/09\/IMG_5731-250x300.jpg 250w, https:\/\/www.claudeguyot.com\/wp-content\/uploads\/2018\/09\/IMG_5731-768x923.jpg 768w, https:\/\/www.claudeguyot.com\/wp-content\/uploads\/2018\/09\/IMG_5731-852x1024.jpg 852w, https:\/\/www.claudeguyot.com\/wp-content\/uploads\/2018\/09\/IMG_5731-600x721.jpg 600w\" sizes=\"auto, (max-width: 2448px) 100vw, 2448px\" \/><\/p>\n<p>\u2022 Pour en savoir plus sur l&rsquo;exposition, <a href=\"http:\/\/www2.assemblee-nationale.fr\/15\/evenements\/2018\/exposition-clemenceau\">cliquez ici&#8230;<\/a><\/p>\n","protected":false},"excerpt":{"rendered":"<p>Jeudi 13 septembre 2018, l&rsquo;Association Claude Guyot \u00e9tait pr\u00e9sente \u00e0 l&rsquo;h\u00f4tel de Lassay \u00e0 l&rsquo;occasion du vernissage de l&rsquo;exposition \u00ab\u00a0Clemenceau &#8211; Un tigre au Palais Bourbon\u00a0\u00bb en pr\u00e9sence de Richard Ferrand, pr\u00e9sident de l&rsquo;Assembl\u00e9e nationale et de Fran\u00e7ois de Rugy, Ministre d&rsquo;Etat, Ministre de la Transition \u00e9cologique et solidaire, ancien pr\u00e9sident de l&rsquo;Assembl\u00e9e nationale. \u00c0 &hellip; <a href=\"https:\/\/www.claudeguyot.com\/index.php\/2018\/09\/14\/exposition-clemenceau-tigre-palais-bourbon\/\" class=\"more-link\">Continuer la lecture de <span class=\"screen-reader-text\">EXPOSITION \u2013 CLEMENCEAU \u2013 UN TIGRE AU PALAIS BOURBON<\/span>  <span class=\"meta-nav\">&rarr;<\/span><\/a><\/p>\n","protected":false},"author":1,"featured_media":591,"comment_status":"closed","ping_status":"closed","sticky":false,"template":"","format":"standard","meta":{"footnotes":""},"categories":[1],"tags":[],"class_list":["post-590","post","type-post","status-publish","format-standard","has-post-thumbnail","hentry","category-non-classe"],"yoast_head":"<!-- This site is optimized with the Yoast SEO plugin v19.9 - https:\/\/yoast.com\/wordpress\/plugins\/seo\/ -->\n<title>EXPOSITION \u2013 CLEMENCEAU \u2013 UN TIGRE AU PALAIS BOURBON - Association Claude Guyot<\/title>\n<meta name=\"robots\" content=\"index, follow, max-snippet:-1, max-image-preview:large, max-video-preview:-1\" \/>\n<link rel=\"canonical\" href=\"https:\/\/www.claudeguyot.com\/index.php\/2018\/09\/14\/exposition-clemenceau-tigre-palais-bourbon\/\" \/>\n<meta property=\"og:locale\" content=\"fr_FR\" \/>\n<meta property=\"og:type\" content=\"article\" \/>\n<meta property=\"og:title\" content=\"EXPOSITION \u2013 CLEMENCEAU \u2013 UN TIGRE AU PALAIS BOURBON - Association Claude Guyot\" \/>\n<meta property=\"og:description\" content=\"Jeudi 13 septembre 2018, l&rsquo;Association Claude Guyot \u00e9tait pr\u00e9sente \u00e0 l&rsquo;h\u00f4tel de Lassay \u00e0 l&rsquo;occasion du vernissage de l&rsquo;exposition \u00ab\u00a0Clemenceau &#8211; Un tigre au Palais Bourbon\u00a0\u00bb en pr\u00e9sence de Richard Ferrand, pr\u00e9sident de l&rsquo;Assembl\u00e9e nationale et de Fran\u00e7ois de Rugy, Ministre d&rsquo;Etat, Ministre de la Transition \u00e9cologique et solidaire, ancien pr\u00e9sident de l&rsquo;Assembl\u00e9e nationale. \u00c0 &hellip; Continuer la lecture de EXPOSITION \u2013 CLEMENCEAU \u2013 UN TIGRE AU PALAIS BOURBON &rarr;\" \/>\n<meta property=\"og:url\" content=\"https:\/\/www.claudeguyot.com\/index.php\/2018\/09\/14\/exposition-clemenceau-tigre-palais-bourbon\/\" \/>\n<meta property=\"og:site_name\" content=\"Association Claude Guyot\" \/>\n<meta property=\"article:published_time\" content=\"2018-09-14T09:44:32+00:00\" \/>\n<meta property=\"article:modified_time\" content=\"2025-07-08T20:45:52+00:00\" \/>\n<meta property=\"og:image\" content=\"https:\/\/www.claudeguyot.com\/wp-content\/uploads\/2018\/09\/IMG_5717-e1537210352163.jpg\" \/>\n\t<meta property=\"og:image:width\" content=\"2448\" \/>\n\t<meta property=\"og:image:height\" content=\"3264\" \/>\n\t<meta property=\"og:image:type\" content=\"image\/jpeg\" \/>\n<meta name=\"author\" content=\"Claude Guyot\" \/>\n<meta name=\"twitter:card\" content=\"summary_large_image\" \/>\n<meta name=\"twitter:label1\" content=\"\u00c9crit par\" \/>\n\t<meta name=\"twitter:data1\" content=\"Claude Guyot\" \/>\n\t<meta name=\"twitter:label2\" content=\"Dur\u00e9e de lecture estim\u00e9e\" \/>\n\t<meta name=\"twitter:data2\" content=\"1 minute\" \/>\n<script type=\"application\/ld+json\" class=\"yoast-schema-graph\">{\"@context\":\"https:\/\/schema.org\",\"@graph\":[{\"@type\":\"WebPage\",\"@id\":\"https:\/\/www.claudeguyot.com\/index.php\/2018\/09\/14\/exposition-clemenceau-tigre-palais-bourbon\/\",\"url\":\"https:\/\/www.claudeguyot.com\/index.php\/2018\/09\/14\/exposition-clemenceau-tigre-palais-bourbon\/\",\"name\":\"EXPOSITION \u2013 CLEMENCEAU \u2013 UN TIGRE AU PALAIS BOURBON - Association Claude Guyot\",\"isPartOf\":{\"@id\":\"https:\/\/www.claudeguyot.com\/#website\"},\"datePublished\":\"2018-09-14T09:44:32+00:00\",\"dateModified\":\"2025-07-08T20:45:52+00:00\",\"author\":{\"@id\":\"https:\/\/www.claudeguyot.com\/#\/schema\/person\/fbc6c67d5e15fc909d64aab1f1f150a1\"},\"breadcrumb\":{\"@id\":\"https:\/\/www.claudeguyot.com\/index.php\/2018\/09\/14\/exposition-clemenceau-tigre-palais-bourbon\/#breadcrumb\"},\"inLanguage\":\"fr-FR\",\"potentialAction\":[{\"@type\":\"ReadAction\",\"target\":[\"https:\/\/www.claudeguyot.com\/index.php\/2018\/09\/14\/exposition-clemenceau-tigre-palais-bourbon\/\"]}]},{\"@type\":\"BreadcrumbList\",\"@id\":\"https:\/\/www.claudeguyot.com\/index.php\/2018\/09\/14\/exposition-clemenceau-tigre-palais-bourbon\/#breadcrumb\",\"itemListElement\":[{\"@type\":\"ListItem\",\"position\":1,\"name\":\"Accueil\",\"item\":\"https:\/\/www.claudeguyot.com\/\"},{\"@type\":\"ListItem\",\"position\":2,\"name\":\"EXPOSITION \u2013 CLEMENCEAU \u2013 UN TIGRE AU PALAIS BOURBON\"}]},{\"@type\":\"WebSite\",\"@id\":\"https:\/\/www.claudeguyot.com\/#website\",\"url\":\"https:\/\/www.claudeguyot.com\/\",\"name\":\"Association Claude Guyot\",\"description\":\"Association loi 1901 reconnue d&#039;int\u00e9r\u00eat g\u00e9n\u00e9ral\",\"potentialAction\":[{\"@type\":\"SearchAction\",\"target\":{\"@type\":\"EntryPoint\",\"urlTemplate\":\"https:\/\/www.claudeguyot.com\/?s={search_term_string}\"},\"query-input\":\"required name=search_term_string\"}],\"inLanguage\":\"fr-FR\"},{\"@type\":\"Person\",\"@id\":\"https:\/\/www.claudeguyot.com\/#\/schema\/person\/fbc6c67d5e15fc909d64aab1f1f150a1\",\"name\":\"Claude Guyot\",\"image\":{\"@type\":\"ImageObject\",\"inLanguage\":\"fr-FR\",\"@id\":\"https:\/\/www.claudeguyot.com\/#\/schema\/person\/image\/\",\"url\":\"https:\/\/secure.gravatar.com\/avatar\/8835715a7343599eaa98fab3b13c331c454cc537ea4343abb5ad3fefe9b4d586?s=96&d=mm&r=g\",\"contentUrl\":\"https:\/\/secure.gravatar.com\/avatar\/8835715a7343599eaa98fab3b13c331c454cc537ea4343abb5ad3fefe9b4d586?s=96&d=mm&r=g\",\"caption\":\"Claude Guyot\"},\"url\":\"https:\/\/www.claudeguyot.com\/index.php\/author\/admin5958\/\"}]}<\/script>\n<!-- \/ Yoast SEO plugin. -->","yoast_head_json":{"title":"EXPOSITION \u2013 CLEMENCEAU \u2013 UN TIGRE AU PALAIS BOURBON - Association Claude Guyot","robots":{"index":"index","follow":"follow","max-snippet":"max-snippet:-1","max-image-preview":"max-image-preview:large","max-video-preview":"max-video-preview:-1"},"canonical":"https:\/\/www.claudeguyot.com\/index.php\/2018\/09\/14\/exposition-clemenceau-tigre-palais-bourbon\/","og_locale":"fr_FR","og_type":"article","og_title":"EXPOSITION \u2013 CLEMENCEAU \u2013 UN TIGRE AU PALAIS BOURBON - Association Claude Guyot","og_description":"Jeudi 13 septembre 2018, l&rsquo;Association Claude Guyot \u00e9tait pr\u00e9sente \u00e0 l&rsquo;h\u00f4tel de Lassay \u00e0 l&rsquo;occasion du vernissage de l&rsquo;exposition \u00ab\u00a0Clemenceau &#8211; Un tigre au Palais Bourbon\u00a0\u00bb en pr\u00e9sence de Richard Ferrand, pr\u00e9sident de l&rsquo;Assembl\u00e9e nationale et de Fran\u00e7ois de Rugy, Ministre d&rsquo;Etat, Ministre de la Transition \u00e9cologique et solidaire, ancien pr\u00e9sident de l&rsquo;Assembl\u00e9e nationale. \u00c0 &hellip; Continuer la lecture de EXPOSITION \u2013 CLEMENCEAU \u2013 UN TIGRE AU PALAIS BOURBON &rarr;","og_url":"https:\/\/www.claudeguyot.com\/index.php\/2018\/09\/14\/exposition-clemenceau-tigre-palais-bourbon\/","og_site_name":"Association Claude Guyot","article_published_time":"2018-09-14T09:44:32+00:00","article_modified_time":"2025-07-08T20:45:52+00:00","og_image":[{"width":2448,"height":3264,"url":"https:\/\/www.claudeguyot.com\/wp-content\/uploads\/2018\/09\/IMG_5717-e1537210352163.jpg","type":"image\/jpeg"}],"author":"Claude Guyot","twitter_card":"summary_large_image","twitter_misc":{"\u00c9crit par":"Claude Guyot","Dur\u00e9e de lecture estim\u00e9e":"1 minute"},"schema":{"@context":"https:\/\/schema.org","@graph":[{"@type":"WebPage","@id":"https:\/\/www.claudeguyot.com\/index.php\/2018\/09\/14\/exposition-clemenceau-tigre-palais-bourbon\/","url":"https:\/\/www.claudeguyot.com\/index.php\/2018\/09\/14\/exposition-clemenceau-tigre-palais-bourbon\/","name":"EXPOSITION \u2013 CLEMENCEAU \u2013 UN TIGRE AU PALAIS BOURBON - Association Claude Guyot","isPartOf":{"@id":"https:\/\/www.claudeguyot.com\/#website"},"datePublished":"2018-09-14T09:44:32+00:00","dateModified":"2025-07-08T20:45:52+00:00","author":{"@id":"https:\/\/www.claudeguyot.com\/#\/schema\/person\/fbc6c67d5e15fc909d64aab1f1f150a1"},"breadcrumb":{"@id":"https:\/\/www.claudeguyot.com\/index.php\/2018\/09\/14\/exposition-clemenceau-tigre-palais-bourbon\/#breadcrumb"},"inLanguage":"fr-FR","potentialAction":[{"@type":"ReadAction","target":["https:\/\/www.claudeguyot.com\/index.php\/2018\/09\/14\/exposition-clemenceau-tigre-palais-bourbon\/"]}]},{"@type":"BreadcrumbList","@id":"https:\/\/www.claudeguyot.com\/index.php\/2018\/09\/14\/exposition-clemenceau-tigre-palais-bourbon\/#breadcrumb","itemListElement":[{"@type":"ListItem","position":1,"name":"Accueil","item":"https:\/\/www.claudeguyot.com\/"},{"@type":"ListItem","position":2,"name":"EXPOSITION \u2013 CLEMENCEAU \u2013 UN TIGRE AU PALAIS BOURBON"}]},{"@type":"WebSite","@id":"https:\/\/www.claudeguyot.com\/#website","url":"https:\/\/www.claudeguyot.com\/","name":"Association Claude Guyot","description":"Association loi 1901 reconnue d&#039;int\u00e9r\u00eat g\u00e9n\u00e9ral","potentialAction":[{"@type":"SearchAction","target":{"@type":"EntryPoint","urlTemplate":"https:\/\/www.claudeguyot.com\/?s={search_term_string}"},"query-input":"required name=search_term_string"}],"inLanguage":"fr-FR"},{"@type":"Person","@id":"https:\/\/www.claudeguyot.com\/#\/schema\/person\/fbc6c67d5e15fc909d64aab1f1f150a1","name":"Claude Guyot","image":{"@type":"ImageObject","inLanguage":"fr-FR","@id":"https:\/\/www.claudeguyot.com\/#\/schema\/person\/image\/","url":"https:\/\/secure.gravatar.com\/avatar\/8835715a7343599eaa98fab3b13c331c454cc537ea4343abb5ad3fefe9b4d586?s=96&d=mm&r=g","contentUrl":"https:\/\/secure.gravatar.com\/avatar\/8835715a7343599eaa98fab3b13c331c454cc537ea4343abb5ad3fefe9b4d586?s=96&d=mm&r=g","caption":"Claude Guyot"},"url":"https:\/\/www.claudeguyot.com\/index.php\/author\/admin5958\/"}]}},"jetpack_featured_media_url":"https:\/\/www.claudeguyot.com\/wp-content\/uploads\/2018\/09\/IMG_5717-e1537210352163.jpg","_links":{"self":[{"href":"https:\/\/www.claudeguyot.com\/index.php\/wp-json\/wp\/v2\/posts\/590","targetHints":{"allow":["GET"]}}],"collection":[{"href":"https:\/\/www.claudeguyot.com\/index.php\/wp-json\/wp\/v2\/posts"}],"about":[{"href":"https:\/\/www.claudeguyot.com\/index.php\/wp-json\/wp\/v2\/types\/post"}],"author":[{"embeddable":true,"href":"https:\/\/www.claudeguyot.com\/index.php\/wp-json\/wp\/v2\/users\/1"}],"replies":[{"embeddable":true,"href":"https:\/\/www.claudeguyot.com\/index.php\/wp-json\/wp\/v2\/comments?post=590"}],"version-history":[{"count":5,"href":"https:\/\/www.claudeguyot.com\/index.php\/wp-json\/wp\/v2\/posts\/590\/revisions"}],"predecessor-version":[{"id":605,"href":"https:\/\/www.claudeguyot.com\/index.php\/wp-json\/wp\/v2\/posts\/590\/revisions\/605"}],"wp:featuredmedia":[{"embeddable":true,"href":"https:\/\/www.claudeguyot.com\/index.php\/wp-json\/wp\/v2\/media\/591"}],"wp:attachment":[{"href":"https:\/\/www.claudeguyot.com\/index.php\/wp-json\/wp\/v2\/media?parent=590"}],"wp:term":[{"taxonomy":"category","embeddable":true,"href":"https:\/\/www.claudeguyot.com\/index.php\/wp-json\/wp\/v2\/categories?post=590"},{"taxonomy":"post_tag","embeddable":true,"href":"https:\/\/www.claudeguyot.com\/index.php\/wp-json\/wp\/v2\/tags?post=590"}],"curies":[{"name":"wp","href":"https:\/\/api.w.org\/{rel}","templated":true}]}}