{"id":749,"date":"2019-01-21T18:22:45","date_gmt":"2019-01-21T17:22:45","guid":{"rendered":"http:\/\/www.claudeguyot.com\/?p=749"},"modified":"2025-07-08T21:48:18","modified_gmt":"2025-07-08T20:48:18","slug":"lassociation-claude-guyot-aux-ceremonies-67eme-anniversaire-de-mort-marechal-jean-de-lattre-de-tassigny-a-mouilleron-pareds","status":"publish","type":"post","link":"https:\/\/www.claudeguyot.com\/index.php\/2019\/01\/21\/lassociation-claude-guyot-aux-ceremonies-67eme-anniversaire-de-mort-marechal-jean-de-lattre-de-tassigny-a-mouilleron-pareds\/","title":{"rendered":"L&rsquo;association Claude Guyot aux c\u00e9r\u00e9monies du 67\u00e8me anniversaire de la mort du Mar\u00e9chal Jean de Lattre de Tassigny \u00e0 Mouilleron-en-Pareds"},"content":{"rendered":"<p>Dimanche 20 Janvier 2019, l&rsquo;association Claude Guyot participait aux c\u00e9r\u00e9monies organis\u00e9es \u00e0 Mouilleron-en-Pareds (Vend\u00e9e)\u00a0\u00e0 l&rsquo;occasion du 67e anniversaire de la mort du Mar\u00e9chal Jean de Lattre de Tassigny. Parce qu\u2019un homme sans m\u00e9moire est un homme sans vie, un peuple sans m\u00e9moire est un peuple sans avenir.<\/p>\n<p><img loading=\"lazy\" decoding=\"async\" class=\"alignnone size-full wp-image-750\" src=\"https:\/\/www.claudeguyot.com\/wp-content\/uploads\/2019\/01\/IMG_20190121_1508482.jpg\" alt=\"IMG_20190121_150848~2\" width=\"1080\" height=\"733\" srcset=\"https:\/\/www.claudeguyot.com\/wp-content\/uploads\/2019\/01\/IMG_20190121_1508482.jpg 1080w, https:\/\/www.claudeguyot.com\/wp-content\/uploads\/2019\/01\/IMG_20190121_1508482-300x204.jpg 300w, https:\/\/www.claudeguyot.com\/wp-content\/uploads\/2019\/01\/IMG_20190121_1508482-768x521.jpg 768w, https:\/\/www.claudeguyot.com\/wp-content\/uploads\/2019\/01\/IMG_20190121_1508482-1024x695.jpg 1024w, https:\/\/www.claudeguyot.com\/wp-content\/uploads\/2019\/01\/IMG_20190121_1508482-600x407.jpg 600w\" sizes=\"auto, (max-width: 1080px) 100vw, 1080px\" \/><\/p>\n<p>\u00c0 cette occasion, le pr\u00e9sident de l&rsquo;association Claude Guyot, Hadrien Lacoste, a proc\u00e9d\u00e9 au d\u00e9p\u00f4t d&rsquo;une gerbe de fleurs sur la tombe du Mar\u00e9chal de Lattre, de son \u00e9pouse et de leur fils Bernard. Une c\u00e9r\u00e9monie tr\u00e8s \u00e9mouvante en pr\u00e9sence de 87 porte-drapeaux, de nombreux jeunes des \u00e9coles, des Cadets de la d\u00e9fense, de Madame Annie P\u00e2quet, sous-pr\u00e9fet de Fontenay-le-Comte, des militaires et de nombreux \u00e9lus . Au cours de ces diff\u00e9rentes \u00e9tapes m\u00e9morielles, un moment fort fut celui du chant des africains devant la maison natale du Mar\u00e9chal de Lattre.<\/p>\n<p><img loading=\"lazy\" decoding=\"async\" class=\"alignnone size-full wp-image-752\" src=\"https:\/\/www.claudeguyot.com\/wp-content\/uploads\/2019\/01\/IMG_20190121_150852.jpg\" alt=\"IMG_20190121_150852\" width=\"1000\" height=\"753\" srcset=\"https:\/\/www.claudeguyot.com\/wp-content\/uploads\/2019\/01\/IMG_20190121_150852.jpg 1000w, https:\/\/www.claudeguyot.com\/wp-content\/uploads\/2019\/01\/IMG_20190121_150852-300x226.jpg 300w, https:\/\/www.claudeguyot.com\/wp-content\/uploads\/2019\/01\/IMG_20190121_150852-768x578.jpg 768w, https:\/\/www.claudeguyot.com\/wp-content\/uploads\/2019\/01\/IMG_20190121_150852-600x452.jpg 600w\" sizes=\"auto, (max-width: 1000px) 100vw, 1000px\" \/><\/p>\n<p>Jean de Lattre de Tassigny (2 f\u00e9vrier 1889 \u2013 18 janvier 1952)<\/p>\n<p>\u00b7 EDUCATION ET FORMATION<\/p>\n<p>2 f\u00e9vrier 1889 &#8211; Jean de Lattre na\u00eet \u00e0 Mouilleron-en-Pareds<\/p>\n<p>octobre 1898 &#8211; entre au coll\u00e8ge Saint-Joseph \u00e0 Poitiers<\/p>\n<p>1904 &#8211; entre \u00e0 l\u2019Ecole de la rue Vaugirard (Paris) en classe de philosophie<\/p>\n<p>1906 &#8211; r\u00e9ussit l\u2019\u00e9crit du concours d\u2019entr\u00e9e \u00e0 Navale mais ne se pr\u00e9sente pas \u00e0 l\u2019oral pour raison de sant\u00e9<\/p>\n<p>1907 &#8211; pr\u00e9pare Saint-Cyr \u00e0 Sainte Genevi\u00e8ve<\/p>\n<p>1908 &#8211; est admis \u00e0 Saint-Cyr et est incorpor\u00e9 \u00e0 Provins<\/p>\n<p>1911 &#8211; sort de Saint-Cyr et entre \u00e0 l\u2019Ecole de Cavalerie de Saumur<\/p>\n<p>\u00b7 LA GUERRE 1914-1918<\/p>\n<p>1914 &#8211; part au Front avec le 12e Dragons<\/p>\n<p>d\u00e9cembre 1915 &#8211; commande la 11e Compagnie du 93e RI \u00e0 Verdun<\/p>\n<p>26 d\u00e9cembre 1917 &#8211; quitte son r\u00e9giment et est affect\u00e9 \u00e0 l\u2019Etat-Major de la Division<\/p>\n<p><img loading=\"lazy\" decoding=\"async\" class=\"alignnone size-full wp-image-754\" src=\"https:\/\/www.claudeguyot.com\/wp-content\/uploads\/2019\/01\/IMG_20190121_150857.jpg\" alt=\"IMG_20190121_150857\" width=\"480\" height=\"333\" srcset=\"https:\/\/www.claudeguyot.com\/wp-content\/uploads\/2019\/01\/IMG_20190121_150857.jpg 480w, https:\/\/www.claudeguyot.com\/wp-content\/uploads\/2019\/01\/IMG_20190121_150857-300x208.jpg 300w\" sizes=\"auto, (max-width: 480px) 100vw, 480px\" \/><\/p>\n<p>\u00b7 LE REPOS<\/p>\n<p>Mars 1919 &#8211; est d\u00e9tach\u00e9 \u00e0 l\u2019Etat-Major de Bordeaux pour assurer le rapatriement des Am\u00e9ricains est affect\u00e9 au 49e RI \u00e0 Bayonne en novembre.<\/p>\n<p>9 octobre 1921 &#8211; rencontre le Pr\u00e9sident Georges Clemenceau \u00e0 Mouilleron-en-Pareds<\/p>\n<p>\u00b7 L\u2019AVENTURE AFRICAINE<\/p>\n<p>Novembre 1921 &#8211; rejoint l\u2019Etat-Major du G\u00e9n\u00e9ral Poeymirau \u00e0 M\u00e8knes au Maroc<\/p>\n<p>13 mars 1924 &#8211; est victime d\u2019un attentat \u00e0 Fez<\/p>\n<p>\u00b7 LA MATURITE<\/p>\n<p>1926 &#8211; retrouve la Vend\u00e9e, la maison familiale est nomm\u00e9 Chef de Bataillon au 4e RI \u00e0 Auxerre en octobre<\/p>\n<p>22 mars 1927 &#8211; se marie avec Simonne Calary de Lamazi\u00e8re. Est admis \u00e0 l\u2019Ecole de Guerre en mai<\/p>\n<p>11 f\u00e9vrier 1928 &#8211; Naissance de Bernard<\/p>\n<p>juillet 1929 &#8211; est nomm\u00e9 Chef de Bataillon au 5e RI \u00e0 Coulommiers<\/p>\n<p>1931 &#8211; est affect\u00e9 au 4e Bureau de l\u2019Etat-Major de l\u2019Arm\u00e9e<\/p>\n<p>juin 1932 &#8211; Lieutenant-colonel en mars, entre au Cabinet du G\u00e9n\u00e9ral Weygand<\/p>\n<p>1934 &#8211; est entendu par la commission d\u2019enqu\u00eate parlementaire \u00e0 la suite des \u00e9meutes du 6 f\u00e9vrier<\/p>\n<p>ao\u00fbt 1935 &#8211; est nomm\u00e9 Colonel, prend le commandement du 151e RI de Metz<\/p>\n<p>1937 &#8211; int\u00e8gre le Centre des Hautes Etudes Militaires<\/p>\n<p>ao\u00fbt 1938 &#8211; est nomm\u00e9 Chef d\u2019Etat-Major de la Ve Arm\u00e9e \u00e0 Strasbourg<\/p>\n<p>\u00b7 NE PAS SUBIR<\/p>\n<p>23 mars 1939 &#8211; devient le plus jeune des g\u00e9n\u00e9raux de l\u2019Arm\u00e9e Fran\u00e7aise<\/p>\n<p>1 janvier 1940 &#8211; est nomm\u00e9 Commandant de la 14e DI<\/p>\n<p>mai-juin 1940 &#8211; combat autour de Rethel. En juillet, commande la 13e division militaire de Clermont-Ferrand et cr\u00e9e la 1re Ecole de Cadres \u00e0 Opme<\/p>\n<p>11 septembre 1941 &#8211; G\u00e9n\u00e9ral de division, est affect\u00e9 en Tunisie<\/p>\n<p>20 janvier 1942 &#8211; G\u00e9n\u00e9ral de Corps d\u2019Arm\u00e9e, commande la division de Montpellier. Le 11 septembre refuse d\u2019ob\u00e9ir aux ordres de Vichy<\/p>\n<p>9 janvier 1943 &#8211; est condamn\u00e9 \u00e0 10 ans de prison. Le 3 septembre s\u2019\u00e9vade et se met aux ordres de De Gaulle<\/p>\n<p>26 d\u00e9cembre 1943 &#8211; G\u00e9n\u00e9ral d\u2019Arm\u00e9e commande l\u2019Arm\u00e9e B<\/p>\n<p>15 ao\u00fbt 1944 &#8211; aux commandes de la 1\u00e8re Arm\u00e9e Fran\u00e7aise, d\u00e9barque en Provence<\/p>\n<p>2 f\u00e9vrier 1945 &#8211; lib\u00e8re Colmar &#8211; Le 24 avril invente \u201cRhin et Danube\u201d<\/p>\n<p>8 mai 1945 &#8211; signe \u00e0 Berlin la capitulation de l\u2019Allemagne<\/p>\n<p>\u00b7 LE TH\u00c9ORICIEN<\/p>\n<p>1 ao\u00fbt 1945 &#8211; Apr\u00e8s la dissolution de la 1re Arm\u00e9e, est nomm\u00e9 Inspecteur G\u00e9n\u00e9ral et Chef d\u2019Etat-Major de l\u2019Arm\u00e9e<\/p>\n<p>octobre 1948 &#8211; est nomm\u00e9 Commandant en Chef des Arm\u00e9es de Terre de l\u2019Europe Occidentale<\/p>\n<p>\u00b7 LE DERNIER SACRIFICE<\/p>\n<p>6 d\u00e9cembre 1950 &#8211; est nomm\u00e9 Haut Commissaire en Indochine et Commandant en Chef en Extr\u00eame Orient<\/p>\n<p>30 mai 1951 &#8211; Son fil Bernard meurt en Indochine \u00e0 23 ans<\/p>\n<p>11 janvier 1952 &#8211; d\u00e9c\u00e8de \u00e0 Paris. Est \u00e9lev\u00e9 \u00e0 la dignit\u00e9 de Mar\u00e9chal de France le 15 janvier<\/p>\n<p>18 janvier 1952 &#8211; apr\u00e8s des obs\u00e8ques nationales aux Invalides, est inhum\u00e9 \u00e0 Mouilleron-en-Pareds aupr\u00e8s de son fils Bernard.<\/p>\n<p><img loading=\"lazy\" decoding=\"async\" class=\"alignnone size-full wp-image-755\" src=\"https:\/\/www.claudeguyot.com\/wp-content\/uploads\/2019\/01\/IMG_20190121_150854.jpg\" alt=\"IMG_20190121_150854\" width=\"741\" height=\"700\" srcset=\"https:\/\/www.claudeguyot.com\/wp-content\/uploads\/2019\/01\/IMG_20190121_150854.jpg 741w, https:\/\/www.claudeguyot.com\/wp-content\/uploads\/2019\/01\/IMG_20190121_150854-300x283.jpg 300w, https:\/\/www.claudeguyot.com\/wp-content\/uploads\/2019\/01\/IMG_20190121_150854-600x567.jpg 600w\" sizes=\"auto, (max-width: 741px) 100vw, 741px\" \/><\/p>\n<div style=\"width: 474px;\" class=\"wp-video\"><!--[if lt IE 9]><script>document.createElement('video');<\/script><![endif]-->\n<video class=\"wp-video-shortcode\" id=\"video-749-1\" width=\"474\" height=\"593\" preload=\"metadata\" controls=\"controls\"><source type=\"video\/mp4\" src=\"https:\/\/www.claudeguyot.com\/wp-content\/uploads\/2019\/01\/VID_27880622_121834_808.mp4?_=1\" \/><a href=\"https:\/\/www.claudeguyot.com\/wp-content\/uploads\/2019\/01\/VID_27880622_121834_808.mp4\">https:\/\/www.claudeguyot.com\/wp-content\/uploads\/2019\/01\/VID_27880622_121834_808.mp4<\/a><\/video><\/div>\n<p>Le pr\u00e9sident de l&rsquo;association Claude Guyot a eu le grand honneur de porter de b\u00e2ton de Mar\u00e9chal de France de Jean de Lattre de Tassigny. Cette fonction \u00e9tait r\u00e9serv\u00e9e par le pass\u00e9 \u00e0 un \u00e9l\u00e8ve de l&rsquo;\u00e9cole sp\u00e9ciale militaire de Saint-Cyr.<\/p>\n<p><img loading=\"lazy\" decoding=\"async\" class=\"size-full wp-image-756\" src=\"https:\/\/www.claudeguyot.com\/wp-content\/uploads\/2019\/01\/IMG_20190120_103843.jpg\" alt=\"sdr\" width=\"4608\" height=\"3456\" srcset=\"https:\/\/www.claudeguyot.com\/wp-content\/uploads\/2019\/01\/IMG_20190120_103843.jpg 4608w, https:\/\/www.claudeguyot.com\/wp-content\/uploads\/2019\/01\/IMG_20190120_103843-300x225.jpg 300w, https:\/\/www.claudeguyot.com\/wp-content\/uploads\/2019\/01\/IMG_20190120_103843-768x576.jpg 768w, https:\/\/www.claudeguyot.com\/wp-content\/uploads\/2019\/01\/IMG_20190120_103843-1024x768.jpg 1024w, https:\/\/www.claudeguyot.com\/wp-content\/uploads\/2019\/01\/IMG_20190120_103843-600x450.jpg 600w\" sizes=\"auto, (max-width: 4608px) 100vw, 4608px\" \/><\/p>\n<p><img loading=\"lazy\" decoding=\"async\" class=\"alignnone size-full wp-image-757\" src=\"https:\/\/www.claudeguyot.com\/wp-content\/uploads\/2019\/01\/IMG_9339-e1548082460741.jpg\" alt=\"IMG_9339\" width=\"3265\" height=\"4898\" srcset=\"https:\/\/www.claudeguyot.com\/wp-content\/uploads\/2019\/01\/IMG_9339-e1548082460741.jpg 3265w, https:\/\/www.claudeguyot.com\/wp-content\/uploads\/2019\/01\/IMG_9339-e1548082460741-200x300.jpg 200w, https:\/\/www.claudeguyot.com\/wp-content\/uploads\/2019\/01\/IMG_9339-e1548082460741-768x1152.jpg 768w, https:\/\/www.claudeguyot.com\/wp-content\/uploads\/2019\/01\/IMG_9339-e1548082460741-683x1024.jpg 683w, https:\/\/www.claudeguyot.com\/wp-content\/uploads\/2019\/01\/IMG_9339-e1548082460741-600x900.jpg 600w\" sizes=\"auto, (max-width: 3265px) 100vw, 3265px\" \/><\/p>\n<p><img loading=\"lazy\" decoding=\"async\" class=\"size-full wp-image-776\" src=\"https:\/\/www.claudeguyot.com\/wp-content\/uploads\/2019\/01\/IMG_20190120_112130.jpg\" alt=\"dav\" width=\"3456\" height=\"4608\" srcset=\"https:\/\/www.claudeguyot.com\/wp-content\/uploads\/2019\/01\/IMG_20190120_112130.jpg 3456w, https:\/\/www.claudeguyot.com\/wp-content\/uploads\/2019\/01\/IMG_20190120_112130-225x300.jpg 225w, https:\/\/www.claudeguyot.com\/wp-content\/uploads\/2019\/01\/IMG_20190120_112130-768x1024.jpg 768w, https:\/\/www.claudeguyot.com\/wp-content\/uploads\/2019\/01\/IMG_20190120_112130-600x800.jpg 600w\" sizes=\"auto, (max-width: 3456px) 100vw, 3456px\" \/><\/p>\n<p><img loading=\"lazy\" decoding=\"async\" class=\"size-full wp-image-758\" src=\"https:\/\/www.claudeguyot.com\/wp-content\/uploads\/2019\/01\/IMG_20190120_111022.jpg\" alt=\"sdr\" width=\"4608\" height=\"3456\" srcset=\"https:\/\/www.claudeguyot.com\/wp-content\/uploads\/2019\/01\/IMG_20190120_111022.jpg 4608w, https:\/\/www.claudeguyot.com\/wp-content\/uploads\/2019\/01\/IMG_20190120_111022-300x225.jpg 300w, https:\/\/www.claudeguyot.com\/wp-content\/uploads\/2019\/01\/IMG_20190120_111022-768x576.jpg 768w, https:\/\/www.claudeguyot.com\/wp-content\/uploads\/2019\/01\/IMG_20190120_111022-1024x768.jpg 1024w, https:\/\/www.claudeguyot.com\/wp-content\/uploads\/2019\/01\/IMG_20190120_111022-600x450.jpg 600w\" sizes=\"auto, (max-width: 4608px) 100vw, 4608px\" \/><\/p>\n<div style=\"width: 474px;\" class=\"wp-video\"><video class=\"wp-video-shortcode\" id=\"video-749-2\" width=\"474\" height=\"267\" preload=\"metadata\" controls=\"controls\"><source type=\"video\/mp4\" src=\"https:\/\/www.claudeguyot.com\/wp-content\/uploads\/2019\/01\/MVI_94132.mp4?_=2\" \/><a href=\"https:\/\/www.claudeguyot.com\/wp-content\/uploads\/2019\/01\/MVI_94132.mp4\">https:\/\/www.claudeguyot.com\/wp-content\/uploads\/2019\/01\/MVI_94132.mp4<\/a><\/video><\/div>\n<p>D\u00e9pot de la gerbe de fleurs de l&rsquo;association Claude Guyot par le pr\u00e9sident Hadrien Lacoste.<\/p>\n<p><img loading=\"lazy\" decoding=\"async\" class=\"alignnone size-full wp-image-764\" src=\"https:\/\/www.claudeguyot.com\/wp-content\/uploads\/2019\/01\/IMG_9475.jpg\" alt=\"IMG_9475\" width=\"4898\" height=\"3265\" srcset=\"https:\/\/www.claudeguyot.com\/wp-content\/uploads\/2019\/01\/IMG_9475.jpg 4898w, https:\/\/www.claudeguyot.com\/wp-content\/uploads\/2019\/01\/IMG_9475-300x200.jpg 300w, https:\/\/www.claudeguyot.com\/wp-content\/uploads\/2019\/01\/IMG_9475-768x512.jpg 768w, https:\/\/www.claudeguyot.com\/wp-content\/uploads\/2019\/01\/IMG_9475-1024x683.jpg 1024w, https:\/\/www.claudeguyot.com\/wp-content\/uploads\/2019\/01\/IMG_9475-600x400.jpg 600w\" sizes=\"auto, (max-width: 4898px) 100vw, 4898px\" \/><\/p>\n<p><img loading=\"lazy\" decoding=\"async\" class=\"alignnone size-full wp-image-765\" src=\"https:\/\/www.claudeguyot.com\/wp-content\/uploads\/2019\/01\/IMG_9459.jpg\" alt=\"IMG_9459\" width=\"4898\" height=\"3265\" srcset=\"https:\/\/www.claudeguyot.com\/wp-content\/uploads\/2019\/01\/IMG_9459.jpg 4898w, https:\/\/www.claudeguyot.com\/wp-content\/uploads\/2019\/01\/IMG_9459-300x200.jpg 300w, https:\/\/www.claudeguyot.com\/wp-content\/uploads\/2019\/01\/IMG_9459-768x512.jpg 768w, https:\/\/www.claudeguyot.com\/wp-content\/uploads\/2019\/01\/IMG_9459-1024x683.jpg 1024w, https:\/\/www.claudeguyot.com\/wp-content\/uploads\/2019\/01\/IMG_9459-600x400.jpg 600w\" sizes=\"auto, (max-width: 4898px) 100vw, 4898px\" \/><\/p>\n<div style=\"width: 474px;\" class=\"wp-video\"><video class=\"wp-video-shortcode\" id=\"video-749-3\" width=\"474\" height=\"267\" preload=\"metadata\" controls=\"controls\"><source type=\"video\/mp4\" src=\"https:\/\/www.claudeguyot.com\/wp-content\/uploads\/2019\/01\/VID_20190120_105851-1.mp4?_=3\" \/><a href=\"https:\/\/www.claudeguyot.com\/wp-content\/uploads\/2019\/01\/VID_20190120_105851-1.mp4\">https:\/\/www.claudeguyot.com\/wp-content\/uploads\/2019\/01\/VID_20190120_105851-1.mp4<\/a><\/video><\/div>\n<p>Arr\u00eat devant la maison de Georges Clemenceau<\/p>\n<p><img loading=\"lazy\" decoding=\"async\" class=\"alignnone size-full wp-image-768\" src=\"https:\/\/www.claudeguyot.com\/wp-content\/uploads\/2019\/01\/IMG_9504.jpg\" alt=\"IMG_9504\" width=\"4898\" height=\"3265\" srcset=\"https:\/\/www.claudeguyot.com\/wp-content\/uploads\/2019\/01\/IMG_9504.jpg 4898w, https:\/\/www.claudeguyot.com\/wp-content\/uploads\/2019\/01\/IMG_9504-300x200.jpg 300w, https:\/\/www.claudeguyot.com\/wp-content\/uploads\/2019\/01\/IMG_9504-768x512.jpg 768w, https:\/\/www.claudeguyot.com\/wp-content\/uploads\/2019\/01\/IMG_9504-1024x683.jpg 1024w, https:\/\/www.claudeguyot.com\/wp-content\/uploads\/2019\/01\/IMG_9504-600x400.jpg 600w\" sizes=\"auto, (max-width: 4898px) 100vw, 4898px\" \/><\/p>\n<p><img loading=\"lazy\" decoding=\"async\" class=\"alignnone size-full wp-image-769\" src=\"https:\/\/www.claudeguyot.com\/wp-content\/uploads\/2019\/01\/IMG_9619.jpg\" alt=\"IMG_9619\" width=\"4898\" height=\"3265\" srcset=\"https:\/\/www.claudeguyot.com\/wp-content\/uploads\/2019\/01\/IMG_9619.jpg 4898w, https:\/\/www.claudeguyot.com\/wp-content\/uploads\/2019\/01\/IMG_9619-300x200.jpg 300w, https:\/\/www.claudeguyot.com\/wp-content\/uploads\/2019\/01\/IMG_9619-768x512.jpg 768w, https:\/\/www.claudeguyot.com\/wp-content\/uploads\/2019\/01\/IMG_9619-1024x683.jpg 1024w, https:\/\/www.claudeguyot.com\/wp-content\/uploads\/2019\/01\/IMG_9619-600x400.jpg 600w\" sizes=\"auto, (max-width: 4898px) 100vw, 4898px\" \/><\/p>\n<p><img loading=\"lazy\" decoding=\"async\" class=\"alignnone size-full wp-image-770\" src=\"https:\/\/www.claudeguyot.com\/wp-content\/uploads\/2019\/01\/IMG_9558.jpg\" alt=\"IMG_9558\" width=\"4898\" height=\"3265\" srcset=\"https:\/\/www.claudeguyot.com\/wp-content\/uploads\/2019\/01\/IMG_9558.jpg 4898w, https:\/\/www.claudeguyot.com\/wp-content\/uploads\/2019\/01\/IMG_9558-300x200.jpg 300w, https:\/\/www.claudeguyot.com\/wp-content\/uploads\/2019\/01\/IMG_9558-768x512.jpg 768w, https:\/\/www.claudeguyot.com\/wp-content\/uploads\/2019\/01\/IMG_9558-1024x683.jpg 1024w, https:\/\/www.claudeguyot.com\/wp-content\/uploads\/2019\/01\/IMG_9558-600x400.jpg 600w\" sizes=\"auto, (max-width: 4898px) 100vw, 4898px\" \/><\/p>\n<p><img loading=\"lazy\" decoding=\"async\" class=\"alignnone size-full wp-image-771\" src=\"https:\/\/www.claudeguyot.com\/wp-content\/uploads\/2019\/01\/IMG_9551.jpg\" alt=\"IMG_9551\" width=\"4898\" height=\"3265\" srcset=\"https:\/\/www.claudeguyot.com\/wp-content\/uploads\/2019\/01\/IMG_9551.jpg 4898w, https:\/\/www.claudeguyot.com\/wp-content\/uploads\/2019\/01\/IMG_9551-300x200.jpg 300w, https:\/\/www.claudeguyot.com\/wp-content\/uploads\/2019\/01\/IMG_9551-768x512.jpg 768w, https:\/\/www.claudeguyot.com\/wp-content\/uploads\/2019\/01\/IMG_9551-1024x683.jpg 1024w, https:\/\/www.claudeguyot.com\/wp-content\/uploads\/2019\/01\/IMG_9551-600x400.jpg 600w\" sizes=\"auto, (max-width: 4898px) 100vw, 4898px\" \/><\/p>\n<figure id=\"attachment_773\" aria-describedby=\"caption-attachment-773\" style=\"width: 4608px\" class=\"wp-caption alignnone\"><img loading=\"lazy\" decoding=\"async\" class=\"size-full wp-image-773\" src=\"https:\/\/www.claudeguyot.com\/wp-content\/uploads\/2019\/01\/IMG_20190120_115918.jpg\" alt=\"dig\" width=\"4608\" height=\"3456\" srcset=\"https:\/\/www.claudeguyot.com\/wp-content\/uploads\/2019\/01\/IMG_20190120_115918.jpg 4608w, https:\/\/www.claudeguyot.com\/wp-content\/uploads\/2019\/01\/IMG_20190120_115918-300x225.jpg 300w, https:\/\/www.claudeguyot.com\/wp-content\/uploads\/2019\/01\/IMG_20190120_115918-768x576.jpg 768w, https:\/\/www.claudeguyot.com\/wp-content\/uploads\/2019\/01\/IMG_20190120_115918-1024x768.jpg 1024w, https:\/\/www.claudeguyot.com\/wp-content\/uploads\/2019\/01\/IMG_20190120_115918-600x450.jpg 600w\" sizes=\"auto, (max-width: 4608px) 100vw, 4608px\" \/><figcaption id=\"caption-attachment-773\" class=\"wp-caption-text\">Le moment des discours avec les autorit\u00e9s civiles et militaires.<\/figcaption><\/figure>\n<p><img loading=\"lazy\" decoding=\"async\" class=\"size-full wp-image-777\" src=\"https:\/\/www.claudeguyot.com\/wp-content\/uploads\/2019\/01\/IMG_20190120_090820.jpg\" alt=\"dav\" width=\"2133\" height=\"2484\" srcset=\"https:\/\/www.claudeguyot.com\/wp-content\/uploads\/2019\/01\/IMG_20190120_090820.jpg 2133w, https:\/\/www.claudeguyot.com\/wp-content\/uploads\/2019\/01\/IMG_20190120_090820-258x300.jpg 258w, https:\/\/www.claudeguyot.com\/wp-content\/uploads\/2019\/01\/IMG_20190120_090820-768x894.jpg 768w, https:\/\/www.claudeguyot.com\/wp-content\/uploads\/2019\/01\/IMG_20190120_090820-879x1024.jpg 879w, https:\/\/www.claudeguyot.com\/wp-content\/uploads\/2019\/01\/IMG_20190120_090820-600x699.jpg 600w\" sizes=\"auto, (max-width: 2133px) 100vw, 2133px\" \/><\/p>\n","protected":false},"excerpt":{"rendered":"<p>Dimanche 20 Janvier 2019, l&rsquo;association Claude Guyot participait aux c\u00e9r\u00e9monies organis\u00e9es \u00e0 Mouilleron-en-Pareds (Vend\u00e9e)\u00a0\u00e0 l&rsquo;occasion du 67e anniversaire de la mort du Mar\u00e9chal Jean de Lattre de Tassigny. Parce qu\u2019un homme sans m\u00e9moire est un homme sans vie, un peuple sans m\u00e9moire est un peuple sans avenir. \u00c0 cette occasion, le pr\u00e9sident de l&rsquo;association Claude &hellip; <a href=\"https:\/\/www.claudeguyot.com\/index.php\/2019\/01\/21\/lassociation-claude-guyot-aux-ceremonies-67eme-anniversaire-de-mort-marechal-jean-de-lattre-de-tassigny-a-mouilleron-pareds\/\" class=\"more-link\">Continuer la lecture de <span class=\"screen-reader-text\">L&rsquo;association Claude Guyot aux c\u00e9r\u00e9monies du 67\u00e8me anniversaire de la mort du Mar\u00e9chal Jean de Lattre de Tassigny \u00e0 Mouilleron-en-Pareds<\/span>  <span class=\"meta-nav\">&rarr;<\/span><\/a><\/p>\n","protected":false},"author":1,"featured_media":758,"comment_status":"closed","ping_status":"closed","sticky":false,"template":"","format":"standard","meta":{"footnotes":""},"categories":[1],"tags":[],"class_list":["post-749","post","type-post","status-publish","format-standard","has-post-thumbnail","hentry","category-non-classe"],"yoast_head":"<!-- This site is optimized with the Yoast SEO plugin v19.9 - https:\/\/yoast.com\/wordpress\/plugins\/seo\/ -->\n<title>L&#039;association Claude Guyot aux c\u00e9r\u00e9monies du 67\u00e8me anniversaire de la mort du Mar\u00e9chal Jean de Lattre de Tassigny \u00e0 Mouilleron-en-Pareds - Association Claude Guyot<\/title>\n<meta name=\"robots\" content=\"index, follow, max-snippet:-1, max-image-preview:large, max-video-preview:-1\" \/>\n<link rel=\"canonical\" href=\"https:\/\/www.claudeguyot.com\/index.php\/2019\/01\/21\/lassociation-claude-guyot-aux-ceremonies-67eme-anniversaire-de-mort-marechal-jean-de-lattre-de-tassigny-a-mouilleron-pareds\/\" \/>\n<meta property=\"og:locale\" content=\"fr_FR\" \/>\n<meta property=\"og:type\" content=\"article\" \/>\n<meta property=\"og:title\" content=\"L&#039;association Claude Guyot aux c\u00e9r\u00e9monies du 67\u00e8me anniversaire de la mort du Mar\u00e9chal Jean de Lattre de Tassigny \u00e0 Mouilleron-en-Pareds - Association Claude Guyot\" \/>\n<meta property=\"og:description\" content=\"Dimanche 20 Janvier 2019, l&rsquo;association Claude Guyot participait aux c\u00e9r\u00e9monies organis\u00e9es \u00e0 Mouilleron-en-Pareds (Vend\u00e9e)\u00a0\u00e0 l&rsquo;occasion du 67e anniversaire de la mort du Mar\u00e9chal Jean de Lattre de Tassigny. Parce qu\u2019un homme sans m\u00e9moire est un homme sans vie, un peuple sans m\u00e9moire est un peuple sans avenir. \u00c0 cette occasion, le pr\u00e9sident de l&rsquo;association Claude &hellip; Continuer la lecture de L&rsquo;association Claude Guyot aux c\u00e9r\u00e9monies du 67\u00e8me anniversaire de la mort du Mar\u00e9chal Jean de Lattre de Tassigny \u00e0 Mouilleron-en-Pareds &rarr;\" \/>\n<meta property=\"og:url\" content=\"https:\/\/www.claudeguyot.com\/index.php\/2019\/01\/21\/lassociation-claude-guyot-aux-ceremonies-67eme-anniversaire-de-mort-marechal-jean-de-lattre-de-tassigny-a-mouilleron-pareds\/\" \/>\n<meta property=\"og:site_name\" content=\"Association Claude Guyot\" \/>\n<meta property=\"article:published_time\" content=\"2019-01-21T17:22:45+00:00\" \/>\n<meta property=\"article:modified_time\" content=\"2025-07-08T20:48:18+00:00\" \/>\n<meta property=\"og:image\" content=\"https:\/\/www.claudeguyot.com\/wp-content\/uploads\/2019\/01\/IMG_20190120_111022-1024x768.jpg\" \/>\n\t<meta property=\"og:image:width\" content=\"1024\" \/>\n\t<meta property=\"og:image:height\" content=\"768\" \/>\n\t<meta property=\"og:image:type\" content=\"image\/jpeg\" \/>\n<meta name=\"author\" content=\"Claude Guyot\" \/>\n<meta name=\"twitter:card\" content=\"summary_large_image\" \/>\n<meta name=\"twitter:label1\" content=\"\u00c9crit par\" \/>\n\t<meta name=\"twitter:data1\" content=\"Claude Guyot\" \/>\n\t<meta name=\"twitter:label2\" content=\"Dur\u00e9e de lecture estim\u00e9e\" \/>\n\t<meta name=\"twitter:data2\" content=\"4 minutes\" \/>\n<script type=\"application\/ld+json\" class=\"yoast-schema-graph\">{\"@context\":\"https:\/\/schema.org\",\"@graph\":[{\"@type\":\"WebPage\",\"@id\":\"https:\/\/www.claudeguyot.com\/index.php\/2019\/01\/21\/lassociation-claude-guyot-aux-ceremonies-67eme-anniversaire-de-mort-marechal-jean-de-lattre-de-tassigny-a-mouilleron-pareds\/\",\"url\":\"https:\/\/www.claudeguyot.com\/index.php\/2019\/01\/21\/lassociation-claude-guyot-aux-ceremonies-67eme-anniversaire-de-mort-marechal-jean-de-lattre-de-tassigny-a-mouilleron-pareds\/\",\"name\":\"L'association Claude Guyot aux c\u00e9r\u00e9monies du 67\u00e8me anniversaire de la mort du Mar\u00e9chal Jean de Lattre de Tassigny \u00e0 Mouilleron-en-Pareds - Association Claude Guyot\",\"isPartOf\":{\"@id\":\"https:\/\/www.claudeguyot.com\/#website\"},\"datePublished\":\"2019-01-21T17:22:45+00:00\",\"dateModified\":\"2025-07-08T20:48:18+00:00\",\"author\":{\"@id\":\"https:\/\/www.claudeguyot.com\/#\/schema\/person\/fbc6c67d5e15fc909d64aab1f1f150a1\"},\"breadcrumb\":{\"@id\":\"https:\/\/www.claudeguyot.com\/index.php\/2019\/01\/21\/lassociation-claude-guyot-aux-ceremonies-67eme-anniversaire-de-mort-marechal-jean-de-lattre-de-tassigny-a-mouilleron-pareds\/#breadcrumb\"},\"inLanguage\":\"fr-FR\",\"potentialAction\":[{\"@type\":\"ReadAction\",\"target\":[\"https:\/\/www.claudeguyot.com\/index.php\/2019\/01\/21\/lassociation-claude-guyot-aux-ceremonies-67eme-anniversaire-de-mort-marechal-jean-de-lattre-de-tassigny-a-mouilleron-pareds\/\"]}]},{\"@type\":\"BreadcrumbList\",\"@id\":\"https:\/\/www.claudeguyot.com\/index.php\/2019\/01\/21\/lassociation-claude-guyot-aux-ceremonies-67eme-anniversaire-de-mort-marechal-jean-de-lattre-de-tassigny-a-mouilleron-pareds\/#breadcrumb\",\"itemListElement\":[{\"@type\":\"ListItem\",\"position\":1,\"name\":\"Accueil\",\"item\":\"https:\/\/www.claudeguyot.com\/\"},{\"@type\":\"ListItem\",\"position\":2,\"name\":\"L&#8217;association Claude Guyot aux c\u00e9r\u00e9monies du 67\u00e8me anniversaire de la mort du Mar\u00e9chal Jean de Lattre de Tassigny \u00e0 Mouilleron-en-Pareds\"}]},{\"@type\":\"WebSite\",\"@id\":\"https:\/\/www.claudeguyot.com\/#website\",\"url\":\"https:\/\/www.claudeguyot.com\/\",\"name\":\"Association Claude Guyot\",\"description\":\"Association loi 1901 reconnue d&#039;int\u00e9r\u00eat g\u00e9n\u00e9ral\",\"potentialAction\":[{\"@type\":\"SearchAction\",\"target\":{\"@type\":\"EntryPoint\",\"urlTemplate\":\"https:\/\/www.claudeguyot.com\/?s={search_term_string}\"},\"query-input\":\"required name=search_term_string\"}],\"inLanguage\":\"fr-FR\"},{\"@type\":\"Person\",\"@id\":\"https:\/\/www.claudeguyot.com\/#\/schema\/person\/fbc6c67d5e15fc909d64aab1f1f150a1\",\"name\":\"Claude Guyot\",\"image\":{\"@type\":\"ImageObject\",\"inLanguage\":\"fr-FR\",\"@id\":\"https:\/\/www.claudeguyot.com\/#\/schema\/person\/image\/\",\"url\":\"https:\/\/secure.gravatar.com\/avatar\/8835715a7343599eaa98fab3b13c331c454cc537ea4343abb5ad3fefe9b4d586?s=96&d=mm&r=g\",\"contentUrl\":\"https:\/\/secure.gravatar.com\/avatar\/8835715a7343599eaa98fab3b13c331c454cc537ea4343abb5ad3fefe9b4d586?s=96&d=mm&r=g\",\"caption\":\"Claude Guyot\"},\"url\":\"https:\/\/www.claudeguyot.com\/index.php\/author\/admin5958\/\"}]}<\/script>\n<!-- \/ Yoast SEO plugin. -->","yoast_head_json":{"title":"L'association Claude Guyot aux c\u00e9r\u00e9monies du 67\u00e8me anniversaire de la mort du Mar\u00e9chal Jean de Lattre de Tassigny \u00e0 Mouilleron-en-Pareds - Association Claude Guyot","robots":{"index":"index","follow":"follow","max-snippet":"max-snippet:-1","max-image-preview":"max-image-preview:large","max-video-preview":"max-video-preview:-1"},"canonical":"https:\/\/www.claudeguyot.com\/index.php\/2019\/01\/21\/lassociation-claude-guyot-aux-ceremonies-67eme-anniversaire-de-mort-marechal-jean-de-lattre-de-tassigny-a-mouilleron-pareds\/","og_locale":"fr_FR","og_type":"article","og_title":"L'association Claude Guyot aux c\u00e9r\u00e9monies du 67\u00e8me anniversaire de la mort du Mar\u00e9chal Jean de Lattre de Tassigny \u00e0 Mouilleron-en-Pareds - Association Claude Guyot","og_description":"Dimanche 20 Janvier 2019, l&rsquo;association Claude Guyot participait aux c\u00e9r\u00e9monies organis\u00e9es \u00e0 Mouilleron-en-Pareds (Vend\u00e9e)\u00a0\u00e0 l&rsquo;occasion du 67e anniversaire de la mort du Mar\u00e9chal Jean de Lattre de Tassigny. Parce qu\u2019un homme sans m\u00e9moire est un homme sans vie, un peuple sans m\u00e9moire est un peuple sans avenir. \u00c0 cette occasion, le pr\u00e9sident de l&rsquo;association Claude &hellip; Continuer la lecture de L&rsquo;association Claude Guyot aux c\u00e9r\u00e9monies du 67\u00e8me anniversaire de la mort du Mar\u00e9chal Jean de Lattre de Tassigny \u00e0 Mouilleron-en-Pareds &rarr;","og_url":"https:\/\/www.claudeguyot.com\/index.php\/2019\/01\/21\/lassociation-claude-guyot-aux-ceremonies-67eme-anniversaire-de-mort-marechal-jean-de-lattre-de-tassigny-a-mouilleron-pareds\/","og_site_name":"Association Claude Guyot","article_published_time":"2019-01-21T17:22:45+00:00","article_modified_time":"2025-07-08T20:48:18+00:00","og_image":[{"width":1024,"height":768,"url":"https:\/\/www.claudeguyot.com\/wp-content\/uploads\/2019\/01\/IMG_20190120_111022-1024x768.jpg","type":"image\/jpeg"}],"author":"Claude Guyot","twitter_card":"summary_large_image","twitter_misc":{"\u00c9crit par":"Claude Guyot","Dur\u00e9e de lecture estim\u00e9e":"4 minutes"},"schema":{"@context":"https:\/\/schema.org","@graph":[{"@type":"WebPage","@id":"https:\/\/www.claudeguyot.com\/index.php\/2019\/01\/21\/lassociation-claude-guyot-aux-ceremonies-67eme-anniversaire-de-mort-marechal-jean-de-lattre-de-tassigny-a-mouilleron-pareds\/","url":"https:\/\/www.claudeguyot.com\/index.php\/2019\/01\/21\/lassociation-claude-guyot-aux-ceremonies-67eme-anniversaire-de-mort-marechal-jean-de-lattre-de-tassigny-a-mouilleron-pareds\/","name":"L'association Claude Guyot aux c\u00e9r\u00e9monies du 67\u00e8me anniversaire de la mort du Mar\u00e9chal Jean de Lattre de Tassigny \u00e0 Mouilleron-en-Pareds - Association Claude Guyot","isPartOf":{"@id":"https:\/\/www.claudeguyot.com\/#website"},"datePublished":"2019-01-21T17:22:45+00:00","dateModified":"2025-07-08T20:48:18+00:00","author":{"@id":"https:\/\/www.claudeguyot.com\/#\/schema\/person\/fbc6c67d5e15fc909d64aab1f1f150a1"},"breadcrumb":{"@id":"https:\/\/www.claudeguyot.com\/index.php\/2019\/01\/21\/lassociation-claude-guyot-aux-ceremonies-67eme-anniversaire-de-mort-marechal-jean-de-lattre-de-tassigny-a-mouilleron-pareds\/#breadcrumb"},"inLanguage":"fr-FR","potentialAction":[{"@type":"ReadAction","target":["https:\/\/www.claudeguyot.com\/index.php\/2019\/01\/21\/lassociation-claude-guyot-aux-ceremonies-67eme-anniversaire-de-mort-marechal-jean-de-lattre-de-tassigny-a-mouilleron-pareds\/"]}]},{"@type":"BreadcrumbList","@id":"https:\/\/www.claudeguyot.com\/index.php\/2019\/01\/21\/lassociation-claude-guyot-aux-ceremonies-67eme-anniversaire-de-mort-marechal-jean-de-lattre-de-tassigny-a-mouilleron-pareds\/#breadcrumb","itemListElement":[{"@type":"ListItem","position":1,"name":"Accueil","item":"https:\/\/www.claudeguyot.com\/"},{"@type":"ListItem","position":2,"name":"L&#8217;association Claude Guyot aux c\u00e9r\u00e9monies du 67\u00e8me anniversaire de la mort du Mar\u00e9chal Jean de Lattre de Tassigny \u00e0 Mouilleron-en-Pareds"}]},{"@type":"WebSite","@id":"https:\/\/www.claudeguyot.com\/#website","url":"https:\/\/www.claudeguyot.com\/","name":"Association Claude Guyot","description":"Association loi 1901 reconnue d&#039;int\u00e9r\u00eat g\u00e9n\u00e9ral","potentialAction":[{"@type":"SearchAction","target":{"@type":"EntryPoint","urlTemplate":"https:\/\/www.claudeguyot.com\/?s={search_term_string}"},"query-input":"required name=search_term_string"}],"inLanguage":"fr-FR"},{"@type":"Person","@id":"https:\/\/www.claudeguyot.com\/#\/schema\/person\/fbc6c67d5e15fc909d64aab1f1f150a1","name":"Claude Guyot","image":{"@type":"ImageObject","inLanguage":"fr-FR","@id":"https:\/\/www.claudeguyot.com\/#\/schema\/person\/image\/","url":"https:\/\/secure.gravatar.com\/avatar\/8835715a7343599eaa98fab3b13c331c454cc537ea4343abb5ad3fefe9b4d586?s=96&d=mm&r=g","contentUrl":"https:\/\/secure.gravatar.com\/avatar\/8835715a7343599eaa98fab3b13c331c454cc537ea4343abb5ad3fefe9b4d586?s=96&d=mm&r=g","caption":"Claude Guyot"},"url":"https:\/\/www.claudeguyot.com\/index.php\/author\/admin5958\/"}]}},"jetpack_featured_media_url":"https:\/\/www.claudeguyot.com\/wp-content\/uploads\/2019\/01\/IMG_20190120_111022.jpg","_links":{"self":[{"href":"https:\/\/www.claudeguyot.com\/index.php\/wp-json\/wp\/v2\/posts\/749","targetHints":{"allow":["GET"]}}],"collection":[{"href":"https:\/\/www.claudeguyot.com\/index.php\/wp-json\/wp\/v2\/posts"}],"about":[{"href":"https:\/\/www.claudeguyot.com\/index.php\/wp-json\/wp\/v2\/types\/post"}],"author":[{"embeddable":true,"href":"https:\/\/www.claudeguyot.com\/index.php\/wp-json\/wp\/v2\/users\/1"}],"replies":[{"embeddable":true,"href":"https:\/\/www.claudeguyot.com\/index.php\/wp-json\/wp\/v2\/comments?post=749"}],"version-history":[{"count":7,"href":"https:\/\/www.claudeguyot.com\/index.php\/wp-json\/wp\/v2\/posts\/749\/revisions"}],"predecessor-version":[{"id":781,"href":"https:\/\/www.claudeguyot.com\/index.php\/wp-json\/wp\/v2\/posts\/749\/revisions\/781"}],"wp:featuredmedia":[{"embeddable":true,"href":"https:\/\/www.claudeguyot.com\/index.php\/wp-json\/wp\/v2\/media\/758"}],"wp:attachment":[{"href":"https:\/\/www.claudeguyot.com\/index.php\/wp-json\/wp\/v2\/media?parent=749"}],"wp:term":[{"taxonomy":"category","embeddable":true,"href":"https:\/\/www.claudeguyot.com\/index.php\/wp-json\/wp\/v2\/categories?post=749"},{"taxonomy":"post_tag","embeddable":true,"href":"https:\/\/www.claudeguyot.com\/index.php\/wp-json\/wp\/v2\/tags?post=749"}],"curies":[{"name":"wp","href":"https:\/\/api.w.org\/{rel}","templated":true}]}}