{"id":825,"date":"2019-08-31T13:59:26","date_gmt":"2019-08-31T12:59:26","guid":{"rendered":"http:\/\/www.claudeguyot.com\/?p=825"},"modified":"2025-07-08T21:47:40","modified_gmt":"2025-07-08T20:47:40","slug":"75e-anniversaire-de-liberation-de-dijon","status":"publish","type":"post","link":"https:\/\/www.claudeguyot.com\/index.php\/2019\/08\/31\/75e-anniversaire-de-liberation-de-dijon\/","title":{"rendered":"75e anniversaire de la Lib\u00e9ration de Dijon"},"content":{"rendered":"<p dir=\"ltr\"><img loading=\"lazy\" decoding=\"async\" class=\"alignnone size-full wp-image-829\" src=\"https:\/\/www.claudeguyot.com\/wp-content\/uploads\/2019\/08\/IMG_20190831_144042.jpg\" alt=\"IMG_20190831_144042\" width=\"4608\" height=\"3256\" srcset=\"https:\/\/www.claudeguyot.com\/wp-content\/uploads\/2019\/08\/IMG_20190831_144042.jpg 4608w, https:\/\/www.claudeguyot.com\/wp-content\/uploads\/2019\/08\/IMG_20190831_144042-300x212.jpg 300w, https:\/\/www.claudeguyot.com\/wp-content\/uploads\/2019\/08\/IMG_20190831_144042-768x543.jpg 768w, https:\/\/www.claudeguyot.com\/wp-content\/uploads\/2019\/08\/IMG_20190831_144042-1024x724.jpg 1024w, https:\/\/www.claudeguyot.com\/wp-content\/uploads\/2019\/08\/IMG_20190831_144042-600x424.jpg 600w\" sizes=\"auto, (max-width: 4608px) 100vw, 4608px\" \/><\/p>\n<p dir=\"ltr\"><img loading=\"lazy\" decoding=\"async\" class=\"alignnone size-full wp-image-830\" src=\"https:\/\/www.claudeguyot.com\/wp-content\/uploads\/2019\/08\/IMG_20190831_144104.jpg\" alt=\"IMG_20190831_144104\" width=\"4608\" height=\"3456\" srcset=\"https:\/\/www.claudeguyot.com\/wp-content\/uploads\/2019\/08\/IMG_20190831_144104.jpg 4608w, https:\/\/www.claudeguyot.com\/wp-content\/uploads\/2019\/08\/IMG_20190831_144104-300x225.jpg 300w, https:\/\/www.claudeguyot.com\/wp-content\/uploads\/2019\/08\/IMG_20190831_144104-768x576.jpg 768w, https:\/\/www.claudeguyot.com\/wp-content\/uploads\/2019\/08\/IMG_20190831_144104-1024x768.jpg 1024w, https:\/\/www.claudeguyot.com\/wp-content\/uploads\/2019\/08\/IMG_20190831_144104-600x450.jpg 600w\" sizes=\"auto, (max-width: 4608px) 100vw, 4608px\" \/><\/p>\n<p dir=\"ltr\"><img loading=\"lazy\" decoding=\"async\" class=\"alignnone size-full wp-image-831\" src=\"https:\/\/www.claudeguyot.com\/wp-content\/uploads\/2019\/08\/IMG_20190831_144122.jpg\" alt=\"IMG_20190831_144122\" width=\"4608\" height=\"3268\" srcset=\"https:\/\/www.claudeguyot.com\/wp-content\/uploads\/2019\/08\/IMG_20190831_144122.jpg 4608w, https:\/\/www.claudeguyot.com\/wp-content\/uploads\/2019\/08\/IMG_20190831_144122-300x213.jpg 300w, https:\/\/www.claudeguyot.com\/wp-content\/uploads\/2019\/08\/IMG_20190831_144122-768x545.jpg 768w, https:\/\/www.claudeguyot.com\/wp-content\/uploads\/2019\/08\/IMG_20190831_144122-1024x726.jpg 1024w, https:\/\/www.claudeguyot.com\/wp-content\/uploads\/2019\/08\/IMG_20190831_144122-600x426.jpg 600w\" sizes=\"auto, (max-width: 4608px) 100vw, 4608px\" \/><\/p>\n<figure id=\"attachment_832\" aria-describedby=\"caption-attachment-832\" style=\"width: 2304px\" class=\"wp-caption alignnone\"><img loading=\"lazy\" decoding=\"async\" class=\"size-full wp-image-832\" src=\"https:\/\/www.claudeguyot.com\/wp-content\/uploads\/2019\/08\/IMG_20190831_144217.jpg\" alt=\"bst\" width=\"2304\" height=\"1229\" srcset=\"https:\/\/www.claudeguyot.com\/wp-content\/uploads\/2019\/08\/IMG_20190831_144217.jpg 2304w, https:\/\/www.claudeguyot.com\/wp-content\/uploads\/2019\/08\/IMG_20190831_144217-300x160.jpg 300w, https:\/\/www.claudeguyot.com\/wp-content\/uploads\/2019\/08\/IMG_20190831_144217-768x410.jpg 768w, https:\/\/www.claudeguyot.com\/wp-content\/uploads\/2019\/08\/IMG_20190831_144217-1024x546.jpg 1024w, https:\/\/www.claudeguyot.com\/wp-content\/uploads\/2019\/08\/IMG_20190831_144217-600x320.jpg 600w\" sizes=\"auto, (max-width: 2304px) 100vw, 2304px\" \/><figcaption id=\"caption-attachment-832\" class=\"wp-caption-text\">bst<\/figcaption><\/figure>\n","protected":false},"excerpt":{"rendered":"","protected":false},"author":1,"featured_media":833,"comment_status":"closed","ping_status":"closed","sticky":false,"template":"","format":"standard","meta":{"footnotes":""},"categories":[1],"tags":[],"class_list":["post-825","post","type-post","status-publish","format-standard","has-post-thumbnail","hentry","category-non-classe"],"yoast_head":"<!-- This site is optimized with the Yoast SEO plugin v19.9 - https:\/\/yoast.com\/wordpress\/plugins\/seo\/ -->\n<title>75e anniversaire de la Lib\u00e9ration de Dijon - Association Claude Guyot<\/title>\n<meta name=\"robots\" content=\"index, follow, max-snippet:-1, max-image-preview:large, max-video-preview:-1\" \/>\n<link rel=\"canonical\" href=\"https:\/\/www.claudeguyot.com\/index.php\/2019\/08\/31\/75e-anniversaire-de-liberation-de-dijon\/\" \/>\n<meta property=\"og:locale\" content=\"fr_FR\" \/>\n<meta property=\"og:type\" content=\"article\" \/>\n<meta property=\"og:title\" content=\"75e anniversaire de la Lib\u00e9ration de Dijon - Association Claude Guyot\" \/>\n<meta property=\"og:url\" content=\"https:\/\/www.claudeguyot.com\/index.php\/2019\/08\/31\/75e-anniversaire-de-liberation-de-dijon\/\" \/>\n<meta property=\"og:site_name\" content=\"Association Claude Guyot\" \/>\n<meta property=\"article:published_time\" content=\"2019-08-31T12:59:26+00:00\" \/>\n<meta property=\"article:modified_time\" content=\"2025-07-08T20:47:40+00:00\" \/>\n<meta property=\"og:image\" content=\"https:\/\/www.claudeguyot.com\/wp-content\/uploads\/2019\/08\/liberation_dijon_-ecpad.jpg\" \/>\n\t<meta property=\"og:image:width\" content=\"640\" \/>\n\t<meta property=\"og:image:height\" content=\"359\" \/>\n\t<meta property=\"og:image:type\" content=\"image\/jpeg\" \/>\n<meta name=\"author\" content=\"Claude Guyot\" \/>\n<meta name=\"twitter:card\" content=\"summary_large_image\" \/>\n<meta name=\"twitter:label1\" content=\"\u00c9crit par\" \/>\n\t<meta name=\"twitter:data1\" content=\"Claude Guyot\" \/>\n<script type=\"application\/ld+json\" class=\"yoast-schema-graph\">{\"@context\":\"https:\/\/schema.org\",\"@graph\":[{\"@type\":\"WebPage\",\"@id\":\"https:\/\/www.claudeguyot.com\/index.php\/2019\/08\/31\/75e-anniversaire-de-liberation-de-dijon\/\",\"url\":\"https:\/\/www.claudeguyot.com\/index.php\/2019\/08\/31\/75e-anniversaire-de-liberation-de-dijon\/\",\"name\":\"75e anniversaire de la Lib\u00e9ration de Dijon - Association Claude Guyot\",\"isPartOf\":{\"@id\":\"https:\/\/www.claudeguyot.com\/#website\"},\"datePublished\":\"2019-08-31T12:59:26+00:00\",\"dateModified\":\"2025-07-08T20:47:40+00:00\",\"author\":{\"@id\":\"https:\/\/www.claudeguyot.com\/#\/schema\/person\/fbc6c67d5e15fc909d64aab1f1f150a1\"},\"breadcrumb\":{\"@id\":\"https:\/\/www.claudeguyot.com\/index.php\/2019\/08\/31\/75e-anniversaire-de-liberation-de-dijon\/#breadcrumb\"},\"inLanguage\":\"fr-FR\",\"potentialAction\":[{\"@type\":\"ReadAction\",\"target\":[\"https:\/\/www.claudeguyot.com\/index.php\/2019\/08\/31\/75e-anniversaire-de-liberation-de-dijon\/\"]}]},{\"@type\":\"BreadcrumbList\",\"@id\":\"https:\/\/www.claudeguyot.com\/index.php\/2019\/08\/31\/75e-anniversaire-de-liberation-de-dijon\/#breadcrumb\",\"itemListElement\":[{\"@type\":\"ListItem\",\"position\":1,\"name\":\"Accueil\",\"item\":\"https:\/\/www.claudeguyot.com\/\"},{\"@type\":\"ListItem\",\"position\":2,\"name\":\"75e anniversaire de la Lib\u00e9ration de Dijon\"}]},{\"@type\":\"WebSite\",\"@id\":\"https:\/\/www.claudeguyot.com\/#website\",\"url\":\"https:\/\/www.claudeguyot.com\/\",\"name\":\"Association Claude Guyot\",\"description\":\"Association loi 1901 reconnue d&#039;int\u00e9r\u00eat g\u00e9n\u00e9ral\",\"potentialAction\":[{\"@type\":\"SearchAction\",\"target\":{\"@type\":\"EntryPoint\",\"urlTemplate\":\"https:\/\/www.claudeguyot.com\/?s={search_term_string}\"},\"query-input\":\"required name=search_term_string\"}],\"inLanguage\":\"fr-FR\"},{\"@type\":\"Person\",\"@id\":\"https:\/\/www.claudeguyot.com\/#\/schema\/person\/fbc6c67d5e15fc909d64aab1f1f150a1\",\"name\":\"Claude Guyot\",\"image\":{\"@type\":\"ImageObject\",\"inLanguage\":\"fr-FR\",\"@id\":\"https:\/\/www.claudeguyot.com\/#\/schema\/person\/image\/\",\"url\":\"https:\/\/secure.gravatar.com\/avatar\/8835715a7343599eaa98fab3b13c331c454cc537ea4343abb5ad3fefe9b4d586?s=96&d=mm&r=g\",\"contentUrl\":\"https:\/\/secure.gravatar.com\/avatar\/8835715a7343599eaa98fab3b13c331c454cc537ea4343abb5ad3fefe9b4d586?s=96&d=mm&r=g\",\"caption\":\"Claude Guyot\"},\"url\":\"https:\/\/www.claudeguyot.com\/index.php\/author\/admin5958\/\"}]}<\/script>\n<!-- \/ Yoast SEO plugin. -->","yoast_head_json":{"title":"75e anniversaire de la Lib\u00e9ration de Dijon - Association Claude Guyot","robots":{"index":"index","follow":"follow","max-snippet":"max-snippet:-1","max-image-preview":"max-image-preview:large","max-video-preview":"max-video-preview:-1"},"canonical":"https:\/\/www.claudeguyot.com\/index.php\/2019\/08\/31\/75e-anniversaire-de-liberation-de-dijon\/","og_locale":"fr_FR","og_type":"article","og_title":"75e anniversaire de la Lib\u00e9ration de Dijon - Association Claude Guyot","og_url":"https:\/\/www.claudeguyot.com\/index.php\/2019\/08\/31\/75e-anniversaire-de-liberation-de-dijon\/","og_site_name":"Association Claude Guyot","article_published_time":"2019-08-31T12:59:26+00:00","article_modified_time":"2025-07-08T20:47:40+00:00","og_image":[{"width":640,"height":359,"url":"https:\/\/www.claudeguyot.com\/wp-content\/uploads\/2019\/08\/liberation_dijon_-ecpad.jpg","type":"image\/jpeg"}],"author":"Claude Guyot","twitter_card":"summary_large_image","twitter_misc":{"\u00c9crit par":"Claude Guyot"},"schema":{"@context":"https:\/\/schema.org","@graph":[{"@type":"WebPage","@id":"https:\/\/www.claudeguyot.com\/index.php\/2019\/08\/31\/75e-anniversaire-de-liberation-de-dijon\/","url":"https:\/\/www.claudeguyot.com\/index.php\/2019\/08\/31\/75e-anniversaire-de-liberation-de-dijon\/","name":"75e anniversaire de la Lib\u00e9ration de Dijon - Association Claude Guyot","isPartOf":{"@id":"https:\/\/www.claudeguyot.com\/#website"},"datePublished":"2019-08-31T12:59:26+00:00","dateModified":"2025-07-08T20:47:40+00:00","author":{"@id":"https:\/\/www.claudeguyot.com\/#\/schema\/person\/fbc6c67d5e15fc909d64aab1f1f150a1"},"breadcrumb":{"@id":"https:\/\/www.claudeguyot.com\/index.php\/2019\/08\/31\/75e-anniversaire-de-liberation-de-dijon\/#breadcrumb"},"inLanguage":"fr-FR","potentialAction":[{"@type":"ReadAction","target":["https:\/\/www.claudeguyot.com\/index.php\/2019\/08\/31\/75e-anniversaire-de-liberation-de-dijon\/"]}]},{"@type":"BreadcrumbList","@id":"https:\/\/www.claudeguyot.com\/index.php\/2019\/08\/31\/75e-anniversaire-de-liberation-de-dijon\/#breadcrumb","itemListElement":[{"@type":"ListItem","position":1,"name":"Accueil","item":"https:\/\/www.claudeguyot.com\/"},{"@type":"ListItem","position":2,"name":"75e anniversaire de la Lib\u00e9ration de Dijon"}]},{"@type":"WebSite","@id":"https:\/\/www.claudeguyot.com\/#website","url":"https:\/\/www.claudeguyot.com\/","name":"Association Claude Guyot","description":"Association loi 1901 reconnue d&#039;int\u00e9r\u00eat g\u00e9n\u00e9ral","potentialAction":[{"@type":"SearchAction","target":{"@type":"EntryPoint","urlTemplate":"https:\/\/www.claudeguyot.com\/?s={search_term_string}"},"query-input":"required name=search_term_string"}],"inLanguage":"fr-FR"},{"@type":"Person","@id":"https:\/\/www.claudeguyot.com\/#\/schema\/person\/fbc6c67d5e15fc909d64aab1f1f150a1","name":"Claude Guyot","image":{"@type":"ImageObject","inLanguage":"fr-FR","@id":"https:\/\/www.claudeguyot.com\/#\/schema\/person\/image\/","url":"https:\/\/secure.gravatar.com\/avatar\/8835715a7343599eaa98fab3b13c331c454cc537ea4343abb5ad3fefe9b4d586?s=96&d=mm&r=g","contentUrl":"https:\/\/secure.gravatar.com\/avatar\/8835715a7343599eaa98fab3b13c331c454cc537ea4343abb5ad3fefe9b4d586?s=96&d=mm&r=g","caption":"Claude Guyot"},"url":"https:\/\/www.claudeguyot.com\/index.php\/author\/admin5958\/"}]}},"jetpack_featured_media_url":"https:\/\/www.claudeguyot.com\/wp-content\/uploads\/2019\/08\/liberation_dijon_-ecpad.jpg","_links":{"self":[{"href":"https:\/\/www.claudeguyot.com\/index.php\/wp-json\/wp\/v2\/posts\/825","targetHints":{"allow":["GET"]}}],"collection":[{"href":"https:\/\/www.claudeguyot.com\/index.php\/wp-json\/wp\/v2\/posts"}],"about":[{"href":"https:\/\/www.claudeguyot.com\/index.php\/wp-json\/wp\/v2\/types\/post"}],"author":[{"embeddable":true,"href":"https:\/\/www.claudeguyot.com\/index.php\/wp-json\/wp\/v2\/users\/1"}],"replies":[{"embeddable":true,"href":"https:\/\/www.claudeguyot.com\/index.php\/wp-json\/wp\/v2\/comments?post=825"}],"version-history":[{"count":1,"href":"https:\/\/www.claudeguyot.com\/index.php\/wp-json\/wp\/v2\/posts\/825\/revisions"}],"predecessor-version":[{"id":834,"href":"https:\/\/www.claudeguyot.com\/index.php\/wp-json\/wp\/v2\/posts\/825\/revisions\/834"}],"wp:featuredmedia":[{"embeddable":true,"href":"https:\/\/www.claudeguyot.com\/index.php\/wp-json\/wp\/v2\/media\/833"}],"wp:attachment":[{"href":"https:\/\/www.claudeguyot.com\/index.php\/wp-json\/wp\/v2\/media?parent=825"}],"wp:term":[{"taxonomy":"category","embeddable":true,"href":"https:\/\/www.claudeguyot.com\/index.php\/wp-json\/wp\/v2\/categories?post=825"},{"taxonomy":"post_tag","embeddable":true,"href":"https:\/\/www.claudeguyot.com\/index.php\/wp-json\/wp\/v2\/tags?post=825"}],"curies":[{"name":"wp","href":"https:\/\/api.w.org\/{rel}","templated":true}]}}