{"id":867,"date":"2020-03-24T17:45:50","date_gmt":"2020-03-24T16:45:50","guid":{"rendered":"http:\/\/www.claudeguyot.com\/?p=867"},"modified":"2025-07-08T21:50:28","modified_gmt":"2025-07-08T20:50:28","slug":"lassociation-claude-guyot-a-fleuri-tombe-marechal-de-lattre-de-tassigny-a-loccasion-68eme-anniversaire-de-mort","status":"publish","type":"post","link":"https:\/\/www.claudeguyot.com\/index.php\/2020\/03\/24\/lassociation-claude-guyot-a-fleuri-tombe-marechal-de-lattre-de-tassigny-a-loccasion-68eme-anniversaire-de-mort\/","title":{"rendered":"L&rsquo;association Claude Guyot a fleuri la tombe du Mar\u00e9chal de Lattre de Tassigny \u00e0 l\u2019occasion du 68\u00e8me anniversaire de sa mort"},"content":{"rendered":"<p>Dimanche 19 Janvier 2020, l\u2019association Claude Guyot participait aux c\u00e9r\u00e9monies organis\u00e9es \u00e0 Mouilleron-en-Pareds (Vend\u00e9e)\u00a0\u00e0 l\u2019occasion du 68e anniversaire de la mort du Mar\u00e9chal Jean de Lattre de Tassigny.<\/p>\n<p><img loading=\"lazy\" decoding=\"async\" class=\"alignnone size-full wp-image-888\" src=\"https:\/\/www.claudeguyot.com\/wp-content\/uploads\/2020\/03\/IMG_20200120_001535_805.jpg\" alt=\"IMG_20200120_001535_805\" width=\"1080\" height=\"810\" srcset=\"https:\/\/www.claudeguyot.com\/wp-content\/uploads\/2020\/03\/IMG_20200120_001535_805.jpg 1080w, https:\/\/www.claudeguyot.com\/wp-content\/uploads\/2020\/03\/IMG_20200120_001535_805-300x225.jpg 300w, https:\/\/www.claudeguyot.com\/wp-content\/uploads\/2020\/03\/IMG_20200120_001535_805-768x576.jpg 768w, https:\/\/www.claudeguyot.com\/wp-content\/uploads\/2020\/03\/IMG_20200120_001535_805-1024x768.jpg 1024w, https:\/\/www.claudeguyot.com\/wp-content\/uploads\/2020\/03\/IMG_20200120_001535_805-600x450.jpg 600w\" sizes=\"auto, (max-width: 1080px) 100vw, 1080px\" \/><\/p>\n<div style=\"width: 474px;\" class=\"wp-video\"><!--[if lt IE 9]><script>document.createElement('video');<\/script><![endif]-->\n<video class=\"wp-video-shortcode\" id=\"video-867-1\" width=\"474\" height=\"267\" preload=\"metadata\" controls=\"controls\"><source type=\"video\/mp4\" src=\"https:\/\/www.claudeguyot.com\/wp-content\/uploads\/2020\/03\/IMG_3638-1-convert-video-online.com_.mp4?_=1\" \/><a href=\"https:\/\/www.claudeguyot.com\/wp-content\/uploads\/2020\/03\/IMG_3638-1-convert-video-online.com_.mp4\">https:\/\/www.claudeguyot.com\/wp-content\/uploads\/2020\/03\/IMG_3638-1-convert-video-online.com_.mp4<\/a><\/video><\/div>\n<p>\u00c0 cette occasion, le pr\u00e9sident de l\u2019association Claude Guyot, Hadrien Lacoste, \u00e9galement vice-pr\u00e9sident de l&rsquo;Institut Vend\u00e9en Clemenceau &#8211; Lattre, a proc\u00e9d\u00e9 au d\u00e9p\u00f4t d\u2019une gerbe de fleurs sur la tombe du Mar\u00e9chal Jean de Lattre de Tassigny, de son \u00e9pouse et de leur fils Bernard. Une c\u00e9r\u00e9monie tr\u00e8s \u00e9mouvante en pr\u00e9sence de\u00a0100 porte-drapeaux, de nombreux jeunes des \u00e9coles, des Cadets de la d\u00e9fense, de Madame Annie P\u00e2quet, sous-pr\u00e9fet de Fontenay-le-Comte, des militaires et de nombreux \u00e9lus . Au cours de ces diff\u00e9rentes \u00e9tapes m\u00e9morielles, un moment fort fut celui du chant des africains devant la maison natale du Mar\u00e9chal de Lattre. L&rsquo;association Claude Guyot \u00e9tait \u00e9galement repr\u00e9sent\u00e9e par Jacques Perot, 1er vice-pr\u00e9sident, pr\u00e9sident de l&rsquo;Institut Vend\u00e9en Clemenceau &#8211; de Lattre et Me Ernest-Yufeng Yan, secr\u00e9taire g\u00e9n\u00e9ral adjoint de l&rsquo;association Claude Guyot.<\/p>\n<p><img loading=\"lazy\" decoding=\"async\" class=\"alignnone size-full wp-image-882\" src=\"https:\/\/www.claudeguyot.com\/wp-content\/uploads\/2020\/03\/IMG_20200119_092549-2.jpg\" alt=\"IMG_20200119_092549\" width=\"3000\" height=\"4000\" srcset=\"https:\/\/www.claudeguyot.com\/wp-content\/uploads\/2020\/03\/IMG_20200119_092549-2.jpg 3000w, https:\/\/www.claudeguyot.com\/wp-content\/uploads\/2020\/03\/IMG_20200119_092549-2-225x300.jpg 225w, https:\/\/www.claudeguyot.com\/wp-content\/uploads\/2020\/03\/IMG_20200119_092549-2-768x1024.jpg 768w, https:\/\/www.claudeguyot.com\/wp-content\/uploads\/2020\/03\/IMG_20200119_092549-2-600x800.jpg 600w\" sizes=\"auto, (max-width: 3000px) 100vw, 3000px\" \/><\/p>\n<div style=\"width: 474px;\" class=\"wp-video\"><video class=\"wp-video-shortcode\" id=\"video-867-2\" width=\"474\" height=\"267\" preload=\"metadata\" controls=\"controls\"><source type=\"video\/mp4\" src=\"https:\/\/www.claudeguyot.com\/wp-content\/uploads\/2020\/03\/VID_20200119_110812.mp4?_=2\" \/><a href=\"https:\/\/www.claudeguyot.com\/wp-content\/uploads\/2020\/03\/VID_20200119_110812.mp4\">https:\/\/www.claudeguyot.com\/wp-content\/uploads\/2020\/03\/VID_20200119_110812.mp4<\/a><\/video><\/div>\n<div style=\"width: 474px;\" class=\"wp-video\"><video class=\"wp-video-shortcode\" id=\"video-867-3\" width=\"474\" height=\"267\" preload=\"metadata\" controls=\"controls\"><source type=\"video\/mp4\" src=\"https:\/\/www.claudeguyot.com\/wp-content\/uploads\/2020\/03\/VID_20200119_111854.mp4?_=3\" \/><a href=\"https:\/\/www.claudeguyot.com\/wp-content\/uploads\/2020\/03\/VID_20200119_111854.mp4\">https:\/\/www.claudeguyot.com\/wp-content\/uploads\/2020\/03\/VID_20200119_111854.mp4<\/a><\/video><\/div>\n<p><img loading=\"lazy\" decoding=\"async\" class=\"alignnone size-full wp-image-883\" src=\"https:\/\/www.claudeguyot.com\/wp-content\/uploads\/2020\/03\/IMG_20200119_092616-1.jpg\" alt=\"IMG_20200119_092616\" width=\"3000\" height=\"4000\" srcset=\"https:\/\/www.claudeguyot.com\/wp-content\/uploads\/2020\/03\/IMG_20200119_092616-1.jpg 3000w, https:\/\/www.claudeguyot.com\/wp-content\/uploads\/2020\/03\/IMG_20200119_092616-1-225x300.jpg 225w, https:\/\/www.claudeguyot.com\/wp-content\/uploads\/2020\/03\/IMG_20200119_092616-1-768x1024.jpg 768w, https:\/\/www.claudeguyot.com\/wp-content\/uploads\/2020\/03\/IMG_20200119_092616-1-600x800.jpg 600w\" sizes=\"auto, (max-width: 3000px) 100vw, 3000px\" \/><img loading=\"lazy\" decoding=\"async\" class=\"alignnone size-full wp-image-885\" src=\"https:\/\/www.claudeguyot.com\/wp-content\/uploads\/2020\/03\/IMG_20200119_104427-1.jpg\" alt=\"IMG_20200119_104427\" width=\"4000\" height=\"3000\" srcset=\"https:\/\/www.claudeguyot.com\/wp-content\/uploads\/2020\/03\/IMG_20200119_104427-1.jpg 4000w, https:\/\/www.claudeguyot.com\/wp-content\/uploads\/2020\/03\/IMG_20200119_104427-1-300x225.jpg 300w, https:\/\/www.claudeguyot.com\/wp-content\/uploads\/2020\/03\/IMG_20200119_104427-1-768x576.jpg 768w, https:\/\/www.claudeguyot.com\/wp-content\/uploads\/2020\/03\/IMG_20200119_104427-1-1024x768.jpg 1024w, https:\/\/www.claudeguyot.com\/wp-content\/uploads\/2020\/03\/IMG_20200119_104427-1-600x450.jpg 600w\" sizes=\"auto, (max-width: 4000px) 100vw, 4000px\" \/><img loading=\"lazy\" decoding=\"async\" class=\"alignnone size-full wp-image-886\" src=\"https:\/\/www.claudeguyot.com\/wp-content\/uploads\/2020\/03\/IMG_20200119_104432-1.jpg\" alt=\"IMG_20200119_104432\" width=\"4000\" height=\"3000\" srcset=\"https:\/\/www.claudeguyot.com\/wp-content\/uploads\/2020\/03\/IMG_20200119_104432-1.jpg 4000w, https:\/\/www.claudeguyot.com\/wp-content\/uploads\/2020\/03\/IMG_20200119_104432-1-300x225.jpg 300w, https:\/\/www.claudeguyot.com\/wp-content\/uploads\/2020\/03\/IMG_20200119_104432-1-768x576.jpg 768w, https:\/\/www.claudeguyot.com\/wp-content\/uploads\/2020\/03\/IMG_20200119_104432-1-1024x768.jpg 1024w, https:\/\/www.claudeguyot.com\/wp-content\/uploads\/2020\/03\/IMG_20200119_104432-1-600x450.jpg 600w\" sizes=\"auto, (max-width: 4000px) 100vw, 4000px\" \/><img loading=\"lazy\" decoding=\"async\" class=\"alignnone size-full wp-image-887\" src=\"https:\/\/www.claudeguyot.com\/wp-content\/uploads\/2020\/03\/IMG_20200119_112110.jpg\" alt=\"IMG_20200119_112110\" width=\"4000\" height=\"3000\" srcset=\"https:\/\/www.claudeguyot.com\/wp-content\/uploads\/2020\/03\/IMG_20200119_112110.jpg 4000w, https:\/\/www.claudeguyot.com\/wp-content\/uploads\/2020\/03\/IMG_20200119_112110-300x225.jpg 300w, https:\/\/www.claudeguyot.com\/wp-content\/uploads\/2020\/03\/IMG_20200119_112110-768x576.jpg 768w, https:\/\/www.claudeguyot.com\/wp-content\/uploads\/2020\/03\/IMG_20200119_112110-1024x768.jpg 1024w, https:\/\/www.claudeguyot.com\/wp-content\/uploads\/2020\/03\/IMG_20200119_112110-600x450.jpg 600w\" sizes=\"auto, (max-width: 4000px) 100vw, 4000px\" \/><img loading=\"lazy\" decoding=\"async\" class=\"alignnone size-full wp-image-889\" src=\"https:\/\/www.claudeguyot.com\/wp-content\/uploads\/2020\/03\/IMG_20200120_001714_559.jpg\" alt=\"IMG_20200120_001714_559\" width=\"943\" height=\"768\" srcset=\"https:\/\/www.claudeguyot.com\/wp-content\/uploads\/2020\/03\/IMG_20200120_001714_559.jpg 943w, https:\/\/www.claudeguyot.com\/wp-content\/uploads\/2020\/03\/IMG_20200120_001714_559-300x244.jpg 300w, https:\/\/www.claudeguyot.com\/wp-content\/uploads\/2020\/03\/IMG_20200120_001714_559-768x625.jpg 768w, https:\/\/www.claudeguyot.com\/wp-content\/uploads\/2020\/03\/IMG_20200120_001714_559-600x489.jpg 600w\" sizes=\"auto, (max-width: 943px) 100vw, 943px\" \/><\/p>\n<figure id=\"attachment_884\" aria-describedby=\"caption-attachment-884\" style=\"width: 2743px\" class=\"wp-caption alignnone\"><img loading=\"lazy\" decoding=\"async\" class=\"size-full wp-image-884\" src=\"https:\/\/www.claudeguyot.com\/wp-content\/uploads\/2020\/03\/IMG_20200119_103152-1.jpg\" alt=\"mde\" width=\"2743\" height=\"3957\" srcset=\"https:\/\/www.claudeguyot.com\/wp-content\/uploads\/2020\/03\/IMG_20200119_103152-1.jpg 2743w, https:\/\/www.claudeguyot.com\/wp-content\/uploads\/2020\/03\/IMG_20200119_103152-1-208x300.jpg 208w, https:\/\/www.claudeguyot.com\/wp-content\/uploads\/2020\/03\/IMG_20200119_103152-1-768x1108.jpg 768w, https:\/\/www.claudeguyot.com\/wp-content\/uploads\/2020\/03\/IMG_20200119_103152-1-710x1024.jpg 710w, https:\/\/www.claudeguyot.com\/wp-content\/uploads\/2020\/03\/IMG_20200119_103152-1-600x866.jpg 600w\" sizes=\"auto, (max-width: 2743px) 100vw, 2743px\" \/><figcaption id=\"caption-attachment-884\" class=\"wp-caption-text\">mde<\/figcaption><\/figure>\n","protected":false},"excerpt":{"rendered":"<p>Dimanche 19 Janvier 2020, l\u2019association Claude Guyot participait aux c\u00e9r\u00e9monies organis\u00e9es \u00e0 Mouilleron-en-Pareds (Vend\u00e9e)\u00a0\u00e0 l\u2019occasion du 68e anniversaire de la mort du Mar\u00e9chal Jean de Lattre de Tassigny. \u00c0 cette occasion, le pr\u00e9sident de l\u2019association Claude Guyot, Hadrien Lacoste, \u00e9galement vice-pr\u00e9sident de l&rsquo;Institut Vend\u00e9en Clemenceau &#8211; Lattre, a proc\u00e9d\u00e9 au d\u00e9p\u00f4t d\u2019une gerbe de fleurs &hellip; <a href=\"https:\/\/www.claudeguyot.com\/index.php\/2020\/03\/24\/lassociation-claude-guyot-a-fleuri-tombe-marechal-de-lattre-de-tassigny-a-loccasion-68eme-anniversaire-de-mort\/\" class=\"more-link\">Continuer la lecture de <span class=\"screen-reader-text\">L&rsquo;association Claude Guyot a fleuri la tombe du Mar\u00e9chal de Lattre de Tassigny \u00e0 l\u2019occasion du 68\u00e8me anniversaire de sa mort<\/span>  <span class=\"meta-nav\">&rarr;<\/span><\/a><\/p>\n","protected":false},"author":1,"featured_media":872,"comment_status":"closed","ping_status":"closed","sticky":false,"template":"","format":"standard","meta":{"footnotes":""},"categories":[1],"tags":[],"class_list":["post-867","post","type-post","status-publish","format-standard","has-post-thumbnail","hentry","category-non-classe"],"yoast_head":"<!-- This site is optimized with the Yoast SEO plugin v19.9 - https:\/\/yoast.com\/wordpress\/plugins\/seo\/ -->\n<title>L&#039;association Claude Guyot a fleuri la tombe du Mar\u00e9chal de Lattre de Tassigny \u00e0 l\u2019occasion du 68\u00e8me anniversaire de sa mort - Association Claude Guyot<\/title>\n<meta name=\"robots\" content=\"index, follow, max-snippet:-1, max-image-preview:large, max-video-preview:-1\" \/>\n<link rel=\"canonical\" href=\"https:\/\/www.claudeguyot.com\/index.php\/2020\/03\/24\/lassociation-claude-guyot-a-fleuri-tombe-marechal-de-lattre-de-tassigny-a-loccasion-68eme-anniversaire-de-mort\/\" \/>\n<meta property=\"og:locale\" content=\"fr_FR\" \/>\n<meta property=\"og:type\" content=\"article\" \/>\n<meta property=\"og:title\" content=\"L&#039;association Claude Guyot a fleuri la tombe du Mar\u00e9chal de Lattre de Tassigny \u00e0 l\u2019occasion du 68\u00e8me anniversaire de sa mort - Association Claude Guyot\" \/>\n<meta property=\"og:description\" content=\"Dimanche 19 Janvier 2020, l\u2019association Claude Guyot participait aux c\u00e9r\u00e9monies organis\u00e9es \u00e0 Mouilleron-en-Pareds (Vend\u00e9e)\u00a0\u00e0 l\u2019occasion du 68e anniversaire de la mort du Mar\u00e9chal Jean de Lattre de Tassigny. \u00c0 cette occasion, le pr\u00e9sident de l\u2019association Claude Guyot, Hadrien Lacoste, \u00e9galement vice-pr\u00e9sident de l&rsquo;Institut Vend\u00e9en Clemenceau &#8211; Lattre, a proc\u00e9d\u00e9 au d\u00e9p\u00f4t d\u2019une gerbe de fleurs &hellip; Continuer la lecture de L&rsquo;association Claude Guyot a fleuri la tombe du Mar\u00e9chal de Lattre de Tassigny \u00e0 l\u2019occasion du 68\u00e8me anniversaire de sa mort &rarr;\" \/>\n<meta property=\"og:url\" content=\"https:\/\/www.claudeguyot.com\/index.php\/2020\/03\/24\/lassociation-claude-guyot-a-fleuri-tombe-marechal-de-lattre-de-tassigny-a-loccasion-68eme-anniversaire-de-mort\/\" \/>\n<meta property=\"og:site_name\" content=\"Association Claude Guyot\" \/>\n<meta property=\"article:published_time\" content=\"2020-03-24T16:45:50+00:00\" \/>\n<meta property=\"article:modified_time\" content=\"2025-07-08T20:50:28+00:00\" \/>\n<meta property=\"og:image\" content=\"https:\/\/www.claudeguyot.com\/wp-content\/uploads\/2020\/03\/IMG_20200120_001022_978.jpg\" \/>\n\t<meta property=\"og:image:width\" content=\"1080\" \/>\n\t<meta property=\"og:image:height\" content=\"810\" \/>\n\t<meta property=\"og:image:type\" content=\"image\/jpeg\" \/>\n<meta name=\"author\" content=\"Claude Guyot\" \/>\n<meta name=\"twitter:card\" content=\"summary_large_image\" \/>\n<meta name=\"twitter:label1\" content=\"\u00c9crit par\" \/>\n\t<meta name=\"twitter:data1\" content=\"Claude Guyot\" \/>\n\t<meta name=\"twitter:label2\" content=\"Dur\u00e9e de lecture estim\u00e9e\" \/>\n\t<meta name=\"twitter:data2\" content=\"1 minute\" \/>\n<script type=\"application\/ld+json\" class=\"yoast-schema-graph\">{\"@context\":\"https:\/\/schema.org\",\"@graph\":[{\"@type\":\"WebPage\",\"@id\":\"https:\/\/www.claudeguyot.com\/index.php\/2020\/03\/24\/lassociation-claude-guyot-a-fleuri-tombe-marechal-de-lattre-de-tassigny-a-loccasion-68eme-anniversaire-de-mort\/\",\"url\":\"https:\/\/www.claudeguyot.com\/index.php\/2020\/03\/24\/lassociation-claude-guyot-a-fleuri-tombe-marechal-de-lattre-de-tassigny-a-loccasion-68eme-anniversaire-de-mort\/\",\"name\":\"L'association Claude Guyot a fleuri la tombe du Mar\u00e9chal de Lattre de Tassigny \u00e0 l\u2019occasion du 68\u00e8me anniversaire de sa mort - Association Claude Guyot\",\"isPartOf\":{\"@id\":\"https:\/\/www.claudeguyot.com\/#website\"},\"datePublished\":\"2020-03-24T16:45:50+00:00\",\"dateModified\":\"2025-07-08T20:50:28+00:00\",\"author\":{\"@id\":\"https:\/\/www.claudeguyot.com\/#\/schema\/person\/fbc6c67d5e15fc909d64aab1f1f150a1\"},\"breadcrumb\":{\"@id\":\"https:\/\/www.claudeguyot.com\/index.php\/2020\/03\/24\/lassociation-claude-guyot-a-fleuri-tombe-marechal-de-lattre-de-tassigny-a-loccasion-68eme-anniversaire-de-mort\/#breadcrumb\"},\"inLanguage\":\"fr-FR\",\"potentialAction\":[{\"@type\":\"ReadAction\",\"target\":[\"https:\/\/www.claudeguyot.com\/index.php\/2020\/03\/24\/lassociation-claude-guyot-a-fleuri-tombe-marechal-de-lattre-de-tassigny-a-loccasion-68eme-anniversaire-de-mort\/\"]}]},{\"@type\":\"BreadcrumbList\",\"@id\":\"https:\/\/www.claudeguyot.com\/index.php\/2020\/03\/24\/lassociation-claude-guyot-a-fleuri-tombe-marechal-de-lattre-de-tassigny-a-loccasion-68eme-anniversaire-de-mort\/#breadcrumb\",\"itemListElement\":[{\"@type\":\"ListItem\",\"position\":1,\"name\":\"Accueil\",\"item\":\"https:\/\/www.claudeguyot.com\/\"},{\"@type\":\"ListItem\",\"position\":2,\"name\":\"L&#8217;association Claude Guyot a fleuri la tombe du Mar\u00e9chal de Lattre de Tassigny \u00e0 l\u2019occasion du 68\u00e8me anniversaire de sa mort\"}]},{\"@type\":\"WebSite\",\"@id\":\"https:\/\/www.claudeguyot.com\/#website\",\"url\":\"https:\/\/www.claudeguyot.com\/\",\"name\":\"Association Claude Guyot\",\"description\":\"Association loi 1901 reconnue d&#039;int\u00e9r\u00eat g\u00e9n\u00e9ral\",\"potentialAction\":[{\"@type\":\"SearchAction\",\"target\":{\"@type\":\"EntryPoint\",\"urlTemplate\":\"https:\/\/www.claudeguyot.com\/?s={search_term_string}\"},\"query-input\":\"required name=search_term_string\"}],\"inLanguage\":\"fr-FR\"},{\"@type\":\"Person\",\"@id\":\"https:\/\/www.claudeguyot.com\/#\/schema\/person\/fbc6c67d5e15fc909d64aab1f1f150a1\",\"name\":\"Claude Guyot\",\"image\":{\"@type\":\"ImageObject\",\"inLanguage\":\"fr-FR\",\"@id\":\"https:\/\/www.claudeguyot.com\/#\/schema\/person\/image\/\",\"url\":\"https:\/\/secure.gravatar.com\/avatar\/8835715a7343599eaa98fab3b13c331c454cc537ea4343abb5ad3fefe9b4d586?s=96&d=mm&r=g\",\"contentUrl\":\"https:\/\/secure.gravatar.com\/avatar\/8835715a7343599eaa98fab3b13c331c454cc537ea4343abb5ad3fefe9b4d586?s=96&d=mm&r=g\",\"caption\":\"Claude Guyot\"},\"url\":\"https:\/\/www.claudeguyot.com\/index.php\/author\/admin5958\/\"}]}<\/script>\n<!-- \/ Yoast SEO plugin. -->","yoast_head_json":{"title":"L'association Claude Guyot a fleuri la tombe du Mar\u00e9chal de Lattre de Tassigny \u00e0 l\u2019occasion du 68\u00e8me anniversaire de sa mort - Association Claude Guyot","robots":{"index":"index","follow":"follow","max-snippet":"max-snippet:-1","max-image-preview":"max-image-preview:large","max-video-preview":"max-video-preview:-1"},"canonical":"https:\/\/www.claudeguyot.com\/index.php\/2020\/03\/24\/lassociation-claude-guyot-a-fleuri-tombe-marechal-de-lattre-de-tassigny-a-loccasion-68eme-anniversaire-de-mort\/","og_locale":"fr_FR","og_type":"article","og_title":"L'association Claude Guyot a fleuri la tombe du Mar\u00e9chal de Lattre de Tassigny \u00e0 l\u2019occasion du 68\u00e8me anniversaire de sa mort - Association Claude Guyot","og_description":"Dimanche 19 Janvier 2020, l\u2019association Claude Guyot participait aux c\u00e9r\u00e9monies organis\u00e9es \u00e0 Mouilleron-en-Pareds (Vend\u00e9e)\u00a0\u00e0 l\u2019occasion du 68e anniversaire de la mort du Mar\u00e9chal Jean de Lattre de Tassigny. \u00c0 cette occasion, le pr\u00e9sident de l\u2019association Claude Guyot, Hadrien Lacoste, \u00e9galement vice-pr\u00e9sident de l&rsquo;Institut Vend\u00e9en Clemenceau &#8211; Lattre, a proc\u00e9d\u00e9 au d\u00e9p\u00f4t d\u2019une gerbe de fleurs &hellip; Continuer la lecture de L&rsquo;association Claude Guyot a fleuri la tombe du Mar\u00e9chal de Lattre de Tassigny \u00e0 l\u2019occasion du 68\u00e8me anniversaire de sa mort &rarr;","og_url":"https:\/\/www.claudeguyot.com\/index.php\/2020\/03\/24\/lassociation-claude-guyot-a-fleuri-tombe-marechal-de-lattre-de-tassigny-a-loccasion-68eme-anniversaire-de-mort\/","og_site_name":"Association Claude Guyot","article_published_time":"2020-03-24T16:45:50+00:00","article_modified_time":"2025-07-08T20:50:28+00:00","og_image":[{"width":1080,"height":810,"url":"https:\/\/www.claudeguyot.com\/wp-content\/uploads\/2020\/03\/IMG_20200120_001022_978.jpg","type":"image\/jpeg"}],"author":"Claude Guyot","twitter_card":"summary_large_image","twitter_misc":{"\u00c9crit par":"Claude Guyot","Dur\u00e9e de lecture estim\u00e9e":"1 minute"},"schema":{"@context":"https:\/\/schema.org","@graph":[{"@type":"WebPage","@id":"https:\/\/www.claudeguyot.com\/index.php\/2020\/03\/24\/lassociation-claude-guyot-a-fleuri-tombe-marechal-de-lattre-de-tassigny-a-loccasion-68eme-anniversaire-de-mort\/","url":"https:\/\/www.claudeguyot.com\/index.php\/2020\/03\/24\/lassociation-claude-guyot-a-fleuri-tombe-marechal-de-lattre-de-tassigny-a-loccasion-68eme-anniversaire-de-mort\/","name":"L'association Claude Guyot a fleuri la tombe du Mar\u00e9chal de Lattre de Tassigny \u00e0 l\u2019occasion du 68\u00e8me anniversaire de sa mort - Association Claude Guyot","isPartOf":{"@id":"https:\/\/www.claudeguyot.com\/#website"},"datePublished":"2020-03-24T16:45:50+00:00","dateModified":"2025-07-08T20:50:28+00:00","author":{"@id":"https:\/\/www.claudeguyot.com\/#\/schema\/person\/fbc6c67d5e15fc909d64aab1f1f150a1"},"breadcrumb":{"@id":"https:\/\/www.claudeguyot.com\/index.php\/2020\/03\/24\/lassociation-claude-guyot-a-fleuri-tombe-marechal-de-lattre-de-tassigny-a-loccasion-68eme-anniversaire-de-mort\/#breadcrumb"},"inLanguage":"fr-FR","potentialAction":[{"@type":"ReadAction","target":["https:\/\/www.claudeguyot.com\/index.php\/2020\/03\/24\/lassociation-claude-guyot-a-fleuri-tombe-marechal-de-lattre-de-tassigny-a-loccasion-68eme-anniversaire-de-mort\/"]}]},{"@type":"BreadcrumbList","@id":"https:\/\/www.claudeguyot.com\/index.php\/2020\/03\/24\/lassociation-claude-guyot-a-fleuri-tombe-marechal-de-lattre-de-tassigny-a-loccasion-68eme-anniversaire-de-mort\/#breadcrumb","itemListElement":[{"@type":"ListItem","position":1,"name":"Accueil","item":"https:\/\/www.claudeguyot.com\/"},{"@type":"ListItem","position":2,"name":"L&#8217;association Claude Guyot a fleuri la tombe du Mar\u00e9chal de Lattre de Tassigny \u00e0 l\u2019occasion du 68\u00e8me anniversaire de sa mort"}]},{"@type":"WebSite","@id":"https:\/\/www.claudeguyot.com\/#website","url":"https:\/\/www.claudeguyot.com\/","name":"Association Claude Guyot","description":"Association loi 1901 reconnue d&#039;int\u00e9r\u00eat g\u00e9n\u00e9ral","potentialAction":[{"@type":"SearchAction","target":{"@type":"EntryPoint","urlTemplate":"https:\/\/www.claudeguyot.com\/?s={search_term_string}"},"query-input":"required name=search_term_string"}],"inLanguage":"fr-FR"},{"@type":"Person","@id":"https:\/\/www.claudeguyot.com\/#\/schema\/person\/fbc6c67d5e15fc909d64aab1f1f150a1","name":"Claude Guyot","image":{"@type":"ImageObject","inLanguage":"fr-FR","@id":"https:\/\/www.claudeguyot.com\/#\/schema\/person\/image\/","url":"https:\/\/secure.gravatar.com\/avatar\/8835715a7343599eaa98fab3b13c331c454cc537ea4343abb5ad3fefe9b4d586?s=96&d=mm&r=g","contentUrl":"https:\/\/secure.gravatar.com\/avatar\/8835715a7343599eaa98fab3b13c331c454cc537ea4343abb5ad3fefe9b4d586?s=96&d=mm&r=g","caption":"Claude Guyot"},"url":"https:\/\/www.claudeguyot.com\/index.php\/author\/admin5958\/"}]}},"jetpack_featured_media_url":"https:\/\/www.claudeguyot.com\/wp-content\/uploads\/2020\/03\/IMG_20200120_001022_978.jpg","_links":{"self":[{"href":"https:\/\/www.claudeguyot.com\/index.php\/wp-json\/wp\/v2\/posts\/867","targetHints":{"allow":["GET"]}}],"collection":[{"href":"https:\/\/www.claudeguyot.com\/index.php\/wp-json\/wp\/v2\/posts"}],"about":[{"href":"https:\/\/www.claudeguyot.com\/index.php\/wp-json\/wp\/v2\/types\/post"}],"author":[{"embeddable":true,"href":"https:\/\/www.claudeguyot.com\/index.php\/wp-json\/wp\/v2\/users\/1"}],"replies":[{"embeddable":true,"href":"https:\/\/www.claudeguyot.com\/index.php\/wp-json\/wp\/v2\/comments?post=867"}],"version-history":[{"count":5,"href":"https:\/\/www.claudeguyot.com\/index.php\/wp-json\/wp\/v2\/posts\/867\/revisions"}],"predecessor-version":[{"id":899,"href":"https:\/\/www.claudeguyot.com\/index.php\/wp-json\/wp\/v2\/posts\/867\/revisions\/899"}],"wp:featuredmedia":[{"embeddable":true,"href":"https:\/\/www.claudeguyot.com\/index.php\/wp-json\/wp\/v2\/media\/872"}],"wp:attachment":[{"href":"https:\/\/www.claudeguyot.com\/index.php\/wp-json\/wp\/v2\/media?parent=867"}],"wp:term":[{"taxonomy":"category","embeddable":true,"href":"https:\/\/www.claudeguyot.com\/index.php\/wp-json\/wp\/v2\/categories?post=867"},{"taxonomy":"post_tag","embeddable":true,"href":"https:\/\/www.claudeguyot.com\/index.php\/wp-json\/wp\/v2\/tags?post=867"}],"curies":[{"name":"wp","href":"https:\/\/api.w.org\/{rel}","templated":true}]}}