{"id":941,"date":"2020-05-05T17:25:25","date_gmt":"2020-05-05T16:25:25","guid":{"rendered":"http:\/\/www.claudeguyot.com\/?p=941"},"modified":"2025-07-08T21:49:59","modified_gmt":"2025-07-08T20:49:59","slug":"commemoration-75eme-anniversaire-de-victoire-allies-lallemagne-nazie-de-fin-de-seconde-guerre-mondiale-2","status":"publish","type":"post","link":"https:\/\/www.claudeguyot.com\/index.php\/2020\/05\/05\/commemoration-75eme-anniversaire-de-victoire-allies-lallemagne-nazie-de-fin-de-seconde-guerre-mondiale-2\/","title":{"rendered":"&#x1f1eb;&#x1f1f7; Comm\u00e9moration du 75\u00e8me anniversaire  de la Victoire des alli\u00e9s  sur l\u2019Allemagne nazie et de la fin de la seconde guerre mondiale"},"content":{"rendered":"<p>&#x1f1eb;&#x1f1f7;\u00a0 Compte tenu de la situation exceptionnelle li\u00e9e \u00e0 l\u2019\u00e9tat d\u2019urgence sanitaire et aux mesures de confinement, la c\u00e9r\u00e9monie organis\u00e9e par l&rsquo;association Claude Guyot au monument aux morts de la ville d&rsquo;Arnay-le-Duc \u00e0 l&rsquo;occasion de la comm\u00e9moration du 75\u00e8me anniversaire de la Victoire des alli\u00e9s sur l\u2019Allemagne nazie et de la fin de la Seconde Guerre mondiale le 8 mai prochain ne sera pas publique.\u00a0&#x1f1eb;&#x1f1f7;<\/p>\n<p>M. Pierre Poillot, conseiller d\u00e9partemental du canton d&rsquo;Arnay-le-Duc, maire de Vianges, conseiller communautaire et Mme Audrey Roland, vice-pr\u00e9sidente de l&rsquo;association Claude Guyot repr\u00e9sentant M. Hadrien Lacoste, pr\u00e9sident de l&rsquo;association Claude Guyot, proc\u00e8deront \u00e0 un temps de recueillement et au traditionnel d\u00e9p\u00f4t de gerbe.<\/p>\n<ul>\n<li>Pour plus d&rsquo;informations : 06 79 09 38 53<\/li>\n<\/ul>\n<p><img loading=\"lazy\" decoding=\"async\" class=\"alignnone size-full wp-image-934\" src=\"https:\/\/www.claudeguyot.com\/wp-content\/uploads\/2020\/05\/FB_IMG_1588693268382.jpg\" alt=\"FB_IMG_1588693268382\" width=\"960\" height=\"720\" srcset=\"https:\/\/www.claudeguyot.com\/wp-content\/uploads\/2020\/05\/FB_IMG_1588693268382.jpg 960w, https:\/\/www.claudeguyot.com\/wp-content\/uploads\/2020\/05\/FB_IMG_1588693268382-300x225.jpg 300w, https:\/\/www.claudeguyot.com\/wp-content\/uploads\/2020\/05\/FB_IMG_1588693268382-768x576.jpg 768w, https:\/\/www.claudeguyot.com\/wp-content\/uploads\/2020\/05\/FB_IMG_1588693268382-600x450.jpg 600w\" sizes=\"auto, (max-width: 960px) 100vw, 960px\" \/><\/p>\n<p>&#x1f1eb;&#x1f1f7;\u00a0Les citoyens sont invit\u00e9s \u00e0 pavoiser balcons et fen\u00eatres aux couleurs nationales afin de marquer leur attachement \u00e0 ce moment de m\u00e9moire et de recueillement national.\u00a0&#x1f1eb;&#x1f1f7;\u00a0REMEMBER<\/p>\n<p><img loading=\"lazy\" decoding=\"async\" class=\"alignnone size-full wp-image-811\" src=\"https:\/\/www.claudeguyot.com\/wp-content\/uploads\/2019\/04\/IMG-20190508-WA0007.jpg\" alt=\"IMG-20190508-WA0007\" width=\"1496\" height=\"844\" srcset=\"https:\/\/www.claudeguyot.com\/wp-content\/uploads\/2019\/04\/IMG-20190508-WA0007.jpg 1496w, https:\/\/www.claudeguyot.com\/wp-content\/uploads\/2019\/04\/IMG-20190508-WA0007-300x169.jpg 300w, https:\/\/www.claudeguyot.com\/wp-content\/uploads\/2019\/04\/IMG-20190508-WA0007-768x433.jpg 768w, https:\/\/www.claudeguyot.com\/wp-content\/uploads\/2019\/04\/IMG-20190508-WA0007-1024x578.jpg 1024w, https:\/\/www.claudeguyot.com\/wp-content\/uploads\/2019\/04\/IMG-20190508-WA0007-600x339.jpg 600w\" sizes=\"auto, (max-width: 1496px) 100vw, 1496px\" \/><\/p>\n","protected":false},"excerpt":{"rendered":"<p>&#x1f1eb;&#x1f1f7;\u00a0 Compte tenu de la situation exceptionnelle li\u00e9e \u00e0 l\u2019\u00e9tat d\u2019urgence sanitaire et aux mesures de confinement, la c\u00e9r\u00e9monie organis\u00e9e par l&rsquo;association Claude Guyot au monument aux morts de la ville d&rsquo;Arnay-le-Duc \u00e0 l&rsquo;occasion de la comm\u00e9moration du 75\u00e8me anniversaire de la Victoire des alli\u00e9s sur l\u2019Allemagne nazie et de la fin de la Seconde &hellip; <a href=\"https:\/\/www.claudeguyot.com\/index.php\/2020\/05\/05\/commemoration-75eme-anniversaire-de-victoire-allies-lallemagne-nazie-de-fin-de-seconde-guerre-mondiale-2\/\" class=\"more-link\">Continuer la lecture de <span class=\"screen-reader-text\">&#x1f1eb;&#x1f1f7; Comm\u00e9moration du 75\u00e8me anniversaire  de la Victoire des alli\u00e9s  sur l\u2019Allemagne nazie et de la fin de la seconde guerre mondiale<\/span>  <span class=\"meta-nav\">&rarr;<\/span><\/a><\/p>\n","protected":false},"author":1,"featured_media":938,"comment_status":"closed","ping_status":"closed","sticky":false,"template":"","format":"standard","meta":{"footnotes":""},"categories":[1],"tags":[],"class_list":["post-941","post","type-post","status-publish","format-standard","has-post-thumbnail","hentry","category-non-classe"],"yoast_head":"<!-- This site is optimized with the Yoast SEO plugin v19.9 - https:\/\/yoast.com\/wordpress\/plugins\/seo\/ -->\n<title>&#x1f1eb;&#x1f1f7; Comm\u00e9moration du 75\u00e8me anniversaire de la Victoire des alli\u00e9s sur l\u2019Allemagne nazie et de la fin de la seconde guerre mondiale - Association Claude Guyot<\/title>\n<meta name=\"robots\" content=\"index, follow, max-snippet:-1, max-image-preview:large, max-video-preview:-1\" \/>\n<link rel=\"canonical\" href=\"https:\/\/www.claudeguyot.com\/index.php\/2020\/05\/05\/commemoration-75eme-anniversaire-de-victoire-allies-lallemagne-nazie-de-fin-de-seconde-guerre-mondiale-2\/\" \/>\n<meta property=\"og:locale\" content=\"fr_FR\" \/>\n<meta property=\"og:type\" content=\"article\" \/>\n<meta property=\"og:title\" content=\"&#x1f1eb;&#x1f1f7; Comm\u00e9moration du 75\u00e8me anniversaire de la Victoire des alli\u00e9s sur l\u2019Allemagne nazie et de la fin de la seconde guerre mondiale - Association Claude Guyot\" \/>\n<meta property=\"og:description\" content=\"&#x1f1eb;&#x1f1f7;\u00a0 Compte tenu de la situation exceptionnelle li\u00e9e \u00e0 l\u2019\u00e9tat d\u2019urgence sanitaire et aux mesures de confinement, la c\u00e9r\u00e9monie organis\u00e9e par l&rsquo;association Claude Guyot au monument aux morts de la ville d&rsquo;Arnay-le-Duc \u00e0 l&rsquo;occasion de la comm\u00e9moration du 75\u00e8me anniversaire de la Victoire des alli\u00e9s sur l\u2019Allemagne nazie et de la fin de la Seconde &hellip; Continuer la lecture de &#x1f1eb;&#x1f1f7; Comm\u00e9moration du 75\u00e8me anniversaire de la Victoire des alli\u00e9s sur l\u2019Allemagne nazie et de la fin de la seconde guerre mondiale &rarr;\" \/>\n<meta property=\"og:url\" content=\"https:\/\/www.claudeguyot.com\/index.php\/2020\/05\/05\/commemoration-75eme-anniversaire-de-victoire-allies-lallemagne-nazie-de-fin-de-seconde-guerre-mondiale-2\/\" \/>\n<meta property=\"og:site_name\" content=\"Association Claude Guyot\" \/>\n<meta property=\"article:published_time\" content=\"2020-05-05T16:25:25+00:00\" \/>\n<meta property=\"article:modified_time\" content=\"2025-07-08T20:49:59+00:00\" \/>\n<meta property=\"og:image\" content=\"https:\/\/www.claudeguyot.com\/wp-content\/uploads\/2020\/05\/IMG_0275.jpg\" \/>\n\t<meta property=\"og:image:width\" content=\"450\" \/>\n\t<meta property=\"og:image:height\" content=\"304\" \/>\n\t<meta property=\"og:image:type\" content=\"image\/jpeg\" \/>\n<meta name=\"author\" content=\"Claude Guyot\" \/>\n<meta name=\"twitter:card\" content=\"summary_large_image\" \/>\n<meta name=\"twitter:label1\" content=\"\u00c9crit par\" \/>\n\t<meta name=\"twitter:data1\" content=\"Claude Guyot\" \/>\n\t<meta name=\"twitter:label2\" content=\"Dur\u00e9e de lecture estim\u00e9e\" \/>\n\t<meta name=\"twitter:data2\" content=\"1 minute\" \/>\n<script type=\"application\/ld+json\" class=\"yoast-schema-graph\">{\"@context\":\"https:\/\/schema.org\",\"@graph\":[{\"@type\":\"WebPage\",\"@id\":\"https:\/\/www.claudeguyot.com\/index.php\/2020\/05\/05\/commemoration-75eme-anniversaire-de-victoire-allies-lallemagne-nazie-de-fin-de-seconde-guerre-mondiale-2\/\",\"url\":\"https:\/\/www.claudeguyot.com\/index.php\/2020\/05\/05\/commemoration-75eme-anniversaire-de-victoire-allies-lallemagne-nazie-de-fin-de-seconde-guerre-mondiale-2\/\",\"name\":\"&#x1f1eb;&#x1f1f7; Comm\u00e9moration du 75\u00e8me anniversaire de la Victoire des alli\u00e9s sur l\u2019Allemagne nazie et de la fin de la seconde guerre mondiale - Association Claude Guyot\",\"isPartOf\":{\"@id\":\"https:\/\/www.claudeguyot.com\/#website\"},\"datePublished\":\"2020-05-05T16:25:25+00:00\",\"dateModified\":\"2025-07-08T20:49:59+00:00\",\"author\":{\"@id\":\"https:\/\/www.claudeguyot.com\/#\/schema\/person\/fbc6c67d5e15fc909d64aab1f1f150a1\"},\"breadcrumb\":{\"@id\":\"https:\/\/www.claudeguyot.com\/index.php\/2020\/05\/05\/commemoration-75eme-anniversaire-de-victoire-allies-lallemagne-nazie-de-fin-de-seconde-guerre-mondiale-2\/#breadcrumb\"},\"inLanguage\":\"fr-FR\",\"potentialAction\":[{\"@type\":\"ReadAction\",\"target\":[\"https:\/\/www.claudeguyot.com\/index.php\/2020\/05\/05\/commemoration-75eme-anniversaire-de-victoire-allies-lallemagne-nazie-de-fin-de-seconde-guerre-mondiale-2\/\"]}]},{\"@type\":\"BreadcrumbList\",\"@id\":\"https:\/\/www.claudeguyot.com\/index.php\/2020\/05\/05\/commemoration-75eme-anniversaire-de-victoire-allies-lallemagne-nazie-de-fin-de-seconde-guerre-mondiale-2\/#breadcrumb\",\"itemListElement\":[{\"@type\":\"ListItem\",\"position\":1,\"name\":\"Accueil\",\"item\":\"https:\/\/www.claudeguyot.com\/\"},{\"@type\":\"ListItem\",\"position\":2,\"name\":\"&#x1f1eb;&#x1f1f7; Comm\u00e9moration du 75\u00e8me anniversaire de la Victoire des alli\u00e9s sur l\u2019Allemagne nazie et de la fin de la seconde guerre mondiale\"}]},{\"@type\":\"WebSite\",\"@id\":\"https:\/\/www.claudeguyot.com\/#website\",\"url\":\"https:\/\/www.claudeguyot.com\/\",\"name\":\"Association Claude Guyot\",\"description\":\"Association loi 1901 reconnue d&#039;int\u00e9r\u00eat g\u00e9n\u00e9ral\",\"potentialAction\":[{\"@type\":\"SearchAction\",\"target\":{\"@type\":\"EntryPoint\",\"urlTemplate\":\"https:\/\/www.claudeguyot.com\/?s={search_term_string}\"},\"query-input\":\"required name=search_term_string\"}],\"inLanguage\":\"fr-FR\"},{\"@type\":\"Person\",\"@id\":\"https:\/\/www.claudeguyot.com\/#\/schema\/person\/fbc6c67d5e15fc909d64aab1f1f150a1\",\"name\":\"Claude Guyot\",\"image\":{\"@type\":\"ImageObject\",\"inLanguage\":\"fr-FR\",\"@id\":\"https:\/\/www.claudeguyot.com\/#\/schema\/person\/image\/\",\"url\":\"https:\/\/secure.gravatar.com\/avatar\/8835715a7343599eaa98fab3b13c331c454cc537ea4343abb5ad3fefe9b4d586?s=96&d=mm&r=g\",\"contentUrl\":\"https:\/\/secure.gravatar.com\/avatar\/8835715a7343599eaa98fab3b13c331c454cc537ea4343abb5ad3fefe9b4d586?s=96&d=mm&r=g\",\"caption\":\"Claude Guyot\"},\"url\":\"https:\/\/www.claudeguyot.com\/index.php\/author\/admin5958\/\"}]}<\/script>\n<!-- \/ Yoast SEO plugin. -->","yoast_head_json":{"title":"&#x1f1eb;&#x1f1f7; Comm\u00e9moration du 75\u00e8me anniversaire de la Victoire des alli\u00e9s sur l\u2019Allemagne nazie et de la fin de la seconde guerre mondiale - Association Claude Guyot","robots":{"index":"index","follow":"follow","max-snippet":"max-snippet:-1","max-image-preview":"max-image-preview:large","max-video-preview":"max-video-preview:-1"},"canonical":"https:\/\/www.claudeguyot.com\/index.php\/2020\/05\/05\/commemoration-75eme-anniversaire-de-victoire-allies-lallemagne-nazie-de-fin-de-seconde-guerre-mondiale-2\/","og_locale":"fr_FR","og_type":"article","og_title":"&#x1f1eb;&#x1f1f7; Comm\u00e9moration du 75\u00e8me anniversaire de la Victoire des alli\u00e9s sur l\u2019Allemagne nazie et de la fin de la seconde guerre mondiale - Association Claude Guyot","og_description":"&#x1f1eb;&#x1f1f7;\u00a0 Compte tenu de la situation exceptionnelle li\u00e9e \u00e0 l\u2019\u00e9tat d\u2019urgence sanitaire et aux mesures de confinement, la c\u00e9r\u00e9monie organis\u00e9e par l&rsquo;association Claude Guyot au monument aux morts de la ville d&rsquo;Arnay-le-Duc \u00e0 l&rsquo;occasion de la comm\u00e9moration du 75\u00e8me anniversaire de la Victoire des alli\u00e9s sur l\u2019Allemagne nazie et de la fin de la Seconde &hellip; Continuer la lecture de &#x1f1eb;&#x1f1f7; Comm\u00e9moration du 75\u00e8me anniversaire de la Victoire des alli\u00e9s sur l\u2019Allemagne nazie et de la fin de la seconde guerre mondiale &rarr;","og_url":"https:\/\/www.claudeguyot.com\/index.php\/2020\/05\/05\/commemoration-75eme-anniversaire-de-victoire-allies-lallemagne-nazie-de-fin-de-seconde-guerre-mondiale-2\/","og_site_name":"Association Claude Guyot","article_published_time":"2020-05-05T16:25:25+00:00","article_modified_time":"2025-07-08T20:49:59+00:00","og_image":[{"width":450,"height":304,"url":"https:\/\/www.claudeguyot.com\/wp-content\/uploads\/2020\/05\/IMG_0275.jpg","type":"image\/jpeg"}],"author":"Claude Guyot","twitter_card":"summary_large_image","twitter_misc":{"\u00c9crit par":"Claude Guyot","Dur\u00e9e de lecture estim\u00e9e":"1 minute"},"schema":{"@context":"https:\/\/schema.org","@graph":[{"@type":"WebPage","@id":"https:\/\/www.claudeguyot.com\/index.php\/2020\/05\/05\/commemoration-75eme-anniversaire-de-victoire-allies-lallemagne-nazie-de-fin-de-seconde-guerre-mondiale-2\/","url":"https:\/\/www.claudeguyot.com\/index.php\/2020\/05\/05\/commemoration-75eme-anniversaire-de-victoire-allies-lallemagne-nazie-de-fin-de-seconde-guerre-mondiale-2\/","name":"&#x1f1eb;&#x1f1f7; Comm\u00e9moration du 75\u00e8me anniversaire de la Victoire des alli\u00e9s sur l\u2019Allemagne nazie et de la fin de la seconde guerre mondiale - Association Claude Guyot","isPartOf":{"@id":"https:\/\/www.claudeguyot.com\/#website"},"datePublished":"2020-05-05T16:25:25+00:00","dateModified":"2025-07-08T20:49:59+00:00","author":{"@id":"https:\/\/www.claudeguyot.com\/#\/schema\/person\/fbc6c67d5e15fc909d64aab1f1f150a1"},"breadcrumb":{"@id":"https:\/\/www.claudeguyot.com\/index.php\/2020\/05\/05\/commemoration-75eme-anniversaire-de-victoire-allies-lallemagne-nazie-de-fin-de-seconde-guerre-mondiale-2\/#breadcrumb"},"inLanguage":"fr-FR","potentialAction":[{"@type":"ReadAction","target":["https:\/\/www.claudeguyot.com\/index.php\/2020\/05\/05\/commemoration-75eme-anniversaire-de-victoire-allies-lallemagne-nazie-de-fin-de-seconde-guerre-mondiale-2\/"]}]},{"@type":"BreadcrumbList","@id":"https:\/\/www.claudeguyot.com\/index.php\/2020\/05\/05\/commemoration-75eme-anniversaire-de-victoire-allies-lallemagne-nazie-de-fin-de-seconde-guerre-mondiale-2\/#breadcrumb","itemListElement":[{"@type":"ListItem","position":1,"name":"Accueil","item":"https:\/\/www.claudeguyot.com\/"},{"@type":"ListItem","position":2,"name":"&#x1f1eb;&#x1f1f7; Comm\u00e9moration du 75\u00e8me anniversaire de la Victoire des alli\u00e9s sur l\u2019Allemagne nazie et de la fin de la seconde guerre mondiale"}]},{"@type":"WebSite","@id":"https:\/\/www.claudeguyot.com\/#website","url":"https:\/\/www.claudeguyot.com\/","name":"Association Claude Guyot","description":"Association loi 1901 reconnue d&#039;int\u00e9r\u00eat g\u00e9n\u00e9ral","potentialAction":[{"@type":"SearchAction","target":{"@type":"EntryPoint","urlTemplate":"https:\/\/www.claudeguyot.com\/?s={search_term_string}"},"query-input":"required name=search_term_string"}],"inLanguage":"fr-FR"},{"@type":"Person","@id":"https:\/\/www.claudeguyot.com\/#\/schema\/person\/fbc6c67d5e15fc909d64aab1f1f150a1","name":"Claude Guyot","image":{"@type":"ImageObject","inLanguage":"fr-FR","@id":"https:\/\/www.claudeguyot.com\/#\/schema\/person\/image\/","url":"https:\/\/secure.gravatar.com\/avatar\/8835715a7343599eaa98fab3b13c331c454cc537ea4343abb5ad3fefe9b4d586?s=96&d=mm&r=g","contentUrl":"https:\/\/secure.gravatar.com\/avatar\/8835715a7343599eaa98fab3b13c331c454cc537ea4343abb5ad3fefe9b4d586?s=96&d=mm&r=g","caption":"Claude Guyot"},"url":"https:\/\/www.claudeguyot.com\/index.php\/author\/admin5958\/"}]}},"jetpack_featured_media_url":"https:\/\/www.claudeguyot.com\/wp-content\/uploads\/2020\/05\/IMG_0275.jpg","_links":{"self":[{"href":"https:\/\/www.claudeguyot.com\/index.php\/wp-json\/wp\/v2\/posts\/941","targetHints":{"allow":["GET"]}}],"collection":[{"href":"https:\/\/www.claudeguyot.com\/index.php\/wp-json\/wp\/v2\/posts"}],"about":[{"href":"https:\/\/www.claudeguyot.com\/index.php\/wp-json\/wp\/v2\/types\/post"}],"author":[{"embeddable":true,"href":"https:\/\/www.claudeguyot.com\/index.php\/wp-json\/wp\/v2\/users\/1"}],"replies":[{"embeddable":true,"href":"https:\/\/www.claudeguyot.com\/index.php\/wp-json\/wp\/v2\/comments?post=941"}],"version-history":[{"count":8,"href":"https:\/\/www.claudeguyot.com\/index.php\/wp-json\/wp\/v2\/posts\/941\/revisions"}],"predecessor-version":[{"id":950,"href":"https:\/\/www.claudeguyot.com\/index.php\/wp-json\/wp\/v2\/posts\/941\/revisions\/950"}],"wp:featuredmedia":[{"embeddable":true,"href":"https:\/\/www.claudeguyot.com\/index.php\/wp-json\/wp\/v2\/media\/938"}],"wp:attachment":[{"href":"https:\/\/www.claudeguyot.com\/index.php\/wp-json\/wp\/v2\/media?parent=941"}],"wp:term":[{"taxonomy":"category","embeddable":true,"href":"https:\/\/www.claudeguyot.com\/index.php\/wp-json\/wp\/v2\/categories?post=941"},{"taxonomy":"post_tag","embeddable":true,"href":"https:\/\/www.claudeguyot.com\/index.php\/wp-json\/wp\/v2\/tags?post=941"}],"curies":[{"name":"wp","href":"https:\/\/api.w.org\/{rel}","templated":true}]}}