{"id":951,"date":"2020-05-08T14:19:01","date_gmt":"2020-05-08T13:19:01","guid":{"rendered":"http:\/\/www.claudeguyot.com\/?p=951"},"modified":"2025-07-08T21:49:48","modified_gmt":"2025-07-08T20:49:48","slug":"ceremonie-depot-de-gerbe-restreints-a-loccasion-de-commemoration-75eme-anniversaire-de-victoire-allies-lallemagne-nazie-de-fin-de-seconde-guerre-mondiale","status":"publish","type":"post","link":"https:\/\/www.claudeguyot.com\/index.php\/2020\/05\/08\/ceremonie-depot-de-gerbe-restreints-a-loccasion-de-commemoration-75eme-anniversaire-de-victoire-allies-lallemagne-nazie-de-fin-de-seconde-guerre-mondiale\/","title":{"rendered":"C\u00c9R\u00c9MONIE ET D\u00c9P\u00d4T DE GERBE RESTREINTS \u00c0 L\u2019OCCASION DE LA COMM\u00c9MORATION DU 75\u00c8ME ANNIVERSAIRE DE LA VICTOIRE DES ALLI\u00c9S SUR L\u2019ALLEMAGNE NAZIE ET DE LA FIN DE LA SECONDE GUERRE MONDIALE"},"content":{"rendered":"<p>Le 8 mai 2020 au monument aux morts Arnay-le-Duc, l\u2019association Claude Guyot organisait sa traditionnelle c\u00e9r\u00e9monie avec d\u00e9p\u00f4t de gerbe, \u00e0 l\u2019occasion de la comm\u00e9moration du 75\u00e8me anniversaire de la Victoire des alli\u00e9s sur l\u2019Allemagne nazie et de la fin de la Seconde Guerre mondiale.<\/p>\n<p>Cette c\u00e9r\u00e9monie s&rsquo;est d\u00e9roul\u00e9e en priv\u00e9 compte tenu de la situation exceptionnelle li\u00e9e \u00e0 l\u2019\u00e9tat d\u2019urgence sanitaire et aux mesures de confinement.<\/p>\n<p><img loading=\"lazy\" decoding=\"async\" class=\"alignnone size-full wp-image-955\" src=\"https:\/\/www.claudeguyot.com\/wp-content\/uploads\/2020\/05\/IMG_20200508_144506_01.jpg\" alt=\"IMG_20200508_144506_01\" width=\"1280\" height=\"720\" srcset=\"https:\/\/www.claudeguyot.com\/wp-content\/uploads\/2020\/05\/IMG_20200508_144506_01.jpg 1280w, https:\/\/www.claudeguyot.com\/wp-content\/uploads\/2020\/05\/IMG_20200508_144506_01-300x169.jpg 300w, https:\/\/www.claudeguyot.com\/wp-content\/uploads\/2020\/05\/IMG_20200508_144506_01-768x432.jpg 768w, https:\/\/www.claudeguyot.com\/wp-content\/uploads\/2020\/05\/IMG_20200508_144506_01-1024x576.jpg 1024w, https:\/\/www.claudeguyot.com\/wp-content\/uploads\/2020\/05\/IMG_20200508_144506_01-600x338.jpg 600w\" sizes=\"auto, (max-width: 1280px) 100vw, 1280px\" \/><\/p>\n<p>Cette c\u00e9r\u00e9monie avec d\u00e9p\u00f4t de gerbe \u00e9tait co-pr\u00e9sid\u00e9e par Pierre Poillot, conseiller d\u00e9partemental du Canton d\u2019Arnay-le-Duc, maire de Vianges et d&rsquo;Audrey Roland, vice-pr\u00e9sidente de l&rsquo;association Claude Guyot repr\u00e9sentant Hadrien Lacoste, pr\u00e9sident de l\u2019Association Claude Guyot.<\/p>\n<p>La FRANCE c\u00e9l\u00e8bre aujourd&rsquo;hui le 75e anniversaire de la Victoire du 8 Mai 1945 qui mettait fin, sur notre continent, \u00e0 la Seconde Guerre mondiale.<\/p>\n<p>Le 8 Mai 1945, l&rsquo;Allemagne hitl\u00e9rienne capitulait sans condition ; c&rsquo;\u00e9tait la victoire totale mais aussi l&rsquo;heure des tristes bilans et des terribles statistiques. Pr\u00e8s de 50 millions de victimes militaires et civiles ; 10 millions avaient p\u00e9ri dans les camps d\u2019extermination et de concentration dont l&rsquo;horreur en \u00e9tait r\u00e9v\u00e9l\u00e9e au monde.<br \/>\nLe 8 Mai 1945, \u00e0 Berlin, le commandant en chef de la Premi\u00e8re Arm\u00e9e fran\u00e7aise, le g\u00e9n\u00e9ral d\u2019Arm\u00e9e Jean de Lattre de Tassigny, repr\u00e9sentant la France, signait, avec les repr\u00e9sentants des pays alli\u00e9s \u2013 Angleterre, Etats-Unis, Union Sovi\u00e9tique &#8211; l&rsquo;acte solennel de reddition inconditionnelle de l&rsquo;Arm\u00e9e allemande hitl\u00e9rienne.<\/p>\n<p>Pour le g\u00e9n\u00e9ral Jean de Lattre de Tassigny, cette victoire du 8 mai 1945 marquait pour la France, le terme de ses souffrances, le retour de son prestige, le triomphe de son id\u00e9al. Occup\u00e9e, meurtrie, pill\u00e9e, la France avait vu les meilleurs de ses fils emprisonn\u00e9s, tortur\u00e9s et abattus. La victoire dissipait son cauchemar. Par l&rsquo;h\u00e9ro\u00efsme de son Arm\u00e9e victorieuse aux c\u00f4t\u00e9s de ses alli\u00e9s, la France\u00a0prouvait au monde qu&rsquo;elle n&rsquo;avait rien perdu de sa grandeur. La victoire la retrouvait fid\u00e8le \u00e0 ses traditions s\u00e9culaires pour la sauvegarde de la libert\u00e9 et de la dignit\u00e9 humaines.<\/p>\n<p>C&rsquo;\u00e9tait \u00e9galement le triomphe de la R\u00e9sistance et des Forces Fran\u00e7aise Libres avec la Deuxi\u00e8me Division blind\u00e9e du g\u00e9n\u00e9ral Philippe Leclerc. Elles avaient lib\u00e9r\u00e9 Paris puis accompli le serment de Koufra du 2 mars 1941 en faisant flotter le drapeau fran\u00e7ais sur la cath\u00e9drale de Strasbourg avant de terminer leur \u00e9pop\u00e9e guerri\u00e8re \u00e0 Berchtesgaden.<\/p>\n<p>En ce 75e anniversaire, honorons la m\u00e9moire de tous nos morts : soldats, aviateurs, marins, r\u00e9sistants, d\u00e9port\u00e9s, fusill\u00e9s, massacr\u00e9s, prisonniers, pour leur courage, leur esprit de sacrifice, leur sens du devoir et de leur engagement.<\/p>\n<p>En ce jour de recueillement, l&rsquo;association\u00a0Claude Guyot tient \u00e0 rappeler le bel hommage que leur rendit le g\u00e9n\u00e9ral de Gaulle lorsqu&rsquo;il pronon\u00e7a, en \u00e9voquant leur sacrifice, cette \u00e9pitaphe : \u00ab\u00a0En rendant le dernier soupir, vous avez dit\u00a0 \u00ab\u00a0Vive la France\u00a0\u00bb ! Dormez en paix, la France vivra, parce que vous avez su mourir pour Elle\u00a0\u00bb.<\/p>\n<p>Vive la R\u00e9publique !<\/p>\n<p>Vive la France !<\/p>\n<p><img loading=\"lazy\" decoding=\"async\" class=\"alignnone size-full wp-image-954\" src=\"https:\/\/www.claudeguyot.com\/wp-content\/uploads\/2020\/05\/IMG_20200508_144520_01.jpg\" alt=\"IMG_20200508_144520_01\" width=\"607\" height=\"1080\" srcset=\"https:\/\/www.claudeguyot.com\/wp-content\/uploads\/2020\/05\/IMG_20200508_144520_01.jpg 607w, https:\/\/www.claudeguyot.com\/wp-content\/uploads\/2020\/05\/IMG_20200508_144520_01-169x300.jpg 169w, https:\/\/www.claudeguyot.com\/wp-content\/uploads\/2020\/05\/IMG_20200508_144520_01-576x1024.jpg 576w, https:\/\/www.claudeguyot.com\/wp-content\/uploads\/2020\/05\/IMG_20200508_144520_01-600x1068.jpg 600w\" sizes=\"auto, (max-width: 607px) 100vw, 607px\" \/><\/p>\n","protected":false},"excerpt":{"rendered":"<p>Le 8 mai 2020 au monument aux morts Arnay-le-Duc, l\u2019association Claude Guyot organisait sa traditionnelle c\u00e9r\u00e9monie avec d\u00e9p\u00f4t de gerbe, \u00e0 l\u2019occasion de la comm\u00e9moration du 75\u00e8me anniversaire de la Victoire des alli\u00e9s sur l\u2019Allemagne nazie et de la fin de la Seconde Guerre mondiale. Cette c\u00e9r\u00e9monie s&rsquo;est d\u00e9roul\u00e9e en priv\u00e9 compte tenu de la &hellip; <a href=\"https:\/\/www.claudeguyot.com\/index.php\/2020\/05\/08\/ceremonie-depot-de-gerbe-restreints-a-loccasion-de-commemoration-75eme-anniversaire-de-victoire-allies-lallemagne-nazie-de-fin-de-seconde-guerre-mondiale\/\" class=\"more-link\">Continuer la lecture de <span class=\"screen-reader-text\">C\u00c9R\u00c9MONIE ET D\u00c9P\u00d4T DE GERBE RESTREINTS \u00c0 L\u2019OCCASION DE LA COMM\u00c9MORATION DU 75\u00c8ME ANNIVERSAIRE DE LA VICTOIRE DES ALLI\u00c9S SUR L\u2019ALLEMAGNE NAZIE ET DE LA FIN DE LA SECONDE GUERRE MONDIALE<\/span>  <span class=\"meta-nav\">&rarr;<\/span><\/a><\/p>\n","protected":false},"author":1,"featured_media":953,"comment_status":"closed","ping_status":"closed","sticky":false,"template":"","format":"standard","meta":{"footnotes":""},"categories":[1],"tags":[],"class_list":["post-951","post","type-post","status-publish","format-standard","has-post-thumbnail","hentry","category-non-classe"],"yoast_head":"<!-- This site is optimized with the Yoast SEO plugin v19.9 - https:\/\/yoast.com\/wordpress\/plugins\/seo\/ -->\n<title>C\u00c9R\u00c9MONIE ET D\u00c9P\u00d4T DE GERBE RESTREINTS \u00c0 L\u2019OCCASION DE LA COMM\u00c9MORATION DU 75\u00c8ME ANNIVERSAIRE DE LA VICTOIRE DES ALLI\u00c9S SUR L\u2019ALLEMAGNE NAZIE ET DE LA FIN DE LA SECONDE GUERRE MONDIALE - Association Claude Guyot<\/title>\n<meta name=\"robots\" content=\"index, follow, max-snippet:-1, max-image-preview:large, max-video-preview:-1\" \/>\n<link rel=\"canonical\" href=\"https:\/\/www.claudeguyot.com\/index.php\/2020\/05\/08\/ceremonie-depot-de-gerbe-restreints-a-loccasion-de-commemoration-75eme-anniversaire-de-victoire-allies-lallemagne-nazie-de-fin-de-seconde-guerre-mondiale\/\" \/>\n<meta property=\"og:locale\" content=\"fr_FR\" \/>\n<meta property=\"og:type\" content=\"article\" \/>\n<meta property=\"og:title\" content=\"C\u00c9R\u00c9MONIE ET D\u00c9P\u00d4T DE GERBE RESTREINTS \u00c0 L\u2019OCCASION DE LA COMM\u00c9MORATION DU 75\u00c8ME ANNIVERSAIRE DE LA VICTOIRE DES ALLI\u00c9S SUR L\u2019ALLEMAGNE NAZIE ET DE LA FIN DE LA SECONDE GUERRE MONDIALE - Association Claude Guyot\" \/>\n<meta property=\"og:description\" content=\"Le 8 mai 2020 au monument aux morts Arnay-le-Duc, l\u2019association Claude Guyot organisait sa traditionnelle c\u00e9r\u00e9monie avec d\u00e9p\u00f4t de gerbe, \u00e0 l\u2019occasion de la comm\u00e9moration du 75\u00e8me anniversaire de la Victoire des alli\u00e9s sur l\u2019Allemagne nazie et de la fin de la Seconde Guerre mondiale. Cette c\u00e9r\u00e9monie s&rsquo;est d\u00e9roul\u00e9e en priv\u00e9 compte tenu de la &hellip; Continuer la lecture de C\u00c9R\u00c9MONIE ET D\u00c9P\u00d4T DE GERBE RESTREINTS \u00c0 L\u2019OCCASION DE LA COMM\u00c9MORATION DU 75\u00c8ME ANNIVERSAIRE DE LA VICTOIRE DES ALLI\u00c9S SUR L\u2019ALLEMAGNE NAZIE ET DE LA FIN DE LA SECONDE GUERRE MONDIALE &rarr;\" \/>\n<meta property=\"og:url\" content=\"https:\/\/www.claudeguyot.com\/index.php\/2020\/05\/08\/ceremonie-depot-de-gerbe-restreints-a-loccasion-de-commemoration-75eme-anniversaire-de-victoire-allies-lallemagne-nazie-de-fin-de-seconde-guerre-mondiale\/\" \/>\n<meta property=\"og:site_name\" content=\"Association Claude Guyot\" \/>\n<meta property=\"article:published_time\" content=\"2020-05-08T13:19:01+00:00\" \/>\n<meta property=\"article:modified_time\" content=\"2025-07-08T20:49:48+00:00\" \/>\n<meta property=\"og:image\" content=\"https:\/\/www.claudeguyot.com\/wp-content\/uploads\/2020\/05\/IMG_20200508_144512_01.jpg\" \/>\n\t<meta property=\"og:image:width\" content=\"960\" \/>\n\t<meta property=\"og:image:height\" content=\"540\" \/>\n\t<meta property=\"og:image:type\" content=\"image\/jpeg\" \/>\n<meta name=\"author\" content=\"Claude Guyot\" \/>\n<meta name=\"twitter:card\" content=\"summary_large_image\" \/>\n<meta name=\"twitter:label1\" content=\"\u00c9crit par\" \/>\n\t<meta name=\"twitter:data1\" content=\"Claude Guyot\" \/>\n\t<meta name=\"twitter:label2\" content=\"Dur\u00e9e de lecture estim\u00e9e\" \/>\n\t<meta name=\"twitter:data2\" content=\"3 minutes\" \/>\n<script type=\"application\/ld+json\" class=\"yoast-schema-graph\">{\"@context\":\"https:\/\/schema.org\",\"@graph\":[{\"@type\":\"WebPage\",\"@id\":\"https:\/\/www.claudeguyot.com\/index.php\/2020\/05\/08\/ceremonie-depot-de-gerbe-restreints-a-loccasion-de-commemoration-75eme-anniversaire-de-victoire-allies-lallemagne-nazie-de-fin-de-seconde-guerre-mondiale\/\",\"url\":\"https:\/\/www.claudeguyot.com\/index.php\/2020\/05\/08\/ceremonie-depot-de-gerbe-restreints-a-loccasion-de-commemoration-75eme-anniversaire-de-victoire-allies-lallemagne-nazie-de-fin-de-seconde-guerre-mondiale\/\",\"name\":\"C\u00c9R\u00c9MONIE ET D\u00c9P\u00d4T DE GERBE RESTREINTS \u00c0 L\u2019OCCASION DE LA COMM\u00c9MORATION DU 75\u00c8ME ANNIVERSAIRE DE LA VICTOIRE DES ALLI\u00c9S SUR L\u2019ALLEMAGNE NAZIE ET DE LA FIN DE LA SECONDE GUERRE MONDIALE - Association Claude Guyot\",\"isPartOf\":{\"@id\":\"https:\/\/www.claudeguyot.com\/#website\"},\"datePublished\":\"2020-05-08T13:19:01+00:00\",\"dateModified\":\"2025-07-08T20:49:48+00:00\",\"author\":{\"@id\":\"https:\/\/www.claudeguyot.com\/#\/schema\/person\/fbc6c67d5e15fc909d64aab1f1f150a1\"},\"breadcrumb\":{\"@id\":\"https:\/\/www.claudeguyot.com\/index.php\/2020\/05\/08\/ceremonie-depot-de-gerbe-restreints-a-loccasion-de-commemoration-75eme-anniversaire-de-victoire-allies-lallemagne-nazie-de-fin-de-seconde-guerre-mondiale\/#breadcrumb\"},\"inLanguage\":\"fr-FR\",\"potentialAction\":[{\"@type\":\"ReadAction\",\"target\":[\"https:\/\/www.claudeguyot.com\/index.php\/2020\/05\/08\/ceremonie-depot-de-gerbe-restreints-a-loccasion-de-commemoration-75eme-anniversaire-de-victoire-allies-lallemagne-nazie-de-fin-de-seconde-guerre-mondiale\/\"]}]},{\"@type\":\"BreadcrumbList\",\"@id\":\"https:\/\/www.claudeguyot.com\/index.php\/2020\/05\/08\/ceremonie-depot-de-gerbe-restreints-a-loccasion-de-commemoration-75eme-anniversaire-de-victoire-allies-lallemagne-nazie-de-fin-de-seconde-guerre-mondiale\/#breadcrumb\",\"itemListElement\":[{\"@type\":\"ListItem\",\"position\":1,\"name\":\"Accueil\",\"item\":\"https:\/\/www.claudeguyot.com\/\"},{\"@type\":\"ListItem\",\"position\":2,\"name\":\"C\u00c9R\u00c9MONIE ET D\u00c9P\u00d4T DE GERBE RESTREINTS \u00c0 L\u2019OCCASION DE LA COMM\u00c9MORATION DU 75\u00c8ME ANNIVERSAIRE DE LA VICTOIRE DES ALLI\u00c9S SUR L\u2019ALLEMAGNE NAZIE ET DE LA FIN DE LA SECONDE GUERRE MONDIALE\"}]},{\"@type\":\"WebSite\",\"@id\":\"https:\/\/www.claudeguyot.com\/#website\",\"url\":\"https:\/\/www.claudeguyot.com\/\",\"name\":\"Association Claude Guyot\",\"description\":\"Association loi 1901 reconnue d&#039;int\u00e9r\u00eat g\u00e9n\u00e9ral\",\"potentialAction\":[{\"@type\":\"SearchAction\",\"target\":{\"@type\":\"EntryPoint\",\"urlTemplate\":\"https:\/\/www.claudeguyot.com\/?s={search_term_string}\"},\"query-input\":\"required name=search_term_string\"}],\"inLanguage\":\"fr-FR\"},{\"@type\":\"Person\",\"@id\":\"https:\/\/www.claudeguyot.com\/#\/schema\/person\/fbc6c67d5e15fc909d64aab1f1f150a1\",\"name\":\"Claude Guyot\",\"image\":{\"@type\":\"ImageObject\",\"inLanguage\":\"fr-FR\",\"@id\":\"https:\/\/www.claudeguyot.com\/#\/schema\/person\/image\/\",\"url\":\"https:\/\/secure.gravatar.com\/avatar\/8835715a7343599eaa98fab3b13c331c454cc537ea4343abb5ad3fefe9b4d586?s=96&d=mm&r=g\",\"contentUrl\":\"https:\/\/secure.gravatar.com\/avatar\/8835715a7343599eaa98fab3b13c331c454cc537ea4343abb5ad3fefe9b4d586?s=96&d=mm&r=g\",\"caption\":\"Claude Guyot\"},\"url\":\"https:\/\/www.claudeguyot.com\/index.php\/author\/admin5958\/\"}]}<\/script>\n<!-- \/ Yoast SEO plugin. -->","yoast_head_json":{"title":"C\u00c9R\u00c9MONIE ET D\u00c9P\u00d4T DE GERBE RESTREINTS \u00c0 L\u2019OCCASION DE LA COMM\u00c9MORATION DU 75\u00c8ME ANNIVERSAIRE DE LA VICTOIRE DES ALLI\u00c9S SUR L\u2019ALLEMAGNE NAZIE ET DE LA FIN DE LA SECONDE GUERRE MONDIALE - Association Claude Guyot","robots":{"index":"index","follow":"follow","max-snippet":"max-snippet:-1","max-image-preview":"max-image-preview:large","max-video-preview":"max-video-preview:-1"},"canonical":"https:\/\/www.claudeguyot.com\/index.php\/2020\/05\/08\/ceremonie-depot-de-gerbe-restreints-a-loccasion-de-commemoration-75eme-anniversaire-de-victoire-allies-lallemagne-nazie-de-fin-de-seconde-guerre-mondiale\/","og_locale":"fr_FR","og_type":"article","og_title":"C\u00c9R\u00c9MONIE ET D\u00c9P\u00d4T DE GERBE RESTREINTS \u00c0 L\u2019OCCASION DE LA COMM\u00c9MORATION DU 75\u00c8ME ANNIVERSAIRE DE LA VICTOIRE DES ALLI\u00c9S SUR L\u2019ALLEMAGNE NAZIE ET DE LA FIN DE LA SECONDE GUERRE MONDIALE - Association Claude Guyot","og_description":"Le 8 mai 2020 au monument aux morts Arnay-le-Duc, l\u2019association Claude Guyot organisait sa traditionnelle c\u00e9r\u00e9monie avec d\u00e9p\u00f4t de gerbe, \u00e0 l\u2019occasion de la comm\u00e9moration du 75\u00e8me anniversaire de la Victoire des alli\u00e9s sur l\u2019Allemagne nazie et de la fin de la Seconde Guerre mondiale. Cette c\u00e9r\u00e9monie s&rsquo;est d\u00e9roul\u00e9e en priv\u00e9 compte tenu de la &hellip; Continuer la lecture de C\u00c9R\u00c9MONIE ET D\u00c9P\u00d4T DE GERBE RESTREINTS \u00c0 L\u2019OCCASION DE LA COMM\u00c9MORATION DU 75\u00c8ME ANNIVERSAIRE DE LA VICTOIRE DES ALLI\u00c9S SUR L\u2019ALLEMAGNE NAZIE ET DE LA FIN DE LA SECONDE GUERRE MONDIALE &rarr;","og_url":"https:\/\/www.claudeguyot.com\/index.php\/2020\/05\/08\/ceremonie-depot-de-gerbe-restreints-a-loccasion-de-commemoration-75eme-anniversaire-de-victoire-allies-lallemagne-nazie-de-fin-de-seconde-guerre-mondiale\/","og_site_name":"Association Claude Guyot","article_published_time":"2020-05-08T13:19:01+00:00","article_modified_time":"2025-07-08T20:49:48+00:00","og_image":[{"width":960,"height":540,"url":"https:\/\/www.claudeguyot.com\/wp-content\/uploads\/2020\/05\/IMG_20200508_144512_01.jpg","type":"image\/jpeg"}],"author":"Claude Guyot","twitter_card":"summary_large_image","twitter_misc":{"\u00c9crit par":"Claude Guyot","Dur\u00e9e de lecture estim\u00e9e":"3 minutes"},"schema":{"@context":"https:\/\/schema.org","@graph":[{"@type":"WebPage","@id":"https:\/\/www.claudeguyot.com\/index.php\/2020\/05\/08\/ceremonie-depot-de-gerbe-restreints-a-loccasion-de-commemoration-75eme-anniversaire-de-victoire-allies-lallemagne-nazie-de-fin-de-seconde-guerre-mondiale\/","url":"https:\/\/www.claudeguyot.com\/index.php\/2020\/05\/08\/ceremonie-depot-de-gerbe-restreints-a-loccasion-de-commemoration-75eme-anniversaire-de-victoire-allies-lallemagne-nazie-de-fin-de-seconde-guerre-mondiale\/","name":"C\u00c9R\u00c9MONIE ET D\u00c9P\u00d4T DE GERBE RESTREINTS \u00c0 L\u2019OCCASION DE LA COMM\u00c9MORATION DU 75\u00c8ME ANNIVERSAIRE DE LA VICTOIRE DES ALLI\u00c9S SUR L\u2019ALLEMAGNE NAZIE ET DE LA FIN DE LA SECONDE GUERRE MONDIALE - Association Claude Guyot","isPartOf":{"@id":"https:\/\/www.claudeguyot.com\/#website"},"datePublished":"2020-05-08T13:19:01+00:00","dateModified":"2025-07-08T20:49:48+00:00","author":{"@id":"https:\/\/www.claudeguyot.com\/#\/schema\/person\/fbc6c67d5e15fc909d64aab1f1f150a1"},"breadcrumb":{"@id":"https:\/\/www.claudeguyot.com\/index.php\/2020\/05\/08\/ceremonie-depot-de-gerbe-restreints-a-loccasion-de-commemoration-75eme-anniversaire-de-victoire-allies-lallemagne-nazie-de-fin-de-seconde-guerre-mondiale\/#breadcrumb"},"inLanguage":"fr-FR","potentialAction":[{"@type":"ReadAction","target":["https:\/\/www.claudeguyot.com\/index.php\/2020\/05\/08\/ceremonie-depot-de-gerbe-restreints-a-loccasion-de-commemoration-75eme-anniversaire-de-victoire-allies-lallemagne-nazie-de-fin-de-seconde-guerre-mondiale\/"]}]},{"@type":"BreadcrumbList","@id":"https:\/\/www.claudeguyot.com\/index.php\/2020\/05\/08\/ceremonie-depot-de-gerbe-restreints-a-loccasion-de-commemoration-75eme-anniversaire-de-victoire-allies-lallemagne-nazie-de-fin-de-seconde-guerre-mondiale\/#breadcrumb","itemListElement":[{"@type":"ListItem","position":1,"name":"Accueil","item":"https:\/\/www.claudeguyot.com\/"},{"@type":"ListItem","position":2,"name":"C\u00c9R\u00c9MONIE ET D\u00c9P\u00d4T DE GERBE RESTREINTS \u00c0 L\u2019OCCASION DE LA COMM\u00c9MORATION DU 75\u00c8ME ANNIVERSAIRE DE LA VICTOIRE DES ALLI\u00c9S SUR L\u2019ALLEMAGNE NAZIE ET DE LA FIN DE LA SECONDE GUERRE MONDIALE"}]},{"@type":"WebSite","@id":"https:\/\/www.claudeguyot.com\/#website","url":"https:\/\/www.claudeguyot.com\/","name":"Association Claude Guyot","description":"Association loi 1901 reconnue d&#039;int\u00e9r\u00eat g\u00e9n\u00e9ral","potentialAction":[{"@type":"SearchAction","target":{"@type":"EntryPoint","urlTemplate":"https:\/\/www.claudeguyot.com\/?s={search_term_string}"},"query-input":"required name=search_term_string"}],"inLanguage":"fr-FR"},{"@type":"Person","@id":"https:\/\/www.claudeguyot.com\/#\/schema\/person\/fbc6c67d5e15fc909d64aab1f1f150a1","name":"Claude Guyot","image":{"@type":"ImageObject","inLanguage":"fr-FR","@id":"https:\/\/www.claudeguyot.com\/#\/schema\/person\/image\/","url":"https:\/\/secure.gravatar.com\/avatar\/8835715a7343599eaa98fab3b13c331c454cc537ea4343abb5ad3fefe9b4d586?s=96&d=mm&r=g","contentUrl":"https:\/\/secure.gravatar.com\/avatar\/8835715a7343599eaa98fab3b13c331c454cc537ea4343abb5ad3fefe9b4d586?s=96&d=mm&r=g","caption":"Claude Guyot"},"url":"https:\/\/www.claudeguyot.com\/index.php\/author\/admin5958\/"}]}},"jetpack_featured_media_url":"https:\/\/www.claudeguyot.com\/wp-content\/uploads\/2020\/05\/IMG_20200508_144512_01.jpg","_links":{"self":[{"href":"https:\/\/www.claudeguyot.com\/index.php\/wp-json\/wp\/v2\/posts\/951","targetHints":{"allow":["GET"]}}],"collection":[{"href":"https:\/\/www.claudeguyot.com\/index.php\/wp-json\/wp\/v2\/posts"}],"about":[{"href":"https:\/\/www.claudeguyot.com\/index.php\/wp-json\/wp\/v2\/types\/post"}],"author":[{"embeddable":true,"href":"https:\/\/www.claudeguyot.com\/index.php\/wp-json\/wp\/v2\/users\/1"}],"replies":[{"embeddable":true,"href":"https:\/\/www.claudeguyot.com\/index.php\/wp-json\/wp\/v2\/comments?post=951"}],"version-history":[{"count":5,"href":"https:\/\/www.claudeguyot.com\/index.php\/wp-json\/wp\/v2\/posts\/951\/revisions"}],"predecessor-version":[{"id":960,"href":"https:\/\/www.claudeguyot.com\/index.php\/wp-json\/wp\/v2\/posts\/951\/revisions\/960"}],"wp:featuredmedia":[{"embeddable":true,"href":"https:\/\/www.claudeguyot.com\/index.php\/wp-json\/wp\/v2\/media\/953"}],"wp:attachment":[{"href":"https:\/\/www.claudeguyot.com\/index.php\/wp-json\/wp\/v2\/media?parent=951"}],"wp:term":[{"taxonomy":"category","embeddable":true,"href":"https:\/\/www.claudeguyot.com\/index.php\/wp-json\/wp\/v2\/categories?post=951"},{"taxonomy":"post_tag","embeddable":true,"href":"https:\/\/www.claudeguyot.com\/index.php\/wp-json\/wp\/v2\/tags?post=951"}],"curies":[{"name":"wp","href":"https:\/\/api.w.org\/{rel}","templated":true}]}}