{"id":970,"date":"2020-10-22T05:52:50","date_gmt":"2020-10-22T04:52:50","guid":{"rendered":"http:\/\/www.claudeguyot.com\/?p=970"},"modified":"2025-07-08T21:49:31","modified_gmt":"2025-07-08T20:49:31","slug":"disparition-docteur-claudette-lacoste-vice-presidente-membre-fondateur-de-lassociation-claude-guyot","status":"publish","type":"post","link":"https:\/\/www.claudeguyot.com\/index.php\/2020\/10\/22\/disparition-docteur-claudette-lacoste-vice-presidente-membre-fondateur-de-lassociation-claude-guyot\/","title":{"rendered":"Disparition du docteur Claudette Lacoste &#8211; vice-pr\u00e9sidente et membre fondateur de l&rsquo;Association Claude Guyot"},"content":{"rendered":"<p style=\"font-weight: 400;\">Hadrien LACOSTE<\/p>\n<p style=\"font-weight: 400;\">Pr\u00e9sident de l\u2019Association Claude Guyot<\/p>\n<p style=\"font-weight: 400;\">Les membres du bureau<\/p>\n<p style=\"font-weight: 400;\">et les membres de l\u2019Association Claude Guyot<\/p>\n<p style=\"font-weight: 400;\">ont la grande tristesse de vous faire part du d\u00e9c\u00e8s de<\/p>\n<p style=\"font-weight: 400;\">\n<p style=\"font-weight: 400;\"><strong>Mme le Docteur Claudette LACOSTE<\/strong><\/p>\n<p style=\"font-weight: 400;\"><strong>n\u00e9e GUYOT<\/strong><\/p>\n<p style=\"font-weight: 400;\"><strong>veuve du Docteur Paul LACOSTE<\/strong><\/p>\n<p style=\"font-weight: 400;\"><strong>Vice-pr\u00e9sidente et membre fondateur de l\u2019Association Claude\u00a0<\/strong><strong>Guyot<\/strong><\/p>\n<p style=\"font-weight: 400;\">survenu \u00e0 Mozac (Puy-de-D\u00f4me), le mardi 20 octobre 2020, dans sa 99<sup>\u00e8me<\/sup>\u00a0ann\u00e9e.<\/p>\n<p style=\"font-weight: 400;\">Un hommage lui sera rendu le samedi 24 octobre 2020 \u00e0 15h00, \u00e0 son domicile d\u2019Arnay-le-Duc, suivi de l\u2019inhumation dans le caveau de famille au cimeti\u00e8re d\u2019Arnay-le-Duc.<\/p>\n<p style=\"font-weight: 400;\">3 rue de l&rsquo;Eglise &#8211; 21230 Arnay-le-Duc<\/p>\n","protected":false},"excerpt":{"rendered":"<p>Hadrien LACOSTE Pr\u00e9sident de l\u2019Association Claude Guyot Les membres du bureau et les membres de l\u2019Association Claude Guyot ont la grande tristesse de vous faire part du d\u00e9c\u00e8s de Mme le Docteur Claudette LACOSTE n\u00e9e GUYOT veuve du Docteur Paul LACOSTE Vice-pr\u00e9sidente et membre fondateur de l\u2019Association Claude\u00a0Guyot survenu \u00e0 Mozac (Puy-de-D\u00f4me), le mardi 20 &hellip; <a href=\"https:\/\/www.claudeguyot.com\/index.php\/2020\/10\/22\/disparition-docteur-claudette-lacoste-vice-presidente-membre-fondateur-de-lassociation-claude-guyot\/\" class=\"more-link\">Continuer la lecture de <span class=\"screen-reader-text\">Disparition du docteur Claudette Lacoste &#8211; vice-pr\u00e9sidente et membre fondateur de l&rsquo;Association Claude Guyot<\/span>  <span class=\"meta-nav\">&rarr;<\/span><\/a><\/p>\n","protected":false},"author":1,"featured_media":94,"comment_status":"closed","ping_status":"closed","sticky":false,"template":"","format":"standard","meta":{"footnotes":""},"categories":[1],"tags":[],"class_list":["post-970","post","type-post","status-publish","format-standard","has-post-thumbnail","hentry","category-non-classe"],"yoast_head":"<!-- This site is optimized with the Yoast SEO plugin v19.9 - https:\/\/yoast.com\/wordpress\/plugins\/seo\/ -->\n<title>Disparition du docteur Claudette Lacoste - vice-pr\u00e9sidente et membre fondateur de l&#039;Association Claude Guyot - Association Claude Guyot<\/title>\n<meta name=\"robots\" content=\"index, follow, max-snippet:-1, max-image-preview:large, max-video-preview:-1\" \/>\n<link rel=\"canonical\" href=\"https:\/\/www.claudeguyot.com\/index.php\/2020\/10\/22\/disparition-docteur-claudette-lacoste-vice-presidente-membre-fondateur-de-lassociation-claude-guyot\/\" \/>\n<meta property=\"og:locale\" content=\"fr_FR\" \/>\n<meta property=\"og:type\" content=\"article\" \/>\n<meta property=\"og:title\" content=\"Disparition du docteur Claudette Lacoste - vice-pr\u00e9sidente et membre fondateur de l&#039;Association Claude Guyot - Association Claude Guyot\" \/>\n<meta property=\"og:description\" content=\"Hadrien LACOSTE Pr\u00e9sident de l\u2019Association Claude Guyot Les membres du bureau et les membres de l\u2019Association Claude Guyot ont la grande tristesse de vous faire part du d\u00e9c\u00e8s de Mme le Docteur Claudette LACOSTE n\u00e9e GUYOT veuve du Docteur Paul LACOSTE Vice-pr\u00e9sidente et membre fondateur de l\u2019Association Claude\u00a0Guyot survenu \u00e0 Mozac (Puy-de-D\u00f4me), le mardi 20 &hellip; Continuer la lecture de Disparition du docteur Claudette Lacoste &#8211; vice-pr\u00e9sidente et membre fondateur de l&rsquo;Association Claude Guyot &rarr;\" \/>\n<meta property=\"og:url\" content=\"https:\/\/www.claudeguyot.com\/index.php\/2020\/10\/22\/disparition-docteur-claudette-lacoste-vice-presidente-membre-fondateur-de-lassociation-claude-guyot\/\" \/>\n<meta property=\"og:site_name\" content=\"Association Claude Guyot\" \/>\n<meta property=\"article:published_time\" content=\"2020-10-22T04:52:50+00:00\" \/>\n<meta property=\"article:modified_time\" content=\"2025-07-08T20:49:31+00:00\" \/>\n<meta property=\"og:image\" content=\"https:\/\/www.claudeguyot.com\/wp-content\/uploads\/2016\/09\/P1110095-Copie.jpg\" \/>\n\t<meta property=\"og:image:width\" content=\"793\" \/>\n\t<meta property=\"og:image:height\" content=\"849\" \/>\n\t<meta property=\"og:image:type\" content=\"image\/jpeg\" \/>\n<meta name=\"author\" content=\"Claude Guyot\" \/>\n<meta name=\"twitter:card\" content=\"summary_large_image\" \/>\n<meta name=\"twitter:label1\" content=\"\u00c9crit par\" \/>\n\t<meta name=\"twitter:data1\" content=\"Claude Guyot\" \/>\n\t<meta name=\"twitter:label2\" content=\"Dur\u00e9e de lecture estim\u00e9e\" \/>\n\t<meta name=\"twitter:data2\" content=\"1 minute\" \/>\n<script type=\"application\/ld+json\" class=\"yoast-schema-graph\">{\"@context\":\"https:\/\/schema.org\",\"@graph\":[{\"@type\":\"WebPage\",\"@id\":\"https:\/\/www.claudeguyot.com\/index.php\/2020\/10\/22\/disparition-docteur-claudette-lacoste-vice-presidente-membre-fondateur-de-lassociation-claude-guyot\/\",\"url\":\"https:\/\/www.claudeguyot.com\/index.php\/2020\/10\/22\/disparition-docteur-claudette-lacoste-vice-presidente-membre-fondateur-de-lassociation-claude-guyot\/\",\"name\":\"Disparition du docteur Claudette Lacoste - vice-pr\u00e9sidente et membre fondateur de l'Association Claude Guyot - Association Claude Guyot\",\"isPartOf\":{\"@id\":\"https:\/\/www.claudeguyot.com\/#website\"},\"datePublished\":\"2020-10-22T04:52:50+00:00\",\"dateModified\":\"2025-07-08T20:49:31+00:00\",\"author\":{\"@id\":\"https:\/\/www.claudeguyot.com\/#\/schema\/person\/fbc6c67d5e15fc909d64aab1f1f150a1\"},\"breadcrumb\":{\"@id\":\"https:\/\/www.claudeguyot.com\/index.php\/2020\/10\/22\/disparition-docteur-claudette-lacoste-vice-presidente-membre-fondateur-de-lassociation-claude-guyot\/#breadcrumb\"},\"inLanguage\":\"fr-FR\",\"potentialAction\":[{\"@type\":\"ReadAction\",\"target\":[\"https:\/\/www.claudeguyot.com\/index.php\/2020\/10\/22\/disparition-docteur-claudette-lacoste-vice-presidente-membre-fondateur-de-lassociation-claude-guyot\/\"]}]},{\"@type\":\"BreadcrumbList\",\"@id\":\"https:\/\/www.claudeguyot.com\/index.php\/2020\/10\/22\/disparition-docteur-claudette-lacoste-vice-presidente-membre-fondateur-de-lassociation-claude-guyot\/#breadcrumb\",\"itemListElement\":[{\"@type\":\"ListItem\",\"position\":1,\"name\":\"Accueil\",\"item\":\"https:\/\/www.claudeguyot.com\/\"},{\"@type\":\"ListItem\",\"position\":2,\"name\":\"Disparition du docteur Claudette Lacoste &#8211; vice-pr\u00e9sidente et membre fondateur de l&#8217;Association Claude Guyot\"}]},{\"@type\":\"WebSite\",\"@id\":\"https:\/\/www.claudeguyot.com\/#website\",\"url\":\"https:\/\/www.claudeguyot.com\/\",\"name\":\"Association Claude Guyot\",\"description\":\"Association loi 1901 reconnue d&#039;int\u00e9r\u00eat g\u00e9n\u00e9ral\",\"potentialAction\":[{\"@type\":\"SearchAction\",\"target\":{\"@type\":\"EntryPoint\",\"urlTemplate\":\"https:\/\/www.claudeguyot.com\/?s={search_term_string}\"},\"query-input\":\"required name=search_term_string\"}],\"inLanguage\":\"fr-FR\"},{\"@type\":\"Person\",\"@id\":\"https:\/\/www.claudeguyot.com\/#\/schema\/person\/fbc6c67d5e15fc909d64aab1f1f150a1\",\"name\":\"Claude Guyot\",\"image\":{\"@type\":\"ImageObject\",\"inLanguage\":\"fr-FR\",\"@id\":\"https:\/\/www.claudeguyot.com\/#\/schema\/person\/image\/\",\"url\":\"https:\/\/secure.gravatar.com\/avatar\/8835715a7343599eaa98fab3b13c331c454cc537ea4343abb5ad3fefe9b4d586?s=96&d=mm&r=g\",\"contentUrl\":\"https:\/\/secure.gravatar.com\/avatar\/8835715a7343599eaa98fab3b13c331c454cc537ea4343abb5ad3fefe9b4d586?s=96&d=mm&r=g\",\"caption\":\"Claude Guyot\"},\"url\":\"https:\/\/www.claudeguyot.com\/index.php\/author\/admin5958\/\"}]}<\/script>\n<!-- \/ Yoast SEO plugin. -->","yoast_head_json":{"title":"Disparition du docteur Claudette Lacoste - vice-pr\u00e9sidente et membre fondateur de l'Association Claude Guyot - Association Claude Guyot","robots":{"index":"index","follow":"follow","max-snippet":"max-snippet:-1","max-image-preview":"max-image-preview:large","max-video-preview":"max-video-preview:-1"},"canonical":"https:\/\/www.claudeguyot.com\/index.php\/2020\/10\/22\/disparition-docteur-claudette-lacoste-vice-presidente-membre-fondateur-de-lassociation-claude-guyot\/","og_locale":"fr_FR","og_type":"article","og_title":"Disparition du docteur Claudette Lacoste - vice-pr\u00e9sidente et membre fondateur de l'Association Claude Guyot - Association Claude Guyot","og_description":"Hadrien LACOSTE Pr\u00e9sident de l\u2019Association Claude Guyot Les membres du bureau et les membres de l\u2019Association Claude Guyot ont la grande tristesse de vous faire part du d\u00e9c\u00e8s de Mme le Docteur Claudette LACOSTE n\u00e9e GUYOT veuve du Docteur Paul LACOSTE Vice-pr\u00e9sidente et membre fondateur de l\u2019Association Claude\u00a0Guyot survenu \u00e0 Mozac (Puy-de-D\u00f4me), le mardi 20 &hellip; Continuer la lecture de Disparition du docteur Claudette Lacoste &#8211; vice-pr\u00e9sidente et membre fondateur de l&rsquo;Association Claude Guyot &rarr;","og_url":"https:\/\/www.claudeguyot.com\/index.php\/2020\/10\/22\/disparition-docteur-claudette-lacoste-vice-presidente-membre-fondateur-de-lassociation-claude-guyot\/","og_site_name":"Association Claude Guyot","article_published_time":"2020-10-22T04:52:50+00:00","article_modified_time":"2025-07-08T20:49:31+00:00","og_image":[{"width":793,"height":849,"url":"https:\/\/www.claudeguyot.com\/wp-content\/uploads\/2016\/09\/P1110095-Copie.jpg","type":"image\/jpeg"}],"author":"Claude Guyot","twitter_card":"summary_large_image","twitter_misc":{"\u00c9crit par":"Claude Guyot","Dur\u00e9e de lecture estim\u00e9e":"1 minute"},"schema":{"@context":"https:\/\/schema.org","@graph":[{"@type":"WebPage","@id":"https:\/\/www.claudeguyot.com\/index.php\/2020\/10\/22\/disparition-docteur-claudette-lacoste-vice-presidente-membre-fondateur-de-lassociation-claude-guyot\/","url":"https:\/\/www.claudeguyot.com\/index.php\/2020\/10\/22\/disparition-docteur-claudette-lacoste-vice-presidente-membre-fondateur-de-lassociation-claude-guyot\/","name":"Disparition du docteur Claudette Lacoste - vice-pr\u00e9sidente et membre fondateur de l'Association Claude Guyot - Association Claude Guyot","isPartOf":{"@id":"https:\/\/www.claudeguyot.com\/#website"},"datePublished":"2020-10-22T04:52:50+00:00","dateModified":"2025-07-08T20:49:31+00:00","author":{"@id":"https:\/\/www.claudeguyot.com\/#\/schema\/person\/fbc6c67d5e15fc909d64aab1f1f150a1"},"breadcrumb":{"@id":"https:\/\/www.claudeguyot.com\/index.php\/2020\/10\/22\/disparition-docteur-claudette-lacoste-vice-presidente-membre-fondateur-de-lassociation-claude-guyot\/#breadcrumb"},"inLanguage":"fr-FR","potentialAction":[{"@type":"ReadAction","target":["https:\/\/www.claudeguyot.com\/index.php\/2020\/10\/22\/disparition-docteur-claudette-lacoste-vice-presidente-membre-fondateur-de-lassociation-claude-guyot\/"]}]},{"@type":"BreadcrumbList","@id":"https:\/\/www.claudeguyot.com\/index.php\/2020\/10\/22\/disparition-docteur-claudette-lacoste-vice-presidente-membre-fondateur-de-lassociation-claude-guyot\/#breadcrumb","itemListElement":[{"@type":"ListItem","position":1,"name":"Accueil","item":"https:\/\/www.claudeguyot.com\/"},{"@type":"ListItem","position":2,"name":"Disparition du docteur Claudette Lacoste &#8211; vice-pr\u00e9sidente et membre fondateur de l&#8217;Association Claude Guyot"}]},{"@type":"WebSite","@id":"https:\/\/www.claudeguyot.com\/#website","url":"https:\/\/www.claudeguyot.com\/","name":"Association Claude Guyot","description":"Association loi 1901 reconnue d&#039;int\u00e9r\u00eat g\u00e9n\u00e9ral","potentialAction":[{"@type":"SearchAction","target":{"@type":"EntryPoint","urlTemplate":"https:\/\/www.claudeguyot.com\/?s={search_term_string}"},"query-input":"required name=search_term_string"}],"inLanguage":"fr-FR"},{"@type":"Person","@id":"https:\/\/www.claudeguyot.com\/#\/schema\/person\/fbc6c67d5e15fc909d64aab1f1f150a1","name":"Claude Guyot","image":{"@type":"ImageObject","inLanguage":"fr-FR","@id":"https:\/\/www.claudeguyot.com\/#\/schema\/person\/image\/","url":"https:\/\/secure.gravatar.com\/avatar\/8835715a7343599eaa98fab3b13c331c454cc537ea4343abb5ad3fefe9b4d586?s=96&d=mm&r=g","contentUrl":"https:\/\/secure.gravatar.com\/avatar\/8835715a7343599eaa98fab3b13c331c454cc537ea4343abb5ad3fefe9b4d586?s=96&d=mm&r=g","caption":"Claude Guyot"},"url":"https:\/\/www.claudeguyot.com\/index.php\/author\/admin5958\/"}]}},"jetpack_featured_media_url":"https:\/\/www.claudeguyot.com\/wp-content\/uploads\/2016\/09\/P1110095-Copie.jpg","_links":{"self":[{"href":"https:\/\/www.claudeguyot.com\/index.php\/wp-json\/wp\/v2\/posts\/970","targetHints":{"allow":["GET"]}}],"collection":[{"href":"https:\/\/www.claudeguyot.com\/index.php\/wp-json\/wp\/v2\/posts"}],"about":[{"href":"https:\/\/www.claudeguyot.com\/index.php\/wp-json\/wp\/v2\/types\/post"}],"author":[{"embeddable":true,"href":"https:\/\/www.claudeguyot.com\/index.php\/wp-json\/wp\/v2\/users\/1"}],"replies":[{"embeddable":true,"href":"https:\/\/www.claudeguyot.com\/index.php\/wp-json\/wp\/v2\/comments?post=970"}],"version-history":[{"count":4,"href":"https:\/\/www.claudeguyot.com\/index.php\/wp-json\/wp\/v2\/posts\/970\/revisions"}],"predecessor-version":[{"id":974,"href":"https:\/\/www.claudeguyot.com\/index.php\/wp-json\/wp\/v2\/posts\/970\/revisions\/974"}],"wp:featuredmedia":[{"embeddable":true,"href":"https:\/\/www.claudeguyot.com\/index.php\/wp-json\/wp\/v2\/media\/94"}],"wp:attachment":[{"href":"https:\/\/www.claudeguyot.com\/index.php\/wp-json\/wp\/v2\/media?parent=970"}],"wp:term":[{"taxonomy":"category","embeddable":true,"href":"https:\/\/www.claudeguyot.com\/index.php\/wp-json\/wp\/v2\/categories?post=970"},{"taxonomy":"post_tag","embeddable":true,"href":"https:\/\/www.claudeguyot.com\/index.php\/wp-json\/wp\/v2\/tags?post=970"}],"curies":[{"name":"wp","href":"https:\/\/api.w.org\/{rel}","templated":true}]}}