{"id":981,"date":"2021-05-07T09:44:36","date_gmt":"2021-05-07T08:44:36","guid":{"rendered":"http:\/\/www.claudeguyot.com\/?p=981"},"modified":"2025-07-08T21:49:22","modified_gmt":"2025-07-08T20:49:22","slug":"ceremonie-depot-de-gerbe-8-mai-2021-comite-restreint","status":"publish","type":"post","link":"https:\/\/www.claudeguyot.com\/index.php\/2021\/05\/07\/ceremonie-depot-de-gerbe-8-mai-2021-comite-restreint\/","title":{"rendered":"C\u00e9r\u00e9monie et d\u00e9p\u00f4t de gerbe du 8 mai 2021 en comit\u00e9 restreint"},"content":{"rendered":"<p>Les mesures de confinement mises en place par le Gouvernement et la pr\u00e9fecture de C\u00f4te d&rsquo;Or ne permettent pas d&rsquo;ouvrir au public la c\u00e9r\u00e9monie de\u00a0comm\u00e9moration du 76\u00e8me anniversaire de la Victoire des alli\u00e9s sur l\u2019Allemagne nazie et de la fin de la Seconde Guerre mondiale.<\/p>\n<p>Cette derni\u00e8re aura lieu en comit\u00e9 restreint, limit\u00e9 \u00e0 6 personnes.<\/p>\n<p>Comme la Mairie d&rsquo;Arnay-le-Duc l&rsquo;indique dans un r\u00e9cent communiqu\u00e9 auquel l&rsquo;association Claude Guyot se joint, pour accompagner cette comm\u00e9moration, la population est invit\u00e9e \u00e0 pavoiser, balcons et fen\u00eatres, aux couleurs nationales.<\/p>\n","protected":false},"excerpt":{"rendered":"<p>Les mesures de confinement mises en place par le Gouvernement et la pr\u00e9fecture de C\u00f4te d&rsquo;Or ne permettent pas d&rsquo;ouvrir au public la c\u00e9r\u00e9monie de\u00a0comm\u00e9moration du 76\u00e8me anniversaire de la Victoire des alli\u00e9s sur l\u2019Allemagne nazie et de la fin de la Seconde Guerre mondiale. Cette derni\u00e8re aura lieu en comit\u00e9 restreint, limit\u00e9 \u00e0 6 &hellip; <a href=\"https:\/\/www.claudeguyot.com\/index.php\/2021\/05\/07\/ceremonie-depot-de-gerbe-8-mai-2021-comite-restreint\/\" class=\"more-link\">Continuer la lecture de <span class=\"screen-reader-text\">C\u00e9r\u00e9monie et d\u00e9p\u00f4t de gerbe du 8 mai 2021 en comit\u00e9 restreint<\/span>  <span class=\"meta-nav\">&rarr;<\/span><\/a><\/p>\n","protected":false},"author":1,"featured_media":982,"comment_status":"closed","ping_status":"closed","sticky":false,"template":"","format":"standard","meta":{"footnotes":""},"categories":[1],"tags":[],"class_list":["post-981","post","type-post","status-publish","format-standard","has-post-thumbnail","hentry","category-non-classe"],"yoast_head":"<!-- This site is optimized with the Yoast SEO plugin v19.9 - https:\/\/yoast.com\/wordpress\/plugins\/seo\/ -->\n<title>C\u00e9r\u00e9monie et d\u00e9p\u00f4t de gerbe du 8 mai 2021 en comit\u00e9 restreint - Association Claude Guyot<\/title>\n<meta name=\"robots\" content=\"index, follow, max-snippet:-1, max-image-preview:large, max-video-preview:-1\" \/>\n<link rel=\"canonical\" href=\"https:\/\/www.claudeguyot.com\/index.php\/2021\/05\/07\/ceremonie-depot-de-gerbe-8-mai-2021-comite-restreint\/\" \/>\n<meta property=\"og:locale\" content=\"fr_FR\" \/>\n<meta property=\"og:type\" content=\"article\" \/>\n<meta property=\"og:title\" content=\"C\u00e9r\u00e9monie et d\u00e9p\u00f4t de gerbe du 8 mai 2021 en comit\u00e9 restreint - Association Claude Guyot\" \/>\n<meta property=\"og:description\" content=\"Les mesures de confinement mises en place par le Gouvernement et la pr\u00e9fecture de C\u00f4te d&rsquo;Or ne permettent pas d&rsquo;ouvrir au public la c\u00e9r\u00e9monie de\u00a0comm\u00e9moration du 76\u00e8me anniversaire de la Victoire des alli\u00e9s sur l\u2019Allemagne nazie et de la fin de la Seconde Guerre mondiale. Cette derni\u00e8re aura lieu en comit\u00e9 restreint, limit\u00e9 \u00e0 6 &hellip; Continuer la lecture de C\u00e9r\u00e9monie et d\u00e9p\u00f4t de gerbe du 8 mai 2021 en comit\u00e9 restreint &rarr;\" \/>\n<meta property=\"og:url\" content=\"https:\/\/www.claudeguyot.com\/index.php\/2021\/05\/07\/ceremonie-depot-de-gerbe-8-mai-2021-comite-restreint\/\" \/>\n<meta property=\"og:site_name\" content=\"Association Claude Guyot\" \/>\n<meta property=\"article:published_time\" content=\"2021-05-07T08:44:36+00:00\" \/>\n<meta property=\"article:modified_time\" content=\"2025-07-08T20:49:22+00:00\" \/>\n<meta property=\"og:image\" content=\"https:\/\/www.claudeguyot.com\/wp-content\/uploads\/2021\/05\/IMG_20210507_101527.jpg\" \/>\n\t<meta property=\"og:image:width\" content=\"1080\" \/>\n\t<meta property=\"og:image:height\" content=\"724\" \/>\n\t<meta property=\"og:image:type\" content=\"image\/jpeg\" \/>\n<meta name=\"author\" content=\"Claude Guyot\" \/>\n<meta name=\"twitter:card\" content=\"summary_large_image\" \/>\n<meta name=\"twitter:label1\" content=\"\u00c9crit par\" \/>\n\t<meta name=\"twitter:data1\" content=\"Claude Guyot\" \/>\n<script type=\"application\/ld+json\" class=\"yoast-schema-graph\">{\"@context\":\"https:\/\/schema.org\",\"@graph\":[{\"@type\":\"WebPage\",\"@id\":\"https:\/\/www.claudeguyot.com\/index.php\/2021\/05\/07\/ceremonie-depot-de-gerbe-8-mai-2021-comite-restreint\/\",\"url\":\"https:\/\/www.claudeguyot.com\/index.php\/2021\/05\/07\/ceremonie-depot-de-gerbe-8-mai-2021-comite-restreint\/\",\"name\":\"C\u00e9r\u00e9monie et d\u00e9p\u00f4t de gerbe du 8 mai 2021 en comit\u00e9 restreint - Association Claude Guyot\",\"isPartOf\":{\"@id\":\"https:\/\/www.claudeguyot.com\/#website\"},\"datePublished\":\"2021-05-07T08:44:36+00:00\",\"dateModified\":\"2025-07-08T20:49:22+00:00\",\"author\":{\"@id\":\"https:\/\/www.claudeguyot.com\/#\/schema\/person\/fbc6c67d5e15fc909d64aab1f1f150a1\"},\"breadcrumb\":{\"@id\":\"https:\/\/www.claudeguyot.com\/index.php\/2021\/05\/07\/ceremonie-depot-de-gerbe-8-mai-2021-comite-restreint\/#breadcrumb\"},\"inLanguage\":\"fr-FR\",\"potentialAction\":[{\"@type\":\"ReadAction\",\"target\":[\"https:\/\/www.claudeguyot.com\/index.php\/2021\/05\/07\/ceremonie-depot-de-gerbe-8-mai-2021-comite-restreint\/\"]}]},{\"@type\":\"BreadcrumbList\",\"@id\":\"https:\/\/www.claudeguyot.com\/index.php\/2021\/05\/07\/ceremonie-depot-de-gerbe-8-mai-2021-comite-restreint\/#breadcrumb\",\"itemListElement\":[{\"@type\":\"ListItem\",\"position\":1,\"name\":\"Accueil\",\"item\":\"https:\/\/www.claudeguyot.com\/\"},{\"@type\":\"ListItem\",\"position\":2,\"name\":\"C\u00e9r\u00e9monie et d\u00e9p\u00f4t de gerbe du 8 mai 2021 en comit\u00e9 restreint\"}]},{\"@type\":\"WebSite\",\"@id\":\"https:\/\/www.claudeguyot.com\/#website\",\"url\":\"https:\/\/www.claudeguyot.com\/\",\"name\":\"Association Claude Guyot\",\"description\":\"Association loi 1901 reconnue d&#039;int\u00e9r\u00eat g\u00e9n\u00e9ral\",\"potentialAction\":[{\"@type\":\"SearchAction\",\"target\":{\"@type\":\"EntryPoint\",\"urlTemplate\":\"https:\/\/www.claudeguyot.com\/?s={search_term_string}\"},\"query-input\":\"required name=search_term_string\"}],\"inLanguage\":\"fr-FR\"},{\"@type\":\"Person\",\"@id\":\"https:\/\/www.claudeguyot.com\/#\/schema\/person\/fbc6c67d5e15fc909d64aab1f1f150a1\",\"name\":\"Claude Guyot\",\"image\":{\"@type\":\"ImageObject\",\"inLanguage\":\"fr-FR\",\"@id\":\"https:\/\/www.claudeguyot.com\/#\/schema\/person\/image\/\",\"url\":\"https:\/\/secure.gravatar.com\/avatar\/8835715a7343599eaa98fab3b13c331c454cc537ea4343abb5ad3fefe9b4d586?s=96&d=mm&r=g\",\"contentUrl\":\"https:\/\/secure.gravatar.com\/avatar\/8835715a7343599eaa98fab3b13c331c454cc537ea4343abb5ad3fefe9b4d586?s=96&d=mm&r=g\",\"caption\":\"Claude Guyot\"},\"url\":\"https:\/\/www.claudeguyot.com\/index.php\/author\/admin5958\/\"}]}<\/script>\n<!-- \/ Yoast SEO plugin. -->","yoast_head_json":{"title":"C\u00e9r\u00e9monie et d\u00e9p\u00f4t de gerbe du 8 mai 2021 en comit\u00e9 restreint - Association Claude Guyot","robots":{"index":"index","follow":"follow","max-snippet":"max-snippet:-1","max-image-preview":"max-image-preview:large","max-video-preview":"max-video-preview:-1"},"canonical":"https:\/\/www.claudeguyot.com\/index.php\/2021\/05\/07\/ceremonie-depot-de-gerbe-8-mai-2021-comite-restreint\/","og_locale":"fr_FR","og_type":"article","og_title":"C\u00e9r\u00e9monie et d\u00e9p\u00f4t de gerbe du 8 mai 2021 en comit\u00e9 restreint - Association Claude Guyot","og_description":"Les mesures de confinement mises en place par le Gouvernement et la pr\u00e9fecture de C\u00f4te d&rsquo;Or ne permettent pas d&rsquo;ouvrir au public la c\u00e9r\u00e9monie de\u00a0comm\u00e9moration du 76\u00e8me anniversaire de la Victoire des alli\u00e9s sur l\u2019Allemagne nazie et de la fin de la Seconde Guerre mondiale. Cette derni\u00e8re aura lieu en comit\u00e9 restreint, limit\u00e9 \u00e0 6 &hellip; Continuer la lecture de C\u00e9r\u00e9monie et d\u00e9p\u00f4t de gerbe du 8 mai 2021 en comit\u00e9 restreint &rarr;","og_url":"https:\/\/www.claudeguyot.com\/index.php\/2021\/05\/07\/ceremonie-depot-de-gerbe-8-mai-2021-comite-restreint\/","og_site_name":"Association Claude Guyot","article_published_time":"2021-05-07T08:44:36+00:00","article_modified_time":"2025-07-08T20:49:22+00:00","og_image":[{"width":1080,"height":724,"url":"https:\/\/www.claudeguyot.com\/wp-content\/uploads\/2021\/05\/IMG_20210507_101527.jpg","type":"image\/jpeg"}],"author":"Claude Guyot","twitter_card":"summary_large_image","twitter_misc":{"\u00c9crit par":"Claude Guyot"},"schema":{"@context":"https:\/\/schema.org","@graph":[{"@type":"WebPage","@id":"https:\/\/www.claudeguyot.com\/index.php\/2021\/05\/07\/ceremonie-depot-de-gerbe-8-mai-2021-comite-restreint\/","url":"https:\/\/www.claudeguyot.com\/index.php\/2021\/05\/07\/ceremonie-depot-de-gerbe-8-mai-2021-comite-restreint\/","name":"C\u00e9r\u00e9monie et d\u00e9p\u00f4t de gerbe du 8 mai 2021 en comit\u00e9 restreint - Association Claude Guyot","isPartOf":{"@id":"https:\/\/www.claudeguyot.com\/#website"},"datePublished":"2021-05-07T08:44:36+00:00","dateModified":"2025-07-08T20:49:22+00:00","author":{"@id":"https:\/\/www.claudeguyot.com\/#\/schema\/person\/fbc6c67d5e15fc909d64aab1f1f150a1"},"breadcrumb":{"@id":"https:\/\/www.claudeguyot.com\/index.php\/2021\/05\/07\/ceremonie-depot-de-gerbe-8-mai-2021-comite-restreint\/#breadcrumb"},"inLanguage":"fr-FR","potentialAction":[{"@type":"ReadAction","target":["https:\/\/www.claudeguyot.com\/index.php\/2021\/05\/07\/ceremonie-depot-de-gerbe-8-mai-2021-comite-restreint\/"]}]},{"@type":"BreadcrumbList","@id":"https:\/\/www.claudeguyot.com\/index.php\/2021\/05\/07\/ceremonie-depot-de-gerbe-8-mai-2021-comite-restreint\/#breadcrumb","itemListElement":[{"@type":"ListItem","position":1,"name":"Accueil","item":"https:\/\/www.claudeguyot.com\/"},{"@type":"ListItem","position":2,"name":"C\u00e9r\u00e9monie et d\u00e9p\u00f4t de gerbe du 8 mai 2021 en comit\u00e9 restreint"}]},{"@type":"WebSite","@id":"https:\/\/www.claudeguyot.com\/#website","url":"https:\/\/www.claudeguyot.com\/","name":"Association Claude Guyot","description":"Association loi 1901 reconnue d&#039;int\u00e9r\u00eat g\u00e9n\u00e9ral","potentialAction":[{"@type":"SearchAction","target":{"@type":"EntryPoint","urlTemplate":"https:\/\/www.claudeguyot.com\/?s={search_term_string}"},"query-input":"required name=search_term_string"}],"inLanguage":"fr-FR"},{"@type":"Person","@id":"https:\/\/www.claudeguyot.com\/#\/schema\/person\/fbc6c67d5e15fc909d64aab1f1f150a1","name":"Claude Guyot","image":{"@type":"ImageObject","inLanguage":"fr-FR","@id":"https:\/\/www.claudeguyot.com\/#\/schema\/person\/image\/","url":"https:\/\/secure.gravatar.com\/avatar\/8835715a7343599eaa98fab3b13c331c454cc537ea4343abb5ad3fefe9b4d586?s=96&d=mm&r=g","contentUrl":"https:\/\/secure.gravatar.com\/avatar\/8835715a7343599eaa98fab3b13c331c454cc537ea4343abb5ad3fefe9b4d586?s=96&d=mm&r=g","caption":"Claude Guyot"},"url":"https:\/\/www.claudeguyot.com\/index.php\/author\/admin5958\/"}]}},"jetpack_featured_media_url":"https:\/\/www.claudeguyot.com\/wp-content\/uploads\/2021\/05\/IMG_20210507_101527.jpg","_links":{"self":[{"href":"https:\/\/www.claudeguyot.com\/index.php\/wp-json\/wp\/v2\/posts\/981","targetHints":{"allow":["GET"]}}],"collection":[{"href":"https:\/\/www.claudeguyot.com\/index.php\/wp-json\/wp\/v2\/posts"}],"about":[{"href":"https:\/\/www.claudeguyot.com\/index.php\/wp-json\/wp\/v2\/types\/post"}],"author":[{"embeddable":true,"href":"https:\/\/www.claudeguyot.com\/index.php\/wp-json\/wp\/v2\/users\/1"}],"replies":[{"embeddable":true,"href":"https:\/\/www.claudeguyot.com\/index.php\/wp-json\/wp\/v2\/comments?post=981"}],"version-history":[{"count":1,"href":"https:\/\/www.claudeguyot.com\/index.php\/wp-json\/wp\/v2\/posts\/981\/revisions"}],"predecessor-version":[{"id":983,"href":"https:\/\/www.claudeguyot.com\/index.php\/wp-json\/wp\/v2\/posts\/981\/revisions\/983"}],"wp:featuredmedia":[{"embeddable":true,"href":"https:\/\/www.claudeguyot.com\/index.php\/wp-json\/wp\/v2\/media\/982"}],"wp:attachment":[{"href":"https:\/\/www.claudeguyot.com\/index.php\/wp-json\/wp\/v2\/media?parent=981"}],"wp:term":[{"taxonomy":"category","embeddable":true,"href":"https:\/\/www.claudeguyot.com\/index.php\/wp-json\/wp\/v2\/categories?post=981"},{"taxonomy":"post_tag","embeddable":true,"href":"https:\/\/www.claudeguyot.com\/index.php\/wp-json\/wp\/v2\/tags?post=981"}],"curies":[{"name":"wp","href":"https:\/\/api.w.org\/{rel}","templated":true}]}}